{"id":695,"date":"2023-06-27T12:17:09","date_gmt":"2023-06-27T12:17:09","guid":{"rendered":"https:\/\/fundacioramonmartibonet.org\/2023\/06\/el-banco-mediolanum-colabora-con-el-proyecto-vision-para-todos-en-las-escuelas\/"},"modified":"2025-07-16T09:22:35","modified_gmt":"2025-07-16T09:22:35","slug":"el-banco-mediolanum-colabora-con-el-proyecto-vision-para-todos-en-las-escuelas","status":"publish","type":"post","link":"https:\/\/fundacioramonmartibonet.org\/es\/2023\/06\/el-banco-mediolanum-colabora-con-el-proyecto-vision-para-todos-en-las-escuelas\/","title":{"rendered":"El Banco Mediolanum colabora con el proyecto Visi\u00f3n para todos en las escuelas"},"content":{"rendered":"<p>La Fundaci\u00f3n Ramon Mart\u00ed i Bonet ha empezado <a href=\"https:\/\/www.migranodearena.org\/reto\/vision-para-todos-en-las-escuelas\">una campa\u00f1a de micromecenazgo con la colaboraci\u00f3n del Banco\u00a0Mediolanum<\/a>\u00a0a trav\u00e9s del proyecto\u00a0<a href=\"https:\/\/mediolanumaproxima.org\/\">Mediolanum\u00a0Aproxima<\/a> para <strong>promover el derecho a la salud visual de ni\u00f1os y j\u00f3venes en situaci\u00f3n de vulnerabilidad<\/strong>.<\/p>\n<p>\u00abVisi\u00f3n para Todos en las Escuelas\u00bb nace de la necesidad detectada en las aulas:<\/p>\n<ul>\n<li>El 70% de los ni\u00f1os y ni\u00f1as no revisan su salud visual antes de los 7 a\u00f1os (la edad recomendada es de 3 a\u00f1os), impidiendo que se puedan tratar patolog\u00edas visuales graves y, incluso, casos de\u00a0ceguera\u00a0evitable.<\/li>\n<li>En los barrios con rentas altas o medias-altas, el 30% de los ni\u00f1os, ni\u00f1as y j\u00f3venes llevan correcci\u00f3n refractiva. En cambio, en los barrios donde las rentas son bajas o muy bajas, este indicador no alcanza el 10%. La brecha no depende de la condici\u00f3n visual de las personas de los diferentes estratos, sino que responde a un sesgo econ\u00f3mico.<\/li>\n<li>Existe una correlaci\u00f3n entre el rendimiento acad\u00e9mico y los est\u00edmulos visuales. La habilidad respecto a la adquisici\u00f3n de los est\u00edmulos visuales est\u00e1 \u00edntimamente ligada a las notas en matem\u00e1ticas y lectura, en ni\u00f1os de 7 y 8 a\u00f1os.<\/li>\n<li>En los rastreos visuales realizados por parte de la Fundaci\u00f3n adem\u00e1s de 3.000 escolares en diferentes colegios de alta complejidad, se ha identificado que un 28% del alumnado sufre deficiencias visuales. En un 85% de estos casos las deficiencias de visi\u00f3n han podido ser corregidas a trav\u00e9s de gafas suministradas tambi\u00e9n por la misma Fundaci\u00f3n, de forma pr\u00e1cticamente gratuita para las personas usuarias.<\/li>\n<\/ul>\n<p>Este proyecto, que se plante\u00f3 a ra\u00edz de la demanda de diferentes centros escolares de alta complejidad, permite que ni\u00f1as, ni\u00f1os y j\u00f3venes en riesgo de exclusi\u00f3n puedan disfrutar de una buena salud visual, contribuyendo as\u00ed a un mejor rendimiento acad\u00e9mico, inclusi\u00f3n social y mejores perspectivas de futuro.<\/p>\n<p><a href=\"https:\/\/www.migranodearena.org\/reto\/vision-para-todos-en-las-escuelas\"><strong>Colabora aqu\u00ed con el reto Visi\u00f3n para Todos en las Escuelas.<\/strong><\/a><\/p>\n<p>El Banco Mediolanum a trav\u00e9s del proyecto Mediolanum Aproxima se compromete a doblar la cantidad recaudada, hasta un importe de 5.000\u20ac.<\/p>\n","protected":false},"excerpt":{"rendered":"<p>El Banco Mediolanum promueve el derecho a la salud visual de ni\u00f1os y j\u00f3venes en situaci\u00f3n de vulnerabilidad.<\/p>\n","protected":false},"author":1,"featured_media":468,"comment_status":"closed","ping_status":"closed","sticky":false,"template":"","format":"standard","meta":{"_acf_changed":false,"footnotes":""},"categories":[1],"tags":[],"acf":[],"yoast_head":"<!-- This site is optimized with the Yoast SEO plugin v22.5 - https:\/\/yoast.com\/wordpress\/plugins\/seo\/ -->\n<title>El Banco Mediolanum colabora con el proyecto Visi\u00f3n para todos en las escuelas - Fundaci\u00f3 Ram\u00f3n Mart\u00ed i Bonet<\/title>\n<meta name=\"robots\" content=\"index, follow, max-snippet:-1, max-image-preview:large, max-video-preview:-1\" \/>\n<link rel=\"canonical\" href=\"https:\/\/fundacioramonmartibonet.org\/es\/2023\/06\/el-banco-mediolanum-colabora-con-el-proyecto-vision-para-todos-en-las-escuelas\/\" \/>\n<meta property=\"og:locale\" content=\"es_ES\" \/>\n<meta property=\"og:type\" content=\"article\" \/>\n<meta property=\"og:title\" content=\"El Banco Mediolanum colabora con el proyecto Visi\u00f3n para todos en las escuelas - Fundaci\u00f3 Ram\u00f3n Mart\u00ed i Bonet\" \/>\n<meta property=\"og:description\" content=\"El Banco Mediolanum promueve el derecho a la salud visual de ni\u00f1os y j\u00f3venes en situaci\u00f3n de vulnerabilidad.\" \/>\n<meta property=\"og:url\" content=\"https:\/\/fundacioramonmartibonet.org\/es\/2023\/06\/el-banco-mediolanum-colabora-con-el-proyecto-vision-para-todos-en-las-escuelas\/\" \/>\n<meta property=\"og:site_name\" content=\"Fundaci\u00f3 Ram\u00f3n Mart\u00ed i Bonet\" \/>\n<meta property=\"article:publisher\" content=\"https:\/\/www.facebook.com\/FundacioRamonMartiBonet\" \/>\n<meta property=\"article:published_time\" content=\"2023-06-27T12:17:09+00:00\" \/>\n<meta property=\"article:modified_time\" content=\"2025-07-16T09:22:35+00:00\" \/>\n<meta property=\"og:image\" content=\"https:\/\/fundacioramonmartibonet.org\/wp-content\/uploads\/2023\/07\/IMG_1278-1.jpg\" \/>\n\t<meta property=\"og:image:width\" content=\"1024\" \/>\n\t<meta property=\"og:image:height\" content=\"683\" \/>\n\t<meta property=\"og:image:type\" content=\"image\/jpeg\" \/>\n<meta name=\"author\" content=\"frmb\" \/>\n<meta name=\"twitter:card\" content=\"summary_large_image\" \/>\n<meta name=\"twitter:creator\" content=\"@FundacioRMB\" \/>\n<meta name=\"twitter:site\" content=\"@FundacioRMB\" \/>\n<script type=\"application\/ld+json\" class=\"yoast-schema-graph\">{\"@context\":\"https:\/\/schema.org\",\"@graph\":[{\"@type\":\"Article\",\"@id\":\"https:\/\/fundacioramonmartibonet.org\/es\/2023\/06\/el-banco-mediolanum-colabora-con-el-proyecto-vision-para-todos-en-las-escuelas\/#article\",\"isPartOf\":{\"@id\":\"https:\/\/fundacioramonmartibonet.org\/es\/2023\/06\/el-banco-mediolanum-colabora-con-el-proyecto-vision-para-todos-en-las-escuelas\/\"},\"author\":{\"name\":\"frmb\",\"@id\":\"https:\/\/fundacioramonmartibonet.org\/es\/#\/schema\/person\/2aff0a7acd543144a2c66b34132697b6\"},\"headline\":\"El Banco Mediolanum colabora con el proyecto Visi\u00f3n para todos en las escuelas\",\"datePublished\":\"2023-06-27T12:17:09+00:00\",\"dateModified\":\"2025-07-16T09:22:35+00:00\",\"mainEntityOfPage\":{\"@id\":\"https:\/\/fundacioramonmartibonet.org\/es\/2023\/06\/el-banco-mediolanum-colabora-con-el-proyecto-vision-para-todos-en-las-escuelas\/\"},\"wordCount\":379,\"publisher\":{\"@id\":\"https:\/\/fundacioramonmartibonet.org\/es\/#organization\"},\"image\":{\"@id\":\"https:\/\/fundacioramonmartibonet.org\/es\/2023\/06\/el-banco-mediolanum-colabora-con-el-proyecto-vision-para-todos-en-las-escuelas\/#primaryimage\"},\"thumbnailUrl\":\"https:\/\/fundacioramonmartibonet.org\/wp-content\/uploads\/2023\/07\/IMG_1278-1.jpg\",\"articleSection\":[\"Sin categorizar\"],\"inLanguage\":\"es\"},{\"@type\":\"WebPage\",\"@id\":\"https:\/\/fundacioramonmartibonet.org\/es\/2023\/06\/el-banco-mediolanum-colabora-con-el-proyecto-vision-para-todos-en-las-escuelas\/\",\"url\":\"https:\/\/fundacioramonmartibonet.org\/es\/2023\/06\/el-banco-mediolanum-colabora-con-el-proyecto-vision-para-todos-en-las-escuelas\/\",\"name\":\"El Banco Mediolanum colabora con el proyecto Visi\u00f3n para todos en las escuelas - Fundaci\u00f3 Ram\u00f3n Mart\u00ed i Bonet\",\"isPartOf\":{\"@id\":\"https:\/\/fundacioramonmartibonet.org\/es\/#website\"},\"primaryImageOfPage\":{\"@id\":\"https:\/\/fundacioramonmartibonet.org\/es\/2023\/06\/el-banco-mediolanum-colabora-con-el-proyecto-vision-para-todos-en-las-escuelas\/#primaryimage\"},\"image\":{\"@id\":\"https:\/\/fundacioramonmartibonet.org\/es\/2023\/06\/el-banco-mediolanum-colabora-con-el-proyecto-vision-para-todos-en-las-escuelas\/#primaryimage\"},\"thumbnailUrl\":\"https:\/\/fundacioramonmartibonet.org\/wp-content\/uploads\/2023\/07\/IMG_1278-1.jpg\",\"datePublished\":\"2023-06-27T12:17:09+00:00\",\"dateModified\":\"2025-07-16T09:22:35+00:00\",\"breadcrumb\":{\"@id\":\"https:\/\/fundacioramonmartibonet.org\/es\/2023\/06\/el-banco-mediolanum-colabora-con-el-proyecto-vision-para-todos-en-las-escuelas\/#breadcrumb\"},\"inLanguage\":\"es\",\"potentialAction\":[{\"@type\":\"ReadAction\",\"target\":[\"https:\/\/fundacioramonmartibonet.org\/es\/2023\/06\/el-banco-mediolanum-colabora-con-el-proyecto-vision-para-todos-en-las-escuelas\/\"]}]},{\"@type\":\"ImageObject\",\"inLanguage\":\"es\",\"@id\":\"https:\/\/fundacioramonmartibonet.org\/es\/2023\/06\/el-banco-mediolanum-colabora-con-el-proyecto-vision-para-todos-en-las-escuelas\/#primaryimage\",\"url\":\"https:\/\/fundacioramonmartibonet.org\/wp-content\/uploads\/2023\/07\/IMG_1278-1.jpg\",\"contentUrl\":\"https:\/\/fundacioramonmartibonet.org\/wp-content\/uploads\/2023\/07\/IMG_1278-1.jpg\",\"width\":5184,\"height\":3456,\"caption\":\"Revisi\u00f3 ocular infantil\"},{\"@type\":\"BreadcrumbList\",\"@id\":\"https:\/\/fundacioramonmartibonet.org\/es\/2023\/06\/el-banco-mediolanum-colabora-con-el-proyecto-vision-para-todos-en-las-escuelas\/#breadcrumb\",\"itemListElement\":[{\"@type\":\"ListItem\",\"position\":1,\"name\":\"Home\",\"item\":\"https:\/\/fundacioramonmartibonet.org\/es\/\"},{\"@type\":\"ListItem\",\"position\":2,\"name\":\"El Banco Mediolanum colabora con el proyecto Visi\u00f3n para todos en las escuelas\"}]},{\"@type\":\"WebSite\",\"@id\":\"https:\/\/fundacioramonmartibonet.org\/es\/#website\",\"url\":\"https:\/\/fundacioramonmartibonet.org\/es\/\",\"name\":\"Fundaci\u00f3 Ramon Mart\u00ed i Bonet\",\"description\":\"Visi\u00f3 per a tothom\",\"publisher\":{\"@id\":\"https:\/\/fundacioramonmartibonet.org\/es\/#organization\"},\"alternateName\":\"FRMB\",\"potentialAction\":[{\"@type\":\"SearchAction\",\"target\":{\"@type\":\"EntryPoint\",\"urlTemplate\":\"https:\/\/fundacioramonmartibonet.org\/es\/?s={search_term_string}\"},\"query-input\":\"required name=search_term_string\"}],\"inLanguage\":\"es\"},{\"@type\":\"Organization\",\"@id\":\"https:\/\/fundacioramonmartibonet.org\/es\/#organization\",\"name\":\"Fundaci\u00f3 Ramon Mart\u00ed i Bonet\",\"alternateName\":\"FRMB\",\"url\":\"https:\/\/fundacioramonmartibonet.org\/es\/\",\"logo\":{\"@type\":\"ImageObject\",\"inLanguage\":\"es\",\"@id\":\"https:\/\/fundacioramonmartibonet.org\/es\/#\/schema\/logo\/image\/\",\"url\":\"https:\/\/fundacioramonmartibonet.org\/wp-content\/uploads\/2023\/06\/frmb.svg\",\"contentUrl\":\"https:\/\/fundacioramonmartibonet.org\/wp-content\/uploads\/2023\/06\/frmb.svg\",\"width\":900,\"height\":280,\"caption\":\"Fundaci\u00f3 Ramon Mart\u00ed i Bonet\"},\"image\":{\"@id\":\"https:\/\/fundacioramonmartibonet.org\/es\/#\/schema\/logo\/image\/\"},\"sameAs\":[\"https:\/\/www.facebook.com\/FundacioRamonMartiBonet\",\"https:\/\/x.com\/FundacioRMB\",\"https:\/\/www.youtube.com\/channel\/UCNyN8HH4tz3ybIBubLBiSog\",\"https:\/\/www.instagram.com\/fundaciormb\/\",\"https:\/\/www.linkedin.com\/company\/fundacio-ramon-marto-i-bonet-contra-la-ceguera\/\"]},{\"@type\":\"Person\",\"@id\":\"https:\/\/fundacioramonmartibonet.org\/es\/#\/schema\/person\/2aff0a7acd543144a2c66b34132697b6\",\"name\":\"frmb\",\"image\":{\"@type\":\"ImageObject\",\"inLanguage\":\"es\",\"@id\":\"https:\/\/fundacioramonmartibonet.org\/es\/#\/schema\/person\/image\/\",\"url\":\"https:\/\/secure.gravatar.com\/avatar\/83d1ae228f5a77eb42b308490c6dcca6?s=96&d=mm&r=g\",\"contentUrl\":\"https:\/\/secure.gravatar.com\/avatar\/83d1ae228f5a77eb42b308490c6dcca6?s=96&d=mm&r=g\",\"caption\":\"frmb\"},\"sameAs\":[\"https:\/\/fundacioramonmartibonet.org\"],\"url\":\"https:\/\/fundacioramonmartibonet.org\/es\/author\/frmb\/\"}]}<\/script>\n<!-- \/ Yoast SEO plugin. -->","yoast_head_json":{"title":"El Banco Mediolanum colabora con el proyecto Visi\u00f3n para todos en las escuelas - Fundaci\u00f3 Ram\u00f3n Mart\u00ed i Bonet","robots":{"index":"index","follow":"follow","max-snippet":"max-snippet:-1","max-image-preview":"max-image-preview:large","max-video-preview":"max-video-preview:-1"},"canonical":"https:\/\/fundacioramonmartibonet.org\/es\/2023\/06\/el-banco-mediolanum-colabora-con-el-proyecto-vision-para-todos-en-las-escuelas\/","og_locale":"es_ES","og_type":"article","og_title":"El Banco Mediolanum colabora con el proyecto Visi\u00f3n para todos en las escuelas - Fundaci\u00f3 Ram\u00f3n Mart\u00ed i Bonet","og_description":"El Banco Mediolanum promueve el derecho a la salud visual de ni\u00f1os y j\u00f3venes en situaci\u00f3n de vulnerabilidad.","og_url":"https:\/\/fundacioramonmartibonet.org\/es\/2023\/06\/el-banco-mediolanum-colabora-con-el-proyecto-vision-para-todos-en-las-escuelas\/","og_site_name":"Fundaci\u00f3 Ram\u00f3n Mart\u00ed i Bonet","article_publisher":"https:\/\/www.facebook.com\/FundacioRamonMartiBonet","article_published_time":"2023-06-27T12:17:09+00:00","article_modified_time":"2025-07-16T09:22:35+00:00","og_image":[{"url":"https:\/\/fundacioramonmartibonet.org\/wp-content\/uploads\/2023\/07\/IMG_1278-1.jpg","width":1024,"height":683,"type":"image\/jpeg"}],"author":"frmb","twitter_card":"summary_large_image","twitter_creator":"@FundacioRMB","twitter_site":"@FundacioRMB","schema":{"@context":"https:\/\/schema.org","@graph":[{"@type":"Article","@id":"https:\/\/fundacioramonmartibonet.org\/es\/2023\/06\/el-banco-mediolanum-colabora-con-el-proyecto-vision-para-todos-en-las-escuelas\/#article","isPartOf":{"@id":"https:\/\/fundacioramonmartibonet.org\/es\/2023\/06\/el-banco-mediolanum-colabora-con-el-proyecto-vision-para-todos-en-las-escuelas\/"},"author":{"name":"frmb","@id":"https:\/\/fundacioramonmartibonet.org\/es\/#\/schema\/person\/2aff0a7acd543144a2c66b34132697b6"},"headline":"El Banco Mediolanum colabora con el proyecto Visi\u00f3n para todos en las escuelas","datePublished":"2023-06-27T12:17:09+00:00","dateModified":"2025-07-16T09:22:35+00:00","mainEntityOfPage":{"@id":"https:\/\/fundacioramonmartibonet.org\/es\/2023\/06\/el-banco-mediolanum-colabora-con-el-proyecto-vision-para-todos-en-las-escuelas\/"},"wordCount":379,"publisher":{"@id":"https:\/\/fundacioramonmartibonet.org\/es\/#organization"},"image":{"@id":"https:\/\/fundacioramonmartibonet.org\/es\/2023\/06\/el-banco-mediolanum-colabora-con-el-proyecto-vision-para-todos-en-las-escuelas\/#primaryimage"},"thumbnailUrl":"https:\/\/fundacioramonmartibonet.org\/wp-content\/uploads\/2023\/07\/IMG_1278-1.jpg","articleSection":["Sin categorizar"],"inLanguage":"es"},{"@type":"WebPage","@id":"https:\/\/fundacioramonmartibonet.org\/es\/2023\/06\/el-banco-mediolanum-colabora-con-el-proyecto-vision-para-todos-en-las-escuelas\/","url":"https:\/\/fundacioramonmartibonet.org\/es\/2023\/06\/el-banco-mediolanum-colabora-con-el-proyecto-vision-para-todos-en-las-escuelas\/","name":"El Banco Mediolanum colabora con el proyecto Visi\u00f3n para todos en las escuelas - Fundaci\u00f3 Ram\u00f3n Mart\u00ed i Bonet","isPartOf":{"@id":"https:\/\/fundacioramonmartibonet.org\/es\/#website"},"primaryImageOfPage":{"@id":"https:\/\/fundacioramonmartibonet.org\/es\/2023\/06\/el-banco-mediolanum-colabora-con-el-proyecto-vision-para-todos-en-las-escuelas\/#primaryimage"},"image":{"@id":"https:\/\/fundacioramonmartibonet.org\/es\/2023\/06\/el-banco-mediolanum-colabora-con-el-proyecto-vision-para-todos-en-las-escuelas\/#primaryimage"},"thumbnailUrl":"https:\/\/fundacioramonmartibonet.org\/wp-content\/uploads\/2023\/07\/IMG_1278-1.jpg","datePublished":"2023-06-27T12:17:09+00:00","dateModified":"2025-07-16T09:22:35+00:00","breadcrumb":{"@id":"https:\/\/fundacioramonmartibonet.org\/es\/2023\/06\/el-banco-mediolanum-colabora-con-el-proyecto-vision-para-todos-en-las-escuelas\/#breadcrumb"},"inLanguage":"es","potentialAction":[{"@type":"ReadAction","target":["https:\/\/fundacioramonmartibonet.org\/es\/2023\/06\/el-banco-mediolanum-colabora-con-el-proyecto-vision-para-todos-en-las-escuelas\/"]}]},{"@type":"ImageObject","inLanguage":"es","@id":"https:\/\/fundacioramonmartibonet.org\/es\/2023\/06\/el-banco-mediolanum-colabora-con-el-proyecto-vision-para-todos-en-las-escuelas\/#primaryimage","url":"https:\/\/fundacioramonmartibonet.org\/wp-content\/uploads\/2023\/07\/IMG_1278-1.jpg","contentUrl":"https:\/\/fundacioramonmartibonet.org\/wp-content\/uploads\/2023\/07\/IMG_1278-1.jpg","width":5184,"height":3456,"caption":"Revisi\u00f3 ocular infantil"},{"@type":"BreadcrumbList","@id":"https:\/\/fundacioramonmartibonet.org\/es\/2023\/06\/el-banco-mediolanum-colabora-con-el-proyecto-vision-para-todos-en-las-escuelas\/#breadcrumb","itemListElement":[{"@type":"ListItem","position":1,"name":"Home","item":"https:\/\/fundacioramonmartibonet.org\/es\/"},{"@type":"ListItem","position":2,"name":"El Banco Mediolanum colabora con el proyecto Visi\u00f3n para todos en las escuelas"}]},{"@type":"WebSite","@id":"https:\/\/fundacioramonmartibonet.org\/es\/#website","url":"https:\/\/fundacioramonmartibonet.org\/es\/","name":"Fundaci\u00f3 Ramon Mart\u00ed i Bonet","description":"Visi\u00f3 per a tothom","publisher":{"@id":"https:\/\/fundacioramonmartibonet.org\/es\/#organization"},"alternateName":"FRMB","potentialAction":[{"@type":"SearchAction","target":{"@type":"EntryPoint","urlTemplate":"https:\/\/fundacioramonmartibonet.org\/es\/?s={search_term_string}"},"query-input":"required name=search_term_string"}],"inLanguage":"es"},{"@type":"Organization","@id":"https:\/\/fundacioramonmartibonet.org\/es\/#organization","name":"Fundaci\u00f3 Ramon Mart\u00ed i Bonet","alternateName":"FRMB","url":"https:\/\/fundacioramonmartibonet.org\/es\/","logo":{"@type":"ImageObject","inLanguage":"es","@id":"https:\/\/fundacioramonmartibonet.org\/es\/#\/schema\/logo\/image\/","url":"https:\/\/fundacioramonmartibonet.org\/wp-content\/uploads\/2023\/06\/frmb.svg","contentUrl":"https:\/\/fundacioramonmartibonet.org\/wp-content\/uploads\/2023\/06\/frmb.svg","width":900,"height":280,"caption":"Fundaci\u00f3 Ramon Mart\u00ed i Bonet"},"image":{"@id":"https:\/\/fundacioramonmartibonet.org\/es\/#\/schema\/logo\/image\/"},"sameAs":["https:\/\/www.facebook.com\/FundacioRamonMartiBonet","https:\/\/x.com\/FundacioRMB","https:\/\/www.youtube.com\/channel\/UCNyN8HH4tz3ybIBubLBiSog","https:\/\/www.instagram.com\/fundaciormb\/","https:\/\/www.linkedin.com\/company\/fundacio-ramon-marto-i-bonet-contra-la-ceguera\/"]},{"@type":"Person","@id":"https:\/\/fundacioramonmartibonet.org\/es\/#\/schema\/person\/2aff0a7acd543144a2c66b34132697b6","name":"frmb","image":{"@type":"ImageObject","inLanguage":"es","@id":"https:\/\/fundacioramonmartibonet.org\/es\/#\/schema\/person\/image\/","url":"https:\/\/secure.gravatar.com\/avatar\/83d1ae228f5a77eb42b308490c6dcca6?s=96&d=mm&r=g","contentUrl":"https:\/\/secure.gravatar.com\/avatar\/83d1ae228f5a77eb42b308490c6dcca6?s=96&d=mm&r=g","caption":"frmb"},"sameAs":["https:\/\/fundacioramonmartibonet.org"],"url":"https:\/\/fundacioramonmartibonet.org\/es\/author\/frmb\/"}]}},"_links":{"self":[{"href":"https:\/\/fundacioramonmartibonet.org\/es\/wp-json\/wp\/v2\/posts\/695"}],"collection":[{"href":"https:\/\/fundacioramonmartibonet.org\/es\/wp-json\/wp\/v2\/posts"}],"about":[{"href":"https:\/\/fundacioramonmartibonet.org\/es\/wp-json\/wp\/v2\/types\/post"}],"author":[{"embeddable":true,"href":"https:\/\/fundacioramonmartibonet.org\/es\/wp-json\/wp\/v2\/users\/1"}],"replies":[{"embeddable":true,"href":"https:\/\/fundacioramonmartibonet.org\/es\/wp-json\/wp\/v2\/comments?post=695"}],"version-history":[{"count":1,"href":"https:\/\/fundacioramonmartibonet.org\/es\/wp-json\/wp\/v2\/posts\/695\/revisions"}],"predecessor-version":[{"id":1994,"href":"https:\/\/fundacioramonmartibonet.org\/es\/wp-json\/wp\/v2\/posts\/695\/revisions\/1994"}],"wp:featuredmedia":[{"embeddable":true,"href":"https:\/\/fundacioramonmartibonet.org\/es\/wp-json\/wp\/v2\/media\/468"}],"wp:attachment":[{"href":"https:\/\/fundacioramonmartibonet.org\/es\/wp-json\/wp\/v2\/media?parent=695"}],"wp:term":[{"taxonomy":"category","embeddable":true,"href":"https:\/\/fundacioramonmartibonet.org\/es\/wp-json\/wp\/v2\/categories?post=695"},{"taxonomy":"post_tag","embeddable":true,"href":"https:\/\/fundacioramonmartibonet.org\/es\/wp-json\/wp\/v2\/tags?post=695"}],"curies":[{"name":"wp","href":"https:\/\/api.w.org\/{rel}","templated":true}]}}