{"id":693,"date":"2023-04-27T10:46:58","date_gmt":"2023-04-27T10:46:58","guid":{"rendered":"https:\/\/fundacioramonmartibonet.org\/2023\/04\/el-hospital-le-bon-samaritain-se-hace-eco-de-la-comision-de-la-fundacion-ramon-marti-i-bonet\/"},"modified":"2025-07-16T09:22:35","modified_gmt":"2025-07-16T09:22:35","slug":"el-hospital-le-bon-samaritain-se-hace-eco-de-la-comision-de-la-fundacion-ramon-marti-i-bonet","status":"publish","type":"post","link":"https:\/\/fundacioramonmartibonet.org\/es\/2023\/04\/el-hospital-le-bon-samaritain-se-hace-eco-de-la-comision-de-la-fundacion-ramon-marti-i-bonet\/","title":{"rendered":"El Hospital Le Bon Samaritain se hace eco de la comisi\u00f3n de la Fundaci\u00f3n Ramon Mart\u00ed i Bonet"},"content":{"rendered":"<p>El Hospital Le Bon Samaritain, en Chad, ha mencionado a la Fundaci\u00f3n Ramon Mart\u00ed i Bonet en su bolet\u00edn de noticias, explicando<a href=\"http:\/\/fundacioramonmartibonet.org\/es\/primera-comision-2023-chad\/\"> la \u00faltima comisi\u00f3n de cooperantes que se llev\u00f3 a cabo en enero<\/a>. Ha hablado de la puesta en pr\u00e1ctica de la actividad asistencial del gabinete de oftalmolog\u00eda y de los equipamientos con los que trabajamos en el hospital de la capital. A continuaci\u00f3n ofrecemos una traducci\u00f3n de la noticia.<\/p>\n<p><img loading=\"lazy\" decoding=\"async\" class=\"alignnone size-full wp-image-1295\" src=\"https:\/\/fundacioramonmartibonet.org\/wp-content\/uploads\/2023\/07\/captura-noticia-FRMB.png\" alt=\"\" width=\"618\" height=\"876\" \/><\/p>\n<h2>La lucha contra la catarata: La Fundaci\u00f3 Ramon Mart\u00ed i Bonet realiza su tradicional lucha junto al CHU-BON Samaritain.<\/h2>\n<p><em>Desde 2017, oftalm\u00f3logos de la Fundaci\u00f3n Ramon Mart\u00ed i Bonet del <\/em>Institut Catal\u00e0 de Retina<em> (ICR) en Espa\u00f1a y del CHU-BS organizan expediciones oftalmol\u00f3gicas.<\/em><\/p>\n<p><em>La primera misi\u00f3n de 2023 se llev\u00f3 a cabo del 9 al 20 de enero, es decir 11 d\u00edas, durante los cuales se consult\u00f3 y atendi\u00f3 a numerosos pacientes de las distintas zonas de la ciudad de N&#8217;Djamena y sus alrededores.<\/em><\/p>\n<p><em>Durante estos 11 d\u00edas, el servicio de oftalmolog\u00eda recibi\u00f3 a unas 700 personas. Entre los casos recibidos, se diagnosticaron y operaron 117 casos de cataratas. Entre consultas y cirug\u00edas, casi no hubo descanso para estos misioneros. Tal como nos coment\u00f3 la se\u00f1ora Carlota Solanich, Jefa de Misi\u00f3n de la caravana, la atenci\u00f3n brindada fue variada.\u00a0<\/em><em>Las intervenciones m\u00e1s importantes fueron la cirug\u00eda de cataratas y el tratamiento del glaucoma para prevenir el da\u00f1o del nervio \u00f3ptico, reducir el dolor y estabilizar la presi\u00f3n ocular. Es importante subrayar que la catarata constituye, en el mundo, la primera causa de ceguera. Cuanto antes se diagnostique, mejor.<\/em><\/p>\n<p><em>Despu\u00e9s de la partida de los cooperantes, el seguimiento postoperatorio deb\u00eda ser asegurado por el equipo permanente del CHU-BS.<\/em><\/p>\n<p><em>El servicio de oftalmolog\u00eda del CHU-BS, con el apoyo de la Fundaci\u00f3n Ram\u00f3n Mart\u00ed i Bonet, es una de las competencias clave del hospital. Dispone de equipos para cirug\u00eda avanzada, como el l\u00e1ser yag para capsulotom\u00eda y un facoemulsificador. Es un servicio totalmente modernizado capaz de cubrir la mayor\u00eda de las necesidades oftalmol\u00f3gicas.<\/em><\/p>\n<h3><em>Un ni\u00f1o de 8 a\u00f1os escapa de la ceguera<\/em><\/h3>\n<p><em>Durante esta comisi\u00f3n, un ni\u00f1o fue ingresado por ceguera debido a una catarata cong\u00e9nita. Era incapaz de distinguir colores u objetos de forma natural. <\/em><\/p>\n<p><em>A simple vista, se pod\u00eda ver claramente que una escama blanca cubr\u00eda sus ojos. Los cooperantes se esforzaron, con la ayuda de un facoemulsificador, en remover toda la catarata pieza por pieza, sin dejar huella quir\u00fargica. Este caso fue apasionante. Todos est\u00e1bamos ansiosos por ver los resultados. <\/em><\/p>\n<p><em>Tres d\u00edas despu\u00e9s, el paciente comenz\u00f3 a reaccionar ante los gestos de sus interlocutores. Una semana despu\u00e9s, en el quir\u00f3fano de postoperatorio, pudo moverse por s\u00ed solo para encontrarse con su m\u00e9dico tratante, quien lo llam\u00f3. Esta demostraci\u00f3n provoc\u00f3 el asombro y la admiraci\u00f3n de todo el p\u00fablico. Casi un milagro para este ni\u00f1o que podr\u00eda haber permanecido ciego por error.<\/em><\/p>\n","protected":false},"excerpt":{"rendered":"<p>El Hospital Le Bon Samaritain, en Chad, ha mencionado a la Fundaci\u00f3n Ramon Mart\u00ed i Bonet en su bolet\u00edn de noticias, explicando la \u00faltima comisi\u00f3n de cooperantes que se llev\u00f3 a cabo en enero. Ha hablado de la puesta en pr\u00e1ctica de la actividad asistencial del gabinete de oftalmolog\u00eda y de los equipamientos con los [&hellip;]<\/p>\n","protected":false},"author":1,"featured_media":368,"comment_status":"closed","ping_status":"closed","sticky":false,"template":"","format":"standard","meta":{"_acf_changed":false,"footnotes":""},"categories":[1],"tags":[],"acf":[],"yoast_head":"<!-- This site is optimized with the Yoast SEO plugin v22.5 - https:\/\/yoast.com\/wordpress\/plugins\/seo\/ -->\n<title>El Hospital Le Bon Samaritain se hace eco de la comisi\u00f3n de la Fundaci\u00f3n Ramon Mart\u00ed i Bonet - Fundaci\u00f3 Ram\u00f3n Mart\u00ed i Bonet<\/title>\n<meta name=\"robots\" content=\"index, follow, max-snippet:-1, max-image-preview:large, max-video-preview:-1\" \/>\n<link rel=\"canonical\" href=\"https:\/\/fundacioramonmartibonet.org\/es\/2023\/04\/el-hospital-le-bon-samaritain-se-hace-eco-de-la-comision-de-la-fundacion-ramon-marti-i-bonet\/\" \/>\n<meta property=\"og:locale\" content=\"es_ES\" \/>\n<meta property=\"og:type\" content=\"article\" \/>\n<meta property=\"og:title\" content=\"El Hospital Le Bon Samaritain se hace eco de la comisi\u00f3n de la Fundaci\u00f3n Ramon Mart\u00ed i Bonet - Fundaci\u00f3 Ram\u00f3n Mart\u00ed i Bonet\" \/>\n<meta property=\"og:description\" content=\"El Hospital Le Bon Samaritain, en Chad, ha mencionado a la Fundaci\u00f3n Ramon Mart\u00ed i Bonet en su bolet\u00edn de noticias, explicando la \u00faltima comisi\u00f3n de cooperantes que se llev\u00f3 a cabo en enero. Ha hablado de la puesta en pr\u00e1ctica de la actividad asistencial del gabinete de oftalmolog\u00eda y de los equipamientos con los [&hellip;]\" \/>\n<meta property=\"og:url\" content=\"https:\/\/fundacioramonmartibonet.org\/es\/2023\/04\/el-hospital-le-bon-samaritain-se-hace-eco-de-la-comision-de-la-fundacion-ramon-marti-i-bonet\/\" \/>\n<meta property=\"og:site_name\" content=\"Fundaci\u00f3 Ram\u00f3n Mart\u00ed i Bonet\" \/>\n<meta property=\"article:publisher\" content=\"https:\/\/www.facebook.com\/FundacioRamonMartiBonet\" \/>\n<meta property=\"article:published_time\" content=\"2023-04-27T10:46:58+00:00\" \/>\n<meta property=\"article:modified_time\" content=\"2025-07-16T09:22:35+00:00\" \/>\n<meta property=\"og:image\" content=\"https:\/\/fundacioramonmartibonet.org\/wp-content\/uploads\/2023\/07\/Txad_retoc.jpg\" \/>\n\t<meta property=\"og:image:width\" content=\"1024\" \/>\n\t<meta property=\"og:image:height\" content=\"683\" \/>\n\t<meta property=\"og:image:type\" content=\"image\/jpeg\" \/>\n<meta name=\"author\" content=\"frmb\" \/>\n<meta name=\"twitter:card\" content=\"summary_large_image\" \/>\n<meta name=\"twitter:creator\" content=\"@FundacioRMB\" \/>\n<meta name=\"twitter:site\" content=\"@FundacioRMB\" \/>\n<script type=\"application\/ld+json\" class=\"yoast-schema-graph\">{\"@context\":\"https:\/\/schema.org\",\"@graph\":[{\"@type\":\"Article\",\"@id\":\"https:\/\/fundacioramonmartibonet.org\/es\/2023\/04\/el-hospital-le-bon-samaritain-se-hace-eco-de-la-comision-de-la-fundacion-ramon-marti-i-bonet\/#article\",\"isPartOf\":{\"@id\":\"https:\/\/fundacioramonmartibonet.org\/es\/2023\/04\/el-hospital-le-bon-samaritain-se-hace-eco-de-la-comision-de-la-fundacion-ramon-marti-i-bonet\/\"},\"author\":{\"name\":\"frmb\",\"@id\":\"https:\/\/fundacioramonmartibonet.org\/es\/#\/schema\/person\/2aff0a7acd543144a2c66b34132697b6\"},\"headline\":\"El Hospital Le Bon Samaritain se hace eco de la comisi\u00f3n de la Fundaci\u00f3n Ramon Mart\u00ed i Bonet\",\"datePublished\":\"2023-04-27T10:46:58+00:00\",\"dateModified\":\"2025-07-16T09:22:35+00:00\",\"mainEntityOfPage\":{\"@id\":\"https:\/\/fundacioramonmartibonet.org\/es\/2023\/04\/el-hospital-le-bon-samaritain-se-hace-eco-de-la-comision-de-la-fundacion-ramon-marti-i-bonet\/\"},\"wordCount\":536,\"publisher\":{\"@id\":\"https:\/\/fundacioramonmartibonet.org\/es\/#organization\"},\"image\":{\"@id\":\"https:\/\/fundacioramonmartibonet.org\/es\/2023\/04\/el-hospital-le-bon-samaritain-se-hace-eco-de-la-comision-de-la-fundacion-ramon-marti-i-bonet\/#primaryimage\"},\"thumbnailUrl\":\"https:\/\/fundacioramonmartibonet.org\/wp-content\/uploads\/2023\/07\/Txad_retoc.jpg\",\"articleSection\":[\"Sin categorizar\"],\"inLanguage\":\"es\"},{\"@type\":\"WebPage\",\"@id\":\"https:\/\/fundacioramonmartibonet.org\/es\/2023\/04\/el-hospital-le-bon-samaritain-se-hace-eco-de-la-comision-de-la-fundacion-ramon-marti-i-bonet\/\",\"url\":\"https:\/\/fundacioramonmartibonet.org\/es\/2023\/04\/el-hospital-le-bon-samaritain-se-hace-eco-de-la-comision-de-la-fundacion-ramon-marti-i-bonet\/\",\"name\":\"El Hospital Le Bon Samaritain se hace eco de la comisi\u00f3n de la Fundaci\u00f3n Ramon Mart\u00ed i Bonet - Fundaci\u00f3 Ram\u00f3n Mart\u00ed i Bonet\",\"isPartOf\":{\"@id\":\"https:\/\/fundacioramonmartibonet.org\/es\/#website\"},\"primaryImageOfPage\":{\"@id\":\"https:\/\/fundacioramonmartibonet.org\/es\/2023\/04\/el-hospital-le-bon-samaritain-se-hace-eco-de-la-comision-de-la-fundacion-ramon-marti-i-bonet\/#primaryimage\"},\"image\":{\"@id\":\"https:\/\/fundacioramonmartibonet.org\/es\/2023\/04\/el-hospital-le-bon-samaritain-se-hace-eco-de-la-comision-de-la-fundacion-ramon-marti-i-bonet\/#primaryimage\"},\"thumbnailUrl\":\"https:\/\/fundacioramonmartibonet.org\/wp-content\/uploads\/2023\/07\/Txad_retoc.jpg\",\"datePublished\":\"2023-04-27T10:46:58+00:00\",\"dateModified\":\"2025-07-16T09:22:35+00:00\",\"breadcrumb\":{\"@id\":\"https:\/\/fundacioramonmartibonet.org\/es\/2023\/04\/el-hospital-le-bon-samaritain-se-hace-eco-de-la-comision-de-la-fundacion-ramon-marti-i-bonet\/#breadcrumb\"},\"inLanguage\":\"es\",\"potentialAction\":[{\"@type\":\"ReadAction\",\"target\":[\"https:\/\/fundacioramonmartibonet.org\/es\/2023\/04\/el-hospital-le-bon-samaritain-se-hace-eco-de-la-comision-de-la-fundacion-ramon-marti-i-bonet\/\"]}]},{\"@type\":\"ImageObject\",\"inLanguage\":\"es\",\"@id\":\"https:\/\/fundacioramonmartibonet.org\/es\/2023\/04\/el-hospital-le-bon-samaritain-se-hace-eco-de-la-comision-de-la-fundacion-ramon-marti-i-bonet\/#primaryimage\",\"url\":\"https:\/\/fundacioramonmartibonet.org\/wp-content\/uploads\/2023\/07\/Txad_retoc.jpg\",\"contentUrl\":\"https:\/\/fundacioramonmartibonet.org\/wp-content\/uploads\/2023\/07\/Txad_retoc.jpg\",\"width\":1984,\"height\":1323},{\"@type\":\"BreadcrumbList\",\"@id\":\"https:\/\/fundacioramonmartibonet.org\/es\/2023\/04\/el-hospital-le-bon-samaritain-se-hace-eco-de-la-comision-de-la-fundacion-ramon-marti-i-bonet\/#breadcrumb\",\"itemListElement\":[{\"@type\":\"ListItem\",\"position\":1,\"name\":\"Home\",\"item\":\"https:\/\/fundacioramonmartibonet.org\/es\/\"},{\"@type\":\"ListItem\",\"position\":2,\"name\":\"El Hospital Le Bon Samaritain se hace eco de la comisi\u00f3n de la Fundaci\u00f3n Ramon Mart\u00ed i Bonet\"}]},{\"@type\":\"WebSite\",\"@id\":\"https:\/\/fundacioramonmartibonet.org\/es\/#website\",\"url\":\"https:\/\/fundacioramonmartibonet.org\/es\/\",\"name\":\"Fundaci\u00f3 Ramon Mart\u00ed i Bonet\",\"description\":\"Visi\u00f3 per a tothom\",\"publisher\":{\"@id\":\"https:\/\/fundacioramonmartibonet.org\/es\/#organization\"},\"alternateName\":\"FRMB\",\"potentialAction\":[{\"@type\":\"SearchAction\",\"target\":{\"@type\":\"EntryPoint\",\"urlTemplate\":\"https:\/\/fundacioramonmartibonet.org\/es\/?s={search_term_string}\"},\"query-input\":\"required name=search_term_string\"}],\"inLanguage\":\"es\"},{\"@type\":\"Organization\",\"@id\":\"https:\/\/fundacioramonmartibonet.org\/es\/#organization\",\"name\":\"Fundaci\u00f3 Ramon Mart\u00ed i Bonet\",\"alternateName\":\"FRMB\",\"url\":\"https:\/\/fundacioramonmartibonet.org\/es\/\",\"logo\":{\"@type\":\"ImageObject\",\"inLanguage\":\"es\",\"@id\":\"https:\/\/fundacioramonmartibonet.org\/es\/#\/schema\/logo\/image\/\",\"url\":\"https:\/\/fundacioramonmartibonet.org\/wp-content\/uploads\/2023\/06\/frmb.svg\",\"contentUrl\":\"https:\/\/fundacioramonmartibonet.org\/wp-content\/uploads\/2023\/06\/frmb.svg\",\"width\":900,\"height\":280,\"caption\":\"Fundaci\u00f3 Ramon Mart\u00ed i Bonet\"},\"image\":{\"@id\":\"https:\/\/fundacioramonmartibonet.org\/es\/#\/schema\/logo\/image\/\"},\"sameAs\":[\"https:\/\/www.facebook.com\/FundacioRamonMartiBonet\",\"https:\/\/x.com\/FundacioRMB\",\"https:\/\/www.youtube.com\/channel\/UCNyN8HH4tz3ybIBubLBiSog\",\"https:\/\/www.instagram.com\/fundaciormb\/\",\"https:\/\/www.linkedin.com\/company\/fundacio-ramon-marto-i-bonet-contra-la-ceguera\/\"]},{\"@type\":\"Person\",\"@id\":\"https:\/\/fundacioramonmartibonet.org\/es\/#\/schema\/person\/2aff0a7acd543144a2c66b34132697b6\",\"name\":\"frmb\",\"image\":{\"@type\":\"ImageObject\",\"inLanguage\":\"es\",\"@id\":\"https:\/\/fundacioramonmartibonet.org\/es\/#\/schema\/person\/image\/\",\"url\":\"https:\/\/secure.gravatar.com\/avatar\/83d1ae228f5a77eb42b308490c6dcca6?s=96&d=mm&r=g\",\"contentUrl\":\"https:\/\/secure.gravatar.com\/avatar\/83d1ae228f5a77eb42b308490c6dcca6?s=96&d=mm&r=g\",\"caption\":\"frmb\"},\"sameAs\":[\"https:\/\/fundacioramonmartibonet.org\"],\"url\":\"https:\/\/fundacioramonmartibonet.org\/es\/author\/frmb\/\"}]}<\/script>\n<!-- \/ Yoast SEO plugin. -->","yoast_head_json":{"title":"El Hospital Le Bon Samaritain se hace eco de la comisi\u00f3n de la Fundaci\u00f3n Ramon Mart\u00ed i Bonet - Fundaci\u00f3 Ram\u00f3n Mart\u00ed i Bonet","robots":{"index":"index","follow":"follow","max-snippet":"max-snippet:-1","max-image-preview":"max-image-preview:large","max-video-preview":"max-video-preview:-1"},"canonical":"https:\/\/fundacioramonmartibonet.org\/es\/2023\/04\/el-hospital-le-bon-samaritain-se-hace-eco-de-la-comision-de-la-fundacion-ramon-marti-i-bonet\/","og_locale":"es_ES","og_type":"article","og_title":"El Hospital Le Bon Samaritain se hace eco de la comisi\u00f3n de la Fundaci\u00f3n Ramon Mart\u00ed i Bonet - Fundaci\u00f3 Ram\u00f3n Mart\u00ed i Bonet","og_description":"El Hospital Le Bon Samaritain, en Chad, ha mencionado a la Fundaci\u00f3n Ramon Mart\u00ed i Bonet en su bolet\u00edn de noticias, explicando la \u00faltima comisi\u00f3n de cooperantes que se llev\u00f3 a cabo en enero. Ha hablado de la puesta en pr\u00e1ctica de la actividad asistencial del gabinete de oftalmolog\u00eda y de los equipamientos con los [&hellip;]","og_url":"https:\/\/fundacioramonmartibonet.org\/es\/2023\/04\/el-hospital-le-bon-samaritain-se-hace-eco-de-la-comision-de-la-fundacion-ramon-marti-i-bonet\/","og_site_name":"Fundaci\u00f3 Ram\u00f3n Mart\u00ed i Bonet","article_publisher":"https:\/\/www.facebook.com\/FundacioRamonMartiBonet","article_published_time":"2023-04-27T10:46:58+00:00","article_modified_time":"2025-07-16T09:22:35+00:00","og_image":[{"url":"https:\/\/fundacioramonmartibonet.org\/wp-content\/uploads\/2023\/07\/Txad_retoc.jpg","width":1024,"height":683,"type":"image\/jpeg"}],"author":"frmb","twitter_card":"summary_large_image","twitter_creator":"@FundacioRMB","twitter_site":"@FundacioRMB","schema":{"@context":"https:\/\/schema.org","@graph":[{"@type":"Article","@id":"https:\/\/fundacioramonmartibonet.org\/es\/2023\/04\/el-hospital-le-bon-samaritain-se-hace-eco-de-la-comision-de-la-fundacion-ramon-marti-i-bonet\/#article","isPartOf":{"@id":"https:\/\/fundacioramonmartibonet.org\/es\/2023\/04\/el-hospital-le-bon-samaritain-se-hace-eco-de-la-comision-de-la-fundacion-ramon-marti-i-bonet\/"},"author":{"name":"frmb","@id":"https:\/\/fundacioramonmartibonet.org\/es\/#\/schema\/person\/2aff0a7acd543144a2c66b34132697b6"},"headline":"El Hospital Le Bon Samaritain se hace eco de la comisi\u00f3n de la Fundaci\u00f3n Ramon Mart\u00ed i Bonet","datePublished":"2023-04-27T10:46:58+00:00","dateModified":"2025-07-16T09:22:35+00:00","mainEntityOfPage":{"@id":"https:\/\/fundacioramonmartibonet.org\/es\/2023\/04\/el-hospital-le-bon-samaritain-se-hace-eco-de-la-comision-de-la-fundacion-ramon-marti-i-bonet\/"},"wordCount":536,"publisher":{"@id":"https:\/\/fundacioramonmartibonet.org\/es\/#organization"},"image":{"@id":"https:\/\/fundacioramonmartibonet.org\/es\/2023\/04\/el-hospital-le-bon-samaritain-se-hace-eco-de-la-comision-de-la-fundacion-ramon-marti-i-bonet\/#primaryimage"},"thumbnailUrl":"https:\/\/fundacioramonmartibonet.org\/wp-content\/uploads\/2023\/07\/Txad_retoc.jpg","articleSection":["Sin categorizar"],"inLanguage":"es"},{"@type":"WebPage","@id":"https:\/\/fundacioramonmartibonet.org\/es\/2023\/04\/el-hospital-le-bon-samaritain-se-hace-eco-de-la-comision-de-la-fundacion-ramon-marti-i-bonet\/","url":"https:\/\/fundacioramonmartibonet.org\/es\/2023\/04\/el-hospital-le-bon-samaritain-se-hace-eco-de-la-comision-de-la-fundacion-ramon-marti-i-bonet\/","name":"El Hospital Le Bon Samaritain se hace eco de la comisi\u00f3n de la Fundaci\u00f3n Ramon Mart\u00ed i Bonet - Fundaci\u00f3 Ram\u00f3n Mart\u00ed i Bonet","isPartOf":{"@id":"https:\/\/fundacioramonmartibonet.org\/es\/#website"},"primaryImageOfPage":{"@id":"https:\/\/fundacioramonmartibonet.org\/es\/2023\/04\/el-hospital-le-bon-samaritain-se-hace-eco-de-la-comision-de-la-fundacion-ramon-marti-i-bonet\/#primaryimage"},"image":{"@id":"https:\/\/fundacioramonmartibonet.org\/es\/2023\/04\/el-hospital-le-bon-samaritain-se-hace-eco-de-la-comision-de-la-fundacion-ramon-marti-i-bonet\/#primaryimage"},"thumbnailUrl":"https:\/\/fundacioramonmartibonet.org\/wp-content\/uploads\/2023\/07\/Txad_retoc.jpg","datePublished":"2023-04-27T10:46:58+00:00","dateModified":"2025-07-16T09:22:35+00:00","breadcrumb":{"@id":"https:\/\/fundacioramonmartibonet.org\/es\/2023\/04\/el-hospital-le-bon-samaritain-se-hace-eco-de-la-comision-de-la-fundacion-ramon-marti-i-bonet\/#breadcrumb"},"inLanguage":"es","potentialAction":[{"@type":"ReadAction","target":["https:\/\/fundacioramonmartibonet.org\/es\/2023\/04\/el-hospital-le-bon-samaritain-se-hace-eco-de-la-comision-de-la-fundacion-ramon-marti-i-bonet\/"]}]},{"@type":"ImageObject","inLanguage":"es","@id":"https:\/\/fundacioramonmartibonet.org\/es\/2023\/04\/el-hospital-le-bon-samaritain-se-hace-eco-de-la-comision-de-la-fundacion-ramon-marti-i-bonet\/#primaryimage","url":"https:\/\/fundacioramonmartibonet.org\/wp-content\/uploads\/2023\/07\/Txad_retoc.jpg","contentUrl":"https:\/\/fundacioramonmartibonet.org\/wp-content\/uploads\/2023\/07\/Txad_retoc.jpg","width":1984,"height":1323},{"@type":"BreadcrumbList","@id":"https:\/\/fundacioramonmartibonet.org\/es\/2023\/04\/el-hospital-le-bon-samaritain-se-hace-eco-de-la-comision-de-la-fundacion-ramon-marti-i-bonet\/#breadcrumb","itemListElement":[{"@type":"ListItem","position":1,"name":"Home","item":"https:\/\/fundacioramonmartibonet.org\/es\/"},{"@type":"ListItem","position":2,"name":"El Hospital Le Bon Samaritain se hace eco de la comisi\u00f3n de la Fundaci\u00f3n Ramon Mart\u00ed i Bonet"}]},{"@type":"WebSite","@id":"https:\/\/fundacioramonmartibonet.org\/es\/#website","url":"https:\/\/fundacioramonmartibonet.org\/es\/","name":"Fundaci\u00f3 Ramon Mart\u00ed i Bonet","description":"Visi\u00f3 per a tothom","publisher":{"@id":"https:\/\/fundacioramonmartibonet.org\/es\/#organization"},"alternateName":"FRMB","potentialAction":[{"@type":"SearchAction","target":{"@type":"EntryPoint","urlTemplate":"https:\/\/fundacioramonmartibonet.org\/es\/?s={search_term_string}"},"query-input":"required name=search_term_string"}],"inLanguage":"es"},{"@type":"Organization","@id":"https:\/\/fundacioramonmartibonet.org\/es\/#organization","name":"Fundaci\u00f3 Ramon Mart\u00ed i Bonet","alternateName":"FRMB","url":"https:\/\/fundacioramonmartibonet.org\/es\/","logo":{"@type":"ImageObject","inLanguage":"es","@id":"https:\/\/fundacioramonmartibonet.org\/es\/#\/schema\/logo\/image\/","url":"https:\/\/fundacioramonmartibonet.org\/wp-content\/uploads\/2023\/06\/frmb.svg","contentUrl":"https:\/\/fundacioramonmartibonet.org\/wp-content\/uploads\/2023\/06\/frmb.svg","width":900,"height":280,"caption":"Fundaci\u00f3 Ramon Mart\u00ed i Bonet"},"image":{"@id":"https:\/\/fundacioramonmartibonet.org\/es\/#\/schema\/logo\/image\/"},"sameAs":["https:\/\/www.facebook.com\/FundacioRamonMartiBonet","https:\/\/x.com\/FundacioRMB","https:\/\/www.youtube.com\/channel\/UCNyN8HH4tz3ybIBubLBiSog","https:\/\/www.instagram.com\/fundaciormb\/","https:\/\/www.linkedin.com\/company\/fundacio-ramon-marto-i-bonet-contra-la-ceguera\/"]},{"@type":"Person","@id":"https:\/\/fundacioramonmartibonet.org\/es\/#\/schema\/person\/2aff0a7acd543144a2c66b34132697b6","name":"frmb","image":{"@type":"ImageObject","inLanguage":"es","@id":"https:\/\/fundacioramonmartibonet.org\/es\/#\/schema\/person\/image\/","url":"https:\/\/secure.gravatar.com\/avatar\/83d1ae228f5a77eb42b308490c6dcca6?s=96&d=mm&r=g","contentUrl":"https:\/\/secure.gravatar.com\/avatar\/83d1ae228f5a77eb42b308490c6dcca6?s=96&d=mm&r=g","caption":"frmb"},"sameAs":["https:\/\/fundacioramonmartibonet.org"],"url":"https:\/\/fundacioramonmartibonet.org\/es\/author\/frmb\/"}]}},"_links":{"self":[{"href":"https:\/\/fundacioramonmartibonet.org\/es\/wp-json\/wp\/v2\/posts\/693"}],"collection":[{"href":"https:\/\/fundacioramonmartibonet.org\/es\/wp-json\/wp\/v2\/posts"}],"about":[{"href":"https:\/\/fundacioramonmartibonet.org\/es\/wp-json\/wp\/v2\/types\/post"}],"author":[{"embeddable":true,"href":"https:\/\/fundacioramonmartibonet.org\/es\/wp-json\/wp\/v2\/users\/1"}],"replies":[{"embeddable":true,"href":"https:\/\/fundacioramonmartibonet.org\/es\/wp-json\/wp\/v2\/comments?post=693"}],"version-history":[{"count":1,"href":"https:\/\/fundacioramonmartibonet.org\/es\/wp-json\/wp\/v2\/posts\/693\/revisions"}],"predecessor-version":[{"id":694,"href":"https:\/\/fundacioramonmartibonet.org\/es\/wp-json\/wp\/v2\/posts\/693\/revisions\/694"}],"wp:featuredmedia":[{"embeddable":true,"href":"https:\/\/fundacioramonmartibonet.org\/es\/wp-json\/wp\/v2\/media\/368"}],"wp:attachment":[{"href":"https:\/\/fundacioramonmartibonet.org\/es\/wp-json\/wp\/v2\/media?parent=693"}],"wp:term":[{"taxonomy":"category","embeddable":true,"href":"https:\/\/fundacioramonmartibonet.org\/es\/wp-json\/wp\/v2\/categories?post=693"},{"taxonomy":"post_tag","embeddable":true,"href":"https:\/\/fundacioramonmartibonet.org\/es\/wp-json\/wp\/v2\/tags?post=693"}],"curies":[{"name":"wp","href":"https:\/\/api.w.org\/{rel}","templated":true}]}}