{"id":691,"date":"2023-02-20T16:38:40","date_gmt":"2023-02-20T16:38:40","guid":{"rendered":"https:\/\/fundacioramonmartibonet.org\/2023\/02\/primera-comision-de-2023-del-proyecto-vision-para-todos-en-el-chad\/"},"modified":"2025-07-16T09:22:36","modified_gmt":"2025-07-16T09:22:36","slug":"primera-comision-de-2023-del-proyecto-vision-para-todos-en-el-chad","status":"publish","type":"post","link":"https:\/\/fundacioramonmartibonet.org\/es\/2023\/02\/primera-comision-de-2023-del-proyecto-vision-para-todos-en-el-chad\/","title":{"rendered":"Primera comisi\u00f3n de 2023 del proyecto Visi\u00f3n para todos en el Chad"},"content":{"rendered":"<p>Durante el mes de enero, un equipo de profesionales de la Fundaci\u00f3n Ramon Mart\u00ed i Bonet se ha desplazado a N\u2019Djamena, en \u00c1frica, donde se ubica el proyecto <a href=\"http:\/\/fundacioramonmartibonet.org\/es\/projectes-frmb\/visio-per-a-tothom-al-txad-dra-vinas\/\">Visi\u00f3n para todos en el Chad, Dra. Vi\u00f1as<\/a>.\u00a0Los y las cooperantes han trabajado en el Hospital Le Bon Samaritain para ofrecer atenci\u00f3n oftalmol\u00f3gica y \u00f3ptica a la poblaci\u00f3n chadiana.<\/p>\n<p>Se han llevado a cabo 300 revisiones oculares, de las cuales 117 personas han tenido que ser intervenidas, principalmente a causa de cataratas. Adem\u00e1s, 50 personas se han podido beneficiar de gafas correctoras para poder mejorar su visi\u00f3n.<\/p>\n<p>Cabe destacar que en pa\u00edses como el Chad, la persona con discapacidad visual o ciega est\u00e1 pr\u00e1cticamente excluida de la sociedad porque no puede conseguir un trabajo y se considera una carga para el grupo familiar y su entorno. Es en este escenario que la Fundaci\u00f3n Ramon Mart\u00ed i Bonet aporta conocimiento y actividad asistencial oftalmol\u00f3gica, incluyendo material y equipamiento, con el objetivo de contribuir a erradicar la ceguera evitable y otras deficiencias oculares alrededor del pa\u00eds, a trav\u00e9s de la capacitaci\u00f3n de los profesionales locales y la consolidaci\u00f3n de un quir\u00f3fano y una \u00f3ptica solidaria.<\/p>\n<p>Durante las expediciones, adem\u00e1s de la actividad asistencial local e inmediata, se busca definir acuerdos de colaboraci\u00f3n para llevar a cabo proyectos de docencia en el campo de la oftalmolog\u00eda en la Universidad de Enfermer\u00eda del Hospital Le Bon Samaritain. Tambi\u00e9n se est\u00e1 estudiando la posibilidad de establecer un sistema de telemedicina que permita impartir cursos online.<\/p>\n<p>En esta comisi\u00f3n se ha desplazado un equipo de profesionales formado por la Dra. Iratxe Zabalza, oftalm\u00f3loga, el Dr. Vito Domenico Mariella, oftalm\u00f3logo, Carlota Solanich, Responsable Docente de Enfermer\u00eda y Coordinadora de Calidad del Institut Catal\u00e0 de Retina, como coordinadora, juntamente con X\u00e8nia Sans, optometrista, y la enfermera Marta Gimeno.<\/p>\n<p>La Fundaci\u00f3n Ramon Mart\u00ed i Bonet apuesta para establecer proyectos s\u00f3lidos de oftalmolog\u00eda que proporcionen oportunidades de futuro a pa\u00edses en v\u00edas de desarrollo. As\u00ed pueden crecer de forma sostenible y garantizar que nadie se queda atr\u00e1s.<\/p>\n","protected":false},"excerpt":{"rendered":"<p>Durante el mes de enero, un equipo de profesionales de la Fundaci\u00f3n Ramon Mart\u00ed i Bonet se ha desplazado a N\u2019Djamena, en \u00c1frica, donde se ubica el proyecto Visi\u00f3n para todos en el Chad, Dra. Vi\u00f1as.\u00a0Los y las cooperantes han trabajado en el Hospital Le Bon Samaritain para ofrecer atenci\u00f3n oftalmol\u00f3gica y \u00f3ptica a la [&hellip;]<\/p>\n","protected":false},"author":1,"featured_media":464,"comment_status":"closed","ping_status":"closed","sticky":false,"template":"","format":"standard","meta":{"_acf_changed":false,"footnotes":""},"categories":[1],"tags":[],"acf":[],"yoast_head":"<!-- This site is optimized with the Yoast SEO plugin v22.5 - https:\/\/yoast.com\/wordpress\/plugins\/seo\/ -->\n<title>Primera comisi\u00f3n de 2023 del proyecto Visi\u00f3n para todos en el Chad - Fundaci\u00f3 Ram\u00f3n Mart\u00ed i Bonet<\/title>\n<meta name=\"robots\" content=\"index, follow, max-snippet:-1, max-image-preview:large, max-video-preview:-1\" \/>\n<link rel=\"canonical\" href=\"https:\/\/fundacioramonmartibonet.org\/es\/2023\/02\/primera-comision-de-2023-del-proyecto-vision-para-todos-en-el-chad\/\" \/>\n<meta property=\"og:locale\" content=\"es_ES\" \/>\n<meta property=\"og:type\" content=\"article\" \/>\n<meta property=\"og:title\" content=\"Primera comisi\u00f3n de 2023 del proyecto Visi\u00f3n para todos en el Chad - Fundaci\u00f3 Ram\u00f3n Mart\u00ed i Bonet\" \/>\n<meta property=\"og:description\" content=\"Durante el mes de enero, un equipo de profesionales de la Fundaci\u00f3n Ramon Mart\u00ed i Bonet se ha desplazado a N\u2019Djamena, en \u00c1frica, donde se ubica el proyecto Visi\u00f3n para todos en el Chad, Dra. Vi\u00f1as.\u00a0Los y las cooperantes han trabajado en el Hospital Le Bon Samaritain para ofrecer atenci\u00f3n oftalmol\u00f3gica y \u00f3ptica a la [&hellip;]\" \/>\n<meta property=\"og:url\" content=\"https:\/\/fundacioramonmartibonet.org\/es\/2023\/02\/primera-comision-de-2023-del-proyecto-vision-para-todos-en-el-chad\/\" \/>\n<meta property=\"og:site_name\" content=\"Fundaci\u00f3 Ram\u00f3n Mart\u00ed i Bonet\" \/>\n<meta property=\"article:publisher\" content=\"https:\/\/www.facebook.com\/FundacioRamonMartiBonet\" \/>\n<meta property=\"article:published_time\" content=\"2023-02-20T16:38:40+00:00\" \/>\n<meta property=\"article:modified_time\" content=\"2025-07-16T09:22:36+00:00\" \/>\n<meta property=\"og:image\" content=\"https:\/\/fundacioramonmartibonet.org\/wp-content\/uploads\/2023\/07\/Comissio_Txad_2023_1-2.jpg\" \/>\n\t<meta property=\"og:image:width\" content=\"1587\" \/>\n\t<meta property=\"og:image:height\" content=\"1058\" \/>\n\t<meta property=\"og:image:type\" content=\"image\/jpeg\" \/>\n<meta name=\"author\" content=\"frmb\" \/>\n<meta name=\"twitter:card\" content=\"summary_large_image\" \/>\n<meta name=\"twitter:creator\" content=\"@FundacioRMB\" \/>\n<meta name=\"twitter:site\" content=\"@FundacioRMB\" \/>\n<script type=\"application\/ld+json\" class=\"yoast-schema-graph\">{\"@context\":\"https:\/\/schema.org\",\"@graph\":[{\"@type\":\"Article\",\"@id\":\"https:\/\/fundacioramonmartibonet.org\/es\/2023\/02\/primera-comision-de-2023-del-proyecto-vision-para-todos-en-el-chad\/#article\",\"isPartOf\":{\"@id\":\"https:\/\/fundacioramonmartibonet.org\/es\/2023\/02\/primera-comision-de-2023-del-proyecto-vision-para-todos-en-el-chad\/\"},\"author\":{\"name\":\"frmb\",\"@id\":\"https:\/\/fundacioramonmartibonet.org\/es\/#\/schema\/person\/2aff0a7acd543144a2c66b34132697b6\"},\"headline\":\"Primera comisi\u00f3n de 2023 del proyecto Visi\u00f3n para todos en el Chad\",\"datePublished\":\"2023-02-20T16:38:40+00:00\",\"dateModified\":\"2025-07-16T09:22:36+00:00\",\"mainEntityOfPage\":{\"@id\":\"https:\/\/fundacioramonmartibonet.org\/es\/2023\/02\/primera-comision-de-2023-del-proyecto-vision-para-todos-en-el-chad\/\"},\"wordCount\":380,\"publisher\":{\"@id\":\"https:\/\/fundacioramonmartibonet.org\/es\/#organization\"},\"image\":{\"@id\":\"https:\/\/fundacioramonmartibonet.org\/es\/2023\/02\/primera-comision-de-2023-del-proyecto-vision-para-todos-en-el-chad\/#primaryimage\"},\"thumbnailUrl\":\"https:\/\/fundacioramonmartibonet.org\/wp-content\/uploads\/2023\/07\/Comissio_Txad_2023_1-2.jpg\",\"articleSection\":[\"Sin categorizar\"],\"inLanguage\":\"es\"},{\"@type\":\"WebPage\",\"@id\":\"https:\/\/fundacioramonmartibonet.org\/es\/2023\/02\/primera-comision-de-2023-del-proyecto-vision-para-todos-en-el-chad\/\",\"url\":\"https:\/\/fundacioramonmartibonet.org\/es\/2023\/02\/primera-comision-de-2023-del-proyecto-vision-para-todos-en-el-chad\/\",\"name\":\"Primera comisi\u00f3n de 2023 del proyecto Visi\u00f3n para todos en el Chad - Fundaci\u00f3 Ram\u00f3n Mart\u00ed i Bonet\",\"isPartOf\":{\"@id\":\"https:\/\/fundacioramonmartibonet.org\/es\/#website\"},\"primaryImageOfPage\":{\"@id\":\"https:\/\/fundacioramonmartibonet.org\/es\/2023\/02\/primera-comision-de-2023-del-proyecto-vision-para-todos-en-el-chad\/#primaryimage\"},\"image\":{\"@id\":\"https:\/\/fundacioramonmartibonet.org\/es\/2023\/02\/primera-comision-de-2023-del-proyecto-vision-para-todos-en-el-chad\/#primaryimage\"},\"thumbnailUrl\":\"https:\/\/fundacioramonmartibonet.org\/wp-content\/uploads\/2023\/07\/Comissio_Txad_2023_1-2.jpg\",\"datePublished\":\"2023-02-20T16:38:40+00:00\",\"dateModified\":\"2025-07-16T09:22:36+00:00\",\"breadcrumb\":{\"@id\":\"https:\/\/fundacioramonmartibonet.org\/es\/2023\/02\/primera-comision-de-2023-del-proyecto-vision-para-todos-en-el-chad\/#breadcrumb\"},\"inLanguage\":\"es\",\"potentialAction\":[{\"@type\":\"ReadAction\",\"target\":[\"https:\/\/fundacioramonmartibonet.org\/es\/2023\/02\/primera-comision-de-2023-del-proyecto-vision-para-todos-en-el-chad\/\"]}]},{\"@type\":\"ImageObject\",\"inLanguage\":\"es\",\"@id\":\"https:\/\/fundacioramonmartibonet.org\/es\/2023\/02\/primera-comision-de-2023-del-proyecto-vision-para-todos-en-el-chad\/#primaryimage\",\"url\":\"https:\/\/fundacioramonmartibonet.org\/wp-content\/uploads\/2023\/07\/Comissio_Txad_2023_1-2.jpg\",\"contentUrl\":\"https:\/\/fundacioramonmartibonet.org\/wp-content\/uploads\/2023\/07\/Comissio_Txad_2023_1-2.jpg\",\"width\":1587,\"height\":1058},{\"@type\":\"BreadcrumbList\",\"@id\":\"https:\/\/fundacioramonmartibonet.org\/es\/2023\/02\/primera-comision-de-2023-del-proyecto-vision-para-todos-en-el-chad\/#breadcrumb\",\"itemListElement\":[{\"@type\":\"ListItem\",\"position\":1,\"name\":\"Home\",\"item\":\"https:\/\/fundacioramonmartibonet.org\/es\/\"},{\"@type\":\"ListItem\",\"position\":2,\"name\":\"Primera comisi\u00f3n de 2023 del proyecto Visi\u00f3n para todos en el Chad\"}]},{\"@type\":\"WebSite\",\"@id\":\"https:\/\/fundacioramonmartibonet.org\/es\/#website\",\"url\":\"https:\/\/fundacioramonmartibonet.org\/es\/\",\"name\":\"Fundaci\u00f3 Ramon Mart\u00ed i Bonet\",\"description\":\"Visi\u00f3 per a tothom\",\"publisher\":{\"@id\":\"https:\/\/fundacioramonmartibonet.org\/es\/#organization\"},\"alternateName\":\"FRMB\",\"potentialAction\":[{\"@type\":\"SearchAction\",\"target\":{\"@type\":\"EntryPoint\",\"urlTemplate\":\"https:\/\/fundacioramonmartibonet.org\/es\/?s={search_term_string}\"},\"query-input\":\"required name=search_term_string\"}],\"inLanguage\":\"es\"},{\"@type\":\"Organization\",\"@id\":\"https:\/\/fundacioramonmartibonet.org\/es\/#organization\",\"name\":\"Fundaci\u00f3 Ramon Mart\u00ed i Bonet\",\"alternateName\":\"FRMB\",\"url\":\"https:\/\/fundacioramonmartibonet.org\/es\/\",\"logo\":{\"@type\":\"ImageObject\",\"inLanguage\":\"es\",\"@id\":\"https:\/\/fundacioramonmartibonet.org\/es\/#\/schema\/logo\/image\/\",\"url\":\"https:\/\/fundacioramonmartibonet.org\/wp-content\/uploads\/2023\/06\/frmb.svg\",\"contentUrl\":\"https:\/\/fundacioramonmartibonet.org\/wp-content\/uploads\/2023\/06\/frmb.svg\",\"width\":900,\"height\":280,\"caption\":\"Fundaci\u00f3 Ramon Mart\u00ed i Bonet\"},\"image\":{\"@id\":\"https:\/\/fundacioramonmartibonet.org\/es\/#\/schema\/logo\/image\/\"},\"sameAs\":[\"https:\/\/www.facebook.com\/FundacioRamonMartiBonet\",\"https:\/\/x.com\/FundacioRMB\",\"https:\/\/www.youtube.com\/channel\/UCNyN8HH4tz3ybIBubLBiSog\",\"https:\/\/www.instagram.com\/fundaciormb\/\",\"https:\/\/www.linkedin.com\/company\/fundacio-ramon-marto-i-bonet-contra-la-ceguera\/\"]},{\"@type\":\"Person\",\"@id\":\"https:\/\/fundacioramonmartibonet.org\/es\/#\/schema\/person\/2aff0a7acd543144a2c66b34132697b6\",\"name\":\"frmb\",\"image\":{\"@type\":\"ImageObject\",\"inLanguage\":\"es\",\"@id\":\"https:\/\/fundacioramonmartibonet.org\/es\/#\/schema\/person\/image\/\",\"url\":\"https:\/\/secure.gravatar.com\/avatar\/83d1ae228f5a77eb42b308490c6dcca6?s=96&d=mm&r=g\",\"contentUrl\":\"https:\/\/secure.gravatar.com\/avatar\/83d1ae228f5a77eb42b308490c6dcca6?s=96&d=mm&r=g\",\"caption\":\"frmb\"},\"sameAs\":[\"https:\/\/fundacioramonmartibonet.org\"],\"url\":\"https:\/\/fundacioramonmartibonet.org\/es\/author\/frmb\/\"}]}<\/script>\n<!-- \/ Yoast SEO plugin. -->","yoast_head_json":{"title":"Primera comisi\u00f3n de 2023 del proyecto Visi\u00f3n para todos en el Chad - Fundaci\u00f3 Ram\u00f3n Mart\u00ed i Bonet","robots":{"index":"index","follow":"follow","max-snippet":"max-snippet:-1","max-image-preview":"max-image-preview:large","max-video-preview":"max-video-preview:-1"},"canonical":"https:\/\/fundacioramonmartibonet.org\/es\/2023\/02\/primera-comision-de-2023-del-proyecto-vision-para-todos-en-el-chad\/","og_locale":"es_ES","og_type":"article","og_title":"Primera comisi\u00f3n de 2023 del proyecto Visi\u00f3n para todos en el Chad - Fundaci\u00f3 Ram\u00f3n Mart\u00ed i Bonet","og_description":"Durante el mes de enero, un equipo de profesionales de la Fundaci\u00f3n Ramon Mart\u00ed i Bonet se ha desplazado a N\u2019Djamena, en \u00c1frica, donde se ubica el proyecto Visi\u00f3n para todos en el Chad, Dra. Vi\u00f1as.\u00a0Los y las cooperantes han trabajado en el Hospital Le Bon Samaritain para ofrecer atenci\u00f3n oftalmol\u00f3gica y \u00f3ptica a la [&hellip;]","og_url":"https:\/\/fundacioramonmartibonet.org\/es\/2023\/02\/primera-comision-de-2023-del-proyecto-vision-para-todos-en-el-chad\/","og_site_name":"Fundaci\u00f3 Ram\u00f3n Mart\u00ed i Bonet","article_publisher":"https:\/\/www.facebook.com\/FundacioRamonMartiBonet","article_published_time":"2023-02-20T16:38:40+00:00","article_modified_time":"2025-07-16T09:22:36+00:00","og_image":[{"width":1587,"height":1058,"url":"https:\/\/fundacioramonmartibonet.org\/wp-content\/uploads\/2023\/07\/Comissio_Txad_2023_1-2.jpg","type":"image\/jpeg"}],"author":"frmb","twitter_card":"summary_large_image","twitter_creator":"@FundacioRMB","twitter_site":"@FundacioRMB","schema":{"@context":"https:\/\/schema.org","@graph":[{"@type":"Article","@id":"https:\/\/fundacioramonmartibonet.org\/es\/2023\/02\/primera-comision-de-2023-del-proyecto-vision-para-todos-en-el-chad\/#article","isPartOf":{"@id":"https:\/\/fundacioramonmartibonet.org\/es\/2023\/02\/primera-comision-de-2023-del-proyecto-vision-para-todos-en-el-chad\/"},"author":{"name":"frmb","@id":"https:\/\/fundacioramonmartibonet.org\/es\/#\/schema\/person\/2aff0a7acd543144a2c66b34132697b6"},"headline":"Primera comisi\u00f3n de 2023 del proyecto Visi\u00f3n para todos en el Chad","datePublished":"2023-02-20T16:38:40+00:00","dateModified":"2025-07-16T09:22:36+00:00","mainEntityOfPage":{"@id":"https:\/\/fundacioramonmartibonet.org\/es\/2023\/02\/primera-comision-de-2023-del-proyecto-vision-para-todos-en-el-chad\/"},"wordCount":380,"publisher":{"@id":"https:\/\/fundacioramonmartibonet.org\/es\/#organization"},"image":{"@id":"https:\/\/fundacioramonmartibonet.org\/es\/2023\/02\/primera-comision-de-2023-del-proyecto-vision-para-todos-en-el-chad\/#primaryimage"},"thumbnailUrl":"https:\/\/fundacioramonmartibonet.org\/wp-content\/uploads\/2023\/07\/Comissio_Txad_2023_1-2.jpg","articleSection":["Sin categorizar"],"inLanguage":"es"},{"@type":"WebPage","@id":"https:\/\/fundacioramonmartibonet.org\/es\/2023\/02\/primera-comision-de-2023-del-proyecto-vision-para-todos-en-el-chad\/","url":"https:\/\/fundacioramonmartibonet.org\/es\/2023\/02\/primera-comision-de-2023-del-proyecto-vision-para-todos-en-el-chad\/","name":"Primera comisi\u00f3n de 2023 del proyecto Visi\u00f3n para todos en el Chad - Fundaci\u00f3 Ram\u00f3n Mart\u00ed i Bonet","isPartOf":{"@id":"https:\/\/fundacioramonmartibonet.org\/es\/#website"},"primaryImageOfPage":{"@id":"https:\/\/fundacioramonmartibonet.org\/es\/2023\/02\/primera-comision-de-2023-del-proyecto-vision-para-todos-en-el-chad\/#primaryimage"},"image":{"@id":"https:\/\/fundacioramonmartibonet.org\/es\/2023\/02\/primera-comision-de-2023-del-proyecto-vision-para-todos-en-el-chad\/#primaryimage"},"thumbnailUrl":"https:\/\/fundacioramonmartibonet.org\/wp-content\/uploads\/2023\/07\/Comissio_Txad_2023_1-2.jpg","datePublished":"2023-02-20T16:38:40+00:00","dateModified":"2025-07-16T09:22:36+00:00","breadcrumb":{"@id":"https:\/\/fundacioramonmartibonet.org\/es\/2023\/02\/primera-comision-de-2023-del-proyecto-vision-para-todos-en-el-chad\/#breadcrumb"},"inLanguage":"es","potentialAction":[{"@type":"ReadAction","target":["https:\/\/fundacioramonmartibonet.org\/es\/2023\/02\/primera-comision-de-2023-del-proyecto-vision-para-todos-en-el-chad\/"]}]},{"@type":"ImageObject","inLanguage":"es","@id":"https:\/\/fundacioramonmartibonet.org\/es\/2023\/02\/primera-comision-de-2023-del-proyecto-vision-para-todos-en-el-chad\/#primaryimage","url":"https:\/\/fundacioramonmartibonet.org\/wp-content\/uploads\/2023\/07\/Comissio_Txad_2023_1-2.jpg","contentUrl":"https:\/\/fundacioramonmartibonet.org\/wp-content\/uploads\/2023\/07\/Comissio_Txad_2023_1-2.jpg","width":1587,"height":1058},{"@type":"BreadcrumbList","@id":"https:\/\/fundacioramonmartibonet.org\/es\/2023\/02\/primera-comision-de-2023-del-proyecto-vision-para-todos-en-el-chad\/#breadcrumb","itemListElement":[{"@type":"ListItem","position":1,"name":"Home","item":"https:\/\/fundacioramonmartibonet.org\/es\/"},{"@type":"ListItem","position":2,"name":"Primera comisi\u00f3n de 2023 del proyecto Visi\u00f3n para todos en el Chad"}]},{"@type":"WebSite","@id":"https:\/\/fundacioramonmartibonet.org\/es\/#website","url":"https:\/\/fundacioramonmartibonet.org\/es\/","name":"Fundaci\u00f3 Ramon Mart\u00ed i Bonet","description":"Visi\u00f3 per a tothom","publisher":{"@id":"https:\/\/fundacioramonmartibonet.org\/es\/#organization"},"alternateName":"FRMB","potentialAction":[{"@type":"SearchAction","target":{"@type":"EntryPoint","urlTemplate":"https:\/\/fundacioramonmartibonet.org\/es\/?s={search_term_string}"},"query-input":"required name=search_term_string"}],"inLanguage":"es"},{"@type":"Organization","@id":"https:\/\/fundacioramonmartibonet.org\/es\/#organization","name":"Fundaci\u00f3 Ramon Mart\u00ed i Bonet","alternateName":"FRMB","url":"https:\/\/fundacioramonmartibonet.org\/es\/","logo":{"@type":"ImageObject","inLanguage":"es","@id":"https:\/\/fundacioramonmartibonet.org\/es\/#\/schema\/logo\/image\/","url":"https:\/\/fundacioramonmartibonet.org\/wp-content\/uploads\/2023\/06\/frmb.svg","contentUrl":"https:\/\/fundacioramonmartibonet.org\/wp-content\/uploads\/2023\/06\/frmb.svg","width":900,"height":280,"caption":"Fundaci\u00f3 Ramon Mart\u00ed i Bonet"},"image":{"@id":"https:\/\/fundacioramonmartibonet.org\/es\/#\/schema\/logo\/image\/"},"sameAs":["https:\/\/www.facebook.com\/FundacioRamonMartiBonet","https:\/\/x.com\/FundacioRMB","https:\/\/www.youtube.com\/channel\/UCNyN8HH4tz3ybIBubLBiSog","https:\/\/www.instagram.com\/fundaciormb\/","https:\/\/www.linkedin.com\/company\/fundacio-ramon-marto-i-bonet-contra-la-ceguera\/"]},{"@type":"Person","@id":"https:\/\/fundacioramonmartibonet.org\/es\/#\/schema\/person\/2aff0a7acd543144a2c66b34132697b6","name":"frmb","image":{"@type":"ImageObject","inLanguage":"es","@id":"https:\/\/fundacioramonmartibonet.org\/es\/#\/schema\/person\/image\/","url":"https:\/\/secure.gravatar.com\/avatar\/83d1ae228f5a77eb42b308490c6dcca6?s=96&d=mm&r=g","contentUrl":"https:\/\/secure.gravatar.com\/avatar\/83d1ae228f5a77eb42b308490c6dcca6?s=96&d=mm&r=g","caption":"frmb"},"sameAs":["https:\/\/fundacioramonmartibonet.org"],"url":"https:\/\/fundacioramonmartibonet.org\/es\/author\/frmb\/"}]}},"_links":{"self":[{"href":"https:\/\/fundacioramonmartibonet.org\/es\/wp-json\/wp\/v2\/posts\/691"}],"collection":[{"href":"https:\/\/fundacioramonmartibonet.org\/es\/wp-json\/wp\/v2\/posts"}],"about":[{"href":"https:\/\/fundacioramonmartibonet.org\/es\/wp-json\/wp\/v2\/types\/post"}],"author":[{"embeddable":true,"href":"https:\/\/fundacioramonmartibonet.org\/es\/wp-json\/wp\/v2\/users\/1"}],"replies":[{"embeddable":true,"href":"https:\/\/fundacioramonmartibonet.org\/es\/wp-json\/wp\/v2\/comments?post=691"}],"version-history":[{"count":1,"href":"https:\/\/fundacioramonmartibonet.org\/es\/wp-json\/wp\/v2\/posts\/691\/revisions"}],"predecessor-version":[{"id":3938,"href":"https:\/\/fundacioramonmartibonet.org\/es\/wp-json\/wp\/v2\/posts\/691\/revisions\/3938"}],"wp:featuredmedia":[{"embeddable":true,"href":"https:\/\/fundacioramonmartibonet.org\/es\/wp-json\/wp\/v2\/media\/464"}],"wp:attachment":[{"href":"https:\/\/fundacioramonmartibonet.org\/es\/wp-json\/wp\/v2\/media?parent=691"}],"wp:term":[{"taxonomy":"category","embeddable":true,"href":"https:\/\/fundacioramonmartibonet.org\/es\/wp-json\/wp\/v2\/categories?post=691"},{"taxonomy":"post_tag","embeddable":true,"href":"https:\/\/fundacioramonmartibonet.org\/es\/wp-json\/wp\/v2\/tags?post=691"}],"curies":[{"name":"wp","href":"https:\/\/api.w.org\/{rel}","templated":true}]}}