{"id":688,"date":"2022-12-12T15:35:37","date_gmt":"2022-12-12T15:35:37","guid":{"rendered":"https:\/\/fundacioramonmartibonet.org\/2022\/12\/la-fundacion-ramon-marti-i-bonet-en-el-viii-congreso-internacional-para-la-prevencion-de-la-ceguera-en-paises-en-desarrollo\/"},"modified":"2025-07-16T09:22:36","modified_gmt":"2025-07-16T09:22:36","slug":"la-fundacion-ramon-marti-i-bonet-en-el-viii-congreso-internacional-para-la-prevencion-de-la-ceguera-en-paises-en-desarrollo","status":"publish","type":"post","link":"https:\/\/fundacioramonmartibonet.org\/es\/2022\/12\/la-fundacion-ramon-marti-i-bonet-en-el-viii-congreso-internacional-para-la-prevencion-de-la-ceguera-en-paises-en-desarrollo\/","title":{"rendered":"La Fundaci\u00f3n Ramon Mart\u00ed i Bonet en el VIII Congreso Internacional para la prevenci\u00f3n de la ceguera en pa\u00edses en desarrollo"},"content":{"rendered":"<p>El pasado 18 de noviembre participamos en el <strong>VIII Congreso Internacional para la prevenci\u00f3n de la ceguera en pa\u00edses en desarrollo<\/strong>, organizado por <a href=\"https:\/\/www.visionmundi.org\/\">Visi\u00f3n Mundi<\/a> y con el apoyo de la Fundaci\u00f3n IberCaja. Intervinieron entidades de todo Espa\u00f1a, con 30 ponencias de representantes de diferentes puntos de \u00c1frica y Europa.<\/p>\n<p>Desde la Fundaci\u00f3n Ramon Mart\u00ed i Bonet contra la ceguera tambi\u00e9n participamos, explicando nuestra experiencia, nuestros proyectos y nuestras ideas para el futuro en la prevenci\u00f3n de la ceguera. Cuatro personas trabajadoras y colaboradoras habituales de la Fundaci\u00f3n presentaron ponencias en el evento.<\/p>\n<p>&nbsp;<\/p>\n<h2>El caso de la Fundaci\u00f3n Ramon Mart\u00ed i Bonet<\/h2>\n<figure id=\"attachment_1247\" aria-describedby=\"caption-attachment-1247\" style=\"width: 1718px\" class=\"wp-caption alignnone\"><img loading=\"lazy\" decoding=\"async\" class=\"wp-image-1247 size-full\" src=\"https:\/\/fundacioramonmartibonet.org\/wp-content\/uploads\/2023\/07\/VisionMundi_Ivan.jpg\" alt=\"Iv\u00e1n L\u00f3pez en el Congreso Internacional para la prevenci\u00f3n de la ceguera\" width=\"1718\" height=\"1145\" \/><figcaption id=\"caption-attachment-1247\" class=\"wp-caption-text\">Iv\u00e1n L\u00f3pez explic\u00f3 c\u00f3mo el proyecto \u201cVisi\u00f3 per a Tothom a Catalunya\u201d se puede extrapolar a otros pa\u00edses y contextos.<\/figcaption><\/figure>\n<p>En primer lugar, Iv\u00e1n L\u00f3pez, psic\u00f3logo de formaci\u00f3n y t\u00e9cnico corresponsable de proyectos en la FRMB, habl\u00f3 del proyecto \u201c<a href=\"http:\/\/fundacioramonmartibonet.org\/es\/projectes-frmb\/vision-para-todos-en-cataluna\/\">Visi\u00f3 per a Tothom a Catalunya<\/a>\u201d y c\u00f3mo se puede extrapolar. La ponencia relataba c\u00f3mo se ha ido fraguando el proyecto local de la FRMB en cuanto a acercar la salud visual a todos los estratos de la sociedad, sin dejar a nadie de lado.<\/p>\n<p>Se puso sobre la mesa la situaci\u00f3n socioecon\u00f3mica que atraviesa el pa\u00eds, con una incidencia especial en las capas m\u00e1s desfavorecidas, con cerca de 10.000.000 de personas viviendo en el umbral de la pobreza. Se hizo evidente la <strong>situaci\u00f3n de pobreza visual que sufren muchas personas<\/strong>, entendiendo \u00e9sta como el conocimiento de la necesidad de utilizar equipamientos de correcci\u00f3n refractiva pero no poder acceder a ellos por falta de capacidad adquisitiva.<\/p>\n<p>&nbsp;<\/p>\n<p>Finalmente, se explic\u00f3 el plan de la FRMB para intentar cerrar esta brecha y c\u00f3mo lo ha ejecutado a trav\u00e9s de <strong>alianzas con colaboradores estrat\u00e9gicos en el sector privado y en el p\u00fablico<\/strong>. Se hizo menci\u00f3n especial al <a href=\"http:\/\/fundacioramonmartibonet.org\/es\/convenio-fundacion-ayuntamiento-triplicar-atencion\/\">acuerdo de prestaci\u00f3n de servicios con el Ayuntamiento de Barcelona<\/a>.<\/p>\n<p>&nbsp;<\/p>\n<h2>Telemedicina y oftalmolog\u00eda social<\/h2>\n<p>En segundo lugar, intervino Rosa Maria Sust, oftalm\u00f3loga y Vicepresidenta de la FRMB. En su ponencia explic\u00f3 la importancia de encontrar un factor diferenciador que otorgue mayor calidad y robustez a un proyecto. En la FRMB, este factor es la telemedicina.<\/p>\n<figure id=\"attachment_1248\" aria-describedby=\"caption-attachment-1248\" style=\"width: 1024px\" class=\"wp-caption alignnone\"><img loading=\"lazy\" decoding=\"async\" class=\"size-full wp-image-1248\" src=\"https:\/\/fundacioramonmartibonet.org\/wp-content\/uploads\/2023\/07\/VisionMundi_Sust.jpg\" alt=\"Rosa Sust en su intervenci\u00f3n sobre telemedicina y oftalmolog\u00eda social\" width=\"1024\" height=\"683\" \/><figcaption id=\"caption-attachment-1248\" class=\"wp-caption-text\">La Dra. Rosa Sust habl\u00f3 del funcionamiento del circuito para diagnosticar pacientes, desde los servicios sociales hasta la consulta oftalmol\u00f3gica.<\/figcaption><\/figure>\n<p>A partir de la derivaci\u00f3n que realizan las personas trabajadoras sociales de los centros de servicios sociales de Barcelona, se inicia un circuito. \u00c9ste tiene que ver con la programaci\u00f3n de una visita con Optometr\u00eda, en la que se realizar\u00e1n una refracci\u00f3n y una retinograf\u00eda. Si la retinograf\u00eda arroja alg\u00fan resultado patol\u00f3gico o la optometrista detecta alg\u00fan d\u00e9ficit que convenga ser revisado por un\/a oftalm\u00f3logo\/a, ser\u00e1 derivada a una visita m\u00e9dica. De esta manera <strong>se han descubierto varias patolog\u00edas sensibles que han podido ser reconducidas a sus centros de referencia<\/strong>, lo cual ha propiciado una actuaci\u00f3n r\u00e1pida por parte del sistema p\u00fablico.<\/p>\n<p>Algo esencial es detectar casos latentes no conocidos por no haber ido nunca a un oftalm\u00f3logo\/a, y as\u00ed poder adaptar los equipamientos refractivos con la seguridad de que ser\u00e1n la soluci\u00f3n m\u00e1s \u00fatil para la persona usuaria.<\/p>\n<p>&nbsp;<\/p>\n<h2>Oftalmolog\u00eda, la asignatura pendiente<\/h2>\n<p>A continuaci\u00f3n, Carlota Solanich, enfermera y patrona de la FRMB, ofreci\u00f3 una charla sobre la \u00abAsignatura de Oftalmolog\u00eda en Medicina y en Enfermer\u00eda, en el Chad\u00bb. Empez\u00f3 con un relato acerca de la situaci\u00f3n de la oftalmolog\u00eda en el Chad, as\u00ed como de su sistema educativo superior. Solamente cuenta con 2 universidades de Medicina en todo el pa\u00eds, en <strong>un estado en el que la oftalmolog\u00eda no es curricular<\/strong>.<\/p>\n<p>Aprovechando que una de estas universidades est\u00e1 ubicada en el Hospital <em>Le Bon Samaritain<\/em>, con el que colaboramos, la FRMB idea un proyecto a partir de esta sinergia. Se establece un acuerdo con la universidad para que la oftalmolog\u00eda sea una asignatura m\u00e1s dentro del itinerario curricular.<\/p>\n<figure id=\"attachment_1249\" aria-describedby=\"caption-attachment-1249\" style=\"width: 2000px\" class=\"wp-caption alignnone\"><img loading=\"lazy\" decoding=\"async\" class=\"size-full wp-image-1249\" src=\"https:\/\/fundacioramonmartibonet.org\/wp-content\/uploads\/2023\/07\/VisionMundi_Solanich.jpg\" alt=\"Carlota Solanich en su intervenci\u00f3n en el Congreso Internacional contra la ceguera\" width=\"2000\" height=\"1334\" \/><figcaption id=\"caption-attachment-1249\" class=\"wp-caption-text\">Carlota Solanich explic\u00f3 el proyecto para impartir la asignatura de Oftalmolog\u00eda en la Universidad del Hospital Le Bon Samaritain.<\/figcaption><\/figure>\n<p>La FRMB, en colaboraci\u00f3n con el ICR y sus m\u00e9dicos francoparlantes, ser\u00e1n los encargados de impartir la asignatura. Asimismo, se preparar\u00e1 un m\u00e1ster de Optometr\u00eda y Enfermer\u00eda Oftalmol\u00f3gica, buscando la ayuda de asociaciones de cooperaci\u00f3n para el \u00c1frica franc\u00f3fona.<\/p>\n<p>&nbsp;<\/p>\n<h2>Atenci\u00f3n temprana en distintos pa\u00edses<\/h2>\n<p>Finalmente, intervino Maria Merc\u00e8 Leonhardt, psic\u00f3loga referente mundial en el \u00e1mbito de la atenci\u00f3n precoz, colaboradora de la FRMB desde hace 3 lustros y autora de varios libros sobre la materia. Su ponencia llevaba por t\u00edtulo \u00abAtenci\u00f3n temprana en diversos pa\u00edses. Buscando primeras miradas\u00bb.<\/p>\n<p>Explic\u00f3 c\u00f3mo se gest\u00f3 el proyecto de <strong>atenci\u00f3n temprana<\/strong> en Anantapur, India, bajo el manto de la <a href=\"https:\/\/fundacionvicenteferrer.org\/\">Fundaci\u00f3n Vicente Ferrer<\/a>, a la que r\u00e1pidamente se uni\u00f3 en colaboraci\u00f3n la FRMB. Es una zona especialmente sensible, ya que hay un predominio significativamente alto de las enfermedades cong\u00e9nitas, entre ellas muchas que provocan ceguera. Las m\u00e1s comunes; la catarata cong\u00e9nita, la catarata durante el 1er a\u00f1o de desarrollo o la retinopat\u00eda del prematuro.<\/p>\n<p><strong>La clave del proyecto era la de formar a profesionales y agentes sociales para que fuesen eficaces en la detecci\u00f3n <\/strong>y pudiesen derivar a los hospitales de referencia para tratar las enfermedades que surgieran. Si no fuera posible tratar dichas patolog\u00edas, la formaci\u00f3n de profesionales tiene el objetivo de estimular la visi\u00f3n residual del paciente o adaptar su carest\u00eda a las necesidades de la vida diaria.<\/p>\n<figure id=\"attachment_1250\" aria-describedby=\"caption-attachment-1250\" style=\"width: 1331px\" class=\"wp-caption alignnone\"><img loading=\"lazy\" decoding=\"async\" class=\"size-full wp-image-1250\" src=\"https:\/\/fundacioramonmartibonet.org\/wp-content\/uploads\/2023\/07\/VisionMundi_Leonhardt.jpg\" alt=\"Merc\u00e8 Leonhardt presentando su comunicaci\u00f3n en el Congreso \" width=\"1331\" height=\"887\" \/><figcaption id=\"caption-attachment-1250\" class=\"wp-caption-text\">Merc\u00e8 Leonhardt en su intervenci\u00f3n sobre atenci\u00f3n temprana.<\/figcaption><\/figure>\n<p>La participaci\u00f3n de la Fundaci\u00f3n Ramon Mart\u00ed i Bonet en este congreso ha sido muy enriquecedora. Poder compartir conocimiento sobre nuestro trabajo y nuestros valores con entidades similares a la nuestra beneficia a todas las personas colaboradoras y fortalece la lucha contra la ceguera en pa\u00edses en v\u00edas de desarrollo.<\/p>\n","protected":false},"excerpt":{"rendered":"<p>El pasado 18 de noviembre participamos en el VIII Congreso Internacional para la prevenci\u00f3n de la ceguera en pa\u00edses en desarrollo, organizado por Visi\u00f3n Mundi y con el apoyo de la Fundaci\u00f3n IberCaja. Intervinieron entidades de todo Espa\u00f1a, con 30 ponencias de representantes de diferentes puntos de \u00c1frica y Europa. Desde la Fundaci\u00f3n Ramon Mart\u00ed [&hellip;]<\/p>\n","protected":false},"author":1,"featured_media":461,"comment_status":"closed","ping_status":"closed","sticky":false,"template":"","format":"standard","meta":{"_acf_changed":false,"footnotes":""},"categories":[1],"tags":[28],"acf":[],"yoast_head":"<!-- This site is optimized with the Yoast SEO plugin v22.5 - https:\/\/yoast.com\/wordpress\/plugins\/seo\/ -->\n<title>La Fundaci\u00f3n Ramon Mart\u00ed i Bonet en el VIII Congreso Internacional para la prevenci\u00f3n de la ceguera en pa\u00edses en desarrollo - Fundaci\u00f3 Ram\u00f3n Mart\u00ed i Bonet<\/title>\n<meta name=\"robots\" content=\"index, follow, max-snippet:-1, max-image-preview:large, max-video-preview:-1\" \/>\n<link rel=\"canonical\" href=\"https:\/\/fundacioramonmartibonet.org\/es\/2022\/12\/la-fundacion-ramon-marti-i-bonet-en-el-viii-congreso-internacional-para-la-prevencion-de-la-ceguera-en-paises-en-desarrollo\/\" \/>\n<meta property=\"og:locale\" content=\"es_ES\" \/>\n<meta property=\"og:type\" content=\"article\" \/>\n<meta property=\"og:title\" content=\"La Fundaci\u00f3n Ramon Mart\u00ed i Bonet en el VIII Congreso Internacional para la prevenci\u00f3n de la ceguera en pa\u00edses en desarrollo - Fundaci\u00f3 Ram\u00f3n Mart\u00ed i Bonet\" \/>\n<meta property=\"og:description\" content=\"El pasado 18 de noviembre participamos en el VIII Congreso Internacional para la prevenci\u00f3n de la ceguera en pa\u00edses en desarrollo, organizado por Visi\u00f3n Mundi y con el apoyo de la Fundaci\u00f3n IberCaja. Intervinieron entidades de todo Espa\u00f1a, con 30 ponencias de representantes de diferentes puntos de \u00c1frica y Europa. Desde la Fundaci\u00f3n Ramon Mart\u00ed [&hellip;]\" \/>\n<meta property=\"og:url\" content=\"https:\/\/fundacioramonmartibonet.org\/es\/2022\/12\/la-fundacion-ramon-marti-i-bonet-en-el-viii-congreso-internacional-para-la-prevencion-de-la-ceguera-en-paises-en-desarrollo\/\" \/>\n<meta property=\"og:site_name\" content=\"Fundaci\u00f3 Ram\u00f3n Mart\u00ed i Bonet\" \/>\n<meta property=\"article:publisher\" content=\"https:\/\/www.facebook.com\/FundacioRamonMartiBonet\" \/>\n<meta property=\"article:published_time\" content=\"2022-12-12T15:35:37+00:00\" \/>\n<meta property=\"article:modified_time\" content=\"2025-07-16T09:22:36+00:00\" \/>\n<meta property=\"og:image\" content=\"https:\/\/fundacioramonmartibonet.org\/wp-content\/uploads\/2023\/07\/IMG_7813.jpg\" \/>\n\t<meta property=\"og:image:width\" content=\"1024\" \/>\n\t<meta property=\"og:image:height\" content=\"683\" \/>\n\t<meta property=\"og:image:type\" content=\"image\/jpeg\" \/>\n<meta name=\"author\" content=\"frmb\" \/>\n<meta name=\"twitter:card\" content=\"summary_large_image\" \/>\n<meta name=\"twitter:creator\" content=\"@FundacioRMB\" \/>\n<meta name=\"twitter:site\" content=\"@FundacioRMB\" \/>\n<script type=\"application\/ld+json\" class=\"yoast-schema-graph\">{\"@context\":\"https:\/\/schema.org\",\"@graph\":[{\"@type\":\"Article\",\"@id\":\"https:\/\/fundacioramonmartibonet.org\/es\/2022\/12\/la-fundacion-ramon-marti-i-bonet-en-el-viii-congreso-internacional-para-la-prevencion-de-la-ceguera-en-paises-en-desarrollo\/#article\",\"isPartOf\":{\"@id\":\"https:\/\/fundacioramonmartibonet.org\/es\/2022\/12\/la-fundacion-ramon-marti-i-bonet-en-el-viii-congreso-internacional-para-la-prevencion-de-la-ceguera-en-paises-en-desarrollo\/\"},\"author\":{\"name\":\"frmb\",\"@id\":\"https:\/\/fundacioramonmartibonet.org\/es\/#\/schema\/person\/2aff0a7acd543144a2c66b34132697b6\"},\"headline\":\"La Fundaci\u00f3n Ramon Mart\u00ed i Bonet en el VIII Congreso Internacional para la prevenci\u00f3n de la ceguera en pa\u00edses en desarrollo\",\"datePublished\":\"2022-12-12T15:35:37+00:00\",\"dateModified\":\"2025-07-16T09:22:36+00:00\",\"mainEntityOfPage\":{\"@id\":\"https:\/\/fundacioramonmartibonet.org\/es\/2022\/12\/la-fundacion-ramon-marti-i-bonet-en-el-viii-congreso-internacional-para-la-prevencion-de-la-ceguera-en-paises-en-desarrollo\/\"},\"wordCount\":1091,\"publisher\":{\"@id\":\"https:\/\/fundacioramonmartibonet.org\/es\/#organization\"},\"image\":{\"@id\":\"https:\/\/fundacioramonmartibonet.org\/es\/2022\/12\/la-fundacion-ramon-marti-i-bonet-en-el-viii-congreso-internacional-para-la-prevencion-de-la-ceguera-en-paises-en-desarrollo\/#primaryimage\"},\"thumbnailUrl\":\"https:\/\/fundacioramonmartibonet.org\/wp-content\/uploads\/2023\/07\/IMG_7813.jpg\",\"keywords\":[\"#Visi\u00f3PerATothom\"],\"articleSection\":[\"Sin categorizar\"],\"inLanguage\":\"es\"},{\"@type\":\"WebPage\",\"@id\":\"https:\/\/fundacioramonmartibonet.org\/es\/2022\/12\/la-fundacion-ramon-marti-i-bonet-en-el-viii-congreso-internacional-para-la-prevencion-de-la-ceguera-en-paises-en-desarrollo\/\",\"url\":\"https:\/\/fundacioramonmartibonet.org\/es\/2022\/12\/la-fundacion-ramon-marti-i-bonet-en-el-viii-congreso-internacional-para-la-prevencion-de-la-ceguera-en-paises-en-desarrollo\/\",\"name\":\"La Fundaci\u00f3n Ramon Mart\u00ed i Bonet en el VIII Congreso Internacional para la prevenci\u00f3n de la ceguera en pa\u00edses en desarrollo - Fundaci\u00f3 Ram\u00f3n Mart\u00ed i Bonet\",\"isPartOf\":{\"@id\":\"https:\/\/fundacioramonmartibonet.org\/es\/#website\"},\"primaryImageOfPage\":{\"@id\":\"https:\/\/fundacioramonmartibonet.org\/es\/2022\/12\/la-fundacion-ramon-marti-i-bonet-en-el-viii-congreso-internacional-para-la-prevencion-de-la-ceguera-en-paises-en-desarrollo\/#primaryimage\"},\"image\":{\"@id\":\"https:\/\/fundacioramonmartibonet.org\/es\/2022\/12\/la-fundacion-ramon-marti-i-bonet-en-el-viii-congreso-internacional-para-la-prevencion-de-la-ceguera-en-paises-en-desarrollo\/#primaryimage\"},\"thumbnailUrl\":\"https:\/\/fundacioramonmartibonet.org\/wp-content\/uploads\/2023\/07\/IMG_7813.jpg\",\"datePublished\":\"2022-12-12T15:35:37+00:00\",\"dateModified\":\"2025-07-16T09:22:36+00:00\",\"breadcrumb\":{\"@id\":\"https:\/\/fundacioramonmartibonet.org\/es\/2022\/12\/la-fundacion-ramon-marti-i-bonet-en-el-viii-congreso-internacional-para-la-prevencion-de-la-ceguera-en-paises-en-desarrollo\/#breadcrumb\"},\"inLanguage\":\"es\",\"potentialAction\":[{\"@type\":\"ReadAction\",\"target\":[\"https:\/\/fundacioramonmartibonet.org\/es\/2022\/12\/la-fundacion-ramon-marti-i-bonet-en-el-viii-congreso-internacional-para-la-prevencion-de-la-ceguera-en-paises-en-desarrollo\/\"]}]},{\"@type\":\"ImageObject\",\"inLanguage\":\"es\",\"@id\":\"https:\/\/fundacioramonmartibonet.org\/es\/2022\/12\/la-fundacion-ramon-marti-i-bonet-en-el-viii-congreso-internacional-para-la-prevencion-de-la-ceguera-en-paises-en-desarrollo\/#primaryimage\",\"url\":\"https:\/\/fundacioramonmartibonet.org\/wp-content\/uploads\/2023\/07\/IMG_7813.jpg\",\"contentUrl\":\"https:\/\/fundacioramonmartibonet.org\/wp-content\/uploads\/2023\/07\/IMG_7813.jpg\",\"width\":5184,\"height\":3456},{\"@type\":\"BreadcrumbList\",\"@id\":\"https:\/\/fundacioramonmartibonet.org\/es\/2022\/12\/la-fundacion-ramon-marti-i-bonet-en-el-viii-congreso-internacional-para-la-prevencion-de-la-ceguera-en-paises-en-desarrollo\/#breadcrumb\",\"itemListElement\":[{\"@type\":\"ListItem\",\"position\":1,\"name\":\"Home\",\"item\":\"https:\/\/fundacioramonmartibonet.org\/es\/\"},{\"@type\":\"ListItem\",\"position\":2,\"name\":\"La Fundaci\u00f3n Ramon Mart\u00ed i Bonet en el VIII Congreso Internacional para la prevenci\u00f3n de la ceguera en pa\u00edses en desarrollo\"}]},{\"@type\":\"WebSite\",\"@id\":\"https:\/\/fundacioramonmartibonet.org\/es\/#website\",\"url\":\"https:\/\/fundacioramonmartibonet.org\/es\/\",\"name\":\"Fundaci\u00f3 Ramon Mart\u00ed i Bonet\",\"description\":\"Visi\u00f3 per a tothom\",\"publisher\":{\"@id\":\"https:\/\/fundacioramonmartibonet.org\/es\/#organization\"},\"alternateName\":\"FRMB\",\"potentialAction\":[{\"@type\":\"SearchAction\",\"target\":{\"@type\":\"EntryPoint\",\"urlTemplate\":\"https:\/\/fundacioramonmartibonet.org\/es\/?s={search_term_string}\"},\"query-input\":\"required name=search_term_string\"}],\"inLanguage\":\"es\"},{\"@type\":\"Organization\",\"@id\":\"https:\/\/fundacioramonmartibonet.org\/es\/#organization\",\"name\":\"Fundaci\u00f3 Ramon Mart\u00ed i Bonet\",\"alternateName\":\"FRMB\",\"url\":\"https:\/\/fundacioramonmartibonet.org\/es\/\",\"logo\":{\"@type\":\"ImageObject\",\"inLanguage\":\"es\",\"@id\":\"https:\/\/fundacioramonmartibonet.org\/es\/#\/schema\/logo\/image\/\",\"url\":\"https:\/\/fundacioramonmartibonet.org\/wp-content\/uploads\/2023\/06\/frmb.svg\",\"contentUrl\":\"https:\/\/fundacioramonmartibonet.org\/wp-content\/uploads\/2023\/06\/frmb.svg\",\"width\":900,\"height\":280,\"caption\":\"Fundaci\u00f3 Ramon Mart\u00ed i Bonet\"},\"image\":{\"@id\":\"https:\/\/fundacioramonmartibonet.org\/es\/#\/schema\/logo\/image\/\"},\"sameAs\":[\"https:\/\/www.facebook.com\/FundacioRamonMartiBonet\",\"https:\/\/x.com\/FundacioRMB\",\"https:\/\/www.youtube.com\/channel\/UCNyN8HH4tz3ybIBubLBiSog\",\"https:\/\/www.instagram.com\/fundaciormb\/\",\"https:\/\/www.linkedin.com\/company\/fundacio-ramon-marto-i-bonet-contra-la-ceguera\/\"]},{\"@type\":\"Person\",\"@id\":\"https:\/\/fundacioramonmartibonet.org\/es\/#\/schema\/person\/2aff0a7acd543144a2c66b34132697b6\",\"name\":\"frmb\",\"image\":{\"@type\":\"ImageObject\",\"inLanguage\":\"es\",\"@id\":\"https:\/\/fundacioramonmartibonet.org\/es\/#\/schema\/person\/image\/\",\"url\":\"https:\/\/secure.gravatar.com\/avatar\/83d1ae228f5a77eb42b308490c6dcca6?s=96&d=mm&r=g\",\"contentUrl\":\"https:\/\/secure.gravatar.com\/avatar\/83d1ae228f5a77eb42b308490c6dcca6?s=96&d=mm&r=g\",\"caption\":\"frmb\"},\"sameAs\":[\"https:\/\/fundacioramonmartibonet.org\"],\"url\":\"https:\/\/fundacioramonmartibonet.org\/es\/author\/frmb\/\"}]}<\/script>\n<!-- \/ Yoast SEO plugin. -->","yoast_head_json":{"title":"La Fundaci\u00f3n Ramon Mart\u00ed i Bonet en el VIII Congreso Internacional para la prevenci\u00f3n de la ceguera en pa\u00edses en desarrollo - Fundaci\u00f3 Ram\u00f3n Mart\u00ed i Bonet","robots":{"index":"index","follow":"follow","max-snippet":"max-snippet:-1","max-image-preview":"max-image-preview:large","max-video-preview":"max-video-preview:-1"},"canonical":"https:\/\/fundacioramonmartibonet.org\/es\/2022\/12\/la-fundacion-ramon-marti-i-bonet-en-el-viii-congreso-internacional-para-la-prevencion-de-la-ceguera-en-paises-en-desarrollo\/","og_locale":"es_ES","og_type":"article","og_title":"La Fundaci\u00f3n Ramon Mart\u00ed i Bonet en el VIII Congreso Internacional para la prevenci\u00f3n de la ceguera en pa\u00edses en desarrollo - Fundaci\u00f3 Ram\u00f3n Mart\u00ed i Bonet","og_description":"El pasado 18 de noviembre participamos en el VIII Congreso Internacional para la prevenci\u00f3n de la ceguera en pa\u00edses en desarrollo, organizado por Visi\u00f3n Mundi y con el apoyo de la Fundaci\u00f3n IberCaja. Intervinieron entidades de todo Espa\u00f1a, con 30 ponencias de representantes de diferentes puntos de \u00c1frica y Europa. Desde la Fundaci\u00f3n Ramon Mart\u00ed [&hellip;]","og_url":"https:\/\/fundacioramonmartibonet.org\/es\/2022\/12\/la-fundacion-ramon-marti-i-bonet-en-el-viii-congreso-internacional-para-la-prevencion-de-la-ceguera-en-paises-en-desarrollo\/","og_site_name":"Fundaci\u00f3 Ram\u00f3n Mart\u00ed i Bonet","article_publisher":"https:\/\/www.facebook.com\/FundacioRamonMartiBonet","article_published_time":"2022-12-12T15:35:37+00:00","article_modified_time":"2025-07-16T09:22:36+00:00","og_image":[{"url":"https:\/\/fundacioramonmartibonet.org\/wp-content\/uploads\/2023\/07\/IMG_7813.jpg","width":1024,"height":683,"type":"image\/jpeg"}],"author":"frmb","twitter_card":"summary_large_image","twitter_creator":"@FundacioRMB","twitter_site":"@FundacioRMB","schema":{"@context":"https:\/\/schema.org","@graph":[{"@type":"Article","@id":"https:\/\/fundacioramonmartibonet.org\/es\/2022\/12\/la-fundacion-ramon-marti-i-bonet-en-el-viii-congreso-internacional-para-la-prevencion-de-la-ceguera-en-paises-en-desarrollo\/#article","isPartOf":{"@id":"https:\/\/fundacioramonmartibonet.org\/es\/2022\/12\/la-fundacion-ramon-marti-i-bonet-en-el-viii-congreso-internacional-para-la-prevencion-de-la-ceguera-en-paises-en-desarrollo\/"},"author":{"name":"frmb","@id":"https:\/\/fundacioramonmartibonet.org\/es\/#\/schema\/person\/2aff0a7acd543144a2c66b34132697b6"},"headline":"La Fundaci\u00f3n Ramon Mart\u00ed i Bonet en el VIII Congreso Internacional para la prevenci\u00f3n de la ceguera en pa\u00edses en desarrollo","datePublished":"2022-12-12T15:35:37+00:00","dateModified":"2025-07-16T09:22:36+00:00","mainEntityOfPage":{"@id":"https:\/\/fundacioramonmartibonet.org\/es\/2022\/12\/la-fundacion-ramon-marti-i-bonet-en-el-viii-congreso-internacional-para-la-prevencion-de-la-ceguera-en-paises-en-desarrollo\/"},"wordCount":1091,"publisher":{"@id":"https:\/\/fundacioramonmartibonet.org\/es\/#organization"},"image":{"@id":"https:\/\/fundacioramonmartibonet.org\/es\/2022\/12\/la-fundacion-ramon-marti-i-bonet-en-el-viii-congreso-internacional-para-la-prevencion-de-la-ceguera-en-paises-en-desarrollo\/#primaryimage"},"thumbnailUrl":"https:\/\/fundacioramonmartibonet.org\/wp-content\/uploads\/2023\/07\/IMG_7813.jpg","keywords":["#Visi\u00f3PerATothom"],"articleSection":["Sin categorizar"],"inLanguage":"es"},{"@type":"WebPage","@id":"https:\/\/fundacioramonmartibonet.org\/es\/2022\/12\/la-fundacion-ramon-marti-i-bonet-en-el-viii-congreso-internacional-para-la-prevencion-de-la-ceguera-en-paises-en-desarrollo\/","url":"https:\/\/fundacioramonmartibonet.org\/es\/2022\/12\/la-fundacion-ramon-marti-i-bonet-en-el-viii-congreso-internacional-para-la-prevencion-de-la-ceguera-en-paises-en-desarrollo\/","name":"La Fundaci\u00f3n Ramon Mart\u00ed i Bonet en el VIII Congreso Internacional para la prevenci\u00f3n de la ceguera en pa\u00edses en desarrollo - Fundaci\u00f3 Ram\u00f3n Mart\u00ed i Bonet","isPartOf":{"@id":"https:\/\/fundacioramonmartibonet.org\/es\/#website"},"primaryImageOfPage":{"@id":"https:\/\/fundacioramonmartibonet.org\/es\/2022\/12\/la-fundacion-ramon-marti-i-bonet-en-el-viii-congreso-internacional-para-la-prevencion-de-la-ceguera-en-paises-en-desarrollo\/#primaryimage"},"image":{"@id":"https:\/\/fundacioramonmartibonet.org\/es\/2022\/12\/la-fundacion-ramon-marti-i-bonet-en-el-viii-congreso-internacional-para-la-prevencion-de-la-ceguera-en-paises-en-desarrollo\/#primaryimage"},"thumbnailUrl":"https:\/\/fundacioramonmartibonet.org\/wp-content\/uploads\/2023\/07\/IMG_7813.jpg","datePublished":"2022-12-12T15:35:37+00:00","dateModified":"2025-07-16T09:22:36+00:00","breadcrumb":{"@id":"https:\/\/fundacioramonmartibonet.org\/es\/2022\/12\/la-fundacion-ramon-marti-i-bonet-en-el-viii-congreso-internacional-para-la-prevencion-de-la-ceguera-en-paises-en-desarrollo\/#breadcrumb"},"inLanguage":"es","potentialAction":[{"@type":"ReadAction","target":["https:\/\/fundacioramonmartibonet.org\/es\/2022\/12\/la-fundacion-ramon-marti-i-bonet-en-el-viii-congreso-internacional-para-la-prevencion-de-la-ceguera-en-paises-en-desarrollo\/"]}]},{"@type":"ImageObject","inLanguage":"es","@id":"https:\/\/fundacioramonmartibonet.org\/es\/2022\/12\/la-fundacion-ramon-marti-i-bonet-en-el-viii-congreso-internacional-para-la-prevencion-de-la-ceguera-en-paises-en-desarrollo\/#primaryimage","url":"https:\/\/fundacioramonmartibonet.org\/wp-content\/uploads\/2023\/07\/IMG_7813.jpg","contentUrl":"https:\/\/fundacioramonmartibonet.org\/wp-content\/uploads\/2023\/07\/IMG_7813.jpg","width":5184,"height":3456},{"@type":"BreadcrumbList","@id":"https:\/\/fundacioramonmartibonet.org\/es\/2022\/12\/la-fundacion-ramon-marti-i-bonet-en-el-viii-congreso-internacional-para-la-prevencion-de-la-ceguera-en-paises-en-desarrollo\/#breadcrumb","itemListElement":[{"@type":"ListItem","position":1,"name":"Home","item":"https:\/\/fundacioramonmartibonet.org\/es\/"},{"@type":"ListItem","position":2,"name":"La Fundaci\u00f3n Ramon Mart\u00ed i Bonet en el VIII Congreso Internacional para la prevenci\u00f3n de la ceguera en pa\u00edses en desarrollo"}]},{"@type":"WebSite","@id":"https:\/\/fundacioramonmartibonet.org\/es\/#website","url":"https:\/\/fundacioramonmartibonet.org\/es\/","name":"Fundaci\u00f3 Ramon Mart\u00ed i Bonet","description":"Visi\u00f3 per a tothom","publisher":{"@id":"https:\/\/fundacioramonmartibonet.org\/es\/#organization"},"alternateName":"FRMB","potentialAction":[{"@type":"SearchAction","target":{"@type":"EntryPoint","urlTemplate":"https:\/\/fundacioramonmartibonet.org\/es\/?s={search_term_string}"},"query-input":"required name=search_term_string"}],"inLanguage":"es"},{"@type":"Organization","@id":"https:\/\/fundacioramonmartibonet.org\/es\/#organization","name":"Fundaci\u00f3 Ramon Mart\u00ed i Bonet","alternateName":"FRMB","url":"https:\/\/fundacioramonmartibonet.org\/es\/","logo":{"@type":"ImageObject","inLanguage":"es","@id":"https:\/\/fundacioramonmartibonet.org\/es\/#\/schema\/logo\/image\/","url":"https:\/\/fundacioramonmartibonet.org\/wp-content\/uploads\/2023\/06\/frmb.svg","contentUrl":"https:\/\/fundacioramonmartibonet.org\/wp-content\/uploads\/2023\/06\/frmb.svg","width":900,"height":280,"caption":"Fundaci\u00f3 Ramon Mart\u00ed i Bonet"},"image":{"@id":"https:\/\/fundacioramonmartibonet.org\/es\/#\/schema\/logo\/image\/"},"sameAs":["https:\/\/www.facebook.com\/FundacioRamonMartiBonet","https:\/\/x.com\/FundacioRMB","https:\/\/www.youtube.com\/channel\/UCNyN8HH4tz3ybIBubLBiSog","https:\/\/www.instagram.com\/fundaciormb\/","https:\/\/www.linkedin.com\/company\/fundacio-ramon-marto-i-bonet-contra-la-ceguera\/"]},{"@type":"Person","@id":"https:\/\/fundacioramonmartibonet.org\/es\/#\/schema\/person\/2aff0a7acd543144a2c66b34132697b6","name":"frmb","image":{"@type":"ImageObject","inLanguage":"es","@id":"https:\/\/fundacioramonmartibonet.org\/es\/#\/schema\/person\/image\/","url":"https:\/\/secure.gravatar.com\/avatar\/83d1ae228f5a77eb42b308490c6dcca6?s=96&d=mm&r=g","contentUrl":"https:\/\/secure.gravatar.com\/avatar\/83d1ae228f5a77eb42b308490c6dcca6?s=96&d=mm&r=g","caption":"frmb"},"sameAs":["https:\/\/fundacioramonmartibonet.org"],"url":"https:\/\/fundacioramonmartibonet.org\/es\/author\/frmb\/"}]}},"_links":{"self":[{"href":"https:\/\/fundacioramonmartibonet.org\/es\/wp-json\/wp\/v2\/posts\/688"}],"collection":[{"href":"https:\/\/fundacioramonmartibonet.org\/es\/wp-json\/wp\/v2\/posts"}],"about":[{"href":"https:\/\/fundacioramonmartibonet.org\/es\/wp-json\/wp\/v2\/types\/post"}],"author":[{"embeddable":true,"href":"https:\/\/fundacioramonmartibonet.org\/es\/wp-json\/wp\/v2\/users\/1"}],"replies":[{"embeddable":true,"href":"https:\/\/fundacioramonmartibonet.org\/es\/wp-json\/wp\/v2\/comments?post=688"}],"version-history":[{"count":1,"href":"https:\/\/fundacioramonmartibonet.org\/es\/wp-json\/wp\/v2\/posts\/688\/revisions"}],"predecessor-version":[{"id":689,"href":"https:\/\/fundacioramonmartibonet.org\/es\/wp-json\/wp\/v2\/posts\/688\/revisions\/689"}],"wp:featuredmedia":[{"embeddable":true,"href":"https:\/\/fundacioramonmartibonet.org\/es\/wp-json\/wp\/v2\/media\/461"}],"wp:attachment":[{"href":"https:\/\/fundacioramonmartibonet.org\/es\/wp-json\/wp\/v2\/media?parent=688"}],"wp:term":[{"taxonomy":"category","embeddable":true,"href":"https:\/\/fundacioramonmartibonet.org\/es\/wp-json\/wp\/v2\/categories?post=688"},{"taxonomy":"post_tag","embeddable":true,"href":"https:\/\/fundacioramonmartibonet.org\/es\/wp-json\/wp\/v2\/tags?post=688"}],"curies":[{"name":"wp","href":"https:\/\/api.w.org\/{rel}","templated":true}]}}