{"id":686,"date":"2022-09-16T11:50:49","date_gmt":"2022-09-16T11:50:49","guid":{"rendered":"https:\/\/fundacioramonmartibonet.org\/2022\/09\/el-convenio-entre-la-fundacion-y-el-ayuntamiento-ha-permitido-triplicar-el-numero-de-personas-atendidas-el-ultimo-ano-en-barcelona\/"},"modified":"2025-07-16T09:22:36","modified_gmt":"2025-07-16T09:22:36","slug":"el-convenio-entre-la-fundacion-y-el-ayuntamiento-ha-permitido-triplicar-el-numero-de-personas-atendidas-el-ultimo-ano-en-barcelona","status":"publish","type":"post","link":"https:\/\/fundacioramonmartibonet.org\/es\/2022\/09\/el-convenio-entre-la-fundacion-y-el-ayuntamiento-ha-permitido-triplicar-el-numero-de-personas-atendidas-el-ultimo-ano-en-barcelona\/","title":{"rendered":"El convenio entre la Fundaci\u00f3n y el Ayuntamiento ha permitido triplicar el n\u00famero de personas atendidas el \u00faltimo a\u00f1o en Barcelona"},"content":{"rendered":"<p>En la Fundaci\u00f3n Ramon Mart\u00ed i Bonet contra la ceguera trabajamos en proyectos muy diversos, de \u00e1mbitos nacional e internacional. Con el proyecto\u00a0<strong>Visi\u00f3n para todos<\/strong>\u00a0en Catalu\u00f1a, colaboramos con entidades locales para garantizar una atenci\u00f3n oftalmol\u00f3gica a personas en situaci\u00f3n de vulnerabilidad de esta regi\u00f3n. La cooperaci\u00f3n con estas organizaciones impulsa nuestra misi\u00f3n y nos ayuda a llegar a m\u00e1s personas.<\/p>\n<p>El \u00faltimo convenio que se ha firmado ha sido con el Ayuntamiento de Barcelona, con quien hace a\u00f1os que trabajamos para asegurar un futuro con visi\u00f3n para todos. Gracias al \u00faltimo acuerdo hemos conseguido\u00a0<strong>triplicar en solo un a\u00f1o el n\u00famero de personas que reciben acompa\u00f1amiento profesional <\/strong>y ayudas t\u00e9cnicas para una buena salud ocular.<\/p>\n<p>&nbsp;<\/p>\n<h2><span lang=\"CA\">El anterior acuerdo con el Ayuntamiento de Barcelona<\/span><\/h2>\n<p>Entre los meses de julio de 2021 y 2022 el convenio que mantiene la Fundaci\u00f3n con el Ayuntamiento ha permitido realizar 1.292 visitas y 907 tratamientos (principalmente correcciones visuales con gafas), frente las 415 visitas y los 356 tratamientos que se ofrecieron en el a\u00f1o 2020.<\/p>\n<p>Del total de personas atendidas durante el \u00faltimo periodo, el 55% han sido mujeres. Por edades, un 54% ten\u00edan entre 35\u00a0 y 65 a\u00f1os, un 8% menos de 16 a\u00f1os y un 20% era mayor de 65 a\u00f1os. Muchos de los tratamientos prescritos han sido gafas monofocales (458), aunque tambi\u00e9n se han entregado gafas de alta graduaci\u00f3n (203), gafas progresivas (161) y en menor medida lentillas r\u00edgidas o blandas.<\/p>\n<p><img loading=\"lazy\" decoding=\"async\" class=\"alignnone size-full wp-image-1222\" src=\"https:\/\/fundacioramonmartibonet.org\/wp-content\/uploads\/2023\/07\/Examen-visual-FRMB.jpg\" alt=\"Un pacient es realitza una prova visual a la Fundaci\u00f3\" width=\"4444\" height=\"2963\" \/><\/p>\n<p><em>Las visitas oftalmol\u00f3gicas que ofrece la Fundaci\u00f3n se han triplicado en el \u00faltimo a\u00f1o.<\/em><\/p>\n<p>&nbsp;<\/p>\n<h2>Un sistema eficiente: la tarifa social<\/h2>\n<p>Con el objetivo de alcanzar estas cifras, se ha empezado a trabajar con un nuevo <strong>sistema de tarifas sociales<\/strong>, que se seguir\u00e1 aplicando en el nuevo convenio.<\/p>\n<p>Con este m\u00e9todo, los Centros de Servicios Sociales valoran la capacidad de pago de cada individuo o familia y pactan con ellos el porcentaje que deben cubrir del total del coste del tratamiento. Esto permite que estas personas lleguen a pagar precios muy ajustados por sus gafas. En un 25% de los casos, los beneficiarios obtienen su tratamiento sin ning\u00fan coste para ellos.<\/p>\n<p>&nbsp;<\/p>\n<h2>La previsi\u00f3n para el nuevo convenio<\/h2>\n<p>El nuevo acuerdo, que no tiene ning\u00fan coste asociado m\u00e1s all\u00e1 de cada tratamiento particular, se ha firmado recientemente, aunque <em>de facto<\/em> los cambios para poner en orden el circuito de derivaciones y copagos ya hace un a\u00f1o que se aplican. De esta forma no solamente\u00a0<strong>se ha triplicado el n\u00famero de atenciones<\/strong>, sino que tambi\u00e9n se garantiza la continuidad del proyecto de la Fundaci\u00f3n Ramon Mart\u00ed i Bonet.<\/p>\n<p>El convenio no establece un n\u00famero m\u00e1ximo de derivaciones por parte de los servicios sociales, que teniendo en cuenta las cifras de los \u00faltimos seis meses, el consistorio calcula que cada a\u00f1o se har\u00e1n unas\u00a0 1.300; <strong>las visitas aumentar\u00e1n hasta cerca de las 1.600 anuales<\/strong>\u00a0y se entregar\u00e1n unas 1.000 gafas y lentillas en el mismo periodo de tiempo.<\/p>\n<p>&nbsp;<\/p>\n<p>Acuerdos como este facilitan el crecimiento del proyecto Visi\u00f3n para todos. Es por eso que mostramos nuestro agradecimiento a todas las entidades sociales locales que colaboran con la Fundaci\u00f3n, igual que a nuestros socios, voluntarios y empresas colaboradoras. Gracias a todos ellos podemos llegar a atender a m\u00e1s personas, derivar a m\u00e1s casos que as\u00ed lo requieran y ofrecer m\u00e1s tratamientos de correcci\u00f3n visual con gafas y lentillas cuando sea necesario.<\/p>\n<p>&nbsp;<\/p>\n","protected":false},"excerpt":{"rendered":"<p>En la Fundaci\u00f3n Ramon Mart\u00ed i Bonet contra la ceguera trabajamos en proyectos muy diversos, de \u00e1mbitos nacional e internacional. Con el proyecto\u00a0Visi\u00f3n para todos\u00a0en Catalu\u00f1a, colaboramos con entidades locales para garantizar una atenci\u00f3n oftalmol\u00f3gica a personas en situaci\u00f3n de vulnerabilidad de esta regi\u00f3n. La cooperaci\u00f3n con estas organizaciones impulsa nuestra misi\u00f3n y nos ayuda [&hellip;]<\/p>\n","protected":false},"author":1,"featured_media":359,"comment_status":"closed","ping_status":"closed","sticky":false,"template":"","format":"standard","meta":{"_acf_changed":false,"footnotes":""},"categories":[1],"tags":[28],"acf":[],"yoast_head":"<!-- This site is optimized with the Yoast SEO plugin v22.5 - https:\/\/yoast.com\/wordpress\/plugins\/seo\/ -->\n<title>El convenio entre la Fundaci\u00f3n y el Ayuntamiento ha permitido triplicar el n\u00famero de personas atendidas el \u00faltimo a\u00f1o en Barcelona - Fundaci\u00f3 Ram\u00f3n Mart\u00ed i Bonet<\/title>\n<meta name=\"robots\" content=\"index, follow, max-snippet:-1, max-image-preview:large, max-video-preview:-1\" \/>\n<link rel=\"canonical\" href=\"https:\/\/fundacioramonmartibonet.org\/es\/2022\/09\/el-convenio-entre-la-fundacion-y-el-ayuntamiento-ha-permitido-triplicar-el-numero-de-personas-atendidas-el-ultimo-ano-en-barcelona\/\" \/>\n<meta property=\"og:locale\" content=\"es_ES\" \/>\n<meta property=\"og:type\" content=\"article\" \/>\n<meta property=\"og:title\" content=\"El convenio entre la Fundaci\u00f3n y el Ayuntamiento ha permitido triplicar el n\u00famero de personas atendidas el \u00faltimo a\u00f1o en Barcelona - Fundaci\u00f3 Ram\u00f3n Mart\u00ed i Bonet\" \/>\n<meta property=\"og:description\" content=\"En la Fundaci\u00f3n Ramon Mart\u00ed i Bonet contra la ceguera trabajamos en proyectos muy diversos, de \u00e1mbitos nacional e internacional. Con el proyecto\u00a0Visi\u00f3n para todos\u00a0en Catalu\u00f1a, colaboramos con entidades locales para garantizar una atenci\u00f3n oftalmol\u00f3gica a personas en situaci\u00f3n de vulnerabilidad de esta regi\u00f3n. La cooperaci\u00f3n con estas organizaciones impulsa nuestra misi\u00f3n y nos ayuda [&hellip;]\" \/>\n<meta property=\"og:url\" content=\"https:\/\/fundacioramonmartibonet.org\/es\/2022\/09\/el-convenio-entre-la-fundacion-y-el-ayuntamiento-ha-permitido-triplicar-el-numero-de-personas-atendidas-el-ultimo-ano-en-barcelona\/\" \/>\n<meta property=\"og:site_name\" content=\"Fundaci\u00f3 Ram\u00f3n Mart\u00ed i Bonet\" \/>\n<meta property=\"article:publisher\" content=\"https:\/\/www.facebook.com\/FundacioRamonMartiBonet\" \/>\n<meta property=\"article:published_time\" content=\"2022-09-16T11:50:49+00:00\" \/>\n<meta property=\"article:modified_time\" content=\"2025-07-16T09:22:36+00:00\" \/>\n<meta property=\"og:image\" content=\"https:\/\/fundacioramonmartibonet.org\/wp-content\/uploads\/2023\/07\/Entrega-ulleres-FRMB.jpg\" \/>\n\t<meta property=\"og:image:width\" content=\"1024\" \/>\n\t<meta property=\"og:image:height\" content=\"683\" \/>\n\t<meta property=\"og:image:type\" content=\"image\/jpeg\" \/>\n<meta name=\"author\" content=\"frmb\" \/>\n<meta name=\"twitter:card\" content=\"summary_large_image\" \/>\n<meta name=\"twitter:creator\" content=\"@FundacioRMB\" \/>\n<meta name=\"twitter:site\" content=\"@FundacioRMB\" \/>\n<script type=\"application\/ld+json\" class=\"yoast-schema-graph\">{\"@context\":\"https:\/\/schema.org\",\"@graph\":[{\"@type\":\"Article\",\"@id\":\"https:\/\/fundacioramonmartibonet.org\/es\/2022\/09\/el-convenio-entre-la-fundacion-y-el-ayuntamiento-ha-permitido-triplicar-el-numero-de-personas-atendidas-el-ultimo-ano-en-barcelona\/#article\",\"isPartOf\":{\"@id\":\"https:\/\/fundacioramonmartibonet.org\/es\/2022\/09\/el-convenio-entre-la-fundacion-y-el-ayuntamiento-ha-permitido-triplicar-el-numero-de-personas-atendidas-el-ultimo-ano-en-barcelona\/\"},\"author\":{\"name\":\"frmb\",\"@id\":\"https:\/\/fundacioramonmartibonet.org\/es\/#\/schema\/person\/2aff0a7acd543144a2c66b34132697b6\"},\"headline\":\"El convenio entre la Fundaci\u00f3n y el Ayuntamiento ha permitido triplicar el n\u00famero de personas atendidas el \u00faltimo a\u00f1o en Barcelona\",\"datePublished\":\"2022-09-16T11:50:49+00:00\",\"dateModified\":\"2025-07-16T09:22:36+00:00\",\"mainEntityOfPage\":{\"@id\":\"https:\/\/fundacioramonmartibonet.org\/es\/2022\/09\/el-convenio-entre-la-fundacion-y-el-ayuntamiento-ha-permitido-triplicar-el-numero-de-personas-atendidas-el-ultimo-ano-en-barcelona\/\"},\"wordCount\":611,\"publisher\":{\"@id\":\"https:\/\/fundacioramonmartibonet.org\/es\/#organization\"},\"image\":{\"@id\":\"https:\/\/fundacioramonmartibonet.org\/es\/2022\/09\/el-convenio-entre-la-fundacion-y-el-ayuntamiento-ha-permitido-triplicar-el-numero-de-personas-atendidas-el-ultimo-ano-en-barcelona\/#primaryimage\"},\"thumbnailUrl\":\"https:\/\/fundacioramonmartibonet.org\/wp-content\/uploads\/2023\/07\/Entrega-ulleres-FRMB.jpg\",\"keywords\":[\"#Visi\u00f3PerATothom\"],\"articleSection\":[\"Sin categorizar\"],\"inLanguage\":\"es\"},{\"@type\":\"WebPage\",\"@id\":\"https:\/\/fundacioramonmartibonet.org\/es\/2022\/09\/el-convenio-entre-la-fundacion-y-el-ayuntamiento-ha-permitido-triplicar-el-numero-de-personas-atendidas-el-ultimo-ano-en-barcelona\/\",\"url\":\"https:\/\/fundacioramonmartibonet.org\/es\/2022\/09\/el-convenio-entre-la-fundacion-y-el-ayuntamiento-ha-permitido-triplicar-el-numero-de-personas-atendidas-el-ultimo-ano-en-barcelona\/\",\"name\":\"El convenio entre la Fundaci\u00f3n y el Ayuntamiento ha permitido triplicar el n\u00famero de personas atendidas el \u00faltimo a\u00f1o en Barcelona - Fundaci\u00f3 Ram\u00f3n Mart\u00ed i Bonet\",\"isPartOf\":{\"@id\":\"https:\/\/fundacioramonmartibonet.org\/es\/#website\"},\"primaryImageOfPage\":{\"@id\":\"https:\/\/fundacioramonmartibonet.org\/es\/2022\/09\/el-convenio-entre-la-fundacion-y-el-ayuntamiento-ha-permitido-triplicar-el-numero-de-personas-atendidas-el-ultimo-ano-en-barcelona\/#primaryimage\"},\"image\":{\"@id\":\"https:\/\/fundacioramonmartibonet.org\/es\/2022\/09\/el-convenio-entre-la-fundacion-y-el-ayuntamiento-ha-permitido-triplicar-el-numero-de-personas-atendidas-el-ultimo-ano-en-barcelona\/#primaryimage\"},\"thumbnailUrl\":\"https:\/\/fundacioramonmartibonet.org\/wp-content\/uploads\/2023\/07\/Entrega-ulleres-FRMB.jpg\",\"datePublished\":\"2022-09-16T11:50:49+00:00\",\"dateModified\":\"2025-07-16T09:22:36+00:00\",\"breadcrumb\":{\"@id\":\"https:\/\/fundacioramonmartibonet.org\/es\/2022\/09\/el-convenio-entre-la-fundacion-y-el-ayuntamiento-ha-permitido-triplicar-el-numero-de-personas-atendidas-el-ultimo-ano-en-barcelona\/#breadcrumb\"},\"inLanguage\":\"es\",\"potentialAction\":[{\"@type\":\"ReadAction\",\"target\":[\"https:\/\/fundacioramonmartibonet.org\/es\/2022\/09\/el-convenio-entre-la-fundacion-y-el-ayuntamiento-ha-permitido-triplicar-el-numero-de-personas-atendidas-el-ultimo-ano-en-barcelona\/\"]}]},{\"@type\":\"ImageObject\",\"inLanguage\":\"es\",\"@id\":\"https:\/\/fundacioramonmartibonet.org\/es\/2022\/09\/el-convenio-entre-la-fundacion-y-el-ayuntamiento-ha-permitido-triplicar-el-numero-de-personas-atendidas-el-ultimo-ano-en-barcelona\/#primaryimage\",\"url\":\"https:\/\/fundacioramonmartibonet.org\/wp-content\/uploads\/2023\/07\/Entrega-ulleres-FRMB.jpg\",\"contentUrl\":\"https:\/\/fundacioramonmartibonet.org\/wp-content\/uploads\/2023\/07\/Entrega-ulleres-FRMB.jpg\",\"width\":4444,\"height\":2963},{\"@type\":\"BreadcrumbList\",\"@id\":\"https:\/\/fundacioramonmartibonet.org\/es\/2022\/09\/el-convenio-entre-la-fundacion-y-el-ayuntamiento-ha-permitido-triplicar-el-numero-de-personas-atendidas-el-ultimo-ano-en-barcelona\/#breadcrumb\",\"itemListElement\":[{\"@type\":\"ListItem\",\"position\":1,\"name\":\"Home\",\"item\":\"https:\/\/fundacioramonmartibonet.org\/es\/\"},{\"@type\":\"ListItem\",\"position\":2,\"name\":\"El convenio entre la Fundaci\u00f3n y el Ayuntamiento ha permitido triplicar el n\u00famero de personas atendidas el \u00faltimo a\u00f1o en Barcelona\"}]},{\"@type\":\"WebSite\",\"@id\":\"https:\/\/fundacioramonmartibonet.org\/es\/#website\",\"url\":\"https:\/\/fundacioramonmartibonet.org\/es\/\",\"name\":\"Fundaci\u00f3 Ramon Mart\u00ed i Bonet\",\"description\":\"Visi\u00f3 per a tothom\",\"publisher\":{\"@id\":\"https:\/\/fundacioramonmartibonet.org\/es\/#organization\"},\"alternateName\":\"FRMB\",\"potentialAction\":[{\"@type\":\"SearchAction\",\"target\":{\"@type\":\"EntryPoint\",\"urlTemplate\":\"https:\/\/fundacioramonmartibonet.org\/es\/?s={search_term_string}\"},\"query-input\":\"required name=search_term_string\"}],\"inLanguage\":\"es\"},{\"@type\":\"Organization\",\"@id\":\"https:\/\/fundacioramonmartibonet.org\/es\/#organization\",\"name\":\"Fundaci\u00f3 Ramon Mart\u00ed i Bonet\",\"alternateName\":\"FRMB\",\"url\":\"https:\/\/fundacioramonmartibonet.org\/es\/\",\"logo\":{\"@type\":\"ImageObject\",\"inLanguage\":\"es\",\"@id\":\"https:\/\/fundacioramonmartibonet.org\/es\/#\/schema\/logo\/image\/\",\"url\":\"https:\/\/fundacioramonmartibonet.org\/wp-content\/uploads\/2023\/06\/frmb.svg\",\"contentUrl\":\"https:\/\/fundacioramonmartibonet.org\/wp-content\/uploads\/2023\/06\/frmb.svg\",\"width\":900,\"height\":280,\"caption\":\"Fundaci\u00f3 Ramon Mart\u00ed i Bonet\"},\"image\":{\"@id\":\"https:\/\/fundacioramonmartibonet.org\/es\/#\/schema\/logo\/image\/\"},\"sameAs\":[\"https:\/\/www.facebook.com\/FundacioRamonMartiBonet\",\"https:\/\/x.com\/FundacioRMB\",\"https:\/\/www.youtube.com\/channel\/UCNyN8HH4tz3ybIBubLBiSog\",\"https:\/\/www.instagram.com\/fundaciormb\/\",\"https:\/\/www.linkedin.com\/company\/fundacio-ramon-marto-i-bonet-contra-la-ceguera\/\"]},{\"@type\":\"Person\",\"@id\":\"https:\/\/fundacioramonmartibonet.org\/es\/#\/schema\/person\/2aff0a7acd543144a2c66b34132697b6\",\"name\":\"frmb\",\"image\":{\"@type\":\"ImageObject\",\"inLanguage\":\"es\",\"@id\":\"https:\/\/fundacioramonmartibonet.org\/es\/#\/schema\/person\/image\/\",\"url\":\"https:\/\/secure.gravatar.com\/avatar\/83d1ae228f5a77eb42b308490c6dcca6?s=96&d=mm&r=g\",\"contentUrl\":\"https:\/\/secure.gravatar.com\/avatar\/83d1ae228f5a77eb42b308490c6dcca6?s=96&d=mm&r=g\",\"caption\":\"frmb\"},\"sameAs\":[\"https:\/\/fundacioramonmartibonet.org\"],\"url\":\"https:\/\/fundacioramonmartibonet.org\/es\/author\/frmb\/\"}]}<\/script>\n<!-- \/ Yoast SEO plugin. -->","yoast_head_json":{"title":"El convenio entre la Fundaci\u00f3n y el Ayuntamiento ha permitido triplicar el n\u00famero de personas atendidas el \u00faltimo a\u00f1o en Barcelona - Fundaci\u00f3 Ram\u00f3n Mart\u00ed i Bonet","robots":{"index":"index","follow":"follow","max-snippet":"max-snippet:-1","max-image-preview":"max-image-preview:large","max-video-preview":"max-video-preview:-1"},"canonical":"https:\/\/fundacioramonmartibonet.org\/es\/2022\/09\/el-convenio-entre-la-fundacion-y-el-ayuntamiento-ha-permitido-triplicar-el-numero-de-personas-atendidas-el-ultimo-ano-en-barcelona\/","og_locale":"es_ES","og_type":"article","og_title":"El convenio entre la Fundaci\u00f3n y el Ayuntamiento ha permitido triplicar el n\u00famero de personas atendidas el \u00faltimo a\u00f1o en Barcelona - Fundaci\u00f3 Ram\u00f3n Mart\u00ed i Bonet","og_description":"En la Fundaci\u00f3n Ramon Mart\u00ed i Bonet contra la ceguera trabajamos en proyectos muy diversos, de \u00e1mbitos nacional e internacional. Con el proyecto\u00a0Visi\u00f3n para todos\u00a0en Catalu\u00f1a, colaboramos con entidades locales para garantizar una atenci\u00f3n oftalmol\u00f3gica a personas en situaci\u00f3n de vulnerabilidad de esta regi\u00f3n. La cooperaci\u00f3n con estas organizaciones impulsa nuestra misi\u00f3n y nos ayuda [&hellip;]","og_url":"https:\/\/fundacioramonmartibonet.org\/es\/2022\/09\/el-convenio-entre-la-fundacion-y-el-ayuntamiento-ha-permitido-triplicar-el-numero-de-personas-atendidas-el-ultimo-ano-en-barcelona\/","og_site_name":"Fundaci\u00f3 Ram\u00f3n Mart\u00ed i Bonet","article_publisher":"https:\/\/www.facebook.com\/FundacioRamonMartiBonet","article_published_time":"2022-09-16T11:50:49+00:00","article_modified_time":"2025-07-16T09:22:36+00:00","og_image":[{"url":"https:\/\/fundacioramonmartibonet.org\/wp-content\/uploads\/2023\/07\/Entrega-ulleres-FRMB.jpg","width":1024,"height":683,"type":"image\/jpeg"}],"author":"frmb","twitter_card":"summary_large_image","twitter_creator":"@FundacioRMB","twitter_site":"@FundacioRMB","schema":{"@context":"https:\/\/schema.org","@graph":[{"@type":"Article","@id":"https:\/\/fundacioramonmartibonet.org\/es\/2022\/09\/el-convenio-entre-la-fundacion-y-el-ayuntamiento-ha-permitido-triplicar-el-numero-de-personas-atendidas-el-ultimo-ano-en-barcelona\/#article","isPartOf":{"@id":"https:\/\/fundacioramonmartibonet.org\/es\/2022\/09\/el-convenio-entre-la-fundacion-y-el-ayuntamiento-ha-permitido-triplicar-el-numero-de-personas-atendidas-el-ultimo-ano-en-barcelona\/"},"author":{"name":"frmb","@id":"https:\/\/fundacioramonmartibonet.org\/es\/#\/schema\/person\/2aff0a7acd543144a2c66b34132697b6"},"headline":"El convenio entre la Fundaci\u00f3n y el Ayuntamiento ha permitido triplicar el n\u00famero de personas atendidas el \u00faltimo a\u00f1o en Barcelona","datePublished":"2022-09-16T11:50:49+00:00","dateModified":"2025-07-16T09:22:36+00:00","mainEntityOfPage":{"@id":"https:\/\/fundacioramonmartibonet.org\/es\/2022\/09\/el-convenio-entre-la-fundacion-y-el-ayuntamiento-ha-permitido-triplicar-el-numero-de-personas-atendidas-el-ultimo-ano-en-barcelona\/"},"wordCount":611,"publisher":{"@id":"https:\/\/fundacioramonmartibonet.org\/es\/#organization"},"image":{"@id":"https:\/\/fundacioramonmartibonet.org\/es\/2022\/09\/el-convenio-entre-la-fundacion-y-el-ayuntamiento-ha-permitido-triplicar-el-numero-de-personas-atendidas-el-ultimo-ano-en-barcelona\/#primaryimage"},"thumbnailUrl":"https:\/\/fundacioramonmartibonet.org\/wp-content\/uploads\/2023\/07\/Entrega-ulleres-FRMB.jpg","keywords":["#Visi\u00f3PerATothom"],"articleSection":["Sin categorizar"],"inLanguage":"es"},{"@type":"WebPage","@id":"https:\/\/fundacioramonmartibonet.org\/es\/2022\/09\/el-convenio-entre-la-fundacion-y-el-ayuntamiento-ha-permitido-triplicar-el-numero-de-personas-atendidas-el-ultimo-ano-en-barcelona\/","url":"https:\/\/fundacioramonmartibonet.org\/es\/2022\/09\/el-convenio-entre-la-fundacion-y-el-ayuntamiento-ha-permitido-triplicar-el-numero-de-personas-atendidas-el-ultimo-ano-en-barcelona\/","name":"El convenio entre la Fundaci\u00f3n y el Ayuntamiento ha permitido triplicar el n\u00famero de personas atendidas el \u00faltimo a\u00f1o en Barcelona - Fundaci\u00f3 Ram\u00f3n Mart\u00ed i Bonet","isPartOf":{"@id":"https:\/\/fundacioramonmartibonet.org\/es\/#website"},"primaryImageOfPage":{"@id":"https:\/\/fundacioramonmartibonet.org\/es\/2022\/09\/el-convenio-entre-la-fundacion-y-el-ayuntamiento-ha-permitido-triplicar-el-numero-de-personas-atendidas-el-ultimo-ano-en-barcelona\/#primaryimage"},"image":{"@id":"https:\/\/fundacioramonmartibonet.org\/es\/2022\/09\/el-convenio-entre-la-fundacion-y-el-ayuntamiento-ha-permitido-triplicar-el-numero-de-personas-atendidas-el-ultimo-ano-en-barcelona\/#primaryimage"},"thumbnailUrl":"https:\/\/fundacioramonmartibonet.org\/wp-content\/uploads\/2023\/07\/Entrega-ulleres-FRMB.jpg","datePublished":"2022-09-16T11:50:49+00:00","dateModified":"2025-07-16T09:22:36+00:00","breadcrumb":{"@id":"https:\/\/fundacioramonmartibonet.org\/es\/2022\/09\/el-convenio-entre-la-fundacion-y-el-ayuntamiento-ha-permitido-triplicar-el-numero-de-personas-atendidas-el-ultimo-ano-en-barcelona\/#breadcrumb"},"inLanguage":"es","potentialAction":[{"@type":"ReadAction","target":["https:\/\/fundacioramonmartibonet.org\/es\/2022\/09\/el-convenio-entre-la-fundacion-y-el-ayuntamiento-ha-permitido-triplicar-el-numero-de-personas-atendidas-el-ultimo-ano-en-barcelona\/"]}]},{"@type":"ImageObject","inLanguage":"es","@id":"https:\/\/fundacioramonmartibonet.org\/es\/2022\/09\/el-convenio-entre-la-fundacion-y-el-ayuntamiento-ha-permitido-triplicar-el-numero-de-personas-atendidas-el-ultimo-ano-en-barcelona\/#primaryimage","url":"https:\/\/fundacioramonmartibonet.org\/wp-content\/uploads\/2023\/07\/Entrega-ulleres-FRMB.jpg","contentUrl":"https:\/\/fundacioramonmartibonet.org\/wp-content\/uploads\/2023\/07\/Entrega-ulleres-FRMB.jpg","width":4444,"height":2963},{"@type":"BreadcrumbList","@id":"https:\/\/fundacioramonmartibonet.org\/es\/2022\/09\/el-convenio-entre-la-fundacion-y-el-ayuntamiento-ha-permitido-triplicar-el-numero-de-personas-atendidas-el-ultimo-ano-en-barcelona\/#breadcrumb","itemListElement":[{"@type":"ListItem","position":1,"name":"Home","item":"https:\/\/fundacioramonmartibonet.org\/es\/"},{"@type":"ListItem","position":2,"name":"El convenio entre la Fundaci\u00f3n y el Ayuntamiento ha permitido triplicar el n\u00famero de personas atendidas el \u00faltimo a\u00f1o en Barcelona"}]},{"@type":"WebSite","@id":"https:\/\/fundacioramonmartibonet.org\/es\/#website","url":"https:\/\/fundacioramonmartibonet.org\/es\/","name":"Fundaci\u00f3 Ramon Mart\u00ed i Bonet","description":"Visi\u00f3 per a tothom","publisher":{"@id":"https:\/\/fundacioramonmartibonet.org\/es\/#organization"},"alternateName":"FRMB","potentialAction":[{"@type":"SearchAction","target":{"@type":"EntryPoint","urlTemplate":"https:\/\/fundacioramonmartibonet.org\/es\/?s={search_term_string}"},"query-input":"required name=search_term_string"}],"inLanguage":"es"},{"@type":"Organization","@id":"https:\/\/fundacioramonmartibonet.org\/es\/#organization","name":"Fundaci\u00f3 Ramon Mart\u00ed i Bonet","alternateName":"FRMB","url":"https:\/\/fundacioramonmartibonet.org\/es\/","logo":{"@type":"ImageObject","inLanguage":"es","@id":"https:\/\/fundacioramonmartibonet.org\/es\/#\/schema\/logo\/image\/","url":"https:\/\/fundacioramonmartibonet.org\/wp-content\/uploads\/2023\/06\/frmb.svg","contentUrl":"https:\/\/fundacioramonmartibonet.org\/wp-content\/uploads\/2023\/06\/frmb.svg","width":900,"height":280,"caption":"Fundaci\u00f3 Ramon Mart\u00ed i Bonet"},"image":{"@id":"https:\/\/fundacioramonmartibonet.org\/es\/#\/schema\/logo\/image\/"},"sameAs":["https:\/\/www.facebook.com\/FundacioRamonMartiBonet","https:\/\/x.com\/FundacioRMB","https:\/\/www.youtube.com\/channel\/UCNyN8HH4tz3ybIBubLBiSog","https:\/\/www.instagram.com\/fundaciormb\/","https:\/\/www.linkedin.com\/company\/fundacio-ramon-marto-i-bonet-contra-la-ceguera\/"]},{"@type":"Person","@id":"https:\/\/fundacioramonmartibonet.org\/es\/#\/schema\/person\/2aff0a7acd543144a2c66b34132697b6","name":"frmb","image":{"@type":"ImageObject","inLanguage":"es","@id":"https:\/\/fundacioramonmartibonet.org\/es\/#\/schema\/person\/image\/","url":"https:\/\/secure.gravatar.com\/avatar\/83d1ae228f5a77eb42b308490c6dcca6?s=96&d=mm&r=g","contentUrl":"https:\/\/secure.gravatar.com\/avatar\/83d1ae228f5a77eb42b308490c6dcca6?s=96&d=mm&r=g","caption":"frmb"},"sameAs":["https:\/\/fundacioramonmartibonet.org"],"url":"https:\/\/fundacioramonmartibonet.org\/es\/author\/frmb\/"}]}},"_links":{"self":[{"href":"https:\/\/fundacioramonmartibonet.org\/es\/wp-json\/wp\/v2\/posts\/686"}],"collection":[{"href":"https:\/\/fundacioramonmartibonet.org\/es\/wp-json\/wp\/v2\/posts"}],"about":[{"href":"https:\/\/fundacioramonmartibonet.org\/es\/wp-json\/wp\/v2\/types\/post"}],"author":[{"embeddable":true,"href":"https:\/\/fundacioramonmartibonet.org\/es\/wp-json\/wp\/v2\/users\/1"}],"replies":[{"embeddable":true,"href":"https:\/\/fundacioramonmartibonet.org\/es\/wp-json\/wp\/v2\/comments?post=686"}],"version-history":[{"count":1,"href":"https:\/\/fundacioramonmartibonet.org\/es\/wp-json\/wp\/v2\/posts\/686\/revisions"}],"predecessor-version":[{"id":687,"href":"https:\/\/fundacioramonmartibonet.org\/es\/wp-json\/wp\/v2\/posts\/686\/revisions\/687"}],"wp:featuredmedia":[{"embeddable":true,"href":"https:\/\/fundacioramonmartibonet.org\/es\/wp-json\/wp\/v2\/media\/359"}],"wp:attachment":[{"href":"https:\/\/fundacioramonmartibonet.org\/es\/wp-json\/wp\/v2\/media?parent=686"}],"wp:term":[{"taxonomy":"category","embeddable":true,"href":"https:\/\/fundacioramonmartibonet.org\/es\/wp-json\/wp\/v2\/categories?post=686"},{"taxonomy":"post_tag","embeddable":true,"href":"https:\/\/fundacioramonmartibonet.org\/es\/wp-json\/wp\/v2\/tags?post=686"}],"curies":[{"name":"wp","href":"https:\/\/api.w.org\/{rel}","templated":true}]}}