{"id":680,"date":"2022-08-30T06:00:00","date_gmt":"2022-08-30T06:00:00","guid":{"rendered":"https:\/\/fundacioramonmartibonet.org\/2022\/08\/exito-de-asistencia-en-el-curso-de-prematuridad-organizado-por-la-fundacion-en-el-peru\/"},"modified":"2025-07-16T09:22:36","modified_gmt":"2025-07-16T09:22:36","slug":"exito-de-asistencia-en-el-curso-de-prematuridad-organizado-por-la-fundacion-en-el-peru","status":"publish","type":"post","link":"https:\/\/fundacioramonmartibonet.org\/es\/2022\/08\/exito-de-asistencia-en-el-curso-de-prematuridad-organizado-por-la-fundacion-en-el-peru\/","title":{"rendered":"\u00c9xito de asistencia en el curso de prematuridad organizado por la Fundaci\u00f3n en el Per\u00fa"},"content":{"rendered":"<p>Los d\u00edas 15, 16 y 17 de julio, representantes de la Fundaci\u00f3n Ramon Mart\u00ed Bonet impartieron un curso sobre prematuridad en el aula Magna de la Facultad de Medicina de la Universidad de San Agust\u00edn de\u00a0Arequipa, en el Per\u00fa. Seg\u00fan los datos recogidos por esta instituci\u00f3n, asistieron un total de 135 profesionales de todo el pa\u00eds, entre los cuales hab\u00eda oftalm\u00f3logos y otros especialistas del sector sanitario.<\/p>\n<p>El curso se inaugur\u00f3 con una ceremonia de apertura que incluy\u00f3 los discursos tanto del Decano de la Universidad como de la Merced\u00a0Leonhardt\u00a0y la hermana Carmen Rosa Rojas, en nombre de la Fundaci\u00f3n Ramon Mart\u00ed Bonet. A continuaci\u00f3n, y a lo largo de los tres d\u00edas que dur\u00f3 la formaci\u00f3n, se hicieron presentaciones muy completas sobre diferentes aspectos que se tienen que tener en cuenta a nivel m\u00e9dico en cuanto a beb\u00e9s prematuros.<\/p>\n<p>La psic\u00f3loga Rosa\u00a0Coca\u00a0inici\u00f3 las intervenciones y trat\u00f3, a lo largo de todo el curso, temas como el desarrollo ps\u00edquico del ni\u00f1o prematuro, intervenciones psicoterap\u00e9uticas en la prematuridad y las consecuencias de los nacimientos antes de tiempos.<\/p>\n<figure id=\"attachment_1205\" aria-describedby=\"caption-attachment-1205\" style=\"width: 1089px\" class=\"wp-caption alignnone\"><img loading=\"lazy\" decoding=\"async\" class=\"size-full wp-image-1205\" src=\"https:\/\/fundacioramonmartibonet.org\/wp-content\/uploads\/2023\/07\/RosaCoca-1.jpg\" alt=\"\" width=\"1089\" height=\"816\" \/><figcaption id=\"caption-attachment-1205\" class=\"wp-caption-text\">Rosa Coca en una sus intervenciones sobre el desarrollo mental de los ni\u00f1os y ni\u00f1as.<\/figcaption><\/figure>\n<p>Por otro lado, la Merc\u00e8 Leonhardt, tambi\u00e9n psic\u00f3loga, hizo una serie de ponencias sobre prevenci\u00f3n y detecci\u00f3n de posibles riesgos en el ni\u00f1o\/a prematuro\/a, incluyendo un segmento de riesgos de p\u00e9rdidas de visi\u00f3n. Merc\u00e8, que ya cuenta con muchos a\u00f1os de experiencia como voluntaria a la Fundaci\u00f3n, tambi\u00e9n habl\u00f3 de patolog\u00edas que sufren los ni\u00f1os y ni\u00f1as que nacen prematuramente y que tienen consecuencias en la visi\u00f3n. Durante sus intervenciones explic\u00f3 c\u00f3mo identificar p\u00e9rdidas visuales y como tratarlas , tanto a nivel ocular como cerebral.<\/p>\n<p>Finalmente, M\u00aa\u00a0Engracia\u00a0Cazorla, fisioterapeuta, aport\u00f3 el enfoque de curas del curso. Sus ponencias giraron alrededor de la crianza con ni\u00f1os y ni\u00f1as prematuros y las curas b\u00e1sicas que ayudan a madurar a estas criaturas. Tambi\u00e9n hizo una detallada clasificaci\u00f3n de la par\u00e1lisis cerebral infantil.<\/p>\n<p>Adicionalmente, entre ponencias, el 16 de julio se hicieron visitas a varios ni\u00f1os y ni\u00f1as afectados provenientes de diferentes zonas del Per\u00fa. Tanto estas visitas como la realizaci\u00f3n del curso se enmarcan dentro de la actividad habitual de la Fundaci\u00f3n a pa\u00edses como Per\u00fa (los rastreos visuales, la atenci\u00f3n oftalmol\u00f3gica a personas en situaci\u00f3n de vulnerabilidad y la formaci\u00f3n de profesionales locales).<\/p>\n","protected":false},"excerpt":{"rendered":"<p>Los d\u00edas 15, 16 y 17 de julio, representantes de la Fundaci\u00f3n Ramon Mart\u00ed Bonet impartieron un curso sobre prematuridad en el aula Magna de la Facultad de Medicina de la Universidad de San Agust\u00edn de\u00a0Arequipa, en el Per\u00fa. Seg\u00fan los datos recogidos por esta instituci\u00f3n, asistieron un total de 135 profesionales de todo el [&hellip;]<\/p>\n","protected":false},"author":1,"featured_media":456,"comment_status":"closed","ping_status":"closed","sticky":false,"template":"","format":"standard","meta":{"_acf_changed":false,"footnotes":""},"categories":[1],"tags":[],"acf":[],"yoast_head":"<!-- This site is optimized with the Yoast SEO plugin v22.5 - https:\/\/yoast.com\/wordpress\/plugins\/seo\/ -->\n<title>\u00c9xito de asistencia en el curso de prematuridad organizado por la Fundaci\u00f3n en el Per\u00fa - Fundaci\u00f3 Ram\u00f3n Mart\u00ed i Bonet<\/title>\n<meta name=\"robots\" content=\"index, follow, max-snippet:-1, max-image-preview:large, max-video-preview:-1\" \/>\n<link rel=\"canonical\" href=\"https:\/\/fundacioramonmartibonet.org\/es\/2022\/08\/exito-de-asistencia-en-el-curso-de-prematuridad-organizado-por-la-fundacion-en-el-peru\/\" \/>\n<meta property=\"og:locale\" content=\"es_ES\" \/>\n<meta property=\"og:type\" content=\"article\" \/>\n<meta property=\"og:title\" content=\"\u00c9xito de asistencia en el curso de prematuridad organizado por la Fundaci\u00f3n en el Per\u00fa - Fundaci\u00f3 Ram\u00f3n Mart\u00ed i Bonet\" \/>\n<meta property=\"og:description\" content=\"Los d\u00edas 15, 16 y 17 de julio, representantes de la Fundaci\u00f3n Ramon Mart\u00ed Bonet impartieron un curso sobre prematuridad en el aula Magna de la Facultad de Medicina de la Universidad de San Agust\u00edn de\u00a0Arequipa, en el Per\u00fa. Seg\u00fan los datos recogidos por esta instituci\u00f3n, asistieron un total de 135 profesionales de todo el [&hellip;]\" \/>\n<meta property=\"og:url\" content=\"https:\/\/fundacioramonmartibonet.org\/es\/2022\/08\/exito-de-asistencia-en-el-curso-de-prematuridad-organizado-por-la-fundacion-en-el-peru\/\" \/>\n<meta property=\"og:site_name\" content=\"Fundaci\u00f3 Ram\u00f3n Mart\u00ed i Bonet\" \/>\n<meta property=\"article:publisher\" content=\"https:\/\/www.facebook.com\/FundacioRamonMartiBonet\" \/>\n<meta property=\"article:published_time\" content=\"2022-08-30T06:00:00+00:00\" \/>\n<meta property=\"article:modified_time\" content=\"2025-07-16T09:22:36+00:00\" \/>\n<meta property=\"og:image\" content=\"https:\/\/fundacioramonmartibonet.org\/wp-content\/uploads\/2023\/07\/EngraciaCazorla-2.jpg\" \/>\n\t<meta property=\"og:image:width\" content=\"670\" \/>\n\t<meta property=\"og:image:height\" content=\"893\" \/>\n\t<meta property=\"og:image:type\" content=\"image\/jpeg\" \/>\n<meta name=\"author\" content=\"frmb\" \/>\n<meta name=\"twitter:card\" content=\"summary_large_image\" \/>\n<meta name=\"twitter:creator\" content=\"@FundacioRMB\" \/>\n<meta name=\"twitter:site\" content=\"@FundacioRMB\" \/>\n<script type=\"application\/ld+json\" class=\"yoast-schema-graph\">{\"@context\":\"https:\/\/schema.org\",\"@graph\":[{\"@type\":\"Article\",\"@id\":\"https:\/\/fundacioramonmartibonet.org\/es\/2022\/08\/exito-de-asistencia-en-el-curso-de-prematuridad-organizado-por-la-fundacion-en-el-peru\/#article\",\"isPartOf\":{\"@id\":\"https:\/\/fundacioramonmartibonet.org\/es\/2022\/08\/exito-de-asistencia-en-el-curso-de-prematuridad-organizado-por-la-fundacion-en-el-peru\/\"},\"author\":{\"name\":\"frmb\",\"@id\":\"https:\/\/fundacioramonmartibonet.org\/es\/#\/schema\/person\/2aff0a7acd543144a2c66b34132697b6\"},\"headline\":\"\u00c9xito de asistencia en el curso de prematuridad organizado por la Fundaci\u00f3n en el Per\u00fa\",\"datePublished\":\"2022-08-30T06:00:00+00:00\",\"dateModified\":\"2025-07-16T09:22:36+00:00\",\"mainEntityOfPage\":{\"@id\":\"https:\/\/fundacioramonmartibonet.org\/es\/2022\/08\/exito-de-asistencia-en-el-curso-de-prematuridad-organizado-por-la-fundacion-en-el-peru\/\"},\"wordCount\":458,\"publisher\":{\"@id\":\"https:\/\/fundacioramonmartibonet.org\/es\/#organization\"},\"image\":{\"@id\":\"https:\/\/fundacioramonmartibonet.org\/es\/2022\/08\/exito-de-asistencia-en-el-curso-de-prematuridad-organizado-por-la-fundacion-en-el-peru\/#primaryimage\"},\"thumbnailUrl\":\"https:\/\/fundacioramonmartibonet.org\/wp-content\/uploads\/2023\/07\/EngraciaCazorla-2.jpg\",\"articleSection\":[\"Sin categorizar\"],\"inLanguage\":\"es\"},{\"@type\":\"WebPage\",\"@id\":\"https:\/\/fundacioramonmartibonet.org\/es\/2022\/08\/exito-de-asistencia-en-el-curso-de-prematuridad-organizado-por-la-fundacion-en-el-peru\/\",\"url\":\"https:\/\/fundacioramonmartibonet.org\/es\/2022\/08\/exito-de-asistencia-en-el-curso-de-prematuridad-organizado-por-la-fundacion-en-el-peru\/\",\"name\":\"\u00c9xito de asistencia en el curso de prematuridad organizado por la Fundaci\u00f3n en el Per\u00fa - Fundaci\u00f3 Ram\u00f3n Mart\u00ed i Bonet\",\"isPartOf\":{\"@id\":\"https:\/\/fundacioramonmartibonet.org\/es\/#website\"},\"primaryImageOfPage\":{\"@id\":\"https:\/\/fundacioramonmartibonet.org\/es\/2022\/08\/exito-de-asistencia-en-el-curso-de-prematuridad-organizado-por-la-fundacion-en-el-peru\/#primaryimage\"},\"image\":{\"@id\":\"https:\/\/fundacioramonmartibonet.org\/es\/2022\/08\/exito-de-asistencia-en-el-curso-de-prematuridad-organizado-por-la-fundacion-en-el-peru\/#primaryimage\"},\"thumbnailUrl\":\"https:\/\/fundacioramonmartibonet.org\/wp-content\/uploads\/2023\/07\/EngraciaCazorla-2.jpg\",\"datePublished\":\"2022-08-30T06:00:00+00:00\",\"dateModified\":\"2025-07-16T09:22:36+00:00\",\"breadcrumb\":{\"@id\":\"https:\/\/fundacioramonmartibonet.org\/es\/2022\/08\/exito-de-asistencia-en-el-curso-de-prematuridad-organizado-por-la-fundacion-en-el-peru\/#breadcrumb\"},\"inLanguage\":\"es\",\"potentialAction\":[{\"@type\":\"ReadAction\",\"target\":[\"https:\/\/fundacioramonmartibonet.org\/es\/2022\/08\/exito-de-asistencia-en-el-curso-de-prematuridad-organizado-por-la-fundacion-en-el-peru\/\"]}]},{\"@type\":\"ImageObject\",\"inLanguage\":\"es\",\"@id\":\"https:\/\/fundacioramonmartibonet.org\/es\/2022\/08\/exito-de-asistencia-en-el-curso-de-prematuridad-organizado-por-la-fundacion-en-el-peru\/#primaryimage\",\"url\":\"https:\/\/fundacioramonmartibonet.org\/wp-content\/uploads\/2023\/07\/EngraciaCazorla-2.jpg\",\"contentUrl\":\"https:\/\/fundacioramonmartibonet.org\/wp-content\/uploads\/2023\/07\/EngraciaCazorla-2.jpg\",\"width\":670,\"height\":893},{\"@type\":\"BreadcrumbList\",\"@id\":\"https:\/\/fundacioramonmartibonet.org\/es\/2022\/08\/exito-de-asistencia-en-el-curso-de-prematuridad-organizado-por-la-fundacion-en-el-peru\/#breadcrumb\",\"itemListElement\":[{\"@type\":\"ListItem\",\"position\":1,\"name\":\"Home\",\"item\":\"https:\/\/fundacioramonmartibonet.org\/es\/\"},{\"@type\":\"ListItem\",\"position\":2,\"name\":\"\u00c9xito de asistencia en el curso de prematuridad organizado por la Fundaci\u00f3n en el Per\u00fa\"}]},{\"@type\":\"WebSite\",\"@id\":\"https:\/\/fundacioramonmartibonet.org\/es\/#website\",\"url\":\"https:\/\/fundacioramonmartibonet.org\/es\/\",\"name\":\"Fundaci\u00f3 Ramon Mart\u00ed i Bonet\",\"description\":\"Visi\u00f3 per a tothom\",\"publisher\":{\"@id\":\"https:\/\/fundacioramonmartibonet.org\/es\/#organization\"},\"alternateName\":\"FRMB\",\"potentialAction\":[{\"@type\":\"SearchAction\",\"target\":{\"@type\":\"EntryPoint\",\"urlTemplate\":\"https:\/\/fundacioramonmartibonet.org\/es\/?s={search_term_string}\"},\"query-input\":\"required name=search_term_string\"}],\"inLanguage\":\"es\"},{\"@type\":\"Organization\",\"@id\":\"https:\/\/fundacioramonmartibonet.org\/es\/#organization\",\"name\":\"Fundaci\u00f3 Ramon Mart\u00ed i Bonet\",\"alternateName\":\"FRMB\",\"url\":\"https:\/\/fundacioramonmartibonet.org\/es\/\",\"logo\":{\"@type\":\"ImageObject\",\"inLanguage\":\"es\",\"@id\":\"https:\/\/fundacioramonmartibonet.org\/es\/#\/schema\/logo\/image\/\",\"url\":\"https:\/\/fundacioramonmartibonet.org\/wp-content\/uploads\/2023\/06\/frmb.svg\",\"contentUrl\":\"https:\/\/fundacioramonmartibonet.org\/wp-content\/uploads\/2023\/06\/frmb.svg\",\"width\":900,\"height\":280,\"caption\":\"Fundaci\u00f3 Ramon Mart\u00ed i Bonet\"},\"image\":{\"@id\":\"https:\/\/fundacioramonmartibonet.org\/es\/#\/schema\/logo\/image\/\"},\"sameAs\":[\"https:\/\/www.facebook.com\/FundacioRamonMartiBonet\",\"https:\/\/x.com\/FundacioRMB\",\"https:\/\/www.youtube.com\/channel\/UCNyN8HH4tz3ybIBubLBiSog\",\"https:\/\/www.instagram.com\/fundaciormb\/\",\"https:\/\/www.linkedin.com\/company\/fundacio-ramon-marto-i-bonet-contra-la-ceguera\/\"]},{\"@type\":\"Person\",\"@id\":\"https:\/\/fundacioramonmartibonet.org\/es\/#\/schema\/person\/2aff0a7acd543144a2c66b34132697b6\",\"name\":\"frmb\",\"image\":{\"@type\":\"ImageObject\",\"inLanguage\":\"es\",\"@id\":\"https:\/\/fundacioramonmartibonet.org\/es\/#\/schema\/person\/image\/\",\"url\":\"https:\/\/secure.gravatar.com\/avatar\/83d1ae228f5a77eb42b308490c6dcca6?s=96&d=mm&r=g\",\"contentUrl\":\"https:\/\/secure.gravatar.com\/avatar\/83d1ae228f5a77eb42b308490c6dcca6?s=96&d=mm&r=g\",\"caption\":\"frmb\"},\"sameAs\":[\"https:\/\/fundacioramonmartibonet.org\"],\"url\":\"https:\/\/fundacioramonmartibonet.org\/es\/author\/frmb\/\"}]}<\/script>\n<!-- \/ Yoast SEO plugin. -->","yoast_head_json":{"title":"\u00c9xito de asistencia en el curso de prematuridad organizado por la Fundaci\u00f3n en el Per\u00fa - Fundaci\u00f3 Ram\u00f3n Mart\u00ed i Bonet","robots":{"index":"index","follow":"follow","max-snippet":"max-snippet:-1","max-image-preview":"max-image-preview:large","max-video-preview":"max-video-preview:-1"},"canonical":"https:\/\/fundacioramonmartibonet.org\/es\/2022\/08\/exito-de-asistencia-en-el-curso-de-prematuridad-organizado-por-la-fundacion-en-el-peru\/","og_locale":"es_ES","og_type":"article","og_title":"\u00c9xito de asistencia en el curso de prematuridad organizado por la Fundaci\u00f3n en el Per\u00fa - Fundaci\u00f3 Ram\u00f3n Mart\u00ed i Bonet","og_description":"Los d\u00edas 15, 16 y 17 de julio, representantes de la Fundaci\u00f3n Ramon Mart\u00ed Bonet impartieron un curso sobre prematuridad en el aula Magna de la Facultad de Medicina de la Universidad de San Agust\u00edn de\u00a0Arequipa, en el Per\u00fa. Seg\u00fan los datos recogidos por esta instituci\u00f3n, asistieron un total de 135 profesionales de todo el [&hellip;]","og_url":"https:\/\/fundacioramonmartibonet.org\/es\/2022\/08\/exito-de-asistencia-en-el-curso-de-prematuridad-organizado-por-la-fundacion-en-el-peru\/","og_site_name":"Fundaci\u00f3 Ram\u00f3n Mart\u00ed i Bonet","article_publisher":"https:\/\/www.facebook.com\/FundacioRamonMartiBonet","article_published_time":"2022-08-30T06:00:00+00:00","article_modified_time":"2025-07-16T09:22:36+00:00","og_image":[{"width":670,"height":893,"url":"https:\/\/fundacioramonmartibonet.org\/wp-content\/uploads\/2023\/07\/EngraciaCazorla-2.jpg","type":"image\/jpeg"}],"author":"frmb","twitter_card":"summary_large_image","twitter_creator":"@FundacioRMB","twitter_site":"@FundacioRMB","schema":{"@context":"https:\/\/schema.org","@graph":[{"@type":"Article","@id":"https:\/\/fundacioramonmartibonet.org\/es\/2022\/08\/exito-de-asistencia-en-el-curso-de-prematuridad-organizado-por-la-fundacion-en-el-peru\/#article","isPartOf":{"@id":"https:\/\/fundacioramonmartibonet.org\/es\/2022\/08\/exito-de-asistencia-en-el-curso-de-prematuridad-organizado-por-la-fundacion-en-el-peru\/"},"author":{"name":"frmb","@id":"https:\/\/fundacioramonmartibonet.org\/es\/#\/schema\/person\/2aff0a7acd543144a2c66b34132697b6"},"headline":"\u00c9xito de asistencia en el curso de prematuridad organizado por la Fundaci\u00f3n en el Per\u00fa","datePublished":"2022-08-30T06:00:00+00:00","dateModified":"2025-07-16T09:22:36+00:00","mainEntityOfPage":{"@id":"https:\/\/fundacioramonmartibonet.org\/es\/2022\/08\/exito-de-asistencia-en-el-curso-de-prematuridad-organizado-por-la-fundacion-en-el-peru\/"},"wordCount":458,"publisher":{"@id":"https:\/\/fundacioramonmartibonet.org\/es\/#organization"},"image":{"@id":"https:\/\/fundacioramonmartibonet.org\/es\/2022\/08\/exito-de-asistencia-en-el-curso-de-prematuridad-organizado-por-la-fundacion-en-el-peru\/#primaryimage"},"thumbnailUrl":"https:\/\/fundacioramonmartibonet.org\/wp-content\/uploads\/2023\/07\/EngraciaCazorla-2.jpg","articleSection":["Sin categorizar"],"inLanguage":"es"},{"@type":"WebPage","@id":"https:\/\/fundacioramonmartibonet.org\/es\/2022\/08\/exito-de-asistencia-en-el-curso-de-prematuridad-organizado-por-la-fundacion-en-el-peru\/","url":"https:\/\/fundacioramonmartibonet.org\/es\/2022\/08\/exito-de-asistencia-en-el-curso-de-prematuridad-organizado-por-la-fundacion-en-el-peru\/","name":"\u00c9xito de asistencia en el curso de prematuridad organizado por la Fundaci\u00f3n en el Per\u00fa - Fundaci\u00f3 Ram\u00f3n Mart\u00ed i Bonet","isPartOf":{"@id":"https:\/\/fundacioramonmartibonet.org\/es\/#website"},"primaryImageOfPage":{"@id":"https:\/\/fundacioramonmartibonet.org\/es\/2022\/08\/exito-de-asistencia-en-el-curso-de-prematuridad-organizado-por-la-fundacion-en-el-peru\/#primaryimage"},"image":{"@id":"https:\/\/fundacioramonmartibonet.org\/es\/2022\/08\/exito-de-asistencia-en-el-curso-de-prematuridad-organizado-por-la-fundacion-en-el-peru\/#primaryimage"},"thumbnailUrl":"https:\/\/fundacioramonmartibonet.org\/wp-content\/uploads\/2023\/07\/EngraciaCazorla-2.jpg","datePublished":"2022-08-30T06:00:00+00:00","dateModified":"2025-07-16T09:22:36+00:00","breadcrumb":{"@id":"https:\/\/fundacioramonmartibonet.org\/es\/2022\/08\/exito-de-asistencia-en-el-curso-de-prematuridad-organizado-por-la-fundacion-en-el-peru\/#breadcrumb"},"inLanguage":"es","potentialAction":[{"@type":"ReadAction","target":["https:\/\/fundacioramonmartibonet.org\/es\/2022\/08\/exito-de-asistencia-en-el-curso-de-prematuridad-organizado-por-la-fundacion-en-el-peru\/"]}]},{"@type":"ImageObject","inLanguage":"es","@id":"https:\/\/fundacioramonmartibonet.org\/es\/2022\/08\/exito-de-asistencia-en-el-curso-de-prematuridad-organizado-por-la-fundacion-en-el-peru\/#primaryimage","url":"https:\/\/fundacioramonmartibonet.org\/wp-content\/uploads\/2023\/07\/EngraciaCazorla-2.jpg","contentUrl":"https:\/\/fundacioramonmartibonet.org\/wp-content\/uploads\/2023\/07\/EngraciaCazorla-2.jpg","width":670,"height":893},{"@type":"BreadcrumbList","@id":"https:\/\/fundacioramonmartibonet.org\/es\/2022\/08\/exito-de-asistencia-en-el-curso-de-prematuridad-organizado-por-la-fundacion-en-el-peru\/#breadcrumb","itemListElement":[{"@type":"ListItem","position":1,"name":"Home","item":"https:\/\/fundacioramonmartibonet.org\/es\/"},{"@type":"ListItem","position":2,"name":"\u00c9xito de asistencia en el curso de prematuridad organizado por la Fundaci\u00f3n en el Per\u00fa"}]},{"@type":"WebSite","@id":"https:\/\/fundacioramonmartibonet.org\/es\/#website","url":"https:\/\/fundacioramonmartibonet.org\/es\/","name":"Fundaci\u00f3 Ramon Mart\u00ed i Bonet","description":"Visi\u00f3 per a tothom","publisher":{"@id":"https:\/\/fundacioramonmartibonet.org\/es\/#organization"},"alternateName":"FRMB","potentialAction":[{"@type":"SearchAction","target":{"@type":"EntryPoint","urlTemplate":"https:\/\/fundacioramonmartibonet.org\/es\/?s={search_term_string}"},"query-input":"required name=search_term_string"}],"inLanguage":"es"},{"@type":"Organization","@id":"https:\/\/fundacioramonmartibonet.org\/es\/#organization","name":"Fundaci\u00f3 Ramon Mart\u00ed i Bonet","alternateName":"FRMB","url":"https:\/\/fundacioramonmartibonet.org\/es\/","logo":{"@type":"ImageObject","inLanguage":"es","@id":"https:\/\/fundacioramonmartibonet.org\/es\/#\/schema\/logo\/image\/","url":"https:\/\/fundacioramonmartibonet.org\/wp-content\/uploads\/2023\/06\/frmb.svg","contentUrl":"https:\/\/fundacioramonmartibonet.org\/wp-content\/uploads\/2023\/06\/frmb.svg","width":900,"height":280,"caption":"Fundaci\u00f3 Ramon Mart\u00ed i Bonet"},"image":{"@id":"https:\/\/fundacioramonmartibonet.org\/es\/#\/schema\/logo\/image\/"},"sameAs":["https:\/\/www.facebook.com\/FundacioRamonMartiBonet","https:\/\/x.com\/FundacioRMB","https:\/\/www.youtube.com\/channel\/UCNyN8HH4tz3ybIBubLBiSog","https:\/\/www.instagram.com\/fundaciormb\/","https:\/\/www.linkedin.com\/company\/fundacio-ramon-marto-i-bonet-contra-la-ceguera\/"]},{"@type":"Person","@id":"https:\/\/fundacioramonmartibonet.org\/es\/#\/schema\/person\/2aff0a7acd543144a2c66b34132697b6","name":"frmb","image":{"@type":"ImageObject","inLanguage":"es","@id":"https:\/\/fundacioramonmartibonet.org\/es\/#\/schema\/person\/image\/","url":"https:\/\/secure.gravatar.com\/avatar\/83d1ae228f5a77eb42b308490c6dcca6?s=96&d=mm&r=g","contentUrl":"https:\/\/secure.gravatar.com\/avatar\/83d1ae228f5a77eb42b308490c6dcca6?s=96&d=mm&r=g","caption":"frmb"},"sameAs":["https:\/\/fundacioramonmartibonet.org"],"url":"https:\/\/fundacioramonmartibonet.org\/es\/author\/frmb\/"}]}},"_links":{"self":[{"href":"https:\/\/fundacioramonmartibonet.org\/es\/wp-json\/wp\/v2\/posts\/680"}],"collection":[{"href":"https:\/\/fundacioramonmartibonet.org\/es\/wp-json\/wp\/v2\/posts"}],"about":[{"href":"https:\/\/fundacioramonmartibonet.org\/es\/wp-json\/wp\/v2\/types\/post"}],"author":[{"embeddable":true,"href":"https:\/\/fundacioramonmartibonet.org\/es\/wp-json\/wp\/v2\/users\/1"}],"replies":[{"embeddable":true,"href":"https:\/\/fundacioramonmartibonet.org\/es\/wp-json\/wp\/v2\/comments?post=680"}],"version-history":[{"count":1,"href":"https:\/\/fundacioramonmartibonet.org\/es\/wp-json\/wp\/v2\/posts\/680\/revisions"}],"predecessor-version":[{"id":683,"href":"https:\/\/fundacioramonmartibonet.org\/es\/wp-json\/wp\/v2\/posts\/680\/revisions\/683"}],"wp:featuredmedia":[{"embeddable":true,"href":"https:\/\/fundacioramonmartibonet.org\/es\/wp-json\/wp\/v2\/media\/456"}],"wp:attachment":[{"href":"https:\/\/fundacioramonmartibonet.org\/es\/wp-json\/wp\/v2\/media?parent=680"}],"wp:term":[{"taxonomy":"category","embeddable":true,"href":"https:\/\/fundacioramonmartibonet.org\/es\/wp-json\/wp\/v2\/categories?post=680"},{"taxonomy":"post_tag","embeddable":true,"href":"https:\/\/fundacioramonmartibonet.org\/es\/wp-json\/wp\/v2\/tags?post=680"}],"curies":[{"name":"wp","href":"https:\/\/api.w.org\/{rel}","templated":true}]}}