{"id":670,"date":"2022-06-20T09:00:29","date_gmt":"2022-06-20T09:00:29","guid":{"rendered":"https:\/\/fundacioramonmartibonet.org\/2022\/06\/la-fundacion-ramon-marti-i-bonet-ha-celebrado-la-jornada-zoolidaria-2022\/"},"modified":"2025-07-16T09:23:01","modified_gmt":"2025-07-16T09:23:01","slug":"la-fundacion-ramon-marti-i-bonet-ha-celebrado-la-jornada-zoolidaria-2022","status":"publish","type":"post","link":"https:\/\/fundacioramonmartibonet.org\/es\/2022\/06\/la-fundacion-ramon-marti-i-bonet-ha-celebrado-la-jornada-zoolidaria-2022\/","title":{"rendered":"La Fundaci\u00f3n Ramon Mart\u00ed i Bonet ha celebrado la Jornada Zoolidaria 2022"},"content":{"rendered":"<p>El pasado s\u00e1bado 11 de junio la Fundaci\u00f3n Ramon Mart\u00ed i Bonet contra la ceguera celebr\u00f3 una nueva edici\u00f3n de la Jornada Zoolidaria en el Zoo de Barcelona.<\/p>\n<p>El evento tuvo como objetivo recaudar fondos para el proyecto \u201cVisi\u00f3n para todo el mundo en Catalu\u00f1a\u201d, que promueve la salud visual y ofrece asistencia oftalmol\u00f3gica gratuita a personas que se encuentran en situaci\u00f3n de vulnerabilidad.<\/p>\n<p>A lo largo del d\u00eda, m\u00e1s de 25 personas voluntarias, junto con miembros de la FRMB y del patronato, colaboraron en la difusi\u00f3n del acto y en la venta de gafas solidarias en el puesto de la fundaci\u00f3n.<\/p>\n<p>Gracias a este hecho,<strong> el evento reuni\u00f3 a m\u00e1s de 1.000 personas y la fundaci\u00f3n recaud\u00f3 5.000 \u20ac.<\/strong><\/p>\n<p>Queremos dar las gracias al <a href=\"https:\/\/www.zoobarcelona.cat\/es\">Zoo de Barcelona<\/a> por su acogida y en especial a todas las personas que han colaborado en la causa.<\/p>\n<p>A continuaci\u00f3n os mostramos algunas im\u00e1genes de la jornada.<\/p>\n<div id='gallery-1' class='gallery galleryid-670 gallery-columns-4 gallery-size-large'><figure class='gallery-item'>\n\t\t\t<div class='gallery-icon landscape'>\n\t\t\t\t<a href='https:\/\/fundacioramonmartibonet.org\/wp-content\/uploads\/2023\/07\/Zoolidaria01-1.jpg'><img loading=\"lazy\" decoding=\"async\" width=\"1024\" height=\"768\" src=\"https:\/\/fundacioramonmartibonet.org\/wp-content\/uploads\/2023\/07\/Zoolidaria01-1.jpg\" class=\"attachment-large size-large\" alt=\"\" \/><\/a>\n\t\t\t<\/div><\/figure><figure class='gallery-item'>\n\t\t\t<div class='gallery-icon landscape'>\n\t\t\t\t<a href='https:\/\/fundacioramonmartibonet.org\/wp-content\/uploads\/2023\/07\/Zoolidaria02-1.jpg'><img loading=\"lazy\" decoding=\"async\" width=\"1024\" height=\"768\" src=\"https:\/\/fundacioramonmartibonet.org\/wp-content\/uploads\/2023\/07\/Zoolidaria02-1.jpg\" class=\"attachment-large size-large\" alt=\"\" \/><\/a>\n\t\t\t<\/div><\/figure><figure class='gallery-item'>\n\t\t\t<div class='gallery-icon landscape'>\n\t\t\t\t<a href='https:\/\/fundacioramonmartibonet.org\/wp-content\/uploads\/2023\/07\/Zoolidaria03-1.jpeg'><img loading=\"lazy\" decoding=\"async\" width=\"1024\" height=\"768\" src=\"https:\/\/fundacioramonmartibonet.org\/wp-content\/uploads\/2023\/07\/Zoolidaria03-1.jpeg\" class=\"attachment-large size-large\" alt=\"\" \/><\/a>\n\t\t\t<\/div><\/figure><figure class='gallery-item'>\n\t\t\t<div class='gallery-icon landscape'>\n\t\t\t\t<a href='https:\/\/fundacioramonmartibonet.org\/wp-content\/uploads\/2023\/07\/IMG-20211016-WA0042-1.jpg'><img loading=\"lazy\" decoding=\"async\" width=\"1024\" height=\"768\" src=\"https:\/\/fundacioramonmartibonet.org\/wp-content\/uploads\/2023\/07\/IMG-20211016-WA0042-1.jpg\" class=\"attachment-large size-large\" alt=\"\" \/><\/a>\n\t\t\t<\/div><\/figure>\n\t\t<\/div>\n\n","protected":false},"excerpt":{"rendered":"<p>El pasado s\u00e1bado 11 de junio la Fundaci\u00f3n Ramon Mart\u00ed i Bonet contra la ceguera celebr\u00f3 una nueva edici\u00f3n de la Jornada Zoolidaria en el Zoo de Barcelona. El evento tuvo como objetivo recaudar fondos para el proyecto \u201cVisi\u00f3n para todo el mundo en Catalu\u00f1a\u201d, que promueve la salud visual y ofrece asistencia oftalmol\u00f3gica gratuita [&hellip;]<\/p>\n","protected":false},"author":1,"featured_media":450,"comment_status":"closed","ping_status":"closed","sticky":false,"template":"","format":"standard","meta":{"_acf_changed":false,"footnotes":""},"categories":[1],"tags":[29,28],"acf":[],"yoast_head":"<!-- This site is optimized with the Yoast SEO plugin v22.5 - https:\/\/yoast.com\/wordpress\/plugins\/seo\/ -->\n<title>La Fundaci\u00f3n Ramon Mart\u00ed i Bonet ha celebrado la Jornada Zoolidaria 2022 - Fundaci\u00f3 Ram\u00f3n Mart\u00ed i Bonet<\/title>\n<meta name=\"robots\" content=\"index, follow, max-snippet:-1, max-image-preview:large, max-video-preview:-1\" \/>\n<link rel=\"canonical\" href=\"https:\/\/fundacioramonmartibonet.org\/es\/2022\/06\/la-fundacion-ramon-marti-i-bonet-ha-celebrado-la-jornada-zoolidaria-2022\/\" \/>\n<meta property=\"og:locale\" content=\"es_ES\" \/>\n<meta property=\"og:type\" content=\"article\" \/>\n<meta property=\"og:title\" content=\"La Fundaci\u00f3n Ramon Mart\u00ed i Bonet ha celebrado la Jornada Zoolidaria 2022 - Fundaci\u00f3 Ram\u00f3n Mart\u00ed i Bonet\" \/>\n<meta property=\"og:description\" content=\"El pasado s\u00e1bado 11 de junio la Fundaci\u00f3n Ramon Mart\u00ed i Bonet contra la ceguera celebr\u00f3 una nueva edici\u00f3n de la Jornada Zoolidaria en el Zoo de Barcelona. El evento tuvo como objetivo recaudar fondos para el proyecto \u201cVisi\u00f3n para todo el mundo en Catalu\u00f1a\u201d, que promueve la salud visual y ofrece asistencia oftalmol\u00f3gica gratuita [&hellip;]\" \/>\n<meta property=\"og:url\" content=\"https:\/\/fundacioramonmartibonet.org\/es\/2022\/06\/la-fundacion-ramon-marti-i-bonet-ha-celebrado-la-jornada-zoolidaria-2022\/\" \/>\n<meta property=\"og:site_name\" content=\"Fundaci\u00f3 Ram\u00f3n Mart\u00ed i Bonet\" \/>\n<meta property=\"article:publisher\" content=\"https:\/\/www.facebook.com\/FundacioRamonMartiBonet\" \/>\n<meta property=\"article:published_time\" content=\"2022-06-20T09:00:29+00:00\" \/>\n<meta property=\"article:modified_time\" content=\"2025-07-16T09:23:01+00:00\" \/>\n<meta property=\"og:image\" content=\"https:\/\/fundacioramonmartibonet.org\/wp-content\/uploads\/2023\/07\/Zoolidaria01-1.jpg\" \/>\n\t<meta property=\"og:image:width\" content=\"1024\" \/>\n\t<meta property=\"og:image:height\" content=\"768\" \/>\n\t<meta property=\"og:image:type\" content=\"image\/jpeg\" \/>\n<meta name=\"author\" content=\"frmb\" \/>\n<meta name=\"twitter:card\" content=\"summary_large_image\" \/>\n<meta name=\"twitter:creator\" content=\"@FundacioRMB\" \/>\n<meta name=\"twitter:site\" content=\"@FundacioRMB\" \/>\n<script type=\"application\/ld+json\" class=\"yoast-schema-graph\">{\"@context\":\"https:\/\/schema.org\",\"@graph\":[{\"@type\":\"Article\",\"@id\":\"https:\/\/fundacioramonmartibonet.org\/es\/2022\/06\/la-fundacion-ramon-marti-i-bonet-ha-celebrado-la-jornada-zoolidaria-2022\/#article\",\"isPartOf\":{\"@id\":\"https:\/\/fundacioramonmartibonet.org\/es\/2022\/06\/la-fundacion-ramon-marti-i-bonet-ha-celebrado-la-jornada-zoolidaria-2022\/\"},\"author\":{\"name\":\"frmb\",\"@id\":\"https:\/\/fundacioramonmartibonet.org\/es\/#\/schema\/person\/2aff0a7acd543144a2c66b34132697b6\"},\"headline\":\"La Fundaci\u00f3n Ramon Mart\u00ed i Bonet ha celebrado la Jornada Zoolidaria 2022\",\"datePublished\":\"2022-06-20T09:00:29+00:00\",\"dateModified\":\"2025-07-16T09:23:01+00:00\",\"mainEntityOfPage\":{\"@id\":\"https:\/\/fundacioramonmartibonet.org\/es\/2022\/06\/la-fundacion-ramon-marti-i-bonet-ha-celebrado-la-jornada-zoolidaria-2022\/\"},\"wordCount\":182,\"publisher\":{\"@id\":\"https:\/\/fundacioramonmartibonet.org\/es\/#organization\"},\"image\":{\"@id\":\"https:\/\/fundacioramonmartibonet.org\/es\/2022\/06\/la-fundacion-ramon-marti-i-bonet-ha-celebrado-la-jornada-zoolidaria-2022\/#primaryimage\"},\"thumbnailUrl\":\"https:\/\/fundacioramonmartibonet.org\/wp-content\/uploads\/2023\/07\/Zoolidaria01-1.jpg\",\"keywords\":[\"#JornadaSolid\u00e0ria\",\"#Visi\u00f3PerATothom\"],\"articleSection\":[\"Sin categorizar\"],\"inLanguage\":\"es\"},{\"@type\":\"WebPage\",\"@id\":\"https:\/\/fundacioramonmartibonet.org\/es\/2022\/06\/la-fundacion-ramon-marti-i-bonet-ha-celebrado-la-jornada-zoolidaria-2022\/\",\"url\":\"https:\/\/fundacioramonmartibonet.org\/es\/2022\/06\/la-fundacion-ramon-marti-i-bonet-ha-celebrado-la-jornada-zoolidaria-2022\/\",\"name\":\"La Fundaci\u00f3n Ramon Mart\u00ed i Bonet ha celebrado la Jornada Zoolidaria 2022 - Fundaci\u00f3 Ram\u00f3n Mart\u00ed i Bonet\",\"isPartOf\":{\"@id\":\"https:\/\/fundacioramonmartibonet.org\/es\/#website\"},\"primaryImageOfPage\":{\"@id\":\"https:\/\/fundacioramonmartibonet.org\/es\/2022\/06\/la-fundacion-ramon-marti-i-bonet-ha-celebrado-la-jornada-zoolidaria-2022\/#primaryimage\"},\"image\":{\"@id\":\"https:\/\/fundacioramonmartibonet.org\/es\/2022\/06\/la-fundacion-ramon-marti-i-bonet-ha-celebrado-la-jornada-zoolidaria-2022\/#primaryimage\"},\"thumbnailUrl\":\"https:\/\/fundacioramonmartibonet.org\/wp-content\/uploads\/2023\/07\/Zoolidaria01-1.jpg\",\"datePublished\":\"2022-06-20T09:00:29+00:00\",\"dateModified\":\"2025-07-16T09:23:01+00:00\",\"breadcrumb\":{\"@id\":\"https:\/\/fundacioramonmartibonet.org\/es\/2022\/06\/la-fundacion-ramon-marti-i-bonet-ha-celebrado-la-jornada-zoolidaria-2022\/#breadcrumb\"},\"inLanguage\":\"es\",\"potentialAction\":[{\"@type\":\"ReadAction\",\"target\":[\"https:\/\/fundacioramonmartibonet.org\/es\/2022\/06\/la-fundacion-ramon-marti-i-bonet-ha-celebrado-la-jornada-zoolidaria-2022\/\"]}]},{\"@type\":\"ImageObject\",\"inLanguage\":\"es\",\"@id\":\"https:\/\/fundacioramonmartibonet.org\/es\/2022\/06\/la-fundacion-ramon-marti-i-bonet-ha-celebrado-la-jornada-zoolidaria-2022\/#primaryimage\",\"url\":\"https:\/\/fundacioramonmartibonet.org\/wp-content\/uploads\/2023\/07\/Zoolidaria01-1.jpg\",\"contentUrl\":\"https:\/\/fundacioramonmartibonet.org\/wp-content\/uploads\/2023\/07\/Zoolidaria01-1.jpg\",\"width\":1024,\"height\":768,\"caption\":\"Puesto de gafas de sol de la Jornada Zoolid\u00e0ria\"},{\"@type\":\"BreadcrumbList\",\"@id\":\"https:\/\/fundacioramonmartibonet.org\/es\/2022\/06\/la-fundacion-ramon-marti-i-bonet-ha-celebrado-la-jornada-zoolidaria-2022\/#breadcrumb\",\"itemListElement\":[{\"@type\":\"ListItem\",\"position\":1,\"name\":\"Home\",\"item\":\"https:\/\/fundacioramonmartibonet.org\/es\/\"},{\"@type\":\"ListItem\",\"position\":2,\"name\":\"La Fundaci\u00f3n Ramon Mart\u00ed i Bonet ha celebrado la Jornada Zoolidaria 2022\"}]},{\"@type\":\"WebSite\",\"@id\":\"https:\/\/fundacioramonmartibonet.org\/es\/#website\",\"url\":\"https:\/\/fundacioramonmartibonet.org\/es\/\",\"name\":\"Fundaci\u00f3 Ramon Mart\u00ed i Bonet\",\"description\":\"Visi\u00f3 per a tothom\",\"publisher\":{\"@id\":\"https:\/\/fundacioramonmartibonet.org\/es\/#organization\"},\"alternateName\":\"FRMB\",\"potentialAction\":[{\"@type\":\"SearchAction\",\"target\":{\"@type\":\"EntryPoint\",\"urlTemplate\":\"https:\/\/fundacioramonmartibonet.org\/es\/?s={search_term_string}\"},\"query-input\":\"required name=search_term_string\"}],\"inLanguage\":\"es\"},{\"@type\":\"Organization\",\"@id\":\"https:\/\/fundacioramonmartibonet.org\/es\/#organization\",\"name\":\"Fundaci\u00f3 Ramon Mart\u00ed i Bonet\",\"alternateName\":\"FRMB\",\"url\":\"https:\/\/fundacioramonmartibonet.org\/es\/\",\"logo\":{\"@type\":\"ImageObject\",\"inLanguage\":\"es\",\"@id\":\"https:\/\/fundacioramonmartibonet.org\/es\/#\/schema\/logo\/image\/\",\"url\":\"https:\/\/fundacioramonmartibonet.org\/wp-content\/uploads\/2023\/06\/frmb.svg\",\"contentUrl\":\"https:\/\/fundacioramonmartibonet.org\/wp-content\/uploads\/2023\/06\/frmb.svg\",\"width\":900,\"height\":280,\"caption\":\"Fundaci\u00f3 Ramon Mart\u00ed i Bonet\"},\"image\":{\"@id\":\"https:\/\/fundacioramonmartibonet.org\/es\/#\/schema\/logo\/image\/\"},\"sameAs\":[\"https:\/\/www.facebook.com\/FundacioRamonMartiBonet\",\"https:\/\/x.com\/FundacioRMB\",\"https:\/\/www.youtube.com\/channel\/UCNyN8HH4tz3ybIBubLBiSog\",\"https:\/\/www.instagram.com\/fundaciormb\/\",\"https:\/\/www.linkedin.com\/company\/fundacio-ramon-marto-i-bonet-contra-la-ceguera\/\"]},{\"@type\":\"Person\",\"@id\":\"https:\/\/fundacioramonmartibonet.org\/es\/#\/schema\/person\/2aff0a7acd543144a2c66b34132697b6\",\"name\":\"frmb\",\"image\":{\"@type\":\"ImageObject\",\"inLanguage\":\"es\",\"@id\":\"https:\/\/fundacioramonmartibonet.org\/es\/#\/schema\/person\/image\/\",\"url\":\"https:\/\/secure.gravatar.com\/avatar\/83d1ae228f5a77eb42b308490c6dcca6?s=96&d=mm&r=g\",\"contentUrl\":\"https:\/\/secure.gravatar.com\/avatar\/83d1ae228f5a77eb42b308490c6dcca6?s=96&d=mm&r=g\",\"caption\":\"frmb\"},\"sameAs\":[\"https:\/\/fundacioramonmartibonet.org\"],\"url\":\"https:\/\/fundacioramonmartibonet.org\/es\/author\/frmb\/\"}]}<\/script>\n<!-- \/ Yoast SEO plugin. -->","yoast_head_json":{"title":"La Fundaci\u00f3n Ramon Mart\u00ed i Bonet ha celebrado la Jornada Zoolidaria 2022 - Fundaci\u00f3 Ram\u00f3n Mart\u00ed i Bonet","robots":{"index":"index","follow":"follow","max-snippet":"max-snippet:-1","max-image-preview":"max-image-preview:large","max-video-preview":"max-video-preview:-1"},"canonical":"https:\/\/fundacioramonmartibonet.org\/es\/2022\/06\/la-fundacion-ramon-marti-i-bonet-ha-celebrado-la-jornada-zoolidaria-2022\/","og_locale":"es_ES","og_type":"article","og_title":"La Fundaci\u00f3n Ramon Mart\u00ed i Bonet ha celebrado la Jornada Zoolidaria 2022 - Fundaci\u00f3 Ram\u00f3n Mart\u00ed i Bonet","og_description":"El pasado s\u00e1bado 11 de junio la Fundaci\u00f3n Ramon Mart\u00ed i Bonet contra la ceguera celebr\u00f3 una nueva edici\u00f3n de la Jornada Zoolidaria en el Zoo de Barcelona. El evento tuvo como objetivo recaudar fondos para el proyecto \u201cVisi\u00f3n para todo el mundo en Catalu\u00f1a\u201d, que promueve la salud visual y ofrece asistencia oftalmol\u00f3gica gratuita [&hellip;]","og_url":"https:\/\/fundacioramonmartibonet.org\/es\/2022\/06\/la-fundacion-ramon-marti-i-bonet-ha-celebrado-la-jornada-zoolidaria-2022\/","og_site_name":"Fundaci\u00f3 Ram\u00f3n Mart\u00ed i Bonet","article_publisher":"https:\/\/www.facebook.com\/FundacioRamonMartiBonet","article_published_time":"2022-06-20T09:00:29+00:00","article_modified_time":"2025-07-16T09:23:01+00:00","og_image":[{"width":1024,"height":768,"url":"https:\/\/fundacioramonmartibonet.org\/wp-content\/uploads\/2023\/07\/Zoolidaria01-1.jpg","type":"image\/jpeg"}],"author":"frmb","twitter_card":"summary_large_image","twitter_creator":"@FundacioRMB","twitter_site":"@FundacioRMB","schema":{"@context":"https:\/\/schema.org","@graph":[{"@type":"Article","@id":"https:\/\/fundacioramonmartibonet.org\/es\/2022\/06\/la-fundacion-ramon-marti-i-bonet-ha-celebrado-la-jornada-zoolidaria-2022\/#article","isPartOf":{"@id":"https:\/\/fundacioramonmartibonet.org\/es\/2022\/06\/la-fundacion-ramon-marti-i-bonet-ha-celebrado-la-jornada-zoolidaria-2022\/"},"author":{"name":"frmb","@id":"https:\/\/fundacioramonmartibonet.org\/es\/#\/schema\/person\/2aff0a7acd543144a2c66b34132697b6"},"headline":"La Fundaci\u00f3n Ramon Mart\u00ed i Bonet ha celebrado la Jornada Zoolidaria 2022","datePublished":"2022-06-20T09:00:29+00:00","dateModified":"2025-07-16T09:23:01+00:00","mainEntityOfPage":{"@id":"https:\/\/fundacioramonmartibonet.org\/es\/2022\/06\/la-fundacion-ramon-marti-i-bonet-ha-celebrado-la-jornada-zoolidaria-2022\/"},"wordCount":182,"publisher":{"@id":"https:\/\/fundacioramonmartibonet.org\/es\/#organization"},"image":{"@id":"https:\/\/fundacioramonmartibonet.org\/es\/2022\/06\/la-fundacion-ramon-marti-i-bonet-ha-celebrado-la-jornada-zoolidaria-2022\/#primaryimage"},"thumbnailUrl":"https:\/\/fundacioramonmartibonet.org\/wp-content\/uploads\/2023\/07\/Zoolidaria01-1.jpg","keywords":["#JornadaSolid\u00e0ria","#Visi\u00f3PerATothom"],"articleSection":["Sin categorizar"],"inLanguage":"es"},{"@type":"WebPage","@id":"https:\/\/fundacioramonmartibonet.org\/es\/2022\/06\/la-fundacion-ramon-marti-i-bonet-ha-celebrado-la-jornada-zoolidaria-2022\/","url":"https:\/\/fundacioramonmartibonet.org\/es\/2022\/06\/la-fundacion-ramon-marti-i-bonet-ha-celebrado-la-jornada-zoolidaria-2022\/","name":"La Fundaci\u00f3n Ramon Mart\u00ed i Bonet ha celebrado la Jornada Zoolidaria 2022 - Fundaci\u00f3 Ram\u00f3n Mart\u00ed i Bonet","isPartOf":{"@id":"https:\/\/fundacioramonmartibonet.org\/es\/#website"},"primaryImageOfPage":{"@id":"https:\/\/fundacioramonmartibonet.org\/es\/2022\/06\/la-fundacion-ramon-marti-i-bonet-ha-celebrado-la-jornada-zoolidaria-2022\/#primaryimage"},"image":{"@id":"https:\/\/fundacioramonmartibonet.org\/es\/2022\/06\/la-fundacion-ramon-marti-i-bonet-ha-celebrado-la-jornada-zoolidaria-2022\/#primaryimage"},"thumbnailUrl":"https:\/\/fundacioramonmartibonet.org\/wp-content\/uploads\/2023\/07\/Zoolidaria01-1.jpg","datePublished":"2022-06-20T09:00:29+00:00","dateModified":"2025-07-16T09:23:01+00:00","breadcrumb":{"@id":"https:\/\/fundacioramonmartibonet.org\/es\/2022\/06\/la-fundacion-ramon-marti-i-bonet-ha-celebrado-la-jornada-zoolidaria-2022\/#breadcrumb"},"inLanguage":"es","potentialAction":[{"@type":"ReadAction","target":["https:\/\/fundacioramonmartibonet.org\/es\/2022\/06\/la-fundacion-ramon-marti-i-bonet-ha-celebrado-la-jornada-zoolidaria-2022\/"]}]},{"@type":"ImageObject","inLanguage":"es","@id":"https:\/\/fundacioramonmartibonet.org\/es\/2022\/06\/la-fundacion-ramon-marti-i-bonet-ha-celebrado-la-jornada-zoolidaria-2022\/#primaryimage","url":"https:\/\/fundacioramonmartibonet.org\/wp-content\/uploads\/2023\/07\/Zoolidaria01-1.jpg","contentUrl":"https:\/\/fundacioramonmartibonet.org\/wp-content\/uploads\/2023\/07\/Zoolidaria01-1.jpg","width":1024,"height":768,"caption":"Puesto de gafas de sol de la Jornada Zoolid\u00e0ria"},{"@type":"BreadcrumbList","@id":"https:\/\/fundacioramonmartibonet.org\/es\/2022\/06\/la-fundacion-ramon-marti-i-bonet-ha-celebrado-la-jornada-zoolidaria-2022\/#breadcrumb","itemListElement":[{"@type":"ListItem","position":1,"name":"Home","item":"https:\/\/fundacioramonmartibonet.org\/es\/"},{"@type":"ListItem","position":2,"name":"La Fundaci\u00f3n Ramon Mart\u00ed i Bonet ha celebrado la Jornada Zoolidaria 2022"}]},{"@type":"WebSite","@id":"https:\/\/fundacioramonmartibonet.org\/es\/#website","url":"https:\/\/fundacioramonmartibonet.org\/es\/","name":"Fundaci\u00f3 Ramon Mart\u00ed i Bonet","description":"Visi\u00f3 per a tothom","publisher":{"@id":"https:\/\/fundacioramonmartibonet.org\/es\/#organization"},"alternateName":"FRMB","potentialAction":[{"@type":"SearchAction","target":{"@type":"EntryPoint","urlTemplate":"https:\/\/fundacioramonmartibonet.org\/es\/?s={search_term_string}"},"query-input":"required name=search_term_string"}],"inLanguage":"es"},{"@type":"Organization","@id":"https:\/\/fundacioramonmartibonet.org\/es\/#organization","name":"Fundaci\u00f3 Ramon Mart\u00ed i Bonet","alternateName":"FRMB","url":"https:\/\/fundacioramonmartibonet.org\/es\/","logo":{"@type":"ImageObject","inLanguage":"es","@id":"https:\/\/fundacioramonmartibonet.org\/es\/#\/schema\/logo\/image\/","url":"https:\/\/fundacioramonmartibonet.org\/wp-content\/uploads\/2023\/06\/frmb.svg","contentUrl":"https:\/\/fundacioramonmartibonet.org\/wp-content\/uploads\/2023\/06\/frmb.svg","width":900,"height":280,"caption":"Fundaci\u00f3 Ramon Mart\u00ed i Bonet"},"image":{"@id":"https:\/\/fundacioramonmartibonet.org\/es\/#\/schema\/logo\/image\/"},"sameAs":["https:\/\/www.facebook.com\/FundacioRamonMartiBonet","https:\/\/x.com\/FundacioRMB","https:\/\/www.youtube.com\/channel\/UCNyN8HH4tz3ybIBubLBiSog","https:\/\/www.instagram.com\/fundaciormb\/","https:\/\/www.linkedin.com\/company\/fundacio-ramon-marto-i-bonet-contra-la-ceguera\/"]},{"@type":"Person","@id":"https:\/\/fundacioramonmartibonet.org\/es\/#\/schema\/person\/2aff0a7acd543144a2c66b34132697b6","name":"frmb","image":{"@type":"ImageObject","inLanguage":"es","@id":"https:\/\/fundacioramonmartibonet.org\/es\/#\/schema\/person\/image\/","url":"https:\/\/secure.gravatar.com\/avatar\/83d1ae228f5a77eb42b308490c6dcca6?s=96&d=mm&r=g","contentUrl":"https:\/\/secure.gravatar.com\/avatar\/83d1ae228f5a77eb42b308490c6dcca6?s=96&d=mm&r=g","caption":"frmb"},"sameAs":["https:\/\/fundacioramonmartibonet.org"],"url":"https:\/\/fundacioramonmartibonet.org\/es\/author\/frmb\/"}]}},"_links":{"self":[{"href":"https:\/\/fundacioramonmartibonet.org\/es\/wp-json\/wp\/v2\/posts\/670"}],"collection":[{"href":"https:\/\/fundacioramonmartibonet.org\/es\/wp-json\/wp\/v2\/posts"}],"about":[{"href":"https:\/\/fundacioramonmartibonet.org\/es\/wp-json\/wp\/v2\/types\/post"}],"author":[{"embeddable":true,"href":"https:\/\/fundacioramonmartibonet.org\/es\/wp-json\/wp\/v2\/users\/1"}],"replies":[{"embeddable":true,"href":"https:\/\/fundacioramonmartibonet.org\/es\/wp-json\/wp\/v2\/comments?post=670"}],"version-history":[{"count":1,"href":"https:\/\/fundacioramonmartibonet.org\/es\/wp-json\/wp\/v2\/posts\/670\/revisions"}],"predecessor-version":[{"id":677,"href":"https:\/\/fundacioramonmartibonet.org\/es\/wp-json\/wp\/v2\/posts\/670\/revisions\/677"}],"wp:featuredmedia":[{"embeddable":true,"href":"https:\/\/fundacioramonmartibonet.org\/es\/wp-json\/wp\/v2\/media\/450"}],"wp:attachment":[{"href":"https:\/\/fundacioramonmartibonet.org\/es\/wp-json\/wp\/v2\/media?parent=670"}],"wp:term":[{"taxonomy":"category","embeddable":true,"href":"https:\/\/fundacioramonmartibonet.org\/es\/wp-json\/wp\/v2\/categories?post=670"},{"taxonomy":"post_tag","embeddable":true,"href":"https:\/\/fundacioramonmartibonet.org\/es\/wp-json\/wp\/v2\/tags?post=670"}],"curies":[{"name":"wp","href":"https:\/\/api.w.org\/{rel}","templated":true}]}}