{"id":664,"date":"2022-03-22T15:08:14","date_gmt":"2022-03-22T15:08:14","guid":{"rendered":"https:\/\/fundacioramonmartibonet.org\/2022\/03\/sor-lucia-caram-es-necesario-hacer-pedagogia-de-las-revisiones-visuales\/"},"modified":"2025-07-16T09:23:01","modified_gmt":"2025-07-16T09:23:01","slug":"sor-lucia-caram-es-necesario-hacer-pedagogia-de-las-revisiones-visuales","status":"publish","type":"post","link":"https:\/\/fundacioramonmartibonet.org\/es\/2022\/03\/sor-lucia-caram-es-necesario-hacer-pedagogia-de-las-revisiones-visuales\/","title":{"rendered":"Sor Luc\u00eda Caram \u201cEs necesario hacer pedagog\u00eda de las revisiones visuales\u201d"},"content":{"rendered":"<h2>\u201c<i>Estaremos sentenciando en futuro de muchos ni\u00f1os, ni\u00f1as y adolescentes si no nos ponemos manos a la obra con la problem\u00e1tica<\/i>\u201d<\/h2>\n<p>Sor Luc\u00eda Caram se define en las redes sociales como monja contemplativa y explica que de ella dicen que es una monja inquieta e inquietante. \u201c<i>Yo s\u00f3lo intento ser feliz y hacer felices a los dem\u00e1s. Lucho por los derechos de la infancia<\/i>\u201d, explica. Como activista es impulsora de distintas plataformas y fundaciones que atienden a personas en riesgo de exclusi\u00f3n social y en situaciones de vulnerabilidad. Durante una de sus visitas a la Fundaci\u00f3n Ramon Mart\u00ed i Bonet, aprovechamos para hablar con ella para conocerla mejor, descubrir de d\u00f3nde surgi\u00f3 su vocaci\u00f3n y saber cu\u00e1l es su relaci\u00f3n con nuestra fundaci\u00f3n.<\/p>\n<p><b>Hoy acompa\u00f1as a diferentes ni\u00f1os y adolescentes que forman parte del proyecto \u201cInvulnerables\u201d a realizarse una revisi\u00f3n oftalmol\u00f3gica. \u00bfNos podr\u00edas explicar en qu\u00e9 consiste este proyecto de colaboraci\u00f3n?<\/b><\/p>\n<p>Conoc\u00ed a la Fundaci\u00f3n Ramon Mart\u00ed i Bonet a trav\u00e9s de la Dra. Vi\u00f1as, oftalm\u00f3loga vinculada a la Fundaci\u00f3n y amiga de la comunidad. Ella me puso en contacto con el dr. Mart\u00ed i Bonet, quien desde el primer momento nos dijo que pon\u00eda su fundaci\u00f3n al servicio de las personas m\u00e1s vulnerables. Nos explic\u00f3 que toda la vida se hab\u00eda dedicado a cuidar y ayudar a recuperar la visi\u00f3n de las personas, primero abriendo su propia cl\u00ednica oftalmol\u00f3gica, que se hab\u00eda convertido en la actualidad en un proyecto muy grande, y en los \u00faltimos a\u00f1os de su vida, dedic\u00e1ndose a las personas m\u00e1s vulnerables como una forma de devolver a la sociedad lo que \u00e9sta le hab\u00eda dado<\/p>\n<p>As\u00ed, se firm\u00f3 un convenio de colaboraci\u00f3n con la Fundaci\u00f3n del Convento de Santa Clara para que las personas usuarias de la Plataforma de los Alimentos pudieran acudir cada 15 d\u00edas a la FRMB. Despu\u00e9s de 2 a\u00f1os funcionando con mucho \u00e9xito y con una implicaci\u00f3n personal muy grande por parte del Dr. Mart\u00ed, cuando \u00e9ste se enter\u00f3 de que se pon\u00eda en marcha el proyecto \u201cInvulnerables\u201d, quiso hacer extensivo el proyecto a los ni\u00f1os de otros programas.<\/p>\n<p>Y esto es, pues, lo que estamos haciendo hoy. Hoy se visitan 35 ni\u00f1os del programa, la mayor\u00eda de los cuales nunca han acudido a una revisi\u00f3n de la vista, y un grupo de 8 personas adultas de la Fundaci\u00f3n. Durante la pandemia hemos tenido muchos casos de emergencia y la Fundaci\u00f3 Ramon Mart\u00ed i Bonet nos ha ayudado siempre. En su ADN existe una vocaci\u00f3n de servicio, un compromiso hacia los m\u00e1s vulnerables, nunca hemos recibido un \u201cno\u201d por respuesta.<\/p>\n<p>La p\u00e9rdida del Dr. Mart\u00ed, de hecho, ha afectado de cerca a muchas personas usuarias de la Plataforma de los Alimentos, a las que \u00e9l hab\u00eda ayudado personalmente con estas revisiones oftalmol\u00f3gicas. Sin duda, su legado ha sido esa fundaci\u00f3n, que mantiene muy vivo su esp\u00edritu de servicio a las personas que m\u00e1s lo necesitan.<\/p>\n<p><b>\u00bfPor qu\u00e9 son tan importantes estas revisiones?<\/b><\/p>\n<p>Estas revisiones son muy importantes, especialmente para los ni\u00f1os. Pienso que si los ni\u00f1os tienen un problema de visi\u00f3n no tratado les podemos estar hipotecando el futuro. Por ejemplo, en una de las primeras visitas que se organizaron en la Fundaci\u00f3n, acudi\u00f3 un ni\u00f1o de Manresa al que hab\u00edan diagnosticado TDAH ya quien nadie quer\u00eda tener en sus clases porque dec\u00edan que molestaba mucho. Pues vino, le hicieron una revisi\u00f3n y result\u00f3 tener 4 dioptr\u00edas. No ve\u00eda nada. Le pusieron las gafas y lleg\u00f3 a ser el mejor de la clase. En realidad, no ten\u00eda TDAH, sino que se aburr\u00eda en las clases porque no ve\u00eda.<\/p>\n<p>El problema reside en que la familia, muchas veces por la misma situaci\u00f3n de vulnerabilidad en la que viven, no detecta la problem\u00e1tica. Por ello, es necesario concienciarles de la importancia de estas revisiones y de que el cambio que supone en los ni\u00f1os y en su rendimiento acad\u00e9mico es espectacular.<\/p>\n<p>En algunas situaciones la revisi\u00f3n puede venir derivada desde el CAP, pero generalmente ahora ya no se realizan revisiones en las escuelas, y si se hace alguna y el paciente necesita gafas, las familias no pueden cubrir el gasto. Los presupuestos de los ayuntamientos son muy limitados y tampoco llegan a ellos. Por tanto, siempre se acaba dejando el caso a medio camino. A partir de ah\u00ed, nosotros hemos empezado a hacer pedagog\u00eda con las familias y as\u00ed ya han empezado a tomar conciencia de la importancia de cuidar la vista.<\/p>\n<p>En este sentido, la Fundaci\u00f3n Ramon Mart\u00ed i Bonet es una fundaci\u00f3n que no s\u00f3lo realiza acciones puntuales sino que es capaz de mantenerlas en el tiempo, y yo pienso que es muy importante poder mantener un compromiso en el tiempo con las personas, pero para ofrecerles un acompa\u00f1amiento hasta que ellas puedan volar solas.<\/p>\n<figure id=\"attachment_1048\" aria-describedby=\"caption-attachment-1048\" style=\"width: 911px\" class=\"wp-caption alignnone\"><img loading=\"lazy\" decoding=\"async\" class=\"size-full wp-image-1048\" src=\"https:\/\/fundacioramonmartibonet.org\/wp-content\/uploads\/2023\/07\/sust-1.png\" alt=\"\" width=\"911\" height=\"607\" \/><figcaption id=\"caption-attachment-1048\" class=\"wp-caption-text\">La FRMB atendi\u00f3 a ni\u00f1os y ni\u00f1as del proyecto \u201cInvulnerables\u201d a quien les realizaron una revisi\u00f3n oftalmol\u00f3gica.<\/figcaption><\/figure>\n<p><b>\u00a0\u00bfRecuerdas cu\u00e1l fue tu primer contacto con la Fundaci\u00f3n y su personal? \u00bfC\u00f3mo ha sido esa colaboraci\u00f3n desde entonces?<\/b><\/p>\n<p>Recuerdo especialmente el d\u00eda que un equipo de la Fundaci\u00f3n se traslad\u00f3 a Manresa para hacer una formaci\u00f3n al personal voluntario para que \u00e9ste pudiera realizar un primer cribado que facilitara la detecci\u00f3n precoz de los ni\u00f1os con problemas visuales. A partir de esta experiencia conocimos a unos voluntarios que se acabaron sintiendo parte de la familia de la fundaci\u00f3n, Fernando y su mujer. Desde entonces se acercaron para colaborar con nosotros cada 15 d\u00edas durante muchos a\u00f1os.<\/p>\n<p><b>\u00bfY recuerdas alguna experiencia en la Fundaci\u00f3n, alg\u00fan caso en particular que te haya marcado en tu vida?<\/b><\/p>\n<p>Recuerdo especialmente el caso de una se\u00f1ora, Gloria, que era analfabeta y viv\u00eda totalmente sometida a su marido. En su caso, la carta de derivaci\u00f3n de los Servicios Sociales dec\u00eda que no pod\u00eda recibir ning\u00fan tipo de ayuda porque se consideraba que no exist\u00eda perspectiva de mejora; por decirlo de otro modo, le hab\u00edan dejado como un caso perdido.<\/p>\n<p>Desde nuestra fundaci\u00f3n detectamos el caso de analfabetismo de esta mujer y, a pesar de ello, la acompa\u00f1amos a una de las revisiones oftalmol\u00f3gicas de la FRMB. Aqu\u00ed le proporcionaron unas gafas y gracias a ello empez\u00f3 a ver. Tambi\u00e9n le acompa\u00f1amos a un taller de costura, donde ahora va todos los d\u00edas. All\u00ed ha encontrado su lugar de socializaci\u00f3n, que de alg\u00fan modo tambi\u00e9n le ha ayudado a socializar mejor con su familia ya empezar a cuidar de s\u00ed misma.<\/p>\n<p>Ahora para ella su vida es hacer mu\u00f1ecas en el taller y el beneficio que obtiene de la venta de estas mu\u00f1ecas se da en la Plataforma dels Aliments. Se ha convertido en una mujer con un empleo propio en la vida y, adem\u00e1s, ha empezado tambi\u00e9n a ense\u00f1ar a otras mujeres que provienen de una situaci\u00f3n similar a la suya. Y el motivo de este cambio es b\u00e1sicamente que antes no ve\u00eda y ahora s\u00ed, ahora no se quita nunca las gafas. Ella siempre me dice: \u201c<i>Yo, Luc\u00eda, soy persona gracias a que me pusieron las gafas. Y ahora veo y he descubierto que tengo unas manos que pueden hacer cosas<\/i>\u201d.<\/p>\n<p><b>Nos hablabas ahora de estos casos que los servicios sociales pueden dar por perdidos, oa quienes en las escuelas no dan valor. T\u00fa, desde tu experiencia en el voluntariado y despu\u00e9s de todos los a\u00f1os que llevas, crees que como sociedad hemos aprendido algo o todav\u00eda nos falta mucho por aprender en todo el tema de voluntariado, la importancia de la visi\u00f3n y de \u00bfc\u00f3mo tratamos este tipo de casos?<\/b><\/p>\n<p>Yo creo que hay mucha gente que ya era solidaria ya ra\u00edz de la pandemia se ha vuelto a\u00fan m\u00e1s solidaria y ha renovado su compromiso de forma incondicional. Tambi\u00e9n hay gente que puede haber visto de cerca la vulnerabilidad y puede haber subido al carro. Pero despu\u00e9s tenemos poca memoria, y una vez hemos recuperado la vida normal, hay mucha gente que se olvida.<\/p>\n<p>En nuestro caso, estas son las primeras revisiones oftalmol\u00f3gicas a las que acudimos despu\u00e9s de la pandemia, porque hemos detectado c\u00f3mo durante todo el confinamiento los ni\u00f1os han estado mucho m\u00e1s tiempo de lo habitual en contacto con pantallas y esto ha comportado unos determinados problemas visuales. La respuesta ha sido impresionante, es decir, han acudido todos los ni\u00f1os, muchos m\u00e1s de los que ten\u00edamos previstos, ya que se ha detectado esta necesidad, tanto desde nuestra fundaci\u00f3n como por parte de los padres, y aqu\u00ed les han abierto las puertas.<\/p>\n<p>Por tanto yo pienso que todav\u00eda hay que hacer mucha pedagog\u00eda a nivel social, primero para concienciar a las familias de la importancia de cuidar la visi\u00f3n. Lo que no puede ser que la administraci\u00f3n vaya a remolque en toda esta tarea, sabiendo que debido al seguimiento online de las clases los ni\u00f1os han estado mucho m\u00e1s en contacto con las pantallas y que esto ha comportado problemas a la vista. En este sentido, las administraciones no han hecho absolutamente nada para solucionar esta problem\u00e1tica. Hemos tenido que ir al sector privado, en este caso a la Fundaci\u00f3n Ramon Mart\u00ed i Bonet para realizar estas revisiones que consideramos urgentes para que los ni\u00f1os puedan superar un poco el tema de la brecha digital y al mismo tiempo cuidar de su vista. Por eso creo que en el tema de la vista se debe hacer mucha pedagog\u00eda.<\/p>\n<p>Se habla mucho del impacto de la COVID-19 en la psicolog\u00eda, la cantidad de consultas que se han realizado e incluso que no existen suficientes profesionales. Pero este mismo discurso deber\u00edan replicarlo en el tema de la visi\u00f3n, ya que es evidente que el tema tecnol\u00f3gico y digital ha venido para quedarse, pero esto hace que tambi\u00e9n debamos tener presente toda la problem\u00e1tica visual que esto comporta. Estaremos sentenciando el futuro de muchos ni\u00f1os y adolescentes si no ponemos manos a la obra en la problem\u00e1tica visual.<\/p>\n<p><b>Por \u00faltimo, \u00bfqu\u00e9 consejo dar\u00edas a toda esa gente que est\u00e1 empezando en el mundo del voluntariado?<\/b><\/p>\n<p>Yo creo que la soluci\u00f3n para conseguir realmente este mundo mejor y m\u00e1s solidario que queremos tener es que hacemos la prueba de acercarnos a las personas de km 0, que a nuestro alrededor tienen alguna necesidad, y luego preguntarnos: con el que soy y con lo que tengo, \u00bfqu\u00e9 puedo hacer para que alguien est\u00e9 mejor?<\/p>\n<p>Y a partir de ah\u00ed, siempre con el coraz\u00f3n disponible, encontraremos alguna necesidad, alg\u00fan dolor para aligerar, alguna persona que acompa\u00f1ar, alguna persona que necesita una simple sonrisa. Esto nos aportar\u00e1 un retorno de la satisfacci\u00f3n que nos ayudar\u00e1 a descubrir que es mucho m\u00e1s feliz lo que es capaz de compartir que aquel que est\u00e1 esperando recibir y que la vida le d\u00e9 todo.<\/p>\n<p><b>Much\u00edsimas gracias por concedernos esta entrevista, Sor Luc\u00eda. Ha sido todo un placer poder conocer tus consejos y experiencias que has vivido, tanto de la mano de la Fundaci\u00f3n Ramon Mart\u00ed i Bonet como en tu largo recorrido personal dentro del mundo del voluntariado y los movimientos sociales.<\/b><\/p>\n<p>&nbsp;<\/p>\n","protected":false},"excerpt":{"rendered":"<p>\u201cEstaremos sentenciando en futuro de muchos ni\u00f1os, ni\u00f1as y adolescentes si no nos ponemos manos a la obra con la problem\u00e1tica\u201d Sor Luc\u00eda Caram se define en las redes sociales como monja contemplativa y explica que de ella dicen que es una monja inquieta e inquietante. \u201cYo s\u00f3lo intento ser feliz y hacer felices a [&hellip;]<\/p>\n","protected":false},"author":1,"featured_media":341,"comment_status":"closed","ping_status":"closed","sticky":false,"template":"","format":"standard","meta":{"_acf_changed":false,"footnotes":""},"categories":[1],"tags":[],"acf":[],"yoast_head":"<!-- This site is optimized with the Yoast SEO plugin v22.5 - https:\/\/yoast.com\/wordpress\/plugins\/seo\/ -->\n<title>Sor Luc\u00eda Caram \u201cEs necesario hacer pedagog\u00eda de las revisiones visuales\u201d - Fundaci\u00f3 Ram\u00f3n Mart\u00ed i Bonet<\/title>\n<meta name=\"robots\" content=\"index, follow, max-snippet:-1, max-image-preview:large, max-video-preview:-1\" \/>\n<link rel=\"canonical\" href=\"https:\/\/fundacioramonmartibonet.org\/es\/2022\/03\/sor-lucia-caram-es-necesario-hacer-pedagogia-de-las-revisiones-visuales\/\" \/>\n<meta property=\"og:locale\" content=\"es_ES\" \/>\n<meta property=\"og:type\" content=\"article\" \/>\n<meta property=\"og:title\" content=\"Sor Luc\u00eda Caram \u201cEs necesario hacer pedagog\u00eda de las revisiones visuales\u201d - Fundaci\u00f3 Ram\u00f3n Mart\u00ed i Bonet\" \/>\n<meta property=\"og:description\" content=\"\u201cEstaremos sentenciando en futuro de muchos ni\u00f1os, ni\u00f1as y adolescentes si no nos ponemos manos a la obra con la problem\u00e1tica\u201d Sor Luc\u00eda Caram se define en las redes sociales como monja contemplativa y explica que de ella dicen que es una monja inquieta e inquietante. \u201cYo s\u00f3lo intento ser feliz y hacer felices a [&hellip;]\" \/>\n<meta property=\"og:url\" content=\"https:\/\/fundacioramonmartibonet.org\/es\/2022\/03\/sor-lucia-caram-es-necesario-hacer-pedagogia-de-las-revisiones-visuales\/\" \/>\n<meta property=\"og:site_name\" content=\"Fundaci\u00f3 Ram\u00f3n Mart\u00ed i Bonet\" \/>\n<meta property=\"article:publisher\" content=\"https:\/\/www.facebook.com\/FundacioRamonMartiBonet\" \/>\n<meta property=\"article:published_time\" content=\"2022-03-22T15:08:14+00:00\" \/>\n<meta property=\"article:modified_time\" content=\"2025-07-16T09:23:01+00:00\" \/>\n<meta property=\"og:image\" content=\"https:\/\/fundacioramonmartibonet.org\/wp-content\/uploads\/2023\/07\/sor-lucia.jpg\" \/>\n\t<meta property=\"og:image:width\" content=\"1398\" \/>\n\t<meta property=\"og:image:height\" content=\"747\" \/>\n\t<meta property=\"og:image:type\" content=\"image\/jpeg\" \/>\n<meta name=\"author\" content=\"frmb\" \/>\n<meta name=\"twitter:card\" content=\"summary_large_image\" \/>\n<meta name=\"twitter:creator\" content=\"@FundacioRMB\" \/>\n<meta name=\"twitter:site\" content=\"@FundacioRMB\" \/>\n<script type=\"application\/ld+json\" class=\"yoast-schema-graph\">{\"@context\":\"https:\/\/schema.org\",\"@graph\":[{\"@type\":\"Article\",\"@id\":\"https:\/\/fundacioramonmartibonet.org\/es\/2022\/03\/sor-lucia-caram-es-necesario-hacer-pedagogia-de-las-revisiones-visuales\/#article\",\"isPartOf\":{\"@id\":\"https:\/\/fundacioramonmartibonet.org\/es\/2022\/03\/sor-lucia-caram-es-necesario-hacer-pedagogia-de-las-revisiones-visuales\/\"},\"author\":{\"name\":\"frmb\",\"@id\":\"https:\/\/fundacioramonmartibonet.org\/es\/#\/schema\/person\/2aff0a7acd543144a2c66b34132697b6\"},\"headline\":\"Sor Luc\u00eda Caram \u201cEs necesario hacer pedagog\u00eda de las revisiones visuales\u201d\",\"datePublished\":\"2022-03-22T15:08:14+00:00\",\"dateModified\":\"2025-07-16T09:23:01+00:00\",\"mainEntityOfPage\":{\"@id\":\"https:\/\/fundacioramonmartibonet.org\/es\/2022\/03\/sor-lucia-caram-es-necesario-hacer-pedagogia-de-las-revisiones-visuales\/\"},\"wordCount\":2009,\"publisher\":{\"@id\":\"https:\/\/fundacioramonmartibonet.org\/es\/#organization\"},\"image\":{\"@id\":\"https:\/\/fundacioramonmartibonet.org\/es\/2022\/03\/sor-lucia-caram-es-necesario-hacer-pedagogia-de-las-revisiones-visuales\/#primaryimage\"},\"thumbnailUrl\":\"https:\/\/fundacioramonmartibonet.org\/wp-content\/uploads\/2023\/07\/sor-lucia.jpg\",\"articleSection\":[\"Sin categorizar\"],\"inLanguage\":\"es\"},{\"@type\":\"WebPage\",\"@id\":\"https:\/\/fundacioramonmartibonet.org\/es\/2022\/03\/sor-lucia-caram-es-necesario-hacer-pedagogia-de-las-revisiones-visuales\/\",\"url\":\"https:\/\/fundacioramonmartibonet.org\/es\/2022\/03\/sor-lucia-caram-es-necesario-hacer-pedagogia-de-las-revisiones-visuales\/\",\"name\":\"Sor Luc\u00eda Caram \u201cEs necesario hacer pedagog\u00eda de las revisiones visuales\u201d - Fundaci\u00f3 Ram\u00f3n Mart\u00ed i Bonet\",\"isPartOf\":{\"@id\":\"https:\/\/fundacioramonmartibonet.org\/es\/#website\"},\"primaryImageOfPage\":{\"@id\":\"https:\/\/fundacioramonmartibonet.org\/es\/2022\/03\/sor-lucia-caram-es-necesario-hacer-pedagogia-de-las-revisiones-visuales\/#primaryimage\"},\"image\":{\"@id\":\"https:\/\/fundacioramonmartibonet.org\/es\/2022\/03\/sor-lucia-caram-es-necesario-hacer-pedagogia-de-las-revisiones-visuales\/#primaryimage\"},\"thumbnailUrl\":\"https:\/\/fundacioramonmartibonet.org\/wp-content\/uploads\/2023\/07\/sor-lucia.jpg\",\"datePublished\":\"2022-03-22T15:08:14+00:00\",\"dateModified\":\"2025-07-16T09:23:01+00:00\",\"breadcrumb\":{\"@id\":\"https:\/\/fundacioramonmartibonet.org\/es\/2022\/03\/sor-lucia-caram-es-necesario-hacer-pedagogia-de-las-revisiones-visuales\/#breadcrumb\"},\"inLanguage\":\"es\",\"potentialAction\":[{\"@type\":\"ReadAction\",\"target\":[\"https:\/\/fundacioramonmartibonet.org\/es\/2022\/03\/sor-lucia-caram-es-necesario-hacer-pedagogia-de-las-revisiones-visuales\/\"]}]},{\"@type\":\"ImageObject\",\"inLanguage\":\"es\",\"@id\":\"https:\/\/fundacioramonmartibonet.org\/es\/2022\/03\/sor-lucia-caram-es-necesario-hacer-pedagogia-de-las-revisiones-visuales\/#primaryimage\",\"url\":\"https:\/\/fundacioramonmartibonet.org\/wp-content\/uploads\/2023\/07\/sor-lucia.jpg\",\"contentUrl\":\"https:\/\/fundacioramonmartibonet.org\/wp-content\/uploads\/2023\/07\/sor-lucia.jpg\",\"width\":1398,\"height\":747},{\"@type\":\"BreadcrumbList\",\"@id\":\"https:\/\/fundacioramonmartibonet.org\/es\/2022\/03\/sor-lucia-caram-es-necesario-hacer-pedagogia-de-las-revisiones-visuales\/#breadcrumb\",\"itemListElement\":[{\"@type\":\"ListItem\",\"position\":1,\"name\":\"Home\",\"item\":\"https:\/\/fundacioramonmartibonet.org\/es\/\"},{\"@type\":\"ListItem\",\"position\":2,\"name\":\"Sor Luc\u00eda Caram \u201cEs necesario hacer pedagog\u00eda de las revisiones visuales\u201d\"}]},{\"@type\":\"WebSite\",\"@id\":\"https:\/\/fundacioramonmartibonet.org\/es\/#website\",\"url\":\"https:\/\/fundacioramonmartibonet.org\/es\/\",\"name\":\"Fundaci\u00f3 Ramon Mart\u00ed i Bonet\",\"description\":\"Visi\u00f3 per a tothom\",\"publisher\":{\"@id\":\"https:\/\/fundacioramonmartibonet.org\/es\/#organization\"},\"alternateName\":\"FRMB\",\"potentialAction\":[{\"@type\":\"SearchAction\",\"target\":{\"@type\":\"EntryPoint\",\"urlTemplate\":\"https:\/\/fundacioramonmartibonet.org\/es\/?s={search_term_string}\"},\"query-input\":\"required name=search_term_string\"}],\"inLanguage\":\"es\"},{\"@type\":\"Organization\",\"@id\":\"https:\/\/fundacioramonmartibonet.org\/es\/#organization\",\"name\":\"Fundaci\u00f3 Ramon Mart\u00ed i Bonet\",\"alternateName\":\"FRMB\",\"url\":\"https:\/\/fundacioramonmartibonet.org\/es\/\",\"logo\":{\"@type\":\"ImageObject\",\"inLanguage\":\"es\",\"@id\":\"https:\/\/fundacioramonmartibonet.org\/es\/#\/schema\/logo\/image\/\",\"url\":\"https:\/\/fundacioramonmartibonet.org\/wp-content\/uploads\/2023\/06\/frmb.svg\",\"contentUrl\":\"https:\/\/fundacioramonmartibonet.org\/wp-content\/uploads\/2023\/06\/frmb.svg\",\"width\":900,\"height\":280,\"caption\":\"Fundaci\u00f3 Ramon Mart\u00ed i Bonet\"},\"image\":{\"@id\":\"https:\/\/fundacioramonmartibonet.org\/es\/#\/schema\/logo\/image\/\"},\"sameAs\":[\"https:\/\/www.facebook.com\/FundacioRamonMartiBonet\",\"https:\/\/x.com\/FundacioRMB\",\"https:\/\/www.youtube.com\/channel\/UCNyN8HH4tz3ybIBubLBiSog\",\"https:\/\/www.instagram.com\/fundaciormb\/\",\"https:\/\/www.linkedin.com\/company\/fundacio-ramon-marto-i-bonet-contra-la-ceguera\/\"]},{\"@type\":\"Person\",\"@id\":\"https:\/\/fundacioramonmartibonet.org\/es\/#\/schema\/person\/2aff0a7acd543144a2c66b34132697b6\",\"name\":\"frmb\",\"image\":{\"@type\":\"ImageObject\",\"inLanguage\":\"es\",\"@id\":\"https:\/\/fundacioramonmartibonet.org\/es\/#\/schema\/person\/image\/\",\"url\":\"https:\/\/secure.gravatar.com\/avatar\/83d1ae228f5a77eb42b308490c6dcca6?s=96&d=mm&r=g\",\"contentUrl\":\"https:\/\/secure.gravatar.com\/avatar\/83d1ae228f5a77eb42b308490c6dcca6?s=96&d=mm&r=g\",\"caption\":\"frmb\"},\"sameAs\":[\"https:\/\/fundacioramonmartibonet.org\"],\"url\":\"https:\/\/fundacioramonmartibonet.org\/es\/author\/frmb\/\"}]}<\/script>\n<!-- \/ Yoast SEO plugin. -->","yoast_head_json":{"title":"Sor Luc\u00eda Caram \u201cEs necesario hacer pedagog\u00eda de las revisiones visuales\u201d - Fundaci\u00f3 Ram\u00f3n Mart\u00ed i Bonet","robots":{"index":"index","follow":"follow","max-snippet":"max-snippet:-1","max-image-preview":"max-image-preview:large","max-video-preview":"max-video-preview:-1"},"canonical":"https:\/\/fundacioramonmartibonet.org\/es\/2022\/03\/sor-lucia-caram-es-necesario-hacer-pedagogia-de-las-revisiones-visuales\/","og_locale":"es_ES","og_type":"article","og_title":"Sor Luc\u00eda Caram \u201cEs necesario hacer pedagog\u00eda de las revisiones visuales\u201d - Fundaci\u00f3 Ram\u00f3n Mart\u00ed i Bonet","og_description":"\u201cEstaremos sentenciando en futuro de muchos ni\u00f1os, ni\u00f1as y adolescentes si no nos ponemos manos a la obra con la problem\u00e1tica\u201d Sor Luc\u00eda Caram se define en las redes sociales como monja contemplativa y explica que de ella dicen que es una monja inquieta e inquietante. \u201cYo s\u00f3lo intento ser feliz y hacer felices a [&hellip;]","og_url":"https:\/\/fundacioramonmartibonet.org\/es\/2022\/03\/sor-lucia-caram-es-necesario-hacer-pedagogia-de-las-revisiones-visuales\/","og_site_name":"Fundaci\u00f3 Ram\u00f3n Mart\u00ed i Bonet","article_publisher":"https:\/\/www.facebook.com\/FundacioRamonMartiBonet","article_published_time":"2022-03-22T15:08:14+00:00","article_modified_time":"2025-07-16T09:23:01+00:00","og_image":[{"width":1398,"height":747,"url":"https:\/\/fundacioramonmartibonet.org\/wp-content\/uploads\/2023\/07\/sor-lucia.jpg","type":"image\/jpeg"}],"author":"frmb","twitter_card":"summary_large_image","twitter_creator":"@FundacioRMB","twitter_site":"@FundacioRMB","schema":{"@context":"https:\/\/schema.org","@graph":[{"@type":"Article","@id":"https:\/\/fundacioramonmartibonet.org\/es\/2022\/03\/sor-lucia-caram-es-necesario-hacer-pedagogia-de-las-revisiones-visuales\/#article","isPartOf":{"@id":"https:\/\/fundacioramonmartibonet.org\/es\/2022\/03\/sor-lucia-caram-es-necesario-hacer-pedagogia-de-las-revisiones-visuales\/"},"author":{"name":"frmb","@id":"https:\/\/fundacioramonmartibonet.org\/es\/#\/schema\/person\/2aff0a7acd543144a2c66b34132697b6"},"headline":"Sor Luc\u00eda Caram \u201cEs necesario hacer pedagog\u00eda de las revisiones visuales\u201d","datePublished":"2022-03-22T15:08:14+00:00","dateModified":"2025-07-16T09:23:01+00:00","mainEntityOfPage":{"@id":"https:\/\/fundacioramonmartibonet.org\/es\/2022\/03\/sor-lucia-caram-es-necesario-hacer-pedagogia-de-las-revisiones-visuales\/"},"wordCount":2009,"publisher":{"@id":"https:\/\/fundacioramonmartibonet.org\/es\/#organization"},"image":{"@id":"https:\/\/fundacioramonmartibonet.org\/es\/2022\/03\/sor-lucia-caram-es-necesario-hacer-pedagogia-de-las-revisiones-visuales\/#primaryimage"},"thumbnailUrl":"https:\/\/fundacioramonmartibonet.org\/wp-content\/uploads\/2023\/07\/sor-lucia.jpg","articleSection":["Sin categorizar"],"inLanguage":"es"},{"@type":"WebPage","@id":"https:\/\/fundacioramonmartibonet.org\/es\/2022\/03\/sor-lucia-caram-es-necesario-hacer-pedagogia-de-las-revisiones-visuales\/","url":"https:\/\/fundacioramonmartibonet.org\/es\/2022\/03\/sor-lucia-caram-es-necesario-hacer-pedagogia-de-las-revisiones-visuales\/","name":"Sor Luc\u00eda Caram \u201cEs necesario hacer pedagog\u00eda de las revisiones visuales\u201d - Fundaci\u00f3 Ram\u00f3n Mart\u00ed i Bonet","isPartOf":{"@id":"https:\/\/fundacioramonmartibonet.org\/es\/#website"},"primaryImageOfPage":{"@id":"https:\/\/fundacioramonmartibonet.org\/es\/2022\/03\/sor-lucia-caram-es-necesario-hacer-pedagogia-de-las-revisiones-visuales\/#primaryimage"},"image":{"@id":"https:\/\/fundacioramonmartibonet.org\/es\/2022\/03\/sor-lucia-caram-es-necesario-hacer-pedagogia-de-las-revisiones-visuales\/#primaryimage"},"thumbnailUrl":"https:\/\/fundacioramonmartibonet.org\/wp-content\/uploads\/2023\/07\/sor-lucia.jpg","datePublished":"2022-03-22T15:08:14+00:00","dateModified":"2025-07-16T09:23:01+00:00","breadcrumb":{"@id":"https:\/\/fundacioramonmartibonet.org\/es\/2022\/03\/sor-lucia-caram-es-necesario-hacer-pedagogia-de-las-revisiones-visuales\/#breadcrumb"},"inLanguage":"es","potentialAction":[{"@type":"ReadAction","target":["https:\/\/fundacioramonmartibonet.org\/es\/2022\/03\/sor-lucia-caram-es-necesario-hacer-pedagogia-de-las-revisiones-visuales\/"]}]},{"@type":"ImageObject","inLanguage":"es","@id":"https:\/\/fundacioramonmartibonet.org\/es\/2022\/03\/sor-lucia-caram-es-necesario-hacer-pedagogia-de-las-revisiones-visuales\/#primaryimage","url":"https:\/\/fundacioramonmartibonet.org\/wp-content\/uploads\/2023\/07\/sor-lucia.jpg","contentUrl":"https:\/\/fundacioramonmartibonet.org\/wp-content\/uploads\/2023\/07\/sor-lucia.jpg","width":1398,"height":747},{"@type":"BreadcrumbList","@id":"https:\/\/fundacioramonmartibonet.org\/es\/2022\/03\/sor-lucia-caram-es-necesario-hacer-pedagogia-de-las-revisiones-visuales\/#breadcrumb","itemListElement":[{"@type":"ListItem","position":1,"name":"Home","item":"https:\/\/fundacioramonmartibonet.org\/es\/"},{"@type":"ListItem","position":2,"name":"Sor Luc\u00eda Caram \u201cEs necesario hacer pedagog\u00eda de las revisiones visuales\u201d"}]},{"@type":"WebSite","@id":"https:\/\/fundacioramonmartibonet.org\/es\/#website","url":"https:\/\/fundacioramonmartibonet.org\/es\/","name":"Fundaci\u00f3 Ramon Mart\u00ed i Bonet","description":"Visi\u00f3 per a tothom","publisher":{"@id":"https:\/\/fundacioramonmartibonet.org\/es\/#organization"},"alternateName":"FRMB","potentialAction":[{"@type":"SearchAction","target":{"@type":"EntryPoint","urlTemplate":"https:\/\/fundacioramonmartibonet.org\/es\/?s={search_term_string}"},"query-input":"required name=search_term_string"}],"inLanguage":"es"},{"@type":"Organization","@id":"https:\/\/fundacioramonmartibonet.org\/es\/#organization","name":"Fundaci\u00f3 Ramon Mart\u00ed i Bonet","alternateName":"FRMB","url":"https:\/\/fundacioramonmartibonet.org\/es\/","logo":{"@type":"ImageObject","inLanguage":"es","@id":"https:\/\/fundacioramonmartibonet.org\/es\/#\/schema\/logo\/image\/","url":"https:\/\/fundacioramonmartibonet.org\/wp-content\/uploads\/2023\/06\/frmb.svg","contentUrl":"https:\/\/fundacioramonmartibonet.org\/wp-content\/uploads\/2023\/06\/frmb.svg","width":900,"height":280,"caption":"Fundaci\u00f3 Ramon Mart\u00ed i Bonet"},"image":{"@id":"https:\/\/fundacioramonmartibonet.org\/es\/#\/schema\/logo\/image\/"},"sameAs":["https:\/\/www.facebook.com\/FundacioRamonMartiBonet","https:\/\/x.com\/FundacioRMB","https:\/\/www.youtube.com\/channel\/UCNyN8HH4tz3ybIBubLBiSog","https:\/\/www.instagram.com\/fundaciormb\/","https:\/\/www.linkedin.com\/company\/fundacio-ramon-marto-i-bonet-contra-la-ceguera\/"]},{"@type":"Person","@id":"https:\/\/fundacioramonmartibonet.org\/es\/#\/schema\/person\/2aff0a7acd543144a2c66b34132697b6","name":"frmb","image":{"@type":"ImageObject","inLanguage":"es","@id":"https:\/\/fundacioramonmartibonet.org\/es\/#\/schema\/person\/image\/","url":"https:\/\/secure.gravatar.com\/avatar\/83d1ae228f5a77eb42b308490c6dcca6?s=96&d=mm&r=g","contentUrl":"https:\/\/secure.gravatar.com\/avatar\/83d1ae228f5a77eb42b308490c6dcca6?s=96&d=mm&r=g","caption":"frmb"},"sameAs":["https:\/\/fundacioramonmartibonet.org"],"url":"https:\/\/fundacioramonmartibonet.org\/es\/author\/frmb\/"}]}},"_links":{"self":[{"href":"https:\/\/fundacioramonmartibonet.org\/es\/wp-json\/wp\/v2\/posts\/664"}],"collection":[{"href":"https:\/\/fundacioramonmartibonet.org\/es\/wp-json\/wp\/v2\/posts"}],"about":[{"href":"https:\/\/fundacioramonmartibonet.org\/es\/wp-json\/wp\/v2\/types\/post"}],"author":[{"embeddable":true,"href":"https:\/\/fundacioramonmartibonet.org\/es\/wp-json\/wp\/v2\/users\/1"}],"replies":[{"embeddable":true,"href":"https:\/\/fundacioramonmartibonet.org\/es\/wp-json\/wp\/v2\/comments?post=664"}],"version-history":[{"count":1,"href":"https:\/\/fundacioramonmartibonet.org\/es\/wp-json\/wp\/v2\/posts\/664\/revisions"}],"predecessor-version":[{"id":667,"href":"https:\/\/fundacioramonmartibonet.org\/es\/wp-json\/wp\/v2\/posts\/664\/revisions\/667"}],"wp:featuredmedia":[{"embeddable":true,"href":"https:\/\/fundacioramonmartibonet.org\/es\/wp-json\/wp\/v2\/media\/341"}],"wp:attachment":[{"href":"https:\/\/fundacioramonmartibonet.org\/es\/wp-json\/wp\/v2\/media?parent=664"}],"wp:term":[{"taxonomy":"category","embeddable":true,"href":"https:\/\/fundacioramonmartibonet.org\/es\/wp-json\/wp\/v2\/categories?post=664"},{"taxonomy":"post_tag","embeddable":true,"href":"https:\/\/fundacioramonmartibonet.org\/es\/wp-json\/wp\/v2\/tags?post=664"}],"curies":[{"name":"wp","href":"https:\/\/api.w.org\/{rel}","templated":true}]}}