{"id":659,"date":"2021-11-11T10:36:52","date_gmt":"2021-11-11T10:36:52","guid":{"rendered":"https:\/\/fundacioramonmartibonet.org\/2021\/11\/la-fundacion-ramon-marti-i-bonet-inaugura-una-jornada-solidaria-en-colaboracion-con-optica-y-audiologia-universitaria\/"},"modified":"2025-07-16T09:23:02","modified_gmt":"2025-07-16T09:23:02","slug":"la-fundacion-ramon-marti-i-bonet-inaugura-una-jornada-solidaria-en-colaboracion-con-optica-y-audiologia-universitaria","status":"publish","type":"post","link":"https:\/\/fundacioramonmartibonet.org\/es\/2021\/11\/la-fundacion-ramon-marti-i-bonet-inaugura-una-jornada-solidaria-en-colaboracion-con-optica-y-audiologia-universitaria\/","title":{"rendered":"La Fundaci\u00f3n Ramon Mart\u00ed i Bonet inaugura una jornada solidaria en colaboraci\u00f3n con \u00d3ptica y Audiolog\u00eda Universitaria"},"content":{"rendered":"<p>La <a href=\"http:\/\/fundacioramonmartibonet.org\/\">Fundaci\u00f3n Ramon Mart\u00ed i Bonet<\/a> contra la ceguera ha firmado un nuevo convenio que tiene como objetivo ofrecer a todos aquellos pacientes provenientes de entidades sociales una revisi\u00f3n completa por parte de los optometristas de <a href=\"https:\/\/www.opticauniversitaria.es\/\">\u00d3ptica y Audiolog\u00eda Universitaria<\/a>.<\/p>\n<p>Mediante esta nueva colaboraci\u00f3n, la Fundaci\u00f3n Ramon Mart\u00ed i Bonet ofrecer\u00e1 mensualmente atenci\u00f3n optom\u00e9trica a 20 pacientes en riesgo de exclusi\u00f3n social. La primera jornada solidaria, celebrada el pasado 21 de octubre en la calle Mandri, incluy\u00f3 un estudio de la graduaci\u00f3n, la elecci\u00f3n de monturas y la realizaci\u00f3n de diferentes pruebas necesarias por la revisi\u00f3n oftalmol\u00f3gica, tales como la retinograf\u00eda o el estudio de la presi\u00f3n ocular.<\/p>\n<p>Adicionalmente, el acontecimiento cuenta con la participaci\u00f3n de diferentes patrones de la fundaci\u00f3n y voluntarios, como es el caso de Sor Lucia Caram. La impulsora de la Fundaci\u00f3n del Convento de Santa Clara y del programa Invulnerables contra la pobreza infantil, que atiende a familias desfavorecidas, ha acompa\u00f1ado en la segunda jornada solidaria a una treintena de ni\u00f1os y adolescentes en la revisi\u00f3n optom\u00e9trica de este mes de noviembre.<\/p>\n<p>El objetivo de la Fundaci\u00f3n Ramon Mart\u00ed i Bonet, especialmente en estos momentos, es el de no dejar nadie atr\u00e1s y dar acceso a asistencia oftalmol\u00f3gica a quien lo necesite. Esto acontece una oportunidad de futuro por mucha gente con dificultades y es imprescindible para salvaguardar algo tan preciado como nuestra visi\u00f3n.<\/p>\n","protected":false},"excerpt":{"rendered":"<p>La Fundaci\u00f3n Ramon Mart\u00ed i Bonet contra la ceguera ha firmado un nuevo convenio que tiene como objetivo ofrecer a todos aquellos pacientes provenientes de entidades sociales una revisi\u00f3n completa por parte de los optometristas de \u00d3ptica y Audiolog\u00eda Universitaria. Mediante esta nueva colaboraci\u00f3n, la Fundaci\u00f3n Ramon Mart\u00ed i Bonet ofrecer\u00e1 mensualmente atenci\u00f3n optom\u00e9trica a [&hellip;]<\/p>\n","protected":false},"author":1,"featured_media":335,"comment_status":"closed","ping_status":"closed","sticky":false,"template":"","format":"standard","meta":{"_acf_changed":false,"footnotes":""},"categories":[1],"tags":[],"acf":[],"yoast_head":"<!-- This site is optimized with the Yoast SEO plugin v22.5 - https:\/\/yoast.com\/wordpress\/plugins\/seo\/ -->\n<title>La Fundaci\u00f3n Ramon Mart\u00ed i Bonet inaugura una jornada solidaria en colaboraci\u00f3n con \u00d3ptica y Audiolog\u00eda Universitaria - Fundaci\u00f3 Ram\u00f3n Mart\u00ed i Bonet<\/title>\n<meta name=\"robots\" content=\"index, follow, max-snippet:-1, max-image-preview:large, max-video-preview:-1\" \/>\n<link rel=\"canonical\" href=\"https:\/\/fundacioramonmartibonet.org\/es\/2021\/11\/la-fundacion-ramon-marti-i-bonet-inaugura-una-jornada-solidaria-en-colaboracion-con-optica-y-audiologia-universitaria\/\" \/>\n<meta property=\"og:locale\" content=\"es_ES\" \/>\n<meta property=\"og:type\" content=\"article\" \/>\n<meta property=\"og:title\" content=\"La Fundaci\u00f3n Ramon Mart\u00ed i Bonet inaugura una jornada solidaria en colaboraci\u00f3n con \u00d3ptica y Audiolog\u00eda Universitaria - Fundaci\u00f3 Ram\u00f3n Mart\u00ed i Bonet\" \/>\n<meta property=\"og:description\" content=\"La Fundaci\u00f3n Ramon Mart\u00ed i Bonet contra la ceguera ha firmado un nuevo convenio que tiene como objetivo ofrecer a todos aquellos pacientes provenientes de entidades sociales una revisi\u00f3n completa por parte de los optometristas de \u00d3ptica y Audiolog\u00eda Universitaria. Mediante esta nueva colaboraci\u00f3n, la Fundaci\u00f3n Ramon Mart\u00ed i Bonet ofrecer\u00e1 mensualmente atenci\u00f3n optom\u00e9trica a [&hellip;]\" \/>\n<meta property=\"og:url\" content=\"https:\/\/fundacioramonmartibonet.org\/es\/2021\/11\/la-fundacion-ramon-marti-i-bonet-inaugura-una-jornada-solidaria-en-colaboracion-con-optica-y-audiologia-universitaria\/\" \/>\n<meta property=\"og:site_name\" content=\"Fundaci\u00f3 Ram\u00f3n Mart\u00ed i Bonet\" \/>\n<meta property=\"article:publisher\" content=\"https:\/\/www.facebook.com\/FundacioRamonMartiBonet\" \/>\n<meta property=\"article:published_time\" content=\"2021-11-11T10:36:52+00:00\" \/>\n<meta property=\"article:modified_time\" content=\"2025-07-16T09:23:02+00:00\" \/>\n<meta property=\"og:image\" content=\"https:\/\/fundacioramonmartibonet.org\/wp-content\/uploads\/2023\/07\/Visita-Sor.jpg\" \/>\n\t<meta property=\"og:image:width\" content=\"1591\" \/>\n\t<meta property=\"og:image:height\" content=\"1592\" \/>\n\t<meta property=\"og:image:type\" content=\"image\/jpeg\" \/>\n<meta name=\"author\" content=\"frmb\" \/>\n<meta name=\"twitter:card\" content=\"summary_large_image\" \/>\n<meta name=\"twitter:creator\" content=\"@FundacioRMB\" \/>\n<meta name=\"twitter:site\" content=\"@FundacioRMB\" \/>\n<script type=\"application\/ld+json\" class=\"yoast-schema-graph\">{\"@context\":\"https:\/\/schema.org\",\"@graph\":[{\"@type\":\"Article\",\"@id\":\"https:\/\/fundacioramonmartibonet.org\/es\/2021\/11\/la-fundacion-ramon-marti-i-bonet-inaugura-una-jornada-solidaria-en-colaboracion-con-optica-y-audiologia-universitaria\/#article\",\"isPartOf\":{\"@id\":\"https:\/\/fundacioramonmartibonet.org\/es\/2021\/11\/la-fundacion-ramon-marti-i-bonet-inaugura-una-jornada-solidaria-en-colaboracion-con-optica-y-audiologia-universitaria\/\"},\"author\":{\"name\":\"frmb\",\"@id\":\"https:\/\/fundacioramonmartibonet.org\/es\/#\/schema\/person\/2aff0a7acd543144a2c66b34132697b6\"},\"headline\":\"La Fundaci\u00f3n Ramon Mart\u00ed i Bonet inaugura una jornada solidaria en colaboraci\u00f3n con \u00d3ptica y Audiolog\u00eda Universitaria\",\"datePublished\":\"2021-11-11T10:36:52+00:00\",\"dateModified\":\"2025-07-16T09:23:02+00:00\",\"mainEntityOfPage\":{\"@id\":\"https:\/\/fundacioramonmartibonet.org\/es\/2021\/11\/la-fundacion-ramon-marti-i-bonet-inaugura-una-jornada-solidaria-en-colaboracion-con-optica-y-audiologia-universitaria\/\"},\"wordCount\":273,\"publisher\":{\"@id\":\"https:\/\/fundacioramonmartibonet.org\/es\/#organization\"},\"image\":{\"@id\":\"https:\/\/fundacioramonmartibonet.org\/es\/2021\/11\/la-fundacion-ramon-marti-i-bonet-inaugura-una-jornada-solidaria-en-colaboracion-con-optica-y-audiologia-universitaria\/#primaryimage\"},\"thumbnailUrl\":\"https:\/\/fundacioramonmartibonet.org\/wp-content\/uploads\/2023\/07\/Visita-Sor.jpg\",\"articleSection\":[\"Sin categorizar\"],\"inLanguage\":\"es\"},{\"@type\":\"WebPage\",\"@id\":\"https:\/\/fundacioramonmartibonet.org\/es\/2021\/11\/la-fundacion-ramon-marti-i-bonet-inaugura-una-jornada-solidaria-en-colaboracion-con-optica-y-audiologia-universitaria\/\",\"url\":\"https:\/\/fundacioramonmartibonet.org\/es\/2021\/11\/la-fundacion-ramon-marti-i-bonet-inaugura-una-jornada-solidaria-en-colaboracion-con-optica-y-audiologia-universitaria\/\",\"name\":\"La Fundaci\u00f3n Ramon Mart\u00ed i Bonet inaugura una jornada solidaria en colaboraci\u00f3n con \u00d3ptica y Audiolog\u00eda Universitaria - Fundaci\u00f3 Ram\u00f3n Mart\u00ed i Bonet\",\"isPartOf\":{\"@id\":\"https:\/\/fundacioramonmartibonet.org\/es\/#website\"},\"primaryImageOfPage\":{\"@id\":\"https:\/\/fundacioramonmartibonet.org\/es\/2021\/11\/la-fundacion-ramon-marti-i-bonet-inaugura-una-jornada-solidaria-en-colaboracion-con-optica-y-audiologia-universitaria\/#primaryimage\"},\"image\":{\"@id\":\"https:\/\/fundacioramonmartibonet.org\/es\/2021\/11\/la-fundacion-ramon-marti-i-bonet-inaugura-una-jornada-solidaria-en-colaboracion-con-optica-y-audiologia-universitaria\/#primaryimage\"},\"thumbnailUrl\":\"https:\/\/fundacioramonmartibonet.org\/wp-content\/uploads\/2023\/07\/Visita-Sor.jpg\",\"datePublished\":\"2021-11-11T10:36:52+00:00\",\"dateModified\":\"2025-07-16T09:23:02+00:00\",\"breadcrumb\":{\"@id\":\"https:\/\/fundacioramonmartibonet.org\/es\/2021\/11\/la-fundacion-ramon-marti-i-bonet-inaugura-una-jornada-solidaria-en-colaboracion-con-optica-y-audiologia-universitaria\/#breadcrumb\"},\"inLanguage\":\"es\",\"potentialAction\":[{\"@type\":\"ReadAction\",\"target\":[\"https:\/\/fundacioramonmartibonet.org\/es\/2021\/11\/la-fundacion-ramon-marti-i-bonet-inaugura-una-jornada-solidaria-en-colaboracion-con-optica-y-audiologia-universitaria\/\"]}]},{\"@type\":\"ImageObject\",\"inLanguage\":\"es\",\"@id\":\"https:\/\/fundacioramonmartibonet.org\/es\/2021\/11\/la-fundacion-ramon-marti-i-bonet-inaugura-una-jornada-solidaria-en-colaboracion-con-optica-y-audiologia-universitaria\/#primaryimage\",\"url\":\"https:\/\/fundacioramonmartibonet.org\/wp-content\/uploads\/2023\/07\/Visita-Sor.jpg\",\"contentUrl\":\"https:\/\/fundacioramonmartibonet.org\/wp-content\/uploads\/2023\/07\/Visita-Sor.jpg\",\"width\":1591,\"height\":1592},{\"@type\":\"BreadcrumbList\",\"@id\":\"https:\/\/fundacioramonmartibonet.org\/es\/2021\/11\/la-fundacion-ramon-marti-i-bonet-inaugura-una-jornada-solidaria-en-colaboracion-con-optica-y-audiologia-universitaria\/#breadcrumb\",\"itemListElement\":[{\"@type\":\"ListItem\",\"position\":1,\"name\":\"Home\",\"item\":\"https:\/\/fundacioramonmartibonet.org\/es\/\"},{\"@type\":\"ListItem\",\"position\":2,\"name\":\"La Fundaci\u00f3n Ramon Mart\u00ed i Bonet inaugura una jornada solidaria en colaboraci\u00f3n con \u00d3ptica y Audiolog\u00eda Universitaria\"}]},{\"@type\":\"WebSite\",\"@id\":\"https:\/\/fundacioramonmartibonet.org\/es\/#website\",\"url\":\"https:\/\/fundacioramonmartibonet.org\/es\/\",\"name\":\"Fundaci\u00f3 Ramon Mart\u00ed i Bonet\",\"description\":\"Visi\u00f3 per a tothom\",\"publisher\":{\"@id\":\"https:\/\/fundacioramonmartibonet.org\/es\/#organization\"},\"alternateName\":\"FRMB\",\"potentialAction\":[{\"@type\":\"SearchAction\",\"target\":{\"@type\":\"EntryPoint\",\"urlTemplate\":\"https:\/\/fundacioramonmartibonet.org\/es\/?s={search_term_string}\"},\"query-input\":\"required name=search_term_string\"}],\"inLanguage\":\"es\"},{\"@type\":\"Organization\",\"@id\":\"https:\/\/fundacioramonmartibonet.org\/es\/#organization\",\"name\":\"Fundaci\u00f3 Ramon Mart\u00ed i Bonet\",\"alternateName\":\"FRMB\",\"url\":\"https:\/\/fundacioramonmartibonet.org\/es\/\",\"logo\":{\"@type\":\"ImageObject\",\"inLanguage\":\"es\",\"@id\":\"https:\/\/fundacioramonmartibonet.org\/es\/#\/schema\/logo\/image\/\",\"url\":\"https:\/\/fundacioramonmartibonet.org\/wp-content\/uploads\/2023\/06\/frmb.svg\",\"contentUrl\":\"https:\/\/fundacioramonmartibonet.org\/wp-content\/uploads\/2023\/06\/frmb.svg\",\"width\":900,\"height\":280,\"caption\":\"Fundaci\u00f3 Ramon Mart\u00ed i Bonet\"},\"image\":{\"@id\":\"https:\/\/fundacioramonmartibonet.org\/es\/#\/schema\/logo\/image\/\"},\"sameAs\":[\"https:\/\/www.facebook.com\/FundacioRamonMartiBonet\",\"https:\/\/x.com\/FundacioRMB\",\"https:\/\/www.youtube.com\/channel\/UCNyN8HH4tz3ybIBubLBiSog\",\"https:\/\/www.instagram.com\/fundaciormb\/\",\"https:\/\/www.linkedin.com\/company\/fundacio-ramon-marto-i-bonet-contra-la-ceguera\/\"]},{\"@type\":\"Person\",\"@id\":\"https:\/\/fundacioramonmartibonet.org\/es\/#\/schema\/person\/2aff0a7acd543144a2c66b34132697b6\",\"name\":\"frmb\",\"image\":{\"@type\":\"ImageObject\",\"inLanguage\":\"es\",\"@id\":\"https:\/\/fundacioramonmartibonet.org\/es\/#\/schema\/person\/image\/\",\"url\":\"https:\/\/secure.gravatar.com\/avatar\/83d1ae228f5a77eb42b308490c6dcca6?s=96&d=mm&r=g\",\"contentUrl\":\"https:\/\/secure.gravatar.com\/avatar\/83d1ae228f5a77eb42b308490c6dcca6?s=96&d=mm&r=g\",\"caption\":\"frmb\"},\"sameAs\":[\"https:\/\/fundacioramonmartibonet.org\"],\"url\":\"https:\/\/fundacioramonmartibonet.org\/es\/author\/frmb\/\"}]}<\/script>\n<!-- \/ Yoast SEO plugin. -->","yoast_head_json":{"title":"La Fundaci\u00f3n Ramon Mart\u00ed i Bonet inaugura una jornada solidaria en colaboraci\u00f3n con \u00d3ptica y Audiolog\u00eda Universitaria - Fundaci\u00f3 Ram\u00f3n Mart\u00ed i Bonet","robots":{"index":"index","follow":"follow","max-snippet":"max-snippet:-1","max-image-preview":"max-image-preview:large","max-video-preview":"max-video-preview:-1"},"canonical":"https:\/\/fundacioramonmartibonet.org\/es\/2021\/11\/la-fundacion-ramon-marti-i-bonet-inaugura-una-jornada-solidaria-en-colaboracion-con-optica-y-audiologia-universitaria\/","og_locale":"es_ES","og_type":"article","og_title":"La Fundaci\u00f3n Ramon Mart\u00ed i Bonet inaugura una jornada solidaria en colaboraci\u00f3n con \u00d3ptica y Audiolog\u00eda Universitaria - Fundaci\u00f3 Ram\u00f3n Mart\u00ed i Bonet","og_description":"La Fundaci\u00f3n Ramon Mart\u00ed i Bonet contra la ceguera ha firmado un nuevo convenio que tiene como objetivo ofrecer a todos aquellos pacientes provenientes de entidades sociales una revisi\u00f3n completa por parte de los optometristas de \u00d3ptica y Audiolog\u00eda Universitaria. Mediante esta nueva colaboraci\u00f3n, la Fundaci\u00f3n Ramon Mart\u00ed i Bonet ofrecer\u00e1 mensualmente atenci\u00f3n optom\u00e9trica a [&hellip;]","og_url":"https:\/\/fundacioramonmartibonet.org\/es\/2021\/11\/la-fundacion-ramon-marti-i-bonet-inaugura-una-jornada-solidaria-en-colaboracion-con-optica-y-audiologia-universitaria\/","og_site_name":"Fundaci\u00f3 Ram\u00f3n Mart\u00ed i Bonet","article_publisher":"https:\/\/www.facebook.com\/FundacioRamonMartiBonet","article_published_time":"2021-11-11T10:36:52+00:00","article_modified_time":"2025-07-16T09:23:02+00:00","og_image":[{"width":1591,"height":1592,"url":"https:\/\/fundacioramonmartibonet.org\/wp-content\/uploads\/2023\/07\/Visita-Sor.jpg","type":"image\/jpeg"}],"author":"frmb","twitter_card":"summary_large_image","twitter_creator":"@FundacioRMB","twitter_site":"@FundacioRMB","schema":{"@context":"https:\/\/schema.org","@graph":[{"@type":"Article","@id":"https:\/\/fundacioramonmartibonet.org\/es\/2021\/11\/la-fundacion-ramon-marti-i-bonet-inaugura-una-jornada-solidaria-en-colaboracion-con-optica-y-audiologia-universitaria\/#article","isPartOf":{"@id":"https:\/\/fundacioramonmartibonet.org\/es\/2021\/11\/la-fundacion-ramon-marti-i-bonet-inaugura-una-jornada-solidaria-en-colaboracion-con-optica-y-audiologia-universitaria\/"},"author":{"name":"frmb","@id":"https:\/\/fundacioramonmartibonet.org\/es\/#\/schema\/person\/2aff0a7acd543144a2c66b34132697b6"},"headline":"La Fundaci\u00f3n Ramon Mart\u00ed i Bonet inaugura una jornada solidaria en colaboraci\u00f3n con \u00d3ptica y Audiolog\u00eda Universitaria","datePublished":"2021-11-11T10:36:52+00:00","dateModified":"2025-07-16T09:23:02+00:00","mainEntityOfPage":{"@id":"https:\/\/fundacioramonmartibonet.org\/es\/2021\/11\/la-fundacion-ramon-marti-i-bonet-inaugura-una-jornada-solidaria-en-colaboracion-con-optica-y-audiologia-universitaria\/"},"wordCount":273,"publisher":{"@id":"https:\/\/fundacioramonmartibonet.org\/es\/#organization"},"image":{"@id":"https:\/\/fundacioramonmartibonet.org\/es\/2021\/11\/la-fundacion-ramon-marti-i-bonet-inaugura-una-jornada-solidaria-en-colaboracion-con-optica-y-audiologia-universitaria\/#primaryimage"},"thumbnailUrl":"https:\/\/fundacioramonmartibonet.org\/wp-content\/uploads\/2023\/07\/Visita-Sor.jpg","articleSection":["Sin categorizar"],"inLanguage":"es"},{"@type":"WebPage","@id":"https:\/\/fundacioramonmartibonet.org\/es\/2021\/11\/la-fundacion-ramon-marti-i-bonet-inaugura-una-jornada-solidaria-en-colaboracion-con-optica-y-audiologia-universitaria\/","url":"https:\/\/fundacioramonmartibonet.org\/es\/2021\/11\/la-fundacion-ramon-marti-i-bonet-inaugura-una-jornada-solidaria-en-colaboracion-con-optica-y-audiologia-universitaria\/","name":"La Fundaci\u00f3n Ramon Mart\u00ed i Bonet inaugura una jornada solidaria en colaboraci\u00f3n con \u00d3ptica y Audiolog\u00eda Universitaria - Fundaci\u00f3 Ram\u00f3n Mart\u00ed i Bonet","isPartOf":{"@id":"https:\/\/fundacioramonmartibonet.org\/es\/#website"},"primaryImageOfPage":{"@id":"https:\/\/fundacioramonmartibonet.org\/es\/2021\/11\/la-fundacion-ramon-marti-i-bonet-inaugura-una-jornada-solidaria-en-colaboracion-con-optica-y-audiologia-universitaria\/#primaryimage"},"image":{"@id":"https:\/\/fundacioramonmartibonet.org\/es\/2021\/11\/la-fundacion-ramon-marti-i-bonet-inaugura-una-jornada-solidaria-en-colaboracion-con-optica-y-audiologia-universitaria\/#primaryimage"},"thumbnailUrl":"https:\/\/fundacioramonmartibonet.org\/wp-content\/uploads\/2023\/07\/Visita-Sor.jpg","datePublished":"2021-11-11T10:36:52+00:00","dateModified":"2025-07-16T09:23:02+00:00","breadcrumb":{"@id":"https:\/\/fundacioramonmartibonet.org\/es\/2021\/11\/la-fundacion-ramon-marti-i-bonet-inaugura-una-jornada-solidaria-en-colaboracion-con-optica-y-audiologia-universitaria\/#breadcrumb"},"inLanguage":"es","potentialAction":[{"@type":"ReadAction","target":["https:\/\/fundacioramonmartibonet.org\/es\/2021\/11\/la-fundacion-ramon-marti-i-bonet-inaugura-una-jornada-solidaria-en-colaboracion-con-optica-y-audiologia-universitaria\/"]}]},{"@type":"ImageObject","inLanguage":"es","@id":"https:\/\/fundacioramonmartibonet.org\/es\/2021\/11\/la-fundacion-ramon-marti-i-bonet-inaugura-una-jornada-solidaria-en-colaboracion-con-optica-y-audiologia-universitaria\/#primaryimage","url":"https:\/\/fundacioramonmartibonet.org\/wp-content\/uploads\/2023\/07\/Visita-Sor.jpg","contentUrl":"https:\/\/fundacioramonmartibonet.org\/wp-content\/uploads\/2023\/07\/Visita-Sor.jpg","width":1591,"height":1592},{"@type":"BreadcrumbList","@id":"https:\/\/fundacioramonmartibonet.org\/es\/2021\/11\/la-fundacion-ramon-marti-i-bonet-inaugura-una-jornada-solidaria-en-colaboracion-con-optica-y-audiologia-universitaria\/#breadcrumb","itemListElement":[{"@type":"ListItem","position":1,"name":"Home","item":"https:\/\/fundacioramonmartibonet.org\/es\/"},{"@type":"ListItem","position":2,"name":"La Fundaci\u00f3n Ramon Mart\u00ed i Bonet inaugura una jornada solidaria en colaboraci\u00f3n con \u00d3ptica y Audiolog\u00eda Universitaria"}]},{"@type":"WebSite","@id":"https:\/\/fundacioramonmartibonet.org\/es\/#website","url":"https:\/\/fundacioramonmartibonet.org\/es\/","name":"Fundaci\u00f3 Ramon Mart\u00ed i Bonet","description":"Visi\u00f3 per a tothom","publisher":{"@id":"https:\/\/fundacioramonmartibonet.org\/es\/#organization"},"alternateName":"FRMB","potentialAction":[{"@type":"SearchAction","target":{"@type":"EntryPoint","urlTemplate":"https:\/\/fundacioramonmartibonet.org\/es\/?s={search_term_string}"},"query-input":"required name=search_term_string"}],"inLanguage":"es"},{"@type":"Organization","@id":"https:\/\/fundacioramonmartibonet.org\/es\/#organization","name":"Fundaci\u00f3 Ramon Mart\u00ed i Bonet","alternateName":"FRMB","url":"https:\/\/fundacioramonmartibonet.org\/es\/","logo":{"@type":"ImageObject","inLanguage":"es","@id":"https:\/\/fundacioramonmartibonet.org\/es\/#\/schema\/logo\/image\/","url":"https:\/\/fundacioramonmartibonet.org\/wp-content\/uploads\/2023\/06\/frmb.svg","contentUrl":"https:\/\/fundacioramonmartibonet.org\/wp-content\/uploads\/2023\/06\/frmb.svg","width":900,"height":280,"caption":"Fundaci\u00f3 Ramon Mart\u00ed i Bonet"},"image":{"@id":"https:\/\/fundacioramonmartibonet.org\/es\/#\/schema\/logo\/image\/"},"sameAs":["https:\/\/www.facebook.com\/FundacioRamonMartiBonet","https:\/\/x.com\/FundacioRMB","https:\/\/www.youtube.com\/channel\/UCNyN8HH4tz3ybIBubLBiSog","https:\/\/www.instagram.com\/fundaciormb\/","https:\/\/www.linkedin.com\/company\/fundacio-ramon-marto-i-bonet-contra-la-ceguera\/"]},{"@type":"Person","@id":"https:\/\/fundacioramonmartibonet.org\/es\/#\/schema\/person\/2aff0a7acd543144a2c66b34132697b6","name":"frmb","image":{"@type":"ImageObject","inLanguage":"es","@id":"https:\/\/fundacioramonmartibonet.org\/es\/#\/schema\/person\/image\/","url":"https:\/\/secure.gravatar.com\/avatar\/83d1ae228f5a77eb42b308490c6dcca6?s=96&d=mm&r=g","contentUrl":"https:\/\/secure.gravatar.com\/avatar\/83d1ae228f5a77eb42b308490c6dcca6?s=96&d=mm&r=g","caption":"frmb"},"sameAs":["https:\/\/fundacioramonmartibonet.org"],"url":"https:\/\/fundacioramonmartibonet.org\/es\/author\/frmb\/"}]}},"_links":{"self":[{"href":"https:\/\/fundacioramonmartibonet.org\/es\/wp-json\/wp\/v2\/posts\/659"}],"collection":[{"href":"https:\/\/fundacioramonmartibonet.org\/es\/wp-json\/wp\/v2\/posts"}],"about":[{"href":"https:\/\/fundacioramonmartibonet.org\/es\/wp-json\/wp\/v2\/types\/post"}],"author":[{"embeddable":true,"href":"https:\/\/fundacioramonmartibonet.org\/es\/wp-json\/wp\/v2\/users\/1"}],"replies":[{"embeddable":true,"href":"https:\/\/fundacioramonmartibonet.org\/es\/wp-json\/wp\/v2\/comments?post=659"}],"version-history":[{"count":1,"href":"https:\/\/fundacioramonmartibonet.org\/es\/wp-json\/wp\/v2\/posts\/659\/revisions"}],"predecessor-version":[{"id":3945,"href":"https:\/\/fundacioramonmartibonet.org\/es\/wp-json\/wp\/v2\/posts\/659\/revisions\/3945"}],"wp:featuredmedia":[{"embeddable":true,"href":"https:\/\/fundacioramonmartibonet.org\/es\/wp-json\/wp\/v2\/media\/335"}],"wp:attachment":[{"href":"https:\/\/fundacioramonmartibonet.org\/es\/wp-json\/wp\/v2\/media?parent=659"}],"wp:term":[{"taxonomy":"category","embeddable":true,"href":"https:\/\/fundacioramonmartibonet.org\/es\/wp-json\/wp\/v2\/categories?post=659"},{"taxonomy":"post_tag","embeddable":true,"href":"https:\/\/fundacioramonmartibonet.org\/es\/wp-json\/wp\/v2\/tags?post=659"}],"curies":[{"name":"wp","href":"https:\/\/api.w.org\/{rel}","templated":true}]}}