{"id":657,"date":"2021-11-30T10:05:35","date_gmt":"2021-11-30T10:05:35","guid":{"rendered":"https:\/\/fundacioramonmartibonet.org\/2021\/11\/entrevista-a-la-dra-merce-marti-nueva-presidenta-de-la-fundacion-ramon-marti-i-bonet\/"},"modified":"2025-07-16T09:23:02","modified_gmt":"2025-07-16T09:23:02","slug":"entrevista-a-la-dra-merce-marti-nueva-presidenta-de-la-fundacion-ramon-marti-i-bonet","status":"publish","type":"post","link":"https:\/\/fundacioramonmartibonet.org\/es\/2021\/11\/entrevista-a-la-dra-merce-marti-nueva-presidenta-de-la-fundacion-ramon-marti-i-bonet\/","title":{"rendered":"Entrevista a la Dra. Merc\u00e8 Mart\u00ed, nueva presidenta de la Fundaci\u00f3n Ramon Mart\u00ed i Bonet"},"content":{"rendered":"<p>La Dra. Merc\u00e8 Mart\u00ed es licenciada en Medicina y Cirug\u00eda y especialista en Oftalmolog\u00eda. Actualmente es responsable de la Unidad de Cirug\u00eda Refractiva y directora m\u00e9dica de la delegaci\u00f3n del Institut Catal\u00e0 de Retina de Terrassa. Acaba de ser nombrada presidenta de la Fundaci\u00f3n Ramon Mart\u00ed i Bonet, entidad con la que colabora desde sus inicios, tanto en las numerosas actividades solidarias que se organizan, como incluso participando en programas de cooperaci\u00f3n internacional en materia de atenci\u00f3n oftalmol\u00f3gica.<\/p>\n<p><strong>Buenos d\u00edas doctora, antes de que nada, felicidades por este nuevo cargo. \u00bfQu\u00e9 supone para usted ser la nueva presidenta de la Fundaci\u00f3n Ramon Mart\u00ed i Bonet?<\/strong><br \/>\nMuchas gracias. Para m\u00ed es un honor presidir una fundaci\u00f3n que trabaja diariamente con esta ilusi\u00f3n para ayudar las personas sin recursos a acceder a un servicio oftalmol\u00f3gico de calidad. Admiro profundamente el trabajo que ha hecho a lo largo de estos a\u00f1os el Dr. Mart\u00ed i Bonet y espero estar a la altura de este nuevo cargo.<\/p>\n<p><strong>\u00bfHab\u00eda colaborado previamente con la Fundaci\u00f3n? \u00bfDe qu\u00e9 forma?<\/strong><br \/>\nS\u00ed, hace muchos a\u00f1os que soy patrona de la Fundaci\u00f3n y que colaboro activamente, tanto como oftalm\u00f3loga ofreciendo servicio oftalmol\u00f3gico a las personas usuarias como participante en las numerosas actividades solidarias que se llevan a cabo.<\/p>\n<p><strong>\u00bfA qu\u00e9 personas est\u00e1n destinados los servicios de la Fundaci\u00f3n?<\/strong><br \/>\nLos servicios de la Fundaci\u00f3n est\u00e1n destinados a personas con d\u00e9ficit visual u otras discapacidades visuales, que se encuentran en situaci\u00f3n de vulnerabilidad o riesgo de exclusi\u00f3n y que no tienen acceso a un tratamiento por carencia de recursos econ\u00f3micos.<br \/>\nLas personas usuarias de nuestro proyecto \u201cVisi\u00f3n para todos\u201d son ni\u00f1os y j\u00f3venes que proceden de centros de servicios sociales del ayuntamiento de Barcelona, en el marco del convenio de cooperaci\u00f3n establecido este mismo a\u00f1o por entidades sociales emblem\u00e1ticas de la ciudad con las que hemos firmado un acuerdo de colaboraci\u00f3n. Es el caso del Casal de los Ni\u00f1os del Raval, el programa CaixaProinf\u00e0ncia, la Fundaci\u00f3n Pare Manel, C\u00e1ritas Diocesana de Barcelona, la Fundaci\u00f3n de Sor Luc\u00eda Caram (Fundaci\u00f3n Rosa Oriol) o el Departamento de Justicia de la Generalitat de Catalunya, entre otros.<br \/>\nAdem\u00e1s, desde el \u00faltimo trimestre del a\u00f1o hemos dado un paso m\u00e1s all\u00e1, dando tambi\u00e9n servicio a personas vulnerables de los ayuntamientos de Badalona y Santa Coloma de Gramenet, cosa que supone ampliar algo m\u00e1s nuestro alcance al \u00e1rea metropolitana de Barcelona.<\/p>\n<p><strong>\u00bfDe qu\u00e9 forma ayuda la Fundaci\u00f3n a las personas vulnerables?<\/strong><br \/>\nDesde la Fundaci\u00f3n Ramon Mart\u00ed i Bonet realizamos rastreos visuales para detectar posibles casos de baja visi\u00f3n, sobre todo en ni\u00f1os. Esto lo hacemos regularmente, por ejemplo, al Casal de los Infantes del Raval. Tambi\u00e9n colaboramos con diferentes entidades y con los servicios sociales, que derivan a la Fundaci\u00f3n los casos de d\u00e9ficit visual que detectan.<br \/>\nUna vez en la Fundaci\u00f3n, se realiza una revisi\u00f3n y se da un diagn\u00f3stico por parte de un \u00f3ptico y un oftalm\u00f3logo y se inicia el tratamiento seg\u00fan las necesidades de cada persona usuaria (gafas u otros tipos de tratamientos). Desde la Fundaci\u00f3n tambi\u00e9n adaptamos y entregamos las gafas a los pacientes.<br \/>\nIgualmente, desde hace un tiempo ofrecemos tambi\u00e9n formaci\u00f3n al personal de las entidades colaboradoras para que puedan realizar por su cuenta unas pruebas b\u00e1sicas de detecci\u00f3n de baja visi\u00f3n a las personas usuarias de sus servicios. De este modo pueden hacer una primera selecci\u00f3n de los casos con d\u00e9ficit visual y derivarlos m\u00e1s pronto a la Fundaci\u00f3n.<\/p>\n<p><strong>\u00bfQu\u00e9 consecuencias puede tener la carencia de correcci\u00f3n visual, especialmente en la infancia?<\/strong><br \/>\nEn el caso de los ni\u00f1os y ni\u00f1as, las dificultades visuales no tratadas pueden llegar a tener consecuencias muy negativas. Hemos visto muchos casos de ni\u00f1os con dificultades para leer o para seguir las explicaciones de los maestros simplemente porque no pueden verbalizar que no ven bien. El hecho de no detectar la necesidad de llevar gafas puede ocasionar casos de fracaso escolar evitable, que deriven en la dificultad o la imposibilidad de acceder a estudios superiores o a una formaci\u00f3n laboral que se ajuste a las capacidades reales del ni\u00f1o o joven. En el caso de las personas adultas, la carencia de una correcci\u00f3n visual adecuada puede cerrar muchas puertas, sobre todo a nivel profesional. En estos casos, recibir una atenci\u00f3n oftalmol\u00f3gica adecuada puede ser el primer paso para acceder o volver al mundo laboral.<\/p>\n<p><strong>\u00bfQu\u00e9 proyectos tiene en marcha la Fundaci\u00f3n actualmente?<\/strong><br \/>\nActualmente nuestro proyecto \u201cVisi\u00f3n para todos\u201d contin\u00faa siendo el centro de nuestros esfuerzos. El objetivo del proyecto es mejorar la calidad de vida y las perspectivas de futuro de las personas beneficiarias. Pensamos que \u201ccon muy poco, podemos hacer mucho\u201d y luchamos cada d\u00eda porque en nuestra ciudad no haya ninguna persona en situaci\u00f3n vulnerable que no pueda tener acceso a una vida completa a consecuencia de un problema visual.<br \/>\nA trav\u00e9s de este programa trabajamos sobre todo con entidades sociales de la ciudad, como el Casal de los Ni\u00f1os del Raval, donde realizamos habitualmente rastreos visuales a ni\u00f1os de 0 a 3 a\u00f1os. Tambi\u00e9n hacemos rastreos a escuelas y a entidades como la Fundaci\u00f3n Adsis, y junto con el programa CaixaProinfancia. Adem\u00e1s, como comentaba, colaboramos tambi\u00e9n con los servicios sociales de la ciudad de Badalona y de Santa Coloma de Gramenet.<\/p>\n<p><strong>Usted hab\u00eda participado en alguna expedici\u00f3n internacional. \u00bfEn que consisten y de qu\u00e9 manera ayudan a las personas? \u00bfEsperan poder volver a realizarlas?<\/strong><br \/>\nS\u00ed, hace unos a\u00f1os particip\u00e9 en alguna de las expediciones internacionales que se organizan desde la Fundaci\u00f3n y fue una experiencia que no olvidar\u00e9 nunca. Se trata de programas de cooperaci\u00f3n internacional en materia de oftalmolog\u00eda que tienen como misi\u00f3n detectar, tratar y\/u operar todos los casos de ceguera evitable que se detectan. Paralelamente, los cooperantes, que somos expertos en diferentes disciplinas de la oftalmolog\u00eda, llevamos a cabo acciones formativas a los profesionales locales, con el objetivo de desarrollar un proyecto sostenible en el tiempo. Adem\u00e1s, la Fundaci\u00f3n env\u00eda la equipaci\u00f3n y el material fungible necesario para que la transmisi\u00f3n de conocimientos se haga en las mejores condiciones posibles.<br \/>\nAntes de la pandemia por Covid hab\u00edamos llegado a hacer dos o tres expediciones al a\u00f1o. Durante la pandemia, lamentablemente, hemos tenido que pararlas temporalmente y esperamos poder volver a retomarlas tan pronto como sea seguro viajar.<\/p>\n<p><strong>\u00bfC\u00f3mo ha afectado la pandemia de Covid-19 a las personas m\u00e1s vulnerables? Lo han notado en la Fundaci\u00f3n?<\/strong><br \/>\nLa pandemia de Covid-19 ha afectado gravemente a muchas personas, especialmente a familias que a principios de 2020 vieron como las restricciones derivadas del confinamiento los dejaban sin trabajo y, en muchos casos, sin ninguna ayuda econ\u00f3mica. Esto ha hecho que muchas de estas personas se hayan visto obligadas a recurrir a las entidades sociales de la ciudad, en algunos casos por primera vez. Desde la Fundaci\u00f3n Ramon Mart\u00ed i Bonet lo hemos notado especialmente y de hecho, en el que llevamos de a\u00f1o ya hemos doblado el n\u00famero de personas usuarias de nuestros servicios.<\/p>\n<p><strong>\u00bfDe qu\u00e9 manera puede colaborar la ciudadan\u00eda con la Fundaci\u00f3n y con las personas usuarias?<\/strong><br \/>\nHay muchas maneras de colaborar con la Fundaci\u00f3n Ramon Mart\u00ed i Bonet. Las personas pueden colaborar haci\u00e9ndose socias de la fundaci\u00f3n o haciendo una aportaci\u00f3n puntual. Tambi\u00e9n pueden participar en alguna de las numerosas actividades solidarias que organizamos a lo largo del a\u00f1o o incluso entrar a formar parte de la Fundaci\u00f3n como voluntarias.<\/p>\n<p><strong>\u00bfC\u00f3mo afronta el futuro la Fundaci\u00f3n?<\/strong><br \/>\nDesde la Fundaci\u00f3n encaramos el futuro con ilusi\u00f3n y optimismo. El \u00faltimo a\u00f1o ha estado muy complicado para todo el mundo y ahora que parece que despacio las cosas pueden ir volviendo a su lugar esperamos retomar nuevos proyectos y continuar con nuestra tarea de ayudar y garantizar el acceso a una asistencia oftalmol\u00f3gica gratuita y de calidad a quien m\u00e1s lo necesita.<\/p>\n","protected":false},"excerpt":{"rendered":"<p>La Dra. Merc\u00e8 Mart\u00ed es licenciada en Medicina y Cirug\u00eda y especialista en Oftalmolog\u00eda. Actualmente es responsable de la Unidad de Cirug\u00eda Refractiva y directora m\u00e9dica de la delegaci\u00f3n del Institut Catal\u00e0 de Retina de Terrassa. Acaba de ser nombrada presidenta de la Fundaci\u00f3n Ramon Mart\u00ed i Bonet, entidad con la que colabora desde sus [&hellip;]<\/p>\n","protected":false},"author":1,"featured_media":329,"comment_status":"closed","ping_status":"closed","sticky":false,"template":"","format":"standard","meta":{"_acf_changed":false,"footnotes":""},"categories":[1],"tags":[],"acf":[],"yoast_head":"<!-- This site is optimized with the Yoast SEO plugin v22.5 - https:\/\/yoast.com\/wordpress\/plugins\/seo\/ -->\n<title>Entrevista a la Dra. Merc\u00e8 Mart\u00ed, nueva presidenta de la Fundaci\u00f3n Ramon Mart\u00ed i Bonet - Fundaci\u00f3 Ram\u00f3n Mart\u00ed i Bonet<\/title>\n<meta name=\"robots\" content=\"index, follow, max-snippet:-1, max-image-preview:large, max-video-preview:-1\" \/>\n<link rel=\"canonical\" href=\"https:\/\/fundacioramonmartibonet.org\/es\/2021\/11\/entrevista-a-la-dra-merce-marti-nueva-presidenta-de-la-fundacion-ramon-marti-i-bonet\/\" \/>\n<meta property=\"og:locale\" content=\"es_ES\" \/>\n<meta property=\"og:type\" content=\"article\" \/>\n<meta property=\"og:title\" content=\"Entrevista a la Dra. Merc\u00e8 Mart\u00ed, nueva presidenta de la Fundaci\u00f3n Ramon Mart\u00ed i Bonet - Fundaci\u00f3 Ram\u00f3n Mart\u00ed i Bonet\" \/>\n<meta property=\"og:description\" content=\"La Dra. Merc\u00e8 Mart\u00ed es licenciada en Medicina y Cirug\u00eda y especialista en Oftalmolog\u00eda. Actualmente es responsable de la Unidad de Cirug\u00eda Refractiva y directora m\u00e9dica de la delegaci\u00f3n del Institut Catal\u00e0 de Retina de Terrassa. Acaba de ser nombrada presidenta de la Fundaci\u00f3n Ramon Mart\u00ed i Bonet, entidad con la que colabora desde sus [&hellip;]\" \/>\n<meta property=\"og:url\" content=\"https:\/\/fundacioramonmartibonet.org\/es\/2021\/11\/entrevista-a-la-dra-merce-marti-nueva-presidenta-de-la-fundacion-ramon-marti-i-bonet\/\" \/>\n<meta property=\"og:site_name\" content=\"Fundaci\u00f3 Ram\u00f3n Mart\u00ed i Bonet\" \/>\n<meta property=\"article:publisher\" content=\"https:\/\/www.facebook.com\/FundacioRamonMartiBonet\" \/>\n<meta property=\"article:published_time\" content=\"2021-11-30T10:05:35+00:00\" \/>\n<meta property=\"article:modified_time\" content=\"2025-07-16T09:23:02+00:00\" \/>\n<meta property=\"og:image\" content=\"https:\/\/fundacioramonmartibonet.org\/wp-content\/uploads\/2023\/07\/Marti-frmb.jpg\" \/>\n\t<meta property=\"og:image:width\" content=\"1237\" \/>\n\t<meta property=\"og:image:height\" content=\"825\" \/>\n\t<meta property=\"og:image:type\" content=\"image\/jpeg\" \/>\n<meta name=\"author\" content=\"frmb\" \/>\n<meta name=\"twitter:card\" content=\"summary_large_image\" \/>\n<meta name=\"twitter:creator\" content=\"@FundacioRMB\" \/>\n<meta name=\"twitter:site\" content=\"@FundacioRMB\" \/>\n<script type=\"application\/ld+json\" class=\"yoast-schema-graph\">{\"@context\":\"https:\/\/schema.org\",\"@graph\":[{\"@type\":\"Article\",\"@id\":\"https:\/\/fundacioramonmartibonet.org\/es\/2021\/11\/entrevista-a-la-dra-merce-marti-nueva-presidenta-de-la-fundacion-ramon-marti-i-bonet\/#article\",\"isPartOf\":{\"@id\":\"https:\/\/fundacioramonmartibonet.org\/es\/2021\/11\/entrevista-a-la-dra-merce-marti-nueva-presidenta-de-la-fundacion-ramon-marti-i-bonet\/\"},\"author\":{\"name\":\"frmb\",\"@id\":\"https:\/\/fundacioramonmartibonet.org\/es\/#\/schema\/person\/2aff0a7acd543144a2c66b34132697b6\"},\"headline\":\"Entrevista a la Dra. Merc\u00e8 Mart\u00ed, nueva presidenta de la Fundaci\u00f3n Ramon Mart\u00ed i Bonet\",\"datePublished\":\"2021-11-30T10:05:35+00:00\",\"dateModified\":\"2025-07-16T09:23:02+00:00\",\"mainEntityOfPage\":{\"@id\":\"https:\/\/fundacioramonmartibonet.org\/es\/2021\/11\/entrevista-a-la-dra-merce-marti-nueva-presidenta-de-la-fundacion-ramon-marti-i-bonet\/\"},\"wordCount\":1432,\"publisher\":{\"@id\":\"https:\/\/fundacioramonmartibonet.org\/es\/#organization\"},\"image\":{\"@id\":\"https:\/\/fundacioramonmartibonet.org\/es\/2021\/11\/entrevista-a-la-dra-merce-marti-nueva-presidenta-de-la-fundacion-ramon-marti-i-bonet\/#primaryimage\"},\"thumbnailUrl\":\"https:\/\/fundacioramonmartibonet.org\/wp-content\/uploads\/2023\/07\/Marti-frmb.jpg\",\"articleSection\":[\"Sin categorizar\"],\"inLanguage\":\"es\"},{\"@type\":\"WebPage\",\"@id\":\"https:\/\/fundacioramonmartibonet.org\/es\/2021\/11\/entrevista-a-la-dra-merce-marti-nueva-presidenta-de-la-fundacion-ramon-marti-i-bonet\/\",\"url\":\"https:\/\/fundacioramonmartibonet.org\/es\/2021\/11\/entrevista-a-la-dra-merce-marti-nueva-presidenta-de-la-fundacion-ramon-marti-i-bonet\/\",\"name\":\"Entrevista a la Dra. Merc\u00e8 Mart\u00ed, nueva presidenta de la Fundaci\u00f3n Ramon Mart\u00ed i Bonet - Fundaci\u00f3 Ram\u00f3n Mart\u00ed i Bonet\",\"isPartOf\":{\"@id\":\"https:\/\/fundacioramonmartibonet.org\/es\/#website\"},\"primaryImageOfPage\":{\"@id\":\"https:\/\/fundacioramonmartibonet.org\/es\/2021\/11\/entrevista-a-la-dra-merce-marti-nueva-presidenta-de-la-fundacion-ramon-marti-i-bonet\/#primaryimage\"},\"image\":{\"@id\":\"https:\/\/fundacioramonmartibonet.org\/es\/2021\/11\/entrevista-a-la-dra-merce-marti-nueva-presidenta-de-la-fundacion-ramon-marti-i-bonet\/#primaryimage\"},\"thumbnailUrl\":\"https:\/\/fundacioramonmartibonet.org\/wp-content\/uploads\/2023\/07\/Marti-frmb.jpg\",\"datePublished\":\"2021-11-30T10:05:35+00:00\",\"dateModified\":\"2025-07-16T09:23:02+00:00\",\"breadcrumb\":{\"@id\":\"https:\/\/fundacioramonmartibonet.org\/es\/2021\/11\/entrevista-a-la-dra-merce-marti-nueva-presidenta-de-la-fundacion-ramon-marti-i-bonet\/#breadcrumb\"},\"inLanguage\":\"es\",\"potentialAction\":[{\"@type\":\"ReadAction\",\"target\":[\"https:\/\/fundacioramonmartibonet.org\/es\/2021\/11\/entrevista-a-la-dra-merce-marti-nueva-presidenta-de-la-fundacion-ramon-marti-i-bonet\/\"]}]},{\"@type\":\"ImageObject\",\"inLanguage\":\"es\",\"@id\":\"https:\/\/fundacioramonmartibonet.org\/es\/2021\/11\/entrevista-a-la-dra-merce-marti-nueva-presidenta-de-la-fundacion-ramon-marti-i-bonet\/#primaryimage\",\"url\":\"https:\/\/fundacioramonmartibonet.org\/wp-content\/uploads\/2023\/07\/Marti-frmb.jpg\",\"contentUrl\":\"https:\/\/fundacioramonmartibonet.org\/wp-content\/uploads\/2023\/07\/Marti-frmb.jpg\",\"width\":1237,\"height\":825},{\"@type\":\"BreadcrumbList\",\"@id\":\"https:\/\/fundacioramonmartibonet.org\/es\/2021\/11\/entrevista-a-la-dra-merce-marti-nueva-presidenta-de-la-fundacion-ramon-marti-i-bonet\/#breadcrumb\",\"itemListElement\":[{\"@type\":\"ListItem\",\"position\":1,\"name\":\"Home\",\"item\":\"https:\/\/fundacioramonmartibonet.org\/es\/\"},{\"@type\":\"ListItem\",\"position\":2,\"name\":\"Entrevista a la Dra. Merc\u00e8 Mart\u00ed, nueva presidenta de la Fundaci\u00f3n Ramon Mart\u00ed i Bonet\"}]},{\"@type\":\"WebSite\",\"@id\":\"https:\/\/fundacioramonmartibonet.org\/es\/#website\",\"url\":\"https:\/\/fundacioramonmartibonet.org\/es\/\",\"name\":\"Fundaci\u00f3 Ramon Mart\u00ed i Bonet\",\"description\":\"Visi\u00f3 per a tothom\",\"publisher\":{\"@id\":\"https:\/\/fundacioramonmartibonet.org\/es\/#organization\"},\"alternateName\":\"FRMB\",\"potentialAction\":[{\"@type\":\"SearchAction\",\"target\":{\"@type\":\"EntryPoint\",\"urlTemplate\":\"https:\/\/fundacioramonmartibonet.org\/es\/?s={search_term_string}\"},\"query-input\":\"required name=search_term_string\"}],\"inLanguage\":\"es\"},{\"@type\":\"Organization\",\"@id\":\"https:\/\/fundacioramonmartibonet.org\/es\/#organization\",\"name\":\"Fundaci\u00f3 Ramon Mart\u00ed i Bonet\",\"alternateName\":\"FRMB\",\"url\":\"https:\/\/fundacioramonmartibonet.org\/es\/\",\"logo\":{\"@type\":\"ImageObject\",\"inLanguage\":\"es\",\"@id\":\"https:\/\/fundacioramonmartibonet.org\/es\/#\/schema\/logo\/image\/\",\"url\":\"https:\/\/fundacioramonmartibonet.org\/wp-content\/uploads\/2023\/06\/frmb.svg\",\"contentUrl\":\"https:\/\/fundacioramonmartibonet.org\/wp-content\/uploads\/2023\/06\/frmb.svg\",\"width\":900,\"height\":280,\"caption\":\"Fundaci\u00f3 Ramon Mart\u00ed i Bonet\"},\"image\":{\"@id\":\"https:\/\/fundacioramonmartibonet.org\/es\/#\/schema\/logo\/image\/\"},\"sameAs\":[\"https:\/\/www.facebook.com\/FundacioRamonMartiBonet\",\"https:\/\/x.com\/FundacioRMB\",\"https:\/\/www.youtube.com\/channel\/UCNyN8HH4tz3ybIBubLBiSog\",\"https:\/\/www.instagram.com\/fundaciormb\/\",\"https:\/\/www.linkedin.com\/company\/fundacio-ramon-marto-i-bonet-contra-la-ceguera\/\"]},{\"@type\":\"Person\",\"@id\":\"https:\/\/fundacioramonmartibonet.org\/es\/#\/schema\/person\/2aff0a7acd543144a2c66b34132697b6\",\"name\":\"frmb\",\"image\":{\"@type\":\"ImageObject\",\"inLanguage\":\"es\",\"@id\":\"https:\/\/fundacioramonmartibonet.org\/es\/#\/schema\/person\/image\/\",\"url\":\"https:\/\/secure.gravatar.com\/avatar\/83d1ae228f5a77eb42b308490c6dcca6?s=96&d=mm&r=g\",\"contentUrl\":\"https:\/\/secure.gravatar.com\/avatar\/83d1ae228f5a77eb42b308490c6dcca6?s=96&d=mm&r=g\",\"caption\":\"frmb\"},\"sameAs\":[\"https:\/\/fundacioramonmartibonet.org\"],\"url\":\"https:\/\/fundacioramonmartibonet.org\/es\/author\/frmb\/\"}]}<\/script>\n<!-- \/ Yoast SEO plugin. -->","yoast_head_json":{"title":"Entrevista a la Dra. Merc\u00e8 Mart\u00ed, nueva presidenta de la Fundaci\u00f3n Ramon Mart\u00ed i Bonet - Fundaci\u00f3 Ram\u00f3n Mart\u00ed i Bonet","robots":{"index":"index","follow":"follow","max-snippet":"max-snippet:-1","max-image-preview":"max-image-preview:large","max-video-preview":"max-video-preview:-1"},"canonical":"https:\/\/fundacioramonmartibonet.org\/es\/2021\/11\/entrevista-a-la-dra-merce-marti-nueva-presidenta-de-la-fundacion-ramon-marti-i-bonet\/","og_locale":"es_ES","og_type":"article","og_title":"Entrevista a la Dra. Merc\u00e8 Mart\u00ed, nueva presidenta de la Fundaci\u00f3n Ramon Mart\u00ed i Bonet - Fundaci\u00f3 Ram\u00f3n Mart\u00ed i Bonet","og_description":"La Dra. Merc\u00e8 Mart\u00ed es licenciada en Medicina y Cirug\u00eda y especialista en Oftalmolog\u00eda. Actualmente es responsable de la Unidad de Cirug\u00eda Refractiva y directora m\u00e9dica de la delegaci\u00f3n del Institut Catal\u00e0 de Retina de Terrassa. Acaba de ser nombrada presidenta de la Fundaci\u00f3n Ramon Mart\u00ed i Bonet, entidad con la que colabora desde sus [&hellip;]","og_url":"https:\/\/fundacioramonmartibonet.org\/es\/2021\/11\/entrevista-a-la-dra-merce-marti-nueva-presidenta-de-la-fundacion-ramon-marti-i-bonet\/","og_site_name":"Fundaci\u00f3 Ram\u00f3n Mart\u00ed i Bonet","article_publisher":"https:\/\/www.facebook.com\/FundacioRamonMartiBonet","article_published_time":"2021-11-30T10:05:35+00:00","article_modified_time":"2025-07-16T09:23:02+00:00","og_image":[{"width":1237,"height":825,"url":"https:\/\/fundacioramonmartibonet.org\/wp-content\/uploads\/2023\/07\/Marti-frmb.jpg","type":"image\/jpeg"}],"author":"frmb","twitter_card":"summary_large_image","twitter_creator":"@FundacioRMB","twitter_site":"@FundacioRMB","schema":{"@context":"https:\/\/schema.org","@graph":[{"@type":"Article","@id":"https:\/\/fundacioramonmartibonet.org\/es\/2021\/11\/entrevista-a-la-dra-merce-marti-nueva-presidenta-de-la-fundacion-ramon-marti-i-bonet\/#article","isPartOf":{"@id":"https:\/\/fundacioramonmartibonet.org\/es\/2021\/11\/entrevista-a-la-dra-merce-marti-nueva-presidenta-de-la-fundacion-ramon-marti-i-bonet\/"},"author":{"name":"frmb","@id":"https:\/\/fundacioramonmartibonet.org\/es\/#\/schema\/person\/2aff0a7acd543144a2c66b34132697b6"},"headline":"Entrevista a la Dra. Merc\u00e8 Mart\u00ed, nueva presidenta de la Fundaci\u00f3n Ramon Mart\u00ed i Bonet","datePublished":"2021-11-30T10:05:35+00:00","dateModified":"2025-07-16T09:23:02+00:00","mainEntityOfPage":{"@id":"https:\/\/fundacioramonmartibonet.org\/es\/2021\/11\/entrevista-a-la-dra-merce-marti-nueva-presidenta-de-la-fundacion-ramon-marti-i-bonet\/"},"wordCount":1432,"publisher":{"@id":"https:\/\/fundacioramonmartibonet.org\/es\/#organization"},"image":{"@id":"https:\/\/fundacioramonmartibonet.org\/es\/2021\/11\/entrevista-a-la-dra-merce-marti-nueva-presidenta-de-la-fundacion-ramon-marti-i-bonet\/#primaryimage"},"thumbnailUrl":"https:\/\/fundacioramonmartibonet.org\/wp-content\/uploads\/2023\/07\/Marti-frmb.jpg","articleSection":["Sin categorizar"],"inLanguage":"es"},{"@type":"WebPage","@id":"https:\/\/fundacioramonmartibonet.org\/es\/2021\/11\/entrevista-a-la-dra-merce-marti-nueva-presidenta-de-la-fundacion-ramon-marti-i-bonet\/","url":"https:\/\/fundacioramonmartibonet.org\/es\/2021\/11\/entrevista-a-la-dra-merce-marti-nueva-presidenta-de-la-fundacion-ramon-marti-i-bonet\/","name":"Entrevista a la Dra. Merc\u00e8 Mart\u00ed, nueva presidenta de la Fundaci\u00f3n Ramon Mart\u00ed i Bonet - Fundaci\u00f3 Ram\u00f3n Mart\u00ed i Bonet","isPartOf":{"@id":"https:\/\/fundacioramonmartibonet.org\/es\/#website"},"primaryImageOfPage":{"@id":"https:\/\/fundacioramonmartibonet.org\/es\/2021\/11\/entrevista-a-la-dra-merce-marti-nueva-presidenta-de-la-fundacion-ramon-marti-i-bonet\/#primaryimage"},"image":{"@id":"https:\/\/fundacioramonmartibonet.org\/es\/2021\/11\/entrevista-a-la-dra-merce-marti-nueva-presidenta-de-la-fundacion-ramon-marti-i-bonet\/#primaryimage"},"thumbnailUrl":"https:\/\/fundacioramonmartibonet.org\/wp-content\/uploads\/2023\/07\/Marti-frmb.jpg","datePublished":"2021-11-30T10:05:35+00:00","dateModified":"2025-07-16T09:23:02+00:00","breadcrumb":{"@id":"https:\/\/fundacioramonmartibonet.org\/es\/2021\/11\/entrevista-a-la-dra-merce-marti-nueva-presidenta-de-la-fundacion-ramon-marti-i-bonet\/#breadcrumb"},"inLanguage":"es","potentialAction":[{"@type":"ReadAction","target":["https:\/\/fundacioramonmartibonet.org\/es\/2021\/11\/entrevista-a-la-dra-merce-marti-nueva-presidenta-de-la-fundacion-ramon-marti-i-bonet\/"]}]},{"@type":"ImageObject","inLanguage":"es","@id":"https:\/\/fundacioramonmartibonet.org\/es\/2021\/11\/entrevista-a-la-dra-merce-marti-nueva-presidenta-de-la-fundacion-ramon-marti-i-bonet\/#primaryimage","url":"https:\/\/fundacioramonmartibonet.org\/wp-content\/uploads\/2023\/07\/Marti-frmb.jpg","contentUrl":"https:\/\/fundacioramonmartibonet.org\/wp-content\/uploads\/2023\/07\/Marti-frmb.jpg","width":1237,"height":825},{"@type":"BreadcrumbList","@id":"https:\/\/fundacioramonmartibonet.org\/es\/2021\/11\/entrevista-a-la-dra-merce-marti-nueva-presidenta-de-la-fundacion-ramon-marti-i-bonet\/#breadcrumb","itemListElement":[{"@type":"ListItem","position":1,"name":"Home","item":"https:\/\/fundacioramonmartibonet.org\/es\/"},{"@type":"ListItem","position":2,"name":"Entrevista a la Dra. Merc\u00e8 Mart\u00ed, nueva presidenta de la Fundaci\u00f3n Ramon Mart\u00ed i Bonet"}]},{"@type":"WebSite","@id":"https:\/\/fundacioramonmartibonet.org\/es\/#website","url":"https:\/\/fundacioramonmartibonet.org\/es\/","name":"Fundaci\u00f3 Ramon Mart\u00ed i Bonet","description":"Visi\u00f3 per a tothom","publisher":{"@id":"https:\/\/fundacioramonmartibonet.org\/es\/#organization"},"alternateName":"FRMB","potentialAction":[{"@type":"SearchAction","target":{"@type":"EntryPoint","urlTemplate":"https:\/\/fundacioramonmartibonet.org\/es\/?s={search_term_string}"},"query-input":"required name=search_term_string"}],"inLanguage":"es"},{"@type":"Organization","@id":"https:\/\/fundacioramonmartibonet.org\/es\/#organization","name":"Fundaci\u00f3 Ramon Mart\u00ed i Bonet","alternateName":"FRMB","url":"https:\/\/fundacioramonmartibonet.org\/es\/","logo":{"@type":"ImageObject","inLanguage":"es","@id":"https:\/\/fundacioramonmartibonet.org\/es\/#\/schema\/logo\/image\/","url":"https:\/\/fundacioramonmartibonet.org\/wp-content\/uploads\/2023\/06\/frmb.svg","contentUrl":"https:\/\/fundacioramonmartibonet.org\/wp-content\/uploads\/2023\/06\/frmb.svg","width":900,"height":280,"caption":"Fundaci\u00f3 Ramon Mart\u00ed i Bonet"},"image":{"@id":"https:\/\/fundacioramonmartibonet.org\/es\/#\/schema\/logo\/image\/"},"sameAs":["https:\/\/www.facebook.com\/FundacioRamonMartiBonet","https:\/\/x.com\/FundacioRMB","https:\/\/www.youtube.com\/channel\/UCNyN8HH4tz3ybIBubLBiSog","https:\/\/www.instagram.com\/fundaciormb\/","https:\/\/www.linkedin.com\/company\/fundacio-ramon-marto-i-bonet-contra-la-ceguera\/"]},{"@type":"Person","@id":"https:\/\/fundacioramonmartibonet.org\/es\/#\/schema\/person\/2aff0a7acd543144a2c66b34132697b6","name":"frmb","image":{"@type":"ImageObject","inLanguage":"es","@id":"https:\/\/fundacioramonmartibonet.org\/es\/#\/schema\/person\/image\/","url":"https:\/\/secure.gravatar.com\/avatar\/83d1ae228f5a77eb42b308490c6dcca6?s=96&d=mm&r=g","contentUrl":"https:\/\/secure.gravatar.com\/avatar\/83d1ae228f5a77eb42b308490c6dcca6?s=96&d=mm&r=g","caption":"frmb"},"sameAs":["https:\/\/fundacioramonmartibonet.org"],"url":"https:\/\/fundacioramonmartibonet.org\/es\/author\/frmb\/"}]}},"_links":{"self":[{"href":"https:\/\/fundacioramonmartibonet.org\/es\/wp-json\/wp\/v2\/posts\/657"}],"collection":[{"href":"https:\/\/fundacioramonmartibonet.org\/es\/wp-json\/wp\/v2\/posts"}],"about":[{"href":"https:\/\/fundacioramonmartibonet.org\/es\/wp-json\/wp\/v2\/types\/post"}],"author":[{"embeddable":true,"href":"https:\/\/fundacioramonmartibonet.org\/es\/wp-json\/wp\/v2\/users\/1"}],"replies":[{"embeddable":true,"href":"https:\/\/fundacioramonmartibonet.org\/es\/wp-json\/wp\/v2\/comments?post=657"}],"version-history":[{"count":1,"href":"https:\/\/fundacioramonmartibonet.org\/es\/wp-json\/wp\/v2\/posts\/657\/revisions"}],"predecessor-version":[{"id":3943,"href":"https:\/\/fundacioramonmartibonet.org\/es\/wp-json\/wp\/v2\/posts\/657\/revisions\/3943"}],"wp:featuredmedia":[{"embeddable":true,"href":"https:\/\/fundacioramonmartibonet.org\/es\/wp-json\/wp\/v2\/media\/329"}],"wp:attachment":[{"href":"https:\/\/fundacioramonmartibonet.org\/es\/wp-json\/wp\/v2\/media?parent=657"}],"wp:term":[{"taxonomy":"category","embeddable":true,"href":"https:\/\/fundacioramonmartibonet.org\/es\/wp-json\/wp\/v2\/categories?post=657"},{"taxonomy":"post_tag","embeddable":true,"href":"https:\/\/fundacioramonmartibonet.org\/es\/wp-json\/wp\/v2\/tags?post=657"}],"curies":[{"name":"wp","href":"https:\/\/api.w.org\/{rel}","templated":true}]}}