{"id":654,"date":"2021-06-03T09:08:17","date_gmt":"2021-06-03T09:08:17","guid":{"rendered":"https:\/\/fundacioramonmartibonet.org\/2021\/06\/xavier-garcia-visita-la-fundacion-ramon-marti-i-bonet\/"},"modified":"2025-07-16T09:23:02","modified_gmt":"2025-07-16T09:23:02","slug":"xavier-garcia-visita-la-fundacion-ramon-marti-i-bonet","status":"publish","type":"post","link":"https:\/\/fundacioramonmartibonet.org\/es\/2021\/06\/xavier-garcia-visita-la-fundacion-ramon-marti-i-bonet\/","title":{"rendered":"Xavier Garcia visita la Fundaci\u00f3n Ramon Mart\u00ed i Bonet"},"content":{"rendered":"<p>El dise\u00f1ador de gafas Xavier Garcia visit\u00f3 nuestra Fundaci\u00f3n para conocer de cerca la tarea social que realiza la entidad.<\/p>\n<p>El conocido profesional del dise\u00f1o realiz\u00f3, ahora ya hace unos meses, una donaci\u00f3n a la Fundaci\u00f3n de 2.200 monturas, tanto de hombre como de mujer. Estas ten\u00edan diferentes medidas y diferentes dise\u00f1os, con el objetivo que los usuarios de la entidad pudieran disfrutar de las gafas que m\u00e1s se adaptaran a su estilo y a sus necesidades.<\/p>\n<p>Durante su visita Xavier Garcia nos explic\u00f3 la clave de su \u00e9xito; la propia creaci\u00f3n de sus gafas, algo que las hace \u00fanicas.<\/p>\n<p><strong>\u00abDesde el momento en qu\u00e9 t\u00fa haces algo de forma propia, te distingues de los otros, puesto que est\u00e1s haciendo algo a tu manera\u00bb<\/strong><\/p>\n<p>Xavier Garcia tambi\u00e9n colabora con otras entidades del \u00e1mbito oftalmol\u00f3gico, puesto que cree que es una buena manera de aprovechar sus recursos y de ayudar aquellos que m\u00e1s los necesitan.<\/p>\n","protected":false},"excerpt":{"rendered":"<p>El dise\u00f1ador de gafas Xavier Garcia visit\u00f3 nuestra Fundaci\u00f3n para conocer de cerca la tarea social que realiza la entidad. El conocido profesional del dise\u00f1o realiz\u00f3, ahora ya hace unos meses, una donaci\u00f3n a la Fundaci\u00f3n de 2.200 monturas, tanto de hombre como de mujer. Estas ten\u00edan diferentes medidas y diferentes dise\u00f1os, con el objetivo [&hellip;]<\/p>\n","protected":false},"author":1,"featured_media":438,"comment_status":"closed","ping_status":"closed","sticky":false,"template":"","format":"standard","meta":{"_acf_changed":false,"footnotes":""},"categories":[1],"tags":[],"acf":[],"yoast_head":"<!-- This site is optimized with the Yoast SEO plugin v22.5 - https:\/\/yoast.com\/wordpress\/plugins\/seo\/ -->\n<title>Xavier Garcia visita la Fundaci\u00f3n Ramon Mart\u00ed i Bonet - Fundaci\u00f3 Ram\u00f3n Mart\u00ed i Bonet<\/title>\n<meta name=\"robots\" content=\"index, follow, max-snippet:-1, max-image-preview:large, max-video-preview:-1\" \/>\n<link rel=\"canonical\" href=\"https:\/\/fundacioramonmartibonet.org\/es\/2021\/06\/xavier-garcia-visita-la-fundacion-ramon-marti-i-bonet\/\" \/>\n<meta property=\"og:locale\" content=\"es_ES\" \/>\n<meta property=\"og:type\" content=\"article\" \/>\n<meta property=\"og:title\" content=\"Xavier Garcia visita la Fundaci\u00f3n Ramon Mart\u00ed i Bonet - Fundaci\u00f3 Ram\u00f3n Mart\u00ed i Bonet\" \/>\n<meta property=\"og:description\" content=\"El dise\u00f1ador de gafas Xavier Garcia visit\u00f3 nuestra Fundaci\u00f3n para conocer de cerca la tarea social que realiza la entidad. El conocido profesional del dise\u00f1o realiz\u00f3, ahora ya hace unos meses, una donaci\u00f3n a la Fundaci\u00f3n de 2.200 monturas, tanto de hombre como de mujer. Estas ten\u00edan diferentes medidas y diferentes dise\u00f1os, con el objetivo [&hellip;]\" \/>\n<meta property=\"og:url\" content=\"https:\/\/fundacioramonmartibonet.org\/es\/2021\/06\/xavier-garcia-visita-la-fundacion-ramon-marti-i-bonet\/\" \/>\n<meta property=\"og:site_name\" content=\"Fundaci\u00f3 Ram\u00f3n Mart\u00ed i Bonet\" \/>\n<meta property=\"article:publisher\" content=\"https:\/\/www.facebook.com\/FundacioRamonMartiBonet\" \/>\n<meta property=\"article:published_time\" content=\"2021-06-03T09:08:17+00:00\" \/>\n<meta property=\"article:modified_time\" content=\"2025-07-16T09:23:02+00:00\" \/>\n<meta property=\"og:image\" content=\"https:\/\/fundacioramonmartibonet.org\/wp-content\/uploads\/2023\/07\/Xavier-Garcia.jpg\" \/>\n\t<meta property=\"og:image:width\" content=\"1024\" \/>\n\t<meta property=\"og:image:height\" content=\"683\" \/>\n\t<meta property=\"og:image:type\" content=\"image\/jpeg\" \/>\n<meta name=\"author\" content=\"frmb\" \/>\n<meta name=\"twitter:card\" content=\"summary_large_image\" \/>\n<meta name=\"twitter:creator\" content=\"@FundacioRMB\" \/>\n<meta name=\"twitter:site\" content=\"@FundacioRMB\" \/>\n<script type=\"application\/ld+json\" class=\"yoast-schema-graph\">{\"@context\":\"https:\/\/schema.org\",\"@graph\":[{\"@type\":\"Article\",\"@id\":\"https:\/\/fundacioramonmartibonet.org\/es\/2021\/06\/xavier-garcia-visita-la-fundacion-ramon-marti-i-bonet\/#article\",\"isPartOf\":{\"@id\":\"https:\/\/fundacioramonmartibonet.org\/es\/2021\/06\/xavier-garcia-visita-la-fundacion-ramon-marti-i-bonet\/\"},\"author\":{\"name\":\"frmb\",\"@id\":\"https:\/\/fundacioramonmartibonet.org\/es\/#\/schema\/person\/2aff0a7acd543144a2c66b34132697b6\"},\"headline\":\"Xavier Garcia visita la Fundaci\u00f3n Ramon Mart\u00ed i Bonet\",\"datePublished\":\"2021-06-03T09:08:17+00:00\",\"dateModified\":\"2025-07-16T09:23:02+00:00\",\"mainEntityOfPage\":{\"@id\":\"https:\/\/fundacioramonmartibonet.org\/es\/2021\/06\/xavier-garcia-visita-la-fundacion-ramon-marti-i-bonet\/\"},\"wordCount\":176,\"publisher\":{\"@id\":\"https:\/\/fundacioramonmartibonet.org\/es\/#organization\"},\"image\":{\"@id\":\"https:\/\/fundacioramonmartibonet.org\/es\/2021\/06\/xavier-garcia-visita-la-fundacion-ramon-marti-i-bonet\/#primaryimage\"},\"thumbnailUrl\":\"https:\/\/fundacioramonmartibonet.org\/wp-content\/uploads\/2023\/07\/Xavier-Garcia.jpg\",\"articleSection\":[\"Sin categorizar\"],\"inLanguage\":\"es\"},{\"@type\":\"WebPage\",\"@id\":\"https:\/\/fundacioramonmartibonet.org\/es\/2021\/06\/xavier-garcia-visita-la-fundacion-ramon-marti-i-bonet\/\",\"url\":\"https:\/\/fundacioramonmartibonet.org\/es\/2021\/06\/xavier-garcia-visita-la-fundacion-ramon-marti-i-bonet\/\",\"name\":\"Xavier Garcia visita la Fundaci\u00f3n Ramon Mart\u00ed i Bonet - Fundaci\u00f3 Ram\u00f3n Mart\u00ed i Bonet\",\"isPartOf\":{\"@id\":\"https:\/\/fundacioramonmartibonet.org\/es\/#website\"},\"primaryImageOfPage\":{\"@id\":\"https:\/\/fundacioramonmartibonet.org\/es\/2021\/06\/xavier-garcia-visita-la-fundacion-ramon-marti-i-bonet\/#primaryimage\"},\"image\":{\"@id\":\"https:\/\/fundacioramonmartibonet.org\/es\/2021\/06\/xavier-garcia-visita-la-fundacion-ramon-marti-i-bonet\/#primaryimage\"},\"thumbnailUrl\":\"https:\/\/fundacioramonmartibonet.org\/wp-content\/uploads\/2023\/07\/Xavier-Garcia.jpg\",\"datePublished\":\"2021-06-03T09:08:17+00:00\",\"dateModified\":\"2025-07-16T09:23:02+00:00\",\"breadcrumb\":{\"@id\":\"https:\/\/fundacioramonmartibonet.org\/es\/2021\/06\/xavier-garcia-visita-la-fundacion-ramon-marti-i-bonet\/#breadcrumb\"},\"inLanguage\":\"es\",\"potentialAction\":[{\"@type\":\"ReadAction\",\"target\":[\"https:\/\/fundacioramonmartibonet.org\/es\/2021\/06\/xavier-garcia-visita-la-fundacion-ramon-marti-i-bonet\/\"]}]},{\"@type\":\"ImageObject\",\"inLanguage\":\"es\",\"@id\":\"https:\/\/fundacioramonmartibonet.org\/es\/2021\/06\/xavier-garcia-visita-la-fundacion-ramon-marti-i-bonet\/#primaryimage\",\"url\":\"https:\/\/fundacioramonmartibonet.org\/wp-content\/uploads\/2023\/07\/Xavier-Garcia.jpg\",\"contentUrl\":\"https:\/\/fundacioramonmartibonet.org\/wp-content\/uploads\/2023\/07\/Xavier-Garcia.jpg\",\"width\":5184,\"height\":3456,\"caption\":\"Familia sonriente tras recibir gafas gratuitas en nuestro centro de Barcelona\"},{\"@type\":\"BreadcrumbList\",\"@id\":\"https:\/\/fundacioramonmartibonet.org\/es\/2021\/06\/xavier-garcia-visita-la-fundacion-ramon-marti-i-bonet\/#breadcrumb\",\"itemListElement\":[{\"@type\":\"ListItem\",\"position\":1,\"name\":\"Home\",\"item\":\"https:\/\/fundacioramonmartibonet.org\/es\/\"},{\"@type\":\"ListItem\",\"position\":2,\"name\":\"Xavier Garcia visita la Fundaci\u00f3n Ramon Mart\u00ed i Bonet\"}]},{\"@type\":\"WebSite\",\"@id\":\"https:\/\/fundacioramonmartibonet.org\/es\/#website\",\"url\":\"https:\/\/fundacioramonmartibonet.org\/es\/\",\"name\":\"Fundaci\u00f3 Ramon Mart\u00ed i Bonet\",\"description\":\"Visi\u00f3 per a tothom\",\"publisher\":{\"@id\":\"https:\/\/fundacioramonmartibonet.org\/es\/#organization\"},\"alternateName\":\"FRMB\",\"potentialAction\":[{\"@type\":\"SearchAction\",\"target\":{\"@type\":\"EntryPoint\",\"urlTemplate\":\"https:\/\/fundacioramonmartibonet.org\/es\/?s={search_term_string}\"},\"query-input\":\"required name=search_term_string\"}],\"inLanguage\":\"es\"},{\"@type\":\"Organization\",\"@id\":\"https:\/\/fundacioramonmartibonet.org\/es\/#organization\",\"name\":\"Fundaci\u00f3 Ramon Mart\u00ed i Bonet\",\"alternateName\":\"FRMB\",\"url\":\"https:\/\/fundacioramonmartibonet.org\/es\/\",\"logo\":{\"@type\":\"ImageObject\",\"inLanguage\":\"es\",\"@id\":\"https:\/\/fundacioramonmartibonet.org\/es\/#\/schema\/logo\/image\/\",\"url\":\"https:\/\/fundacioramonmartibonet.org\/wp-content\/uploads\/2023\/06\/frmb.svg\",\"contentUrl\":\"https:\/\/fundacioramonmartibonet.org\/wp-content\/uploads\/2023\/06\/frmb.svg\",\"width\":900,\"height\":280,\"caption\":\"Fundaci\u00f3 Ramon Mart\u00ed i Bonet\"},\"image\":{\"@id\":\"https:\/\/fundacioramonmartibonet.org\/es\/#\/schema\/logo\/image\/\"},\"sameAs\":[\"https:\/\/www.facebook.com\/FundacioRamonMartiBonet\",\"https:\/\/x.com\/FundacioRMB\",\"https:\/\/www.youtube.com\/channel\/UCNyN8HH4tz3ybIBubLBiSog\",\"https:\/\/www.instagram.com\/fundaciormb\/\",\"https:\/\/www.linkedin.com\/company\/fundacio-ramon-marto-i-bonet-contra-la-ceguera\/\"]},{\"@type\":\"Person\",\"@id\":\"https:\/\/fundacioramonmartibonet.org\/es\/#\/schema\/person\/2aff0a7acd543144a2c66b34132697b6\",\"name\":\"frmb\",\"image\":{\"@type\":\"ImageObject\",\"inLanguage\":\"es\",\"@id\":\"https:\/\/fundacioramonmartibonet.org\/es\/#\/schema\/person\/image\/\",\"url\":\"https:\/\/secure.gravatar.com\/avatar\/83d1ae228f5a77eb42b308490c6dcca6?s=96&d=mm&r=g\",\"contentUrl\":\"https:\/\/secure.gravatar.com\/avatar\/83d1ae228f5a77eb42b308490c6dcca6?s=96&d=mm&r=g\",\"caption\":\"frmb\"},\"sameAs\":[\"https:\/\/fundacioramonmartibonet.org\"],\"url\":\"https:\/\/fundacioramonmartibonet.org\/es\/author\/frmb\/\"}]}<\/script>\n<!-- \/ Yoast SEO plugin. -->","yoast_head_json":{"title":"Xavier Garcia visita la Fundaci\u00f3n Ramon Mart\u00ed i Bonet - Fundaci\u00f3 Ram\u00f3n Mart\u00ed i Bonet","robots":{"index":"index","follow":"follow","max-snippet":"max-snippet:-1","max-image-preview":"max-image-preview:large","max-video-preview":"max-video-preview:-1"},"canonical":"https:\/\/fundacioramonmartibonet.org\/es\/2021\/06\/xavier-garcia-visita-la-fundacion-ramon-marti-i-bonet\/","og_locale":"es_ES","og_type":"article","og_title":"Xavier Garcia visita la Fundaci\u00f3n Ramon Mart\u00ed i Bonet - Fundaci\u00f3 Ram\u00f3n Mart\u00ed i Bonet","og_description":"El dise\u00f1ador de gafas Xavier Garcia visit\u00f3 nuestra Fundaci\u00f3n para conocer de cerca la tarea social que realiza la entidad. El conocido profesional del dise\u00f1o realiz\u00f3, ahora ya hace unos meses, una donaci\u00f3n a la Fundaci\u00f3n de 2.200 monturas, tanto de hombre como de mujer. Estas ten\u00edan diferentes medidas y diferentes dise\u00f1os, con el objetivo [&hellip;]","og_url":"https:\/\/fundacioramonmartibonet.org\/es\/2021\/06\/xavier-garcia-visita-la-fundacion-ramon-marti-i-bonet\/","og_site_name":"Fundaci\u00f3 Ram\u00f3n Mart\u00ed i Bonet","article_publisher":"https:\/\/www.facebook.com\/FundacioRamonMartiBonet","article_published_time":"2021-06-03T09:08:17+00:00","article_modified_time":"2025-07-16T09:23:02+00:00","og_image":[{"url":"https:\/\/fundacioramonmartibonet.org\/wp-content\/uploads\/2023\/07\/Xavier-Garcia.jpg","width":1024,"height":683,"type":"image\/jpeg"}],"author":"frmb","twitter_card":"summary_large_image","twitter_creator":"@FundacioRMB","twitter_site":"@FundacioRMB","schema":{"@context":"https:\/\/schema.org","@graph":[{"@type":"Article","@id":"https:\/\/fundacioramonmartibonet.org\/es\/2021\/06\/xavier-garcia-visita-la-fundacion-ramon-marti-i-bonet\/#article","isPartOf":{"@id":"https:\/\/fundacioramonmartibonet.org\/es\/2021\/06\/xavier-garcia-visita-la-fundacion-ramon-marti-i-bonet\/"},"author":{"name":"frmb","@id":"https:\/\/fundacioramonmartibonet.org\/es\/#\/schema\/person\/2aff0a7acd543144a2c66b34132697b6"},"headline":"Xavier Garcia visita la Fundaci\u00f3n Ramon Mart\u00ed i Bonet","datePublished":"2021-06-03T09:08:17+00:00","dateModified":"2025-07-16T09:23:02+00:00","mainEntityOfPage":{"@id":"https:\/\/fundacioramonmartibonet.org\/es\/2021\/06\/xavier-garcia-visita-la-fundacion-ramon-marti-i-bonet\/"},"wordCount":176,"publisher":{"@id":"https:\/\/fundacioramonmartibonet.org\/es\/#organization"},"image":{"@id":"https:\/\/fundacioramonmartibonet.org\/es\/2021\/06\/xavier-garcia-visita-la-fundacion-ramon-marti-i-bonet\/#primaryimage"},"thumbnailUrl":"https:\/\/fundacioramonmartibonet.org\/wp-content\/uploads\/2023\/07\/Xavier-Garcia.jpg","articleSection":["Sin categorizar"],"inLanguage":"es"},{"@type":"WebPage","@id":"https:\/\/fundacioramonmartibonet.org\/es\/2021\/06\/xavier-garcia-visita-la-fundacion-ramon-marti-i-bonet\/","url":"https:\/\/fundacioramonmartibonet.org\/es\/2021\/06\/xavier-garcia-visita-la-fundacion-ramon-marti-i-bonet\/","name":"Xavier Garcia visita la Fundaci\u00f3n Ramon Mart\u00ed i Bonet - Fundaci\u00f3 Ram\u00f3n Mart\u00ed i Bonet","isPartOf":{"@id":"https:\/\/fundacioramonmartibonet.org\/es\/#website"},"primaryImageOfPage":{"@id":"https:\/\/fundacioramonmartibonet.org\/es\/2021\/06\/xavier-garcia-visita-la-fundacion-ramon-marti-i-bonet\/#primaryimage"},"image":{"@id":"https:\/\/fundacioramonmartibonet.org\/es\/2021\/06\/xavier-garcia-visita-la-fundacion-ramon-marti-i-bonet\/#primaryimage"},"thumbnailUrl":"https:\/\/fundacioramonmartibonet.org\/wp-content\/uploads\/2023\/07\/Xavier-Garcia.jpg","datePublished":"2021-06-03T09:08:17+00:00","dateModified":"2025-07-16T09:23:02+00:00","breadcrumb":{"@id":"https:\/\/fundacioramonmartibonet.org\/es\/2021\/06\/xavier-garcia-visita-la-fundacion-ramon-marti-i-bonet\/#breadcrumb"},"inLanguage":"es","potentialAction":[{"@type":"ReadAction","target":["https:\/\/fundacioramonmartibonet.org\/es\/2021\/06\/xavier-garcia-visita-la-fundacion-ramon-marti-i-bonet\/"]}]},{"@type":"ImageObject","inLanguage":"es","@id":"https:\/\/fundacioramonmartibonet.org\/es\/2021\/06\/xavier-garcia-visita-la-fundacion-ramon-marti-i-bonet\/#primaryimage","url":"https:\/\/fundacioramonmartibonet.org\/wp-content\/uploads\/2023\/07\/Xavier-Garcia.jpg","contentUrl":"https:\/\/fundacioramonmartibonet.org\/wp-content\/uploads\/2023\/07\/Xavier-Garcia.jpg","width":5184,"height":3456,"caption":"Familia sonriente tras recibir gafas gratuitas en nuestro centro de Barcelona"},{"@type":"BreadcrumbList","@id":"https:\/\/fundacioramonmartibonet.org\/es\/2021\/06\/xavier-garcia-visita-la-fundacion-ramon-marti-i-bonet\/#breadcrumb","itemListElement":[{"@type":"ListItem","position":1,"name":"Home","item":"https:\/\/fundacioramonmartibonet.org\/es\/"},{"@type":"ListItem","position":2,"name":"Xavier Garcia visita la Fundaci\u00f3n Ramon Mart\u00ed i Bonet"}]},{"@type":"WebSite","@id":"https:\/\/fundacioramonmartibonet.org\/es\/#website","url":"https:\/\/fundacioramonmartibonet.org\/es\/","name":"Fundaci\u00f3 Ramon Mart\u00ed i Bonet","description":"Visi\u00f3 per a tothom","publisher":{"@id":"https:\/\/fundacioramonmartibonet.org\/es\/#organization"},"alternateName":"FRMB","potentialAction":[{"@type":"SearchAction","target":{"@type":"EntryPoint","urlTemplate":"https:\/\/fundacioramonmartibonet.org\/es\/?s={search_term_string}"},"query-input":"required name=search_term_string"}],"inLanguage":"es"},{"@type":"Organization","@id":"https:\/\/fundacioramonmartibonet.org\/es\/#organization","name":"Fundaci\u00f3 Ramon Mart\u00ed i Bonet","alternateName":"FRMB","url":"https:\/\/fundacioramonmartibonet.org\/es\/","logo":{"@type":"ImageObject","inLanguage":"es","@id":"https:\/\/fundacioramonmartibonet.org\/es\/#\/schema\/logo\/image\/","url":"https:\/\/fundacioramonmartibonet.org\/wp-content\/uploads\/2023\/06\/frmb.svg","contentUrl":"https:\/\/fundacioramonmartibonet.org\/wp-content\/uploads\/2023\/06\/frmb.svg","width":900,"height":280,"caption":"Fundaci\u00f3 Ramon Mart\u00ed i Bonet"},"image":{"@id":"https:\/\/fundacioramonmartibonet.org\/es\/#\/schema\/logo\/image\/"},"sameAs":["https:\/\/www.facebook.com\/FundacioRamonMartiBonet","https:\/\/x.com\/FundacioRMB","https:\/\/www.youtube.com\/channel\/UCNyN8HH4tz3ybIBubLBiSog","https:\/\/www.instagram.com\/fundaciormb\/","https:\/\/www.linkedin.com\/company\/fundacio-ramon-marto-i-bonet-contra-la-ceguera\/"]},{"@type":"Person","@id":"https:\/\/fundacioramonmartibonet.org\/es\/#\/schema\/person\/2aff0a7acd543144a2c66b34132697b6","name":"frmb","image":{"@type":"ImageObject","inLanguage":"es","@id":"https:\/\/fundacioramonmartibonet.org\/es\/#\/schema\/person\/image\/","url":"https:\/\/secure.gravatar.com\/avatar\/83d1ae228f5a77eb42b308490c6dcca6?s=96&d=mm&r=g","contentUrl":"https:\/\/secure.gravatar.com\/avatar\/83d1ae228f5a77eb42b308490c6dcca6?s=96&d=mm&r=g","caption":"frmb"},"sameAs":["https:\/\/fundacioramonmartibonet.org"],"url":"https:\/\/fundacioramonmartibonet.org\/es\/author\/frmb\/"}]}},"_links":{"self":[{"href":"https:\/\/fundacioramonmartibonet.org\/es\/wp-json\/wp\/v2\/posts\/654"}],"collection":[{"href":"https:\/\/fundacioramonmartibonet.org\/es\/wp-json\/wp\/v2\/posts"}],"about":[{"href":"https:\/\/fundacioramonmartibonet.org\/es\/wp-json\/wp\/v2\/types\/post"}],"author":[{"embeddable":true,"href":"https:\/\/fundacioramonmartibonet.org\/es\/wp-json\/wp\/v2\/users\/1"}],"replies":[{"embeddable":true,"href":"https:\/\/fundacioramonmartibonet.org\/es\/wp-json\/wp\/v2\/comments?post=654"}],"version-history":[{"count":1,"href":"https:\/\/fundacioramonmartibonet.org\/es\/wp-json\/wp\/v2\/posts\/654\/revisions"}],"predecessor-version":[{"id":3946,"href":"https:\/\/fundacioramonmartibonet.org\/es\/wp-json\/wp\/v2\/posts\/654\/revisions\/3946"}],"wp:featuredmedia":[{"embeddable":true,"href":"https:\/\/fundacioramonmartibonet.org\/es\/wp-json\/wp\/v2\/media\/438"}],"wp:attachment":[{"href":"https:\/\/fundacioramonmartibonet.org\/es\/wp-json\/wp\/v2\/media?parent=654"}],"wp:term":[{"taxonomy":"category","embeddable":true,"href":"https:\/\/fundacioramonmartibonet.org\/es\/wp-json\/wp\/v2\/categories?post=654"},{"taxonomy":"post_tag","embeddable":true,"href":"https:\/\/fundacioramonmartibonet.org\/es\/wp-json\/wp\/v2\/tags?post=654"}],"curies":[{"name":"wp","href":"https:\/\/api.w.org\/{rel}","templated":true}]}}