{"id":653,"date":"2021-04-19T10:27:59","date_gmt":"2021-04-19T10:27:59","guid":{"rendered":"https:\/\/fundacioramonmartibonet.org\/2021\/04\/la-fundacion-ramon-marti-i-bonet-colabora-con-la-asociacion-discapacitados-visuales-de-cataluna-advc\/"},"modified":"2025-07-16T09:23:02","modified_gmt":"2025-07-16T09:23:02","slug":"la-fundacion-ramon-marti-i-bonet-colabora-con-la-asociacion-discapacitados-visuales-de-cataluna-advc","status":"publish","type":"post","link":"https:\/\/fundacioramonmartibonet.org\/es\/2021\/04\/la-fundacion-ramon-marti-i-bonet-colabora-con-la-asociacion-discapacitados-visuales-de-cataluna-advc\/","title":{"rendered":"La Fundaci\u00f3n Ramon Mart\u00ed i Bonet colabora con la Asociaci\u00f3n Discapacitados Visuales de Catalu\u00f1a (ADVC)"},"content":{"rendered":"<p class=\"normal\" style=\"text-align: justify;\">La Fundaci\u00f3n Ramon Mart\u00ed i Bonet contra la ceguera colabora junto con la Asociaci\u00f3n Discapacitados Visuales de Catalu\u00f1a (ADVC), una asociaci\u00f3n sin \u00e1nimo de lucro que da servicios a personas con discapacidad visual.<\/p>\n<p class=\"normal\" style=\"text-align: justify;\">Esta es una de las entidades de referencia en Catalu\u00f1a en la atenci\u00f3n y la prestaci\u00f3n de servicios a personas con discapacidad visual y, m\u00e1s concretamente, a personas con baja visi\u00f3n.<\/p>\n<p class=\"normal\" style=\"text-align: justify;\">La finalidad de su tarea es dar servicio a estas personas, indiferentemente de su grado de discapacidad, que puede ser total (B1), severa (B2) y leve (B3). Su misi\u00f3n tiene un punto de encuentro con la nuestra, y es el hecho de querer ayudar a todo el mundo, principalmente a quien m\u00e1s lo necesita. Por esta raz\u00f3n, la Asociaci\u00f3n Discapacitados Visuales de Catalu\u00f1a deriva a la Fundaci\u00f3n Ramon Mart\u00ed i Bonet, aquellos pacientes que se encuentran en una situaci\u00f3n de vulnerabilidad y que podr\u00edan mejorar su visi\u00f3n con unas gafas o con tratamientos espec\u00edficos realizados por los profesionales de la Fundaci\u00f3n.<\/p>\n","protected":false},"excerpt":{"rendered":"<p>La Fundaci\u00f3n Ramon Mart\u00ed i Bonet contra la ceguera colabora junto con la Asociaci\u00f3n Discapacitados Visuales de Catalu\u00f1a (ADVC), una asociaci\u00f3n sin \u00e1nimo de lucro que da servicios a personas con discapacidad visual. Esta es una de las entidades de referencia en Catalu\u00f1a en la atenci\u00f3n y la prestaci\u00f3n de servicios a personas con discapacidad [&hellip;]<\/p>\n","protected":false},"author":1,"featured_media":314,"comment_status":"closed","ping_status":"closed","sticky":false,"template":"","format":"standard","meta":{"_acf_changed":false,"footnotes":""},"categories":[1],"tags":[],"acf":[],"yoast_head":"<!-- This site is optimized with the Yoast SEO plugin v22.5 - https:\/\/yoast.com\/wordpress\/plugins\/seo\/ -->\n<title>La Fundaci\u00f3n Ramon Mart\u00ed i Bonet colabora con la Asociaci\u00f3n Discapacitados Visuales de Catalu\u00f1a (ADVC) - Fundaci\u00f3 Ram\u00f3n Mart\u00ed i Bonet<\/title>\n<meta name=\"robots\" content=\"index, follow, max-snippet:-1, max-image-preview:large, max-video-preview:-1\" \/>\n<link rel=\"canonical\" href=\"https:\/\/fundacioramonmartibonet.org\/es\/2021\/04\/la-fundacion-ramon-marti-i-bonet-colabora-con-la-asociacion-discapacitados-visuales-de-cataluna-advc\/\" \/>\n<meta property=\"og:locale\" content=\"es_ES\" \/>\n<meta property=\"og:type\" content=\"article\" \/>\n<meta property=\"og:title\" content=\"La Fundaci\u00f3n Ramon Mart\u00ed i Bonet colabora con la Asociaci\u00f3n Discapacitados Visuales de Catalu\u00f1a (ADVC) - Fundaci\u00f3 Ram\u00f3n Mart\u00ed i Bonet\" \/>\n<meta property=\"og:description\" content=\"La Fundaci\u00f3n Ramon Mart\u00ed i Bonet contra la ceguera colabora junto con la Asociaci\u00f3n Discapacitados Visuales de Catalu\u00f1a (ADVC), una asociaci\u00f3n sin \u00e1nimo de lucro que da servicios a personas con discapacidad visual. Esta es una de las entidades de referencia en Catalu\u00f1a en la atenci\u00f3n y la prestaci\u00f3n de servicios a personas con discapacidad [&hellip;]\" \/>\n<meta property=\"og:url\" content=\"https:\/\/fundacioramonmartibonet.org\/es\/2021\/04\/la-fundacion-ramon-marti-i-bonet-colabora-con-la-asociacion-discapacitados-visuales-de-cataluna-advc\/\" \/>\n<meta property=\"og:site_name\" content=\"Fundaci\u00f3 Ram\u00f3n Mart\u00ed i Bonet\" \/>\n<meta property=\"article:publisher\" content=\"https:\/\/www.facebook.com\/FundacioRamonMartiBonet\" \/>\n<meta property=\"article:published_time\" content=\"2021-04-19T10:27:59+00:00\" \/>\n<meta property=\"article:modified_time\" content=\"2025-07-16T09:23:02+00:00\" \/>\n<meta property=\"og:image\" content=\"https:\/\/fundacioramonmartibonet.org\/wp-content\/uploads\/2023\/07\/asociacio-discapacitat-3058757788.png\" \/>\n\t<meta property=\"og:image:width\" content=\"1000\" \/>\n\t<meta property=\"og:image:height\" content=\"933\" \/>\n\t<meta property=\"og:image:type\" content=\"image\/png\" \/>\n<meta name=\"author\" content=\"frmb\" \/>\n<meta name=\"twitter:card\" content=\"summary_large_image\" \/>\n<meta name=\"twitter:creator\" content=\"@FundacioRMB\" \/>\n<meta name=\"twitter:site\" content=\"@FundacioRMB\" \/>\n<script type=\"application\/ld+json\" class=\"yoast-schema-graph\">{\"@context\":\"https:\/\/schema.org\",\"@graph\":[{\"@type\":\"Article\",\"@id\":\"https:\/\/fundacioramonmartibonet.org\/es\/2021\/04\/la-fundacion-ramon-marti-i-bonet-colabora-con-la-asociacion-discapacitados-visuales-de-cataluna-advc\/#article\",\"isPartOf\":{\"@id\":\"https:\/\/fundacioramonmartibonet.org\/es\/2021\/04\/la-fundacion-ramon-marti-i-bonet-colabora-con-la-asociacion-discapacitados-visuales-de-cataluna-advc\/\"},\"author\":{\"name\":\"frmb\",\"@id\":\"https:\/\/fundacioramonmartibonet.org\/es\/#\/schema\/person\/2aff0a7acd543144a2c66b34132697b6\"},\"headline\":\"La Fundaci\u00f3n Ramon Mart\u00ed i Bonet colabora con la Asociaci\u00f3n Discapacitados Visuales de Catalu\u00f1a (ADVC)\",\"datePublished\":\"2021-04-19T10:27:59+00:00\",\"dateModified\":\"2025-07-16T09:23:02+00:00\",\"mainEntityOfPage\":{\"@id\":\"https:\/\/fundacioramonmartibonet.org\/es\/2021\/04\/la-fundacion-ramon-marti-i-bonet-colabora-con-la-asociacion-discapacitados-visuales-de-cataluna-advc\/\"},\"wordCount\":203,\"publisher\":{\"@id\":\"https:\/\/fundacioramonmartibonet.org\/es\/#organization\"},\"image\":{\"@id\":\"https:\/\/fundacioramonmartibonet.org\/es\/2021\/04\/la-fundacion-ramon-marti-i-bonet-colabora-con-la-asociacion-discapacitados-visuales-de-cataluna-advc\/#primaryimage\"},\"thumbnailUrl\":\"https:\/\/fundacioramonmartibonet.org\/wp-content\/uploads\/2023\/07\/asociacio-discapacitat-3058757788.png\",\"articleSection\":[\"Sin categorizar\"],\"inLanguage\":\"es\"},{\"@type\":\"WebPage\",\"@id\":\"https:\/\/fundacioramonmartibonet.org\/es\/2021\/04\/la-fundacion-ramon-marti-i-bonet-colabora-con-la-asociacion-discapacitados-visuales-de-cataluna-advc\/\",\"url\":\"https:\/\/fundacioramonmartibonet.org\/es\/2021\/04\/la-fundacion-ramon-marti-i-bonet-colabora-con-la-asociacion-discapacitados-visuales-de-cataluna-advc\/\",\"name\":\"La Fundaci\u00f3n Ramon Mart\u00ed i Bonet colabora con la Asociaci\u00f3n Discapacitados Visuales de Catalu\u00f1a (ADVC) - Fundaci\u00f3 Ram\u00f3n Mart\u00ed i Bonet\",\"isPartOf\":{\"@id\":\"https:\/\/fundacioramonmartibonet.org\/es\/#website\"},\"primaryImageOfPage\":{\"@id\":\"https:\/\/fundacioramonmartibonet.org\/es\/2021\/04\/la-fundacion-ramon-marti-i-bonet-colabora-con-la-asociacion-discapacitados-visuales-de-cataluna-advc\/#primaryimage\"},\"image\":{\"@id\":\"https:\/\/fundacioramonmartibonet.org\/es\/2021\/04\/la-fundacion-ramon-marti-i-bonet-colabora-con-la-asociacion-discapacitados-visuales-de-cataluna-advc\/#primaryimage\"},\"thumbnailUrl\":\"https:\/\/fundacioramonmartibonet.org\/wp-content\/uploads\/2023\/07\/asociacio-discapacitat-3058757788.png\",\"datePublished\":\"2021-04-19T10:27:59+00:00\",\"dateModified\":\"2025-07-16T09:23:02+00:00\",\"breadcrumb\":{\"@id\":\"https:\/\/fundacioramonmartibonet.org\/es\/2021\/04\/la-fundacion-ramon-marti-i-bonet-colabora-con-la-asociacion-discapacitados-visuales-de-cataluna-advc\/#breadcrumb\"},\"inLanguage\":\"es\",\"potentialAction\":[{\"@type\":\"ReadAction\",\"target\":[\"https:\/\/fundacioramonmartibonet.org\/es\/2021\/04\/la-fundacion-ramon-marti-i-bonet-colabora-con-la-asociacion-discapacitados-visuales-de-cataluna-advc\/\"]}]},{\"@type\":\"ImageObject\",\"inLanguage\":\"es\",\"@id\":\"https:\/\/fundacioramonmartibonet.org\/es\/2021\/04\/la-fundacion-ramon-marti-i-bonet-colabora-con-la-asociacion-discapacitados-visuales-de-cataluna-advc\/#primaryimage\",\"url\":\"https:\/\/fundacioramonmartibonet.org\/wp-content\/uploads\/2023\/07\/asociacio-discapacitat-3058757788.png\",\"contentUrl\":\"https:\/\/fundacioramonmartibonet.org\/wp-content\/uploads\/2023\/07\/asociacio-discapacitat-3058757788.png\",\"width\":1000,\"height\":933},{\"@type\":\"BreadcrumbList\",\"@id\":\"https:\/\/fundacioramonmartibonet.org\/es\/2021\/04\/la-fundacion-ramon-marti-i-bonet-colabora-con-la-asociacion-discapacitados-visuales-de-cataluna-advc\/#breadcrumb\",\"itemListElement\":[{\"@type\":\"ListItem\",\"position\":1,\"name\":\"Home\",\"item\":\"https:\/\/fundacioramonmartibonet.org\/es\/\"},{\"@type\":\"ListItem\",\"position\":2,\"name\":\"La Fundaci\u00f3n Ramon Mart\u00ed i Bonet colabora con la Asociaci\u00f3n Discapacitados Visuales de Catalu\u00f1a (ADVC)\"}]},{\"@type\":\"WebSite\",\"@id\":\"https:\/\/fundacioramonmartibonet.org\/es\/#website\",\"url\":\"https:\/\/fundacioramonmartibonet.org\/es\/\",\"name\":\"Fundaci\u00f3 Ramon Mart\u00ed i Bonet\",\"description\":\"Visi\u00f3 per a tothom\",\"publisher\":{\"@id\":\"https:\/\/fundacioramonmartibonet.org\/es\/#organization\"},\"alternateName\":\"FRMB\",\"potentialAction\":[{\"@type\":\"SearchAction\",\"target\":{\"@type\":\"EntryPoint\",\"urlTemplate\":\"https:\/\/fundacioramonmartibonet.org\/es\/?s={search_term_string}\"},\"query-input\":\"required name=search_term_string\"}],\"inLanguage\":\"es\"},{\"@type\":\"Organization\",\"@id\":\"https:\/\/fundacioramonmartibonet.org\/es\/#organization\",\"name\":\"Fundaci\u00f3 Ramon Mart\u00ed i Bonet\",\"alternateName\":\"FRMB\",\"url\":\"https:\/\/fundacioramonmartibonet.org\/es\/\",\"logo\":{\"@type\":\"ImageObject\",\"inLanguage\":\"es\",\"@id\":\"https:\/\/fundacioramonmartibonet.org\/es\/#\/schema\/logo\/image\/\",\"url\":\"https:\/\/fundacioramonmartibonet.org\/wp-content\/uploads\/2023\/06\/frmb.svg\",\"contentUrl\":\"https:\/\/fundacioramonmartibonet.org\/wp-content\/uploads\/2023\/06\/frmb.svg\",\"width\":900,\"height\":280,\"caption\":\"Fundaci\u00f3 Ramon Mart\u00ed i Bonet\"},\"image\":{\"@id\":\"https:\/\/fundacioramonmartibonet.org\/es\/#\/schema\/logo\/image\/\"},\"sameAs\":[\"https:\/\/www.facebook.com\/FundacioRamonMartiBonet\",\"https:\/\/x.com\/FundacioRMB\",\"https:\/\/www.youtube.com\/channel\/UCNyN8HH4tz3ybIBubLBiSog\",\"https:\/\/www.instagram.com\/fundaciormb\/\",\"https:\/\/www.linkedin.com\/company\/fundacio-ramon-marto-i-bonet-contra-la-ceguera\/\"]},{\"@type\":\"Person\",\"@id\":\"https:\/\/fundacioramonmartibonet.org\/es\/#\/schema\/person\/2aff0a7acd543144a2c66b34132697b6\",\"name\":\"frmb\",\"image\":{\"@type\":\"ImageObject\",\"inLanguage\":\"es\",\"@id\":\"https:\/\/fundacioramonmartibonet.org\/es\/#\/schema\/person\/image\/\",\"url\":\"https:\/\/secure.gravatar.com\/avatar\/83d1ae228f5a77eb42b308490c6dcca6?s=96&d=mm&r=g\",\"contentUrl\":\"https:\/\/secure.gravatar.com\/avatar\/83d1ae228f5a77eb42b308490c6dcca6?s=96&d=mm&r=g\",\"caption\":\"frmb\"},\"sameAs\":[\"https:\/\/fundacioramonmartibonet.org\"],\"url\":\"https:\/\/fundacioramonmartibonet.org\/es\/author\/frmb\/\"}]}<\/script>\n<!-- \/ Yoast SEO plugin. -->","yoast_head_json":{"title":"La Fundaci\u00f3n Ramon Mart\u00ed i Bonet colabora con la Asociaci\u00f3n Discapacitados Visuales de Catalu\u00f1a (ADVC) - Fundaci\u00f3 Ram\u00f3n Mart\u00ed i Bonet","robots":{"index":"index","follow":"follow","max-snippet":"max-snippet:-1","max-image-preview":"max-image-preview:large","max-video-preview":"max-video-preview:-1"},"canonical":"https:\/\/fundacioramonmartibonet.org\/es\/2021\/04\/la-fundacion-ramon-marti-i-bonet-colabora-con-la-asociacion-discapacitados-visuales-de-cataluna-advc\/","og_locale":"es_ES","og_type":"article","og_title":"La Fundaci\u00f3n Ramon Mart\u00ed i Bonet colabora con la Asociaci\u00f3n Discapacitados Visuales de Catalu\u00f1a (ADVC) - Fundaci\u00f3 Ram\u00f3n Mart\u00ed i Bonet","og_description":"La Fundaci\u00f3n Ramon Mart\u00ed i Bonet contra la ceguera colabora junto con la Asociaci\u00f3n Discapacitados Visuales de Catalu\u00f1a (ADVC), una asociaci\u00f3n sin \u00e1nimo de lucro que da servicios a personas con discapacidad visual. Esta es una de las entidades de referencia en Catalu\u00f1a en la atenci\u00f3n y la prestaci\u00f3n de servicios a personas con discapacidad [&hellip;]","og_url":"https:\/\/fundacioramonmartibonet.org\/es\/2021\/04\/la-fundacion-ramon-marti-i-bonet-colabora-con-la-asociacion-discapacitados-visuales-de-cataluna-advc\/","og_site_name":"Fundaci\u00f3 Ram\u00f3n Mart\u00ed i Bonet","article_publisher":"https:\/\/www.facebook.com\/FundacioRamonMartiBonet","article_published_time":"2021-04-19T10:27:59+00:00","article_modified_time":"2025-07-16T09:23:02+00:00","og_image":[{"width":1000,"height":933,"url":"https:\/\/fundacioramonmartibonet.org\/wp-content\/uploads\/2023\/07\/asociacio-discapacitat-3058757788.png","type":"image\/png"}],"author":"frmb","twitter_card":"summary_large_image","twitter_creator":"@FundacioRMB","twitter_site":"@FundacioRMB","schema":{"@context":"https:\/\/schema.org","@graph":[{"@type":"Article","@id":"https:\/\/fundacioramonmartibonet.org\/es\/2021\/04\/la-fundacion-ramon-marti-i-bonet-colabora-con-la-asociacion-discapacitados-visuales-de-cataluna-advc\/#article","isPartOf":{"@id":"https:\/\/fundacioramonmartibonet.org\/es\/2021\/04\/la-fundacion-ramon-marti-i-bonet-colabora-con-la-asociacion-discapacitados-visuales-de-cataluna-advc\/"},"author":{"name":"frmb","@id":"https:\/\/fundacioramonmartibonet.org\/es\/#\/schema\/person\/2aff0a7acd543144a2c66b34132697b6"},"headline":"La Fundaci\u00f3n Ramon Mart\u00ed i Bonet colabora con la Asociaci\u00f3n Discapacitados Visuales de Catalu\u00f1a (ADVC)","datePublished":"2021-04-19T10:27:59+00:00","dateModified":"2025-07-16T09:23:02+00:00","mainEntityOfPage":{"@id":"https:\/\/fundacioramonmartibonet.org\/es\/2021\/04\/la-fundacion-ramon-marti-i-bonet-colabora-con-la-asociacion-discapacitados-visuales-de-cataluna-advc\/"},"wordCount":203,"publisher":{"@id":"https:\/\/fundacioramonmartibonet.org\/es\/#organization"},"image":{"@id":"https:\/\/fundacioramonmartibonet.org\/es\/2021\/04\/la-fundacion-ramon-marti-i-bonet-colabora-con-la-asociacion-discapacitados-visuales-de-cataluna-advc\/#primaryimage"},"thumbnailUrl":"https:\/\/fundacioramonmartibonet.org\/wp-content\/uploads\/2023\/07\/asociacio-discapacitat-3058757788.png","articleSection":["Sin categorizar"],"inLanguage":"es"},{"@type":"WebPage","@id":"https:\/\/fundacioramonmartibonet.org\/es\/2021\/04\/la-fundacion-ramon-marti-i-bonet-colabora-con-la-asociacion-discapacitados-visuales-de-cataluna-advc\/","url":"https:\/\/fundacioramonmartibonet.org\/es\/2021\/04\/la-fundacion-ramon-marti-i-bonet-colabora-con-la-asociacion-discapacitados-visuales-de-cataluna-advc\/","name":"La Fundaci\u00f3n Ramon Mart\u00ed i Bonet colabora con la Asociaci\u00f3n Discapacitados Visuales de Catalu\u00f1a (ADVC) - Fundaci\u00f3 Ram\u00f3n Mart\u00ed i Bonet","isPartOf":{"@id":"https:\/\/fundacioramonmartibonet.org\/es\/#website"},"primaryImageOfPage":{"@id":"https:\/\/fundacioramonmartibonet.org\/es\/2021\/04\/la-fundacion-ramon-marti-i-bonet-colabora-con-la-asociacion-discapacitados-visuales-de-cataluna-advc\/#primaryimage"},"image":{"@id":"https:\/\/fundacioramonmartibonet.org\/es\/2021\/04\/la-fundacion-ramon-marti-i-bonet-colabora-con-la-asociacion-discapacitados-visuales-de-cataluna-advc\/#primaryimage"},"thumbnailUrl":"https:\/\/fundacioramonmartibonet.org\/wp-content\/uploads\/2023\/07\/asociacio-discapacitat-3058757788.png","datePublished":"2021-04-19T10:27:59+00:00","dateModified":"2025-07-16T09:23:02+00:00","breadcrumb":{"@id":"https:\/\/fundacioramonmartibonet.org\/es\/2021\/04\/la-fundacion-ramon-marti-i-bonet-colabora-con-la-asociacion-discapacitados-visuales-de-cataluna-advc\/#breadcrumb"},"inLanguage":"es","potentialAction":[{"@type":"ReadAction","target":["https:\/\/fundacioramonmartibonet.org\/es\/2021\/04\/la-fundacion-ramon-marti-i-bonet-colabora-con-la-asociacion-discapacitados-visuales-de-cataluna-advc\/"]}]},{"@type":"ImageObject","inLanguage":"es","@id":"https:\/\/fundacioramonmartibonet.org\/es\/2021\/04\/la-fundacion-ramon-marti-i-bonet-colabora-con-la-asociacion-discapacitados-visuales-de-cataluna-advc\/#primaryimage","url":"https:\/\/fundacioramonmartibonet.org\/wp-content\/uploads\/2023\/07\/asociacio-discapacitat-3058757788.png","contentUrl":"https:\/\/fundacioramonmartibonet.org\/wp-content\/uploads\/2023\/07\/asociacio-discapacitat-3058757788.png","width":1000,"height":933},{"@type":"BreadcrumbList","@id":"https:\/\/fundacioramonmartibonet.org\/es\/2021\/04\/la-fundacion-ramon-marti-i-bonet-colabora-con-la-asociacion-discapacitados-visuales-de-cataluna-advc\/#breadcrumb","itemListElement":[{"@type":"ListItem","position":1,"name":"Home","item":"https:\/\/fundacioramonmartibonet.org\/es\/"},{"@type":"ListItem","position":2,"name":"La Fundaci\u00f3n Ramon Mart\u00ed i Bonet colabora con la Asociaci\u00f3n Discapacitados Visuales de Catalu\u00f1a (ADVC)"}]},{"@type":"WebSite","@id":"https:\/\/fundacioramonmartibonet.org\/es\/#website","url":"https:\/\/fundacioramonmartibonet.org\/es\/","name":"Fundaci\u00f3 Ramon Mart\u00ed i Bonet","description":"Visi\u00f3 per a tothom","publisher":{"@id":"https:\/\/fundacioramonmartibonet.org\/es\/#organization"},"alternateName":"FRMB","potentialAction":[{"@type":"SearchAction","target":{"@type":"EntryPoint","urlTemplate":"https:\/\/fundacioramonmartibonet.org\/es\/?s={search_term_string}"},"query-input":"required name=search_term_string"}],"inLanguage":"es"},{"@type":"Organization","@id":"https:\/\/fundacioramonmartibonet.org\/es\/#organization","name":"Fundaci\u00f3 Ramon Mart\u00ed i Bonet","alternateName":"FRMB","url":"https:\/\/fundacioramonmartibonet.org\/es\/","logo":{"@type":"ImageObject","inLanguage":"es","@id":"https:\/\/fundacioramonmartibonet.org\/es\/#\/schema\/logo\/image\/","url":"https:\/\/fundacioramonmartibonet.org\/wp-content\/uploads\/2023\/06\/frmb.svg","contentUrl":"https:\/\/fundacioramonmartibonet.org\/wp-content\/uploads\/2023\/06\/frmb.svg","width":900,"height":280,"caption":"Fundaci\u00f3 Ramon Mart\u00ed i Bonet"},"image":{"@id":"https:\/\/fundacioramonmartibonet.org\/es\/#\/schema\/logo\/image\/"},"sameAs":["https:\/\/www.facebook.com\/FundacioRamonMartiBonet","https:\/\/x.com\/FundacioRMB","https:\/\/www.youtube.com\/channel\/UCNyN8HH4tz3ybIBubLBiSog","https:\/\/www.instagram.com\/fundaciormb\/","https:\/\/www.linkedin.com\/company\/fundacio-ramon-marto-i-bonet-contra-la-ceguera\/"]},{"@type":"Person","@id":"https:\/\/fundacioramonmartibonet.org\/es\/#\/schema\/person\/2aff0a7acd543144a2c66b34132697b6","name":"frmb","image":{"@type":"ImageObject","inLanguage":"es","@id":"https:\/\/fundacioramonmartibonet.org\/es\/#\/schema\/person\/image\/","url":"https:\/\/secure.gravatar.com\/avatar\/83d1ae228f5a77eb42b308490c6dcca6?s=96&d=mm&r=g","contentUrl":"https:\/\/secure.gravatar.com\/avatar\/83d1ae228f5a77eb42b308490c6dcca6?s=96&d=mm&r=g","caption":"frmb"},"sameAs":["https:\/\/fundacioramonmartibonet.org"],"url":"https:\/\/fundacioramonmartibonet.org\/es\/author\/frmb\/"}]}},"_links":{"self":[{"href":"https:\/\/fundacioramonmartibonet.org\/es\/wp-json\/wp\/v2\/posts\/653"}],"collection":[{"href":"https:\/\/fundacioramonmartibonet.org\/es\/wp-json\/wp\/v2\/posts"}],"about":[{"href":"https:\/\/fundacioramonmartibonet.org\/es\/wp-json\/wp\/v2\/types\/post"}],"author":[{"embeddable":true,"href":"https:\/\/fundacioramonmartibonet.org\/es\/wp-json\/wp\/v2\/users\/1"}],"replies":[{"embeddable":true,"href":"https:\/\/fundacioramonmartibonet.org\/es\/wp-json\/wp\/v2\/comments?post=653"}],"version-history":[{"count":1,"href":"https:\/\/fundacioramonmartibonet.org\/es\/wp-json\/wp\/v2\/posts\/653\/revisions"}],"predecessor-version":[{"id":3947,"href":"https:\/\/fundacioramonmartibonet.org\/es\/wp-json\/wp\/v2\/posts\/653\/revisions\/3947"}],"wp:featuredmedia":[{"embeddable":true,"href":"https:\/\/fundacioramonmartibonet.org\/es\/wp-json\/wp\/v2\/media\/314"}],"wp:attachment":[{"href":"https:\/\/fundacioramonmartibonet.org\/es\/wp-json\/wp\/v2\/media?parent=653"}],"wp:term":[{"taxonomy":"category","embeddable":true,"href":"https:\/\/fundacioramonmartibonet.org\/es\/wp-json\/wp\/v2\/categories?post=653"},{"taxonomy":"post_tag","embeddable":true,"href":"https:\/\/fundacioramonmartibonet.org\/es\/wp-json\/wp\/v2\/tags?post=653"}],"curies":[{"name":"wp","href":"https:\/\/api.w.org\/{rel}","templated":true}]}}