{"id":648,"date":"2020-10-08T11:58:14","date_gmt":"2020-10-08T11:58:14","guid":{"rendered":"https:\/\/fundacioramonmartibonet.org\/2020\/10\/dia-mundial-de-la-vision-2020\/"},"modified":"2025-07-16T09:23:03","modified_gmt":"2025-07-16T09:23:03","slug":"dia-mundial-de-la-vision-2020","status":"publish","type":"post","link":"https:\/\/fundacioramonmartibonet.org\/es\/2020\/10\/dia-mundial-de-la-vision-2020\/","title":{"rendered":"D\u00eda Mundial de la Visi\u00f3n 2020"},"content":{"rendered":"<div class=\"entry-content doctor-content \">\n<p>Hoy, d\u00eda 8 de octubre, se celebra el <a href=\"https:\/\/www.iapb.org\/advocate\/world-sight-day\/\">D\u00eda Mundial de la Visi\u00f3n<\/a>, una fecha decretada por la Organizaci\u00f3n Mundial de la Salud (<strong>OMS<\/strong>) y la Agencia Internacional para la Prevenci\u00f3n de la Ceguera (<strong>IAPB<\/strong>) con el prop\u00f3sito de concienciar a la poblaci\u00f3n sobre la ceguera y la discapacidad visual. El <strong>D\u00eda Mundial de la Visi\u00f3n<\/strong> es el evento m\u00e1s importante de sensibilizaci\u00f3n en relaci\u00f3n a la salud ocular y este a\u00f1o el lema escogido ha sido <strong>Esperanza a la vista<\/strong>.<\/p>\n<h3><strong>La importancia del acceso a la vista<\/strong><\/h3>\n<p>M\u00e1s de <strong>mil millones de personas<\/strong> no pueden ver bien porque <strong>no tienen acceso a lentes o gafas<\/strong>. M\u00e1s de <strong>3 de cada 4<\/strong> <strong>personas<\/strong> con problemas visuales en el mundo lo son de forma <strong>evitable<\/strong>.<\/p>\n<p>La reducci\u00f3n o ausencia de la visi\u00f3n puede tener efectos importantes y en muchos aspectos de la vida, como las actividades personales cotidianas, la interacci\u00f3n con otras personas o las oportunidades escolares y laborales.<\/p>\n<p>La disminuci\u00f3n de la visi\u00f3n puede deberse a varios factores, entre ellos, enfermedades como la diabetes, traumatismos oculares o afecciones como las cataratas, la degeneraci\u00f3n macular asociada a la edad (DMAE) o el glaucoma.<\/p>\n<p>La mayor\u00eda de las personas con problemas de visi\u00f3n tienen <strong>m\u00e1s de 50 a\u00f1os<\/strong>; a\u00fan as\u00ed, la p\u00e9rdida de visi\u00f3n puede afectar a personas de todas las edades.<\/p>\n<h3><strong>\u00bfCu\u00e1l es la misi\u00f3n del D\u00eda Mundial de la Visi\u00f3n?<\/strong><\/h3>\n<p>El D\u00eda Mundial de la Visi\u00f3n se celebra anualmente para conseguir los siguientes objetivos:<\/p>\n<ul>\n<li>Concienciar a la poblaci\u00f3n sobre la ceguera y el deterioro de la visi\u00f3n como el principal problema de salud p\u00fablica a nivel mundial.<\/li>\n<li>Influir en los ministerios de sanidad para que participen en los programas nacionales de prevenci\u00f3n de la ceguera y designen fondos para ellos.<\/li>\n<li>Educar al p\u00fablico general sobre la prevenci\u00f3n de la ceguera.<\/li>\n<\/ul>\n<h3><strong>Campa\u00f1a en redes sociales<\/strong><\/h3>\n<p>Este a\u00f1o la IAPB (Agencia Internacional de Prevenci\u00f3n de la ceguera) ha lanzado su campa\u00f1a en redes sociales a trav\u00e9s del <em>hashtag <\/em><strong>#HopeInSight<\/strong>. Con esta etiqueta se pretende difundir la necesidad de encontrar soluciones para que en todas partes y todo el mundo tenga acceso a la vista.<\/p>\n<h3><strong>Cuidemos nuestra visi\u00f3n<\/strong><\/h3>\n<p>Este a\u00f1o, el D\u00eda Mundial de la Visi\u00f3n coincide con la iniciativa <strong>VISI\u00d3N 2020<\/strong>, un proyecto que pretende eliminar las principales causas de ceguera evitable y tratable para el a\u00f1o 2020. Desde la FRMB contra la ceguera queremos remarcar la importancia de hacer revisiones oftalmol\u00f3gicas peri\u00f3dicas y poder detectar de manera precoz las diferentes enfermedades oculares.<\/p>\n<\/div>\n","protected":false},"excerpt":{"rendered":"<p>Hoy, d\u00eda 8 de octubre, se celebra el D\u00eda Mundial de la Visi\u00f3n, una fecha decretada por la Organizaci\u00f3n Mundial de la Salud (OMS) y la Agencia Internacional para la Prevenci\u00f3n de la Ceguera (IAPB) con el prop\u00f3sito de concienciar a la poblaci\u00f3n sobre la ceguera y la discapacidad visual. El D\u00eda Mundial de la [&hellip;]<\/p>\n","protected":false},"author":1,"featured_media":431,"comment_status":"closed","ping_status":"closed","sticky":false,"template":"","format":"standard","meta":{"_acf_changed":false,"footnotes":""},"categories":[1],"tags":[],"acf":[],"yoast_head":"<!-- This site is optimized with the Yoast SEO plugin v22.5 - https:\/\/yoast.com\/wordpress\/plugins\/seo\/ -->\n<title>D\u00eda Mundial de la Visi\u00f3n 2020 - Fundaci\u00f3 Ram\u00f3n Mart\u00ed i Bonet<\/title>\n<meta name=\"robots\" content=\"index, follow, max-snippet:-1, max-image-preview:large, max-video-preview:-1\" \/>\n<link rel=\"canonical\" href=\"https:\/\/fundacioramonmartibonet.org\/es\/2020\/10\/dia-mundial-de-la-vision-2020\/\" \/>\n<meta property=\"og:locale\" content=\"es_ES\" \/>\n<meta property=\"og:type\" content=\"article\" \/>\n<meta property=\"og:title\" content=\"D\u00eda Mundial de la Visi\u00f3n 2020 - Fundaci\u00f3 Ram\u00f3n Mart\u00ed i Bonet\" \/>\n<meta property=\"og:description\" content=\"Hoy, d\u00eda 8 de octubre, se celebra el D\u00eda Mundial de la Visi\u00f3n, una fecha decretada por la Organizaci\u00f3n Mundial de la Salud (OMS) y la Agencia Internacional para la Prevenci\u00f3n de la Ceguera (IAPB) con el prop\u00f3sito de concienciar a la poblaci\u00f3n sobre la ceguera y la discapacidad visual. El D\u00eda Mundial de la [&hellip;]\" \/>\n<meta property=\"og:url\" content=\"https:\/\/fundacioramonmartibonet.org\/es\/2020\/10\/dia-mundial-de-la-vision-2020\/\" \/>\n<meta property=\"og:site_name\" content=\"Fundaci\u00f3 Ram\u00f3n Mart\u00ed i Bonet\" \/>\n<meta property=\"article:publisher\" content=\"https:\/\/www.facebook.com\/FundacioRamonMartiBonet\" \/>\n<meta property=\"article:published_time\" content=\"2020-10-08T11:58:14+00:00\" \/>\n<meta property=\"article:modified_time\" content=\"2025-07-16T09:23:03+00:00\" \/>\n<meta property=\"og:image\" content=\"https:\/\/fundacioramonmartibonet.org\/wp-content\/uploads\/2023\/07\/BANNER_FRMB_2020_1105x610px_ES.png\" \/>\n\t<meta property=\"og:image:width\" content=\"1105\" \/>\n\t<meta property=\"og:image:height\" content=\"610\" \/>\n\t<meta property=\"og:image:type\" content=\"image\/png\" \/>\n<meta name=\"author\" content=\"frmb\" \/>\n<meta name=\"twitter:card\" content=\"summary_large_image\" \/>\n<meta name=\"twitter:creator\" content=\"@FundacioRMB\" \/>\n<meta name=\"twitter:site\" content=\"@FundacioRMB\" \/>\n<script type=\"application\/ld+json\" class=\"yoast-schema-graph\">{\"@context\":\"https:\/\/schema.org\",\"@graph\":[{\"@type\":\"Article\",\"@id\":\"https:\/\/fundacioramonmartibonet.org\/es\/2020\/10\/dia-mundial-de-la-vision-2020\/#article\",\"isPartOf\":{\"@id\":\"https:\/\/fundacioramonmartibonet.org\/es\/2020\/10\/dia-mundial-de-la-vision-2020\/\"},\"author\":{\"name\":\"frmb\",\"@id\":\"https:\/\/fundacioramonmartibonet.org\/es\/#\/schema\/person\/2aff0a7acd543144a2c66b34132697b6\"},\"headline\":\"D\u00eda Mundial de la Visi\u00f3n 2020\",\"datePublished\":\"2020-10-08T11:58:14+00:00\",\"dateModified\":\"2025-07-16T09:23:03+00:00\",\"mainEntityOfPage\":{\"@id\":\"https:\/\/fundacioramonmartibonet.org\/es\/2020\/10\/dia-mundial-de-la-vision-2020\/\"},\"wordCount\":465,\"publisher\":{\"@id\":\"https:\/\/fundacioramonmartibonet.org\/es\/#organization\"},\"image\":{\"@id\":\"https:\/\/fundacioramonmartibonet.org\/es\/2020\/10\/dia-mundial-de-la-vision-2020\/#primaryimage\"},\"thumbnailUrl\":\"https:\/\/fundacioramonmartibonet.org\/wp-content\/uploads\/2023\/07\/BANNER_FRMB_2020_1105x610px_ES.png\",\"articleSection\":[\"Sin categorizar\"],\"inLanguage\":\"es\"},{\"@type\":\"WebPage\",\"@id\":\"https:\/\/fundacioramonmartibonet.org\/es\/2020\/10\/dia-mundial-de-la-vision-2020\/\",\"url\":\"https:\/\/fundacioramonmartibonet.org\/es\/2020\/10\/dia-mundial-de-la-vision-2020\/\",\"name\":\"D\u00eda Mundial de la Visi\u00f3n 2020 - Fundaci\u00f3 Ram\u00f3n Mart\u00ed i Bonet\",\"isPartOf\":{\"@id\":\"https:\/\/fundacioramonmartibonet.org\/es\/#website\"},\"primaryImageOfPage\":{\"@id\":\"https:\/\/fundacioramonmartibonet.org\/es\/2020\/10\/dia-mundial-de-la-vision-2020\/#primaryimage\"},\"image\":{\"@id\":\"https:\/\/fundacioramonmartibonet.org\/es\/2020\/10\/dia-mundial-de-la-vision-2020\/#primaryimage\"},\"thumbnailUrl\":\"https:\/\/fundacioramonmartibonet.org\/wp-content\/uploads\/2023\/07\/BANNER_FRMB_2020_1105x610px_ES.png\",\"datePublished\":\"2020-10-08T11:58:14+00:00\",\"dateModified\":\"2025-07-16T09:23:03+00:00\",\"breadcrumb\":{\"@id\":\"https:\/\/fundacioramonmartibonet.org\/es\/2020\/10\/dia-mundial-de-la-vision-2020\/#breadcrumb\"},\"inLanguage\":\"es\",\"potentialAction\":[{\"@type\":\"ReadAction\",\"target\":[\"https:\/\/fundacioramonmartibonet.org\/es\/2020\/10\/dia-mundial-de-la-vision-2020\/\"]}]},{\"@type\":\"ImageObject\",\"inLanguage\":\"es\",\"@id\":\"https:\/\/fundacioramonmartibonet.org\/es\/2020\/10\/dia-mundial-de-la-vision-2020\/#primaryimage\",\"url\":\"https:\/\/fundacioramonmartibonet.org\/wp-content\/uploads\/2023\/07\/BANNER_FRMB_2020_1105x610px_ES.png\",\"contentUrl\":\"https:\/\/fundacioramonmartibonet.org\/wp-content\/uploads\/2023\/07\/BANNER_FRMB_2020_1105x610px_ES.png\",\"width\":1105,\"height\":610},{\"@type\":\"BreadcrumbList\",\"@id\":\"https:\/\/fundacioramonmartibonet.org\/es\/2020\/10\/dia-mundial-de-la-vision-2020\/#breadcrumb\",\"itemListElement\":[{\"@type\":\"ListItem\",\"position\":1,\"name\":\"Home\",\"item\":\"https:\/\/fundacioramonmartibonet.org\/es\/\"},{\"@type\":\"ListItem\",\"position\":2,\"name\":\"D\u00eda Mundial de la Visi\u00f3n 2020\"}]},{\"@type\":\"WebSite\",\"@id\":\"https:\/\/fundacioramonmartibonet.org\/es\/#website\",\"url\":\"https:\/\/fundacioramonmartibonet.org\/es\/\",\"name\":\"Fundaci\u00f3 Ramon Mart\u00ed i Bonet\",\"description\":\"Visi\u00f3 per a tothom\",\"publisher\":{\"@id\":\"https:\/\/fundacioramonmartibonet.org\/es\/#organization\"},\"alternateName\":\"FRMB\",\"potentialAction\":[{\"@type\":\"SearchAction\",\"target\":{\"@type\":\"EntryPoint\",\"urlTemplate\":\"https:\/\/fundacioramonmartibonet.org\/es\/?s={search_term_string}\"},\"query-input\":\"required name=search_term_string\"}],\"inLanguage\":\"es\"},{\"@type\":\"Organization\",\"@id\":\"https:\/\/fundacioramonmartibonet.org\/es\/#organization\",\"name\":\"Fundaci\u00f3 Ramon Mart\u00ed i Bonet\",\"alternateName\":\"FRMB\",\"url\":\"https:\/\/fundacioramonmartibonet.org\/es\/\",\"logo\":{\"@type\":\"ImageObject\",\"inLanguage\":\"es\",\"@id\":\"https:\/\/fundacioramonmartibonet.org\/es\/#\/schema\/logo\/image\/\",\"url\":\"https:\/\/fundacioramonmartibonet.org\/wp-content\/uploads\/2023\/06\/frmb.svg\",\"contentUrl\":\"https:\/\/fundacioramonmartibonet.org\/wp-content\/uploads\/2023\/06\/frmb.svg\",\"width\":900,\"height\":280,\"caption\":\"Fundaci\u00f3 Ramon Mart\u00ed i Bonet\"},\"image\":{\"@id\":\"https:\/\/fundacioramonmartibonet.org\/es\/#\/schema\/logo\/image\/\"},\"sameAs\":[\"https:\/\/www.facebook.com\/FundacioRamonMartiBonet\",\"https:\/\/x.com\/FundacioRMB\",\"https:\/\/www.youtube.com\/channel\/UCNyN8HH4tz3ybIBubLBiSog\",\"https:\/\/www.instagram.com\/fundaciormb\/\",\"https:\/\/www.linkedin.com\/company\/fundacio-ramon-marto-i-bonet-contra-la-ceguera\/\"]},{\"@type\":\"Person\",\"@id\":\"https:\/\/fundacioramonmartibonet.org\/es\/#\/schema\/person\/2aff0a7acd543144a2c66b34132697b6\",\"name\":\"frmb\",\"image\":{\"@type\":\"ImageObject\",\"inLanguage\":\"es\",\"@id\":\"https:\/\/fundacioramonmartibonet.org\/es\/#\/schema\/person\/image\/\",\"url\":\"https:\/\/secure.gravatar.com\/avatar\/83d1ae228f5a77eb42b308490c6dcca6?s=96&d=mm&r=g\",\"contentUrl\":\"https:\/\/secure.gravatar.com\/avatar\/83d1ae228f5a77eb42b308490c6dcca6?s=96&d=mm&r=g\",\"caption\":\"frmb\"},\"sameAs\":[\"https:\/\/fundacioramonmartibonet.org\"],\"url\":\"https:\/\/fundacioramonmartibonet.org\/es\/author\/frmb\/\"}]}<\/script>\n<!-- \/ Yoast SEO plugin. -->","yoast_head_json":{"title":"D\u00eda Mundial de la Visi\u00f3n 2020 - Fundaci\u00f3 Ram\u00f3n Mart\u00ed i Bonet","robots":{"index":"index","follow":"follow","max-snippet":"max-snippet:-1","max-image-preview":"max-image-preview:large","max-video-preview":"max-video-preview:-1"},"canonical":"https:\/\/fundacioramonmartibonet.org\/es\/2020\/10\/dia-mundial-de-la-vision-2020\/","og_locale":"es_ES","og_type":"article","og_title":"D\u00eda Mundial de la Visi\u00f3n 2020 - Fundaci\u00f3 Ram\u00f3n Mart\u00ed i Bonet","og_description":"Hoy, d\u00eda 8 de octubre, se celebra el D\u00eda Mundial de la Visi\u00f3n, una fecha decretada por la Organizaci\u00f3n Mundial de la Salud (OMS) y la Agencia Internacional para la Prevenci\u00f3n de la Ceguera (IAPB) con el prop\u00f3sito de concienciar a la poblaci\u00f3n sobre la ceguera y la discapacidad visual. El D\u00eda Mundial de la [&hellip;]","og_url":"https:\/\/fundacioramonmartibonet.org\/es\/2020\/10\/dia-mundial-de-la-vision-2020\/","og_site_name":"Fundaci\u00f3 Ram\u00f3n Mart\u00ed i Bonet","article_publisher":"https:\/\/www.facebook.com\/FundacioRamonMartiBonet","article_published_time":"2020-10-08T11:58:14+00:00","article_modified_time":"2025-07-16T09:23:03+00:00","og_image":[{"width":1105,"height":610,"url":"https:\/\/fundacioramonmartibonet.org\/wp-content\/uploads\/2023\/07\/BANNER_FRMB_2020_1105x610px_ES.png","type":"image\/png"}],"author":"frmb","twitter_card":"summary_large_image","twitter_creator":"@FundacioRMB","twitter_site":"@FundacioRMB","schema":{"@context":"https:\/\/schema.org","@graph":[{"@type":"Article","@id":"https:\/\/fundacioramonmartibonet.org\/es\/2020\/10\/dia-mundial-de-la-vision-2020\/#article","isPartOf":{"@id":"https:\/\/fundacioramonmartibonet.org\/es\/2020\/10\/dia-mundial-de-la-vision-2020\/"},"author":{"name":"frmb","@id":"https:\/\/fundacioramonmartibonet.org\/es\/#\/schema\/person\/2aff0a7acd543144a2c66b34132697b6"},"headline":"D\u00eda Mundial de la Visi\u00f3n 2020","datePublished":"2020-10-08T11:58:14+00:00","dateModified":"2025-07-16T09:23:03+00:00","mainEntityOfPage":{"@id":"https:\/\/fundacioramonmartibonet.org\/es\/2020\/10\/dia-mundial-de-la-vision-2020\/"},"wordCount":465,"publisher":{"@id":"https:\/\/fundacioramonmartibonet.org\/es\/#organization"},"image":{"@id":"https:\/\/fundacioramonmartibonet.org\/es\/2020\/10\/dia-mundial-de-la-vision-2020\/#primaryimage"},"thumbnailUrl":"https:\/\/fundacioramonmartibonet.org\/wp-content\/uploads\/2023\/07\/BANNER_FRMB_2020_1105x610px_ES.png","articleSection":["Sin categorizar"],"inLanguage":"es"},{"@type":"WebPage","@id":"https:\/\/fundacioramonmartibonet.org\/es\/2020\/10\/dia-mundial-de-la-vision-2020\/","url":"https:\/\/fundacioramonmartibonet.org\/es\/2020\/10\/dia-mundial-de-la-vision-2020\/","name":"D\u00eda Mundial de la Visi\u00f3n 2020 - Fundaci\u00f3 Ram\u00f3n Mart\u00ed i Bonet","isPartOf":{"@id":"https:\/\/fundacioramonmartibonet.org\/es\/#website"},"primaryImageOfPage":{"@id":"https:\/\/fundacioramonmartibonet.org\/es\/2020\/10\/dia-mundial-de-la-vision-2020\/#primaryimage"},"image":{"@id":"https:\/\/fundacioramonmartibonet.org\/es\/2020\/10\/dia-mundial-de-la-vision-2020\/#primaryimage"},"thumbnailUrl":"https:\/\/fundacioramonmartibonet.org\/wp-content\/uploads\/2023\/07\/BANNER_FRMB_2020_1105x610px_ES.png","datePublished":"2020-10-08T11:58:14+00:00","dateModified":"2025-07-16T09:23:03+00:00","breadcrumb":{"@id":"https:\/\/fundacioramonmartibonet.org\/es\/2020\/10\/dia-mundial-de-la-vision-2020\/#breadcrumb"},"inLanguage":"es","potentialAction":[{"@type":"ReadAction","target":["https:\/\/fundacioramonmartibonet.org\/es\/2020\/10\/dia-mundial-de-la-vision-2020\/"]}]},{"@type":"ImageObject","inLanguage":"es","@id":"https:\/\/fundacioramonmartibonet.org\/es\/2020\/10\/dia-mundial-de-la-vision-2020\/#primaryimage","url":"https:\/\/fundacioramonmartibonet.org\/wp-content\/uploads\/2023\/07\/BANNER_FRMB_2020_1105x610px_ES.png","contentUrl":"https:\/\/fundacioramonmartibonet.org\/wp-content\/uploads\/2023\/07\/BANNER_FRMB_2020_1105x610px_ES.png","width":1105,"height":610},{"@type":"BreadcrumbList","@id":"https:\/\/fundacioramonmartibonet.org\/es\/2020\/10\/dia-mundial-de-la-vision-2020\/#breadcrumb","itemListElement":[{"@type":"ListItem","position":1,"name":"Home","item":"https:\/\/fundacioramonmartibonet.org\/es\/"},{"@type":"ListItem","position":2,"name":"D\u00eda Mundial de la Visi\u00f3n 2020"}]},{"@type":"WebSite","@id":"https:\/\/fundacioramonmartibonet.org\/es\/#website","url":"https:\/\/fundacioramonmartibonet.org\/es\/","name":"Fundaci\u00f3 Ramon Mart\u00ed i Bonet","description":"Visi\u00f3 per a tothom","publisher":{"@id":"https:\/\/fundacioramonmartibonet.org\/es\/#organization"},"alternateName":"FRMB","potentialAction":[{"@type":"SearchAction","target":{"@type":"EntryPoint","urlTemplate":"https:\/\/fundacioramonmartibonet.org\/es\/?s={search_term_string}"},"query-input":"required name=search_term_string"}],"inLanguage":"es"},{"@type":"Organization","@id":"https:\/\/fundacioramonmartibonet.org\/es\/#organization","name":"Fundaci\u00f3 Ramon Mart\u00ed i Bonet","alternateName":"FRMB","url":"https:\/\/fundacioramonmartibonet.org\/es\/","logo":{"@type":"ImageObject","inLanguage":"es","@id":"https:\/\/fundacioramonmartibonet.org\/es\/#\/schema\/logo\/image\/","url":"https:\/\/fundacioramonmartibonet.org\/wp-content\/uploads\/2023\/06\/frmb.svg","contentUrl":"https:\/\/fundacioramonmartibonet.org\/wp-content\/uploads\/2023\/06\/frmb.svg","width":900,"height":280,"caption":"Fundaci\u00f3 Ramon Mart\u00ed i Bonet"},"image":{"@id":"https:\/\/fundacioramonmartibonet.org\/es\/#\/schema\/logo\/image\/"},"sameAs":["https:\/\/www.facebook.com\/FundacioRamonMartiBonet","https:\/\/x.com\/FundacioRMB","https:\/\/www.youtube.com\/channel\/UCNyN8HH4tz3ybIBubLBiSog","https:\/\/www.instagram.com\/fundaciormb\/","https:\/\/www.linkedin.com\/company\/fundacio-ramon-marto-i-bonet-contra-la-ceguera\/"]},{"@type":"Person","@id":"https:\/\/fundacioramonmartibonet.org\/es\/#\/schema\/person\/2aff0a7acd543144a2c66b34132697b6","name":"frmb","image":{"@type":"ImageObject","inLanguage":"es","@id":"https:\/\/fundacioramonmartibonet.org\/es\/#\/schema\/person\/image\/","url":"https:\/\/secure.gravatar.com\/avatar\/83d1ae228f5a77eb42b308490c6dcca6?s=96&d=mm&r=g","contentUrl":"https:\/\/secure.gravatar.com\/avatar\/83d1ae228f5a77eb42b308490c6dcca6?s=96&d=mm&r=g","caption":"frmb"},"sameAs":["https:\/\/fundacioramonmartibonet.org"],"url":"https:\/\/fundacioramonmartibonet.org\/es\/author\/frmb\/"}]}},"_links":{"self":[{"href":"https:\/\/fundacioramonmartibonet.org\/es\/wp-json\/wp\/v2\/posts\/648"}],"collection":[{"href":"https:\/\/fundacioramonmartibonet.org\/es\/wp-json\/wp\/v2\/posts"}],"about":[{"href":"https:\/\/fundacioramonmartibonet.org\/es\/wp-json\/wp\/v2\/types\/post"}],"author":[{"embeddable":true,"href":"https:\/\/fundacioramonmartibonet.org\/es\/wp-json\/wp\/v2\/users\/1"}],"replies":[{"embeddable":true,"href":"https:\/\/fundacioramonmartibonet.org\/es\/wp-json\/wp\/v2\/comments?post=648"}],"version-history":[{"count":1,"href":"https:\/\/fundacioramonmartibonet.org\/es\/wp-json\/wp\/v2\/posts\/648\/revisions"}],"predecessor-version":[{"id":3951,"href":"https:\/\/fundacioramonmartibonet.org\/es\/wp-json\/wp\/v2\/posts\/648\/revisions\/3951"}],"wp:featuredmedia":[{"embeddable":true,"href":"https:\/\/fundacioramonmartibonet.org\/es\/wp-json\/wp\/v2\/media\/431"}],"wp:attachment":[{"href":"https:\/\/fundacioramonmartibonet.org\/es\/wp-json\/wp\/v2\/media?parent=648"}],"wp:term":[{"taxonomy":"category","embeddable":true,"href":"https:\/\/fundacioramonmartibonet.org\/es\/wp-json\/wp\/v2\/categories?post=648"},{"taxonomy":"post_tag","embeddable":true,"href":"https:\/\/fundacioramonmartibonet.org\/es\/wp-json\/wp\/v2\/tags?post=648"}],"curies":[{"name":"wp","href":"https:\/\/api.w.org\/{rel}","templated":true}]}}