{"id":647,"date":"2020-10-01T07:00:48","date_gmt":"2020-10-01T07:00:48","guid":{"rendered":"https:\/\/fundacioramonmartibonet.org\/2020\/10\/hay-millones-de-personas-en-el-mundo-que-son-ciegas-porque-no-tienen-acceso-a-gafas\/"},"modified":"2025-07-16T09:23:04","modified_gmt":"2025-07-16T09:23:04","slug":"hay-millones-de-personas-en-el-mundo-que-son-ciegas-porque-no-tienen-acceso-a-gafas","status":"publish","type":"post","link":"https:\/\/fundacioramonmartibonet.org\/es\/2020\/10\/hay-millones-de-personas-en-el-mundo-que-son-ciegas-porque-no-tienen-acceso-a-gafas\/","title":{"rendered":"\u201cHay millones de personas en el mundo que son ciegas porque no tienen acceso a gafas\u201d"},"content":{"rendered":"<p>La Dra. Rosa Maria Sust, Vicepresidenta de la <a href=\"http:\/\/fundacioramonmartibonet.org\/\"><strong>Fundaci\u00f3 Ramon Mart\u00ed i Bonet<\/strong><\/a> contra la ceguera y oftalm\u00f3loga de l\u2019Institut Catal\u00e0 de Retina, ha sido entrevistada por <a href=\"https:\/\/envellimentsaludable.com\/\">Envelliment Saludable<\/a>.<\/p>\n<p>En la entrevista ha hablado sobre diferentes cuestiones que se le han planteado, empezando por dar a conocer la actividad de la entidad social a la que pertenece y la importancia de las fundaciones. Adem\u00e1s de la explicaci\u00f3n de las principales causas de ceguera en el mundo y el aumento de la miop\u00eda a causa de las pantallas.<\/p>\n<p>&nbsp;<\/p>\n<p>A continuaci\u00f3n, os dejamos con la entrevista:<\/p>\n<p>&nbsp;<\/p>\n<ul>\n<li><strong>\u00bfQu\u00e9 papel, qu\u00e9 misi\u00f3n tienen las Fundaciones en el S. XXI? <\/strong><\/li>\n<\/ul>\n<p><em>En el S. XXI la misi\u00f3n de las fundaciones es dar prestaciones en diferentes \u00e1reas de actuaci\u00f3n (social, investigaci\u00f3n cient\u00edfica, educativa, etc.) que no queden cubiertas o que est\u00e9n fuera del \u00e1mbito de las entidades p\u00fablicas.<\/em><\/p>\n<p><em>En nuestro caso, ayudamos personas sin recursos econ\u00f3micos que no pueden tener acceso a tratamientos oftalmol\u00f3gicos o bien no pueden conseguir lentes o gafas. <\/em><\/p>\n<ul>\n<li><strong>Como Vicepresidenta de la Fundaci\u00f3 Ramon Mart\u00ed i Bonet (FRMB), \u00bfnos podr\u00eda explicar cu\u00e1les son las principales l\u00edneas de actuaci\u00f3n de la entidad? <\/strong><\/li>\n<\/ul>\n<p><em>La FRMB tiene diferentes l\u00edneas de actuaci\u00f3n. Por un lado, el aspecto m\u00e9dico, visitar pacientes sin recursos y poder ofrecerles un tratamiento o soluci\u00f3n a su problema oftalmol\u00f3gico (ya sean unas gafas, una cirug\u00eda, un colirio, etc.). Esto lo hacemos tanto por medio de nuestros proyectos de cooperaci\u00f3n internacional (en India, en el Per\u00fa y en el Chad) como de nuestro proyecto local, en Barcelona.<\/em><\/p>\n<p><em>Por otro lado, hay la necesidad por nuestra parte, como profesionales sanitarios, de explicar cu\u00e1l es el estado de la salud visual a los diferentes pa\u00edses y qu\u00e9 carencias hay. Hay pa\u00edses donde no tienen oftalm\u00f3logos ni \u00f3pticos, o los pocos que tienen solo trabajan en la capital del pa\u00eds. Tambi\u00e9n hay grandes diferencias entre pacientes que tienen o no recursos econ\u00f3micos o bien pacientes de colectivos vulnerables.<\/em><\/p>\n<p><em>Otro inter\u00e9s importante que tenemos es establecer programas espec\u00edficos, en todos nuestros proyectos, de lucha y prevenci\u00f3n contra la ceguera infantil. <\/em><\/p>\n<ul>\n<li><strong>\u00bfCu\u00e1les son los proyectos m\u00e1s relevantes que est\u00e1n llevando a cabo este a\u00f1o 2020? <\/strong><\/li>\n<\/ul>\n<p><em>Este a\u00f1o 2020 organizamos una comisi\u00f3n en el Chad, durante el mes de enero, en que fueron operadas m\u00e1s de 150 personas. A la vez, llevamos nuevo material para mejorar el servicio de oftalmolog\u00eda que tenemos dentro del hospital universitario Le Bon Samaritain de la orden jesuita, en N\u2019Djamena. Tambi\u00e9n se form\u00f3 a los estudiantes de Medicina y de Enfermer\u00eda de esta universidad.<\/em><\/p>\n<p><em>Debido a la pandemia de la COVID-19 hemos tenido que parar el env\u00edo de comisiones de voluntarios y voluntarias a los proyectos de cooperaci\u00f3n internacional. Gracias a las nuevas tecnolog\u00edas, podemos mantener el contacto y ayudarlos v\u00eda telem\u00e1tica. Tenemos la suerte de tener personal formado sobre el terreno que diariamente visita pacientes.<\/em><\/p>\n<p><em>En cuanto a nuestro proyecto local en Barcelona, despu\u00e9s de la situaci\u00f3n de alarma sanitaria volvemos a abrir las puertas para atender pacientes a partir del pr\u00f3ximo mes de octubre. Tambi\u00e9n impartimos diferentes cursos de formaci\u00f3n de voluntarios y profesionales (maestros y educadores sociales) para ense\u00f1arlos una maceta de visi\u00f3n que dise\u00f1amos a nuestra fundaci\u00f3n y que sirve para hacer rastreo de la visi\u00f3n a escuelas o entidades. Tenemos convenios de colaboraci\u00f3n con m\u00e1s de 30 entidades diferentes y este a\u00f1o iniciamos un proyecto que nos hace una ilusi\u00f3n especial como es el de ayudar a ni\u00f1os del proyecto Proinf\u00e0ncia (de la fundaci\u00f3n bancaria La Caixa). <\/em><\/p>\n<ul>\n<li><strong>La Medicina se ha considerado una profesi\u00f3n vocacional. \u00bfDe peque\u00f1a usted ya quer\u00eda estudiar esta disciplina? \u00bfPor qu\u00e9 escogi\u00f3 oftalmolog\u00eda? <\/strong><\/li>\n<\/ul>\n<p><em>Yo, de peque\u00f1a, con menos de 4 a\u00f1os, ya dibujaba ojos y ya quer\u00eda ser m\u00e9dico oftalm\u00f3logo.<\/em><\/p>\n<p><em>Mis padres (ahora ya jubilados) eran oftalm\u00f3logos. De peque\u00f1a, en casa, escuchaba las conversaciones que ten\u00edan ellos dos sobre pacientes que eran ciegos y despu\u00e9s de operarlos ve\u00edan bien (antes la catarata no era como hoy y se operaba la gente solo cuando ya no ve\u00eda bien). Sinti\u00e9ndolos hablar de los pacientes, de su d\u00eda a d\u00eda, pensaba que ten\u00edan la mejor profesi\u00f3n del mundo. <\/em><\/p>\n<ul>\n<li><strong>Usted es una referente en el campo de la Degeneraci\u00f3n Macular Asociada en la Edad (DMAE). \u00bfNos puede explicar cu\u00e1les son los s\u00edntomas y qu\u00e9 el tratamiento? \u00bfQu\u00e9 incidencia tiene en las personas m\u00e1s grandes de 65 a\u00f1os? \u00bfQu\u00e9 previsi\u00f3n hay que en un futuro se pueda curar?<\/strong><\/li>\n<\/ul>\n<p><em>Los s\u00edntomas de la DMAE implican la p\u00e9rdida de la visi\u00f3n central.<\/em><\/p>\n<p><em>A veces es una dolencia que avanza lentamente (como es el caso de la DMAE atr\u00f3fica) y el paciente empieza a notar dificultades en actividades que podemos hacer gracias a tener una buena visi\u00f3n central: reconocer las caras de las personas, escribir, coser, leer, etc. Hay otra variante, la DMAE exsudativa, que es mucho m\u00e1s agresiva y los s\u00edntomas de la cual pueden aparecer en pocas horas. Se puede ver de repente una mancha fija en el centro de la visi\u00f3n o bien ver los objetos deformados, verlos de medida diferente cuando comparamos la visi\u00f3n entre un ojo y el otro.<\/em><\/p>\n<p><em>Lo m\u00e1s importante es que si una persona nota que no ve bien, contacte con su oftalm\u00f3logo o bien vaya a urgencias para poder ser diagnosticado en cuanto antes mejor.<\/em><\/p>\n<p><em>Actualmente tenemos tratamientos para parar la DMAE exsudativa, no para curarla. Son medicamentos que inyectamos dentro del ojo. La DMAE tambi\u00e9n se puede prevenir o frenar su evoluci\u00f3n con complementos de minerales, DHA, lute\u00edna y vitaminas en forma de c\u00e1psulas.<\/em><\/p>\n<p><em>A\u00fan con los m\u00faltiples estudios hechos sobre la prevalencia de la DMAE, los datos var\u00edan y son muy diferentes entre pa\u00edses. En nuestro entorno tenemos una incidencia de DMAE de menos del 5% en personas con edades entre 60-65 a\u00f1os, pero esta incidencia es superior al 18% a partir de los 80 a\u00f1os de edad. Hay que tener en cuenta que se trata de una dolencia que acaba afectando a los dos ojos en la mayor\u00eda de los pacientes.<\/em><\/p>\n<p><em>Todav\u00eda hay que esperar unos a\u00f1os para ver el resultado de muchos estudios e investigaciones que se est\u00e1n haciendo para poder curar la DMAE, porque es una dolencia muy compleja y de origen hereditario. Actualmente se investiga con c\u00e9lulas madre y con terapia g\u00e9nica, pero no tenemos todav\u00eda resultados de tratamientos que puedan ser v\u00e1lidos para los pacientes. <\/em><\/p>\n<ul>\n<li><strong>\u00bfCu\u00e1les son las principales causas de ceguera en Espa\u00f1a? \u00bfY en los pa\u00edses en v\u00edas de desarrollo? <\/strong><\/li>\n<\/ul>\n<p><em>Las principales causas de ceguera en Espa\u00f1a son la retinopat\u00eda diab\u00e9tica (que puede afectar incluso personas j\u00f3venes) y la DMAE (causa principal de ceguera entre la gente mayor). Tambi\u00e9n hay otras dolencias de los ojos que pueden provocar ceguera, como el glaucoma, las dolencias de la c\u00f3rnea, la alta miop\u00eda, etc.<\/em><\/p>\n<p><em>Las principales causas de ceguera en los pa\u00edses en v\u00edas de desarrollo son la carencia de lentes y las cataratas. Hay que pensar que hay millones de personas en el mundo que son ciegas porque no tienen acceso a gafas o bien no disponen de ning\u00fan servicio de oftalmolog\u00eda con la maquinaria y los profesionales necesarios para hacer cirug\u00edas de catarata. Tambi\u00e9n hay otras causas, como el Tracoma y la falta de vitamina A. <\/em><\/p>\n<ul>\n<li><strong>\u00bfCu\u00e1les son las principales dolencias y problemas oculares que sufre la poblaci\u00f3n en nuestro pa\u00eds? <\/strong><\/li>\n<\/ul>\n<p><em>Es diferente seg\u00fan la edad.<\/em><\/p>\n<p><em>En los ni\u00f1os es muy importante que a partir del 4 o 5 a\u00f1os se los haga una revisi\u00f3n oftalmol\u00f3gica para detectar si ven bien y si hay un ojo vago. Un 30% de la poblaci\u00f3n infantil tiene problemas de visi\u00f3n que se pueden corregir con gafas, y un ojo vago se puede rehabilitar si lo detectamos a tiempo.<\/em><\/p>\n<p><em>Entre la poblaci\u00f3n adulta, tambi\u00e9n existen problemas de visi\u00f3n que se pueden corregir con gafas (la presbicia, por ejemplo, que suele empezar a partir de los 40 a\u00f1os) pero es importante hacerse una revisi\u00f3n oftalmol\u00f3gica una vez al a\u00f1o para detectar a tiempo dolencias como el glaucoma.<\/em><\/p>\n<p><em>Tambi\u00e9n hay personas con m\u00e1s riesgo de sufrir dolencias oculares, como los pacientes diab\u00e9ticos, los que tienen dolencias autoinmunes o las personas que tienen familiares con dolencias oculares que pueden ser hereditarias (como el glaucoma, la DMAE, etc.) <\/em><\/p>\n<ul>\n<li><strong>\u00bfQu\u00e9 incidencia tiene en la salud de nuestros ojos el uso y el abuso de las nuevas tecnolog\u00edas? \u00bfC\u00f3mo afecta a la poblaci\u00f3n infantil y juvenil? \u00bfSe prev\u00e9 que tendr\u00e1n m\u00e1s problemas que las generaciones anteriores? <\/strong><\/li>\n<\/ul>\n<p><em>El a\u00f1o pasado se presentaron los primeros resultados del estudio \u201cVisi\u00f3n 2020\u201d. Es un estudio hecho por la OMS que se inici\u00f3 hace unos a\u00f1os para conocer las principales causas de ceguera en el mundo y c\u00f3mo evitarlas.<\/em><\/p>\n<p><em>Gracias a este estudio y otros, sabemos que la miop\u00eda aumentar\u00e1 exponencialmente en los pr\u00f3ximos a\u00f1os y que uno de los motivos principales es el uso de las pantallas de ordenador y dispositivos m\u00f3viles. Para evitarlo, es importante que hagamos actividades al aire libre (andar, hacer deporte..), puesto que cuando estamos ante una pantalla obligamos nuestros ojos a trabajar y enfocar para ver bien en corta distancia durante muchas horas seguidas. Esto hay que compensarlo haciendo actividades que impliquen que nuestros ojos enfoquen a otras distancias. <\/em><\/p>\n<ul>\n<li><strong>Hablamos de prevenci\u00f3n. \u00bfEn general, en nuestro pa\u00eds, las personas visitan regularmente el oftalm\u00f3logo? \u00bfEs importante, a partir de los 45 o 50 a\u00f1os, hacer una visita anual? <\/strong><\/li>\n<\/ul>\n<p><em>En nuestro entorno hay muchos profesionales dedicados al campo de la salud visual y la mayor\u00eda de las personas conocen la necesidad de tener cura de los ojos. Habr\u00eda que hacer una revisi\u00f3n oftalmol\u00f3gica una vez al a\u00f1o a partir de los 40 a\u00f1os. <\/em><\/p>\n<ul>\n<li><strong>\u00bfLa sanidad p\u00fablica ofrece una buena cobertura de prestaciones? \u00bfQu\u00e9 servicios no est\u00e1n contemplados?<\/strong><\/li>\n<\/ul>\n<p><em>La sanidad p\u00fablica ofrece una buena cobertura en el \u00e1mbito de la oftalmolog\u00eda. No est\u00e1n contemplados algunos \u00e1mbitos de la oftalmolog\u00eda dentro de la sanidad p\u00fablica, como por ejemplo la cirug\u00eda refractiva. <\/em><\/p>\n<ul>\n<li><strong>Se habla mucho de cirug\u00eda refractiva. \u00bfNos podr\u00eda explicar en qu\u00e9 consiste? \u00bfEn qu\u00e9 casos se recomienda? \u00bfSe puede hacer a cualquier edad?<\/strong><\/li>\n<\/ul>\n<p><em>La cirug\u00eda refractiva es una subespecialidad de la oftalmolog\u00eda que consiste en conseguir que mediante un tratamiento (quir\u00fargico, l\u00e1ser, etc.) un paciente pueda ver bien sin tener que llevar lentes. Antes de hacer este tratamiento, el paciente debe hacerse unas pruebas para ver si es un buen candidato para poderse operar y qu\u00e9 tipo de tratamiento es m\u00e1s conveniente en su caso. Tambi\u00e9n hay que ser mayor de edad y tener una graduaci\u00f3n estable durante un m\u00ednimo de dos a\u00f1os para poderse operar. <\/em><\/p>\n<ul>\n<li><strong>Para finalizar, me podr\u00eda completar la frase, \u00bfhacerse mayor es\u2026?<\/strong><\/li>\n<\/ul>\n<p><em>&#8230; no dejar de aprender nunca.<\/em><\/p>\n<p><em>\u00a0<\/em><\/p>\n<p>Pod\u00e9is ver la entrevista original en catal\u00e1n en:\u00a0 <a href=\"https:\/\/envellimentsaludable.com\/personatge-destacat\/rosa-maria-sust\/\">https:\/\/envellimentsaludable.com\/personatge-destacat\/rosa-maria-sust\/<\/a><\/p>\n","protected":false},"excerpt":{"rendered":"<p>La Dra. Rosa Maria Sust, Vicepresidenta de la Fundaci\u00f3 Ramon Mart\u00ed i Bonet contra la ceguera y oftalm\u00f3loga de l\u2019Institut Catal\u00e0 de Retina, ha sido entrevistada por Envelliment Saludable. En la entrevista ha hablado sobre diferentes cuestiones que se le han planteado, empezando por dar a conocer la actividad de la entidad social a la [&hellip;]<\/p>\n","protected":false},"author":1,"featured_media":299,"comment_status":"closed","ping_status":"closed","sticky":false,"template":"","format":"standard","meta":{"_acf_changed":false,"footnotes":""},"categories":[1],"tags":[],"acf":[],"yoast_head":"<!-- This site is optimized with the Yoast SEO plugin v22.5 - https:\/\/yoast.com\/wordpress\/plugins\/seo\/ -->\n<title>\u201cHay millones de personas en el mundo que son ciegas porque no tienen acceso a gafas\u201d - Fundaci\u00f3 Ram\u00f3n Mart\u00ed i Bonet<\/title>\n<meta name=\"robots\" content=\"index, follow, max-snippet:-1, max-image-preview:large, max-video-preview:-1\" \/>\n<link rel=\"canonical\" href=\"https:\/\/fundacioramonmartibonet.org\/es\/2020\/10\/hay-millones-de-personas-en-el-mundo-que-son-ciegas-porque-no-tienen-acceso-a-gafas\/\" \/>\n<meta property=\"og:locale\" content=\"es_ES\" \/>\n<meta property=\"og:type\" content=\"article\" \/>\n<meta property=\"og:title\" content=\"\u201cHay millones de personas en el mundo que son ciegas porque no tienen acceso a gafas\u201d - Fundaci\u00f3 Ram\u00f3n Mart\u00ed i Bonet\" \/>\n<meta property=\"og:description\" content=\"La Dra. Rosa Maria Sust, Vicepresidenta de la Fundaci\u00f3 Ramon Mart\u00ed i Bonet contra la ceguera y oftalm\u00f3loga de l\u2019Institut Catal\u00e0 de Retina, ha sido entrevistada por Envelliment Saludable. En la entrevista ha hablado sobre diferentes cuestiones que se le han planteado, empezando por dar a conocer la actividad de la entidad social a la [&hellip;]\" \/>\n<meta property=\"og:url\" content=\"https:\/\/fundacioramonmartibonet.org\/es\/2020\/10\/hay-millones-de-personas-en-el-mundo-que-son-ciegas-porque-no-tienen-acceso-a-gafas\/\" \/>\n<meta property=\"og:site_name\" content=\"Fundaci\u00f3 Ram\u00f3n Mart\u00ed i Bonet\" \/>\n<meta property=\"article:publisher\" content=\"https:\/\/www.facebook.com\/FundacioRamonMartiBonet\" \/>\n<meta property=\"article:published_time\" content=\"2020-10-01T07:00:48+00:00\" \/>\n<meta property=\"article:modified_time\" content=\"2025-07-16T09:23:04+00:00\" \/>\n<meta property=\"og:image\" content=\"https:\/\/fundacioramonmartibonet.org\/wp-content\/uploads\/2023\/07\/sust-1-e1601534348685.jpg\" \/>\n\t<meta property=\"og:image:width\" content=\"744\" \/>\n\t<meta property=\"og:image:height\" content=\"343\" \/>\n\t<meta property=\"og:image:type\" content=\"image\/jpeg\" \/>\n<meta name=\"author\" content=\"frmb\" \/>\n<meta name=\"twitter:card\" content=\"summary_large_image\" \/>\n<meta name=\"twitter:creator\" content=\"@FundacioRMB\" \/>\n<meta name=\"twitter:site\" content=\"@FundacioRMB\" \/>\n<script type=\"application\/ld+json\" class=\"yoast-schema-graph\">{\"@context\":\"https:\/\/schema.org\",\"@graph\":[{\"@type\":\"Article\",\"@id\":\"https:\/\/fundacioramonmartibonet.org\/es\/2020\/10\/hay-millones-de-personas-en-el-mundo-que-son-ciegas-porque-no-tienen-acceso-a-gafas\/#article\",\"isPartOf\":{\"@id\":\"https:\/\/fundacioramonmartibonet.org\/es\/2020\/10\/hay-millones-de-personas-en-el-mundo-que-son-ciegas-porque-no-tienen-acceso-a-gafas\/\"},\"author\":{\"name\":\"frmb\",\"@id\":\"https:\/\/fundacioramonmartibonet.org\/es\/#\/schema\/person\/2aff0a7acd543144a2c66b34132697b6\"},\"headline\":\"\u201cHay millones de personas en el mundo que son ciegas porque no tienen acceso a gafas\u201d\",\"datePublished\":\"2020-10-01T07:00:48+00:00\",\"dateModified\":\"2025-07-16T09:23:04+00:00\",\"mainEntityOfPage\":{\"@id\":\"https:\/\/fundacioramonmartibonet.org\/es\/2020\/10\/hay-millones-de-personas-en-el-mundo-que-son-ciegas-porque-no-tienen-acceso-a-gafas\/\"},\"wordCount\":1972,\"publisher\":{\"@id\":\"https:\/\/fundacioramonmartibonet.org\/es\/#organization\"},\"image\":{\"@id\":\"https:\/\/fundacioramonmartibonet.org\/es\/2020\/10\/hay-millones-de-personas-en-el-mundo-que-son-ciegas-porque-no-tienen-acceso-a-gafas\/#primaryimage\"},\"thumbnailUrl\":\"https:\/\/fundacioramonmartibonet.org\/wp-content\/uploads\/2023\/07\/sust-1-e1601534348685.jpg\",\"articleSection\":[\"Sin categorizar\"],\"inLanguage\":\"es\"},{\"@type\":\"WebPage\",\"@id\":\"https:\/\/fundacioramonmartibonet.org\/es\/2020\/10\/hay-millones-de-personas-en-el-mundo-que-son-ciegas-porque-no-tienen-acceso-a-gafas\/\",\"url\":\"https:\/\/fundacioramonmartibonet.org\/es\/2020\/10\/hay-millones-de-personas-en-el-mundo-que-son-ciegas-porque-no-tienen-acceso-a-gafas\/\",\"name\":\"\u201cHay millones de personas en el mundo que son ciegas porque no tienen acceso a gafas\u201d - Fundaci\u00f3 Ram\u00f3n Mart\u00ed i Bonet\",\"isPartOf\":{\"@id\":\"https:\/\/fundacioramonmartibonet.org\/es\/#website\"},\"primaryImageOfPage\":{\"@id\":\"https:\/\/fundacioramonmartibonet.org\/es\/2020\/10\/hay-millones-de-personas-en-el-mundo-que-son-ciegas-porque-no-tienen-acceso-a-gafas\/#primaryimage\"},\"image\":{\"@id\":\"https:\/\/fundacioramonmartibonet.org\/es\/2020\/10\/hay-millones-de-personas-en-el-mundo-que-son-ciegas-porque-no-tienen-acceso-a-gafas\/#primaryimage\"},\"thumbnailUrl\":\"https:\/\/fundacioramonmartibonet.org\/wp-content\/uploads\/2023\/07\/sust-1-e1601534348685.jpg\",\"datePublished\":\"2020-10-01T07:00:48+00:00\",\"dateModified\":\"2025-07-16T09:23:04+00:00\",\"breadcrumb\":{\"@id\":\"https:\/\/fundacioramonmartibonet.org\/es\/2020\/10\/hay-millones-de-personas-en-el-mundo-que-son-ciegas-porque-no-tienen-acceso-a-gafas\/#breadcrumb\"},\"inLanguage\":\"es\",\"potentialAction\":[{\"@type\":\"ReadAction\",\"target\":[\"https:\/\/fundacioramonmartibonet.org\/es\/2020\/10\/hay-millones-de-personas-en-el-mundo-que-son-ciegas-porque-no-tienen-acceso-a-gafas\/\"]}]},{\"@type\":\"ImageObject\",\"inLanguage\":\"es\",\"@id\":\"https:\/\/fundacioramonmartibonet.org\/es\/2020\/10\/hay-millones-de-personas-en-el-mundo-que-son-ciegas-porque-no-tienen-acceso-a-gafas\/#primaryimage\",\"url\":\"https:\/\/fundacioramonmartibonet.org\/wp-content\/uploads\/2023\/07\/sust-1-e1601534348685.jpg\",\"contentUrl\":\"https:\/\/fundacioramonmartibonet.org\/wp-content\/uploads\/2023\/07\/sust-1-e1601534348685.jpg\",\"width\":744,\"height\":343},{\"@type\":\"BreadcrumbList\",\"@id\":\"https:\/\/fundacioramonmartibonet.org\/es\/2020\/10\/hay-millones-de-personas-en-el-mundo-que-son-ciegas-porque-no-tienen-acceso-a-gafas\/#breadcrumb\",\"itemListElement\":[{\"@type\":\"ListItem\",\"position\":1,\"name\":\"Home\",\"item\":\"https:\/\/fundacioramonmartibonet.org\/es\/\"},{\"@type\":\"ListItem\",\"position\":2,\"name\":\"\u201cHay millones de personas en el mundo que son ciegas porque no tienen acceso a gafas\u201d\"}]},{\"@type\":\"WebSite\",\"@id\":\"https:\/\/fundacioramonmartibonet.org\/es\/#website\",\"url\":\"https:\/\/fundacioramonmartibonet.org\/es\/\",\"name\":\"Fundaci\u00f3 Ramon Mart\u00ed i Bonet\",\"description\":\"Visi\u00f3 per a tothom\",\"publisher\":{\"@id\":\"https:\/\/fundacioramonmartibonet.org\/es\/#organization\"},\"alternateName\":\"FRMB\",\"potentialAction\":[{\"@type\":\"SearchAction\",\"target\":{\"@type\":\"EntryPoint\",\"urlTemplate\":\"https:\/\/fundacioramonmartibonet.org\/es\/?s={search_term_string}\"},\"query-input\":\"required name=search_term_string\"}],\"inLanguage\":\"es\"},{\"@type\":\"Organization\",\"@id\":\"https:\/\/fundacioramonmartibonet.org\/es\/#organization\",\"name\":\"Fundaci\u00f3 Ramon Mart\u00ed i Bonet\",\"alternateName\":\"FRMB\",\"url\":\"https:\/\/fundacioramonmartibonet.org\/es\/\",\"logo\":{\"@type\":\"ImageObject\",\"inLanguage\":\"es\",\"@id\":\"https:\/\/fundacioramonmartibonet.org\/es\/#\/schema\/logo\/image\/\",\"url\":\"https:\/\/fundacioramonmartibonet.org\/wp-content\/uploads\/2023\/06\/frmb.svg\",\"contentUrl\":\"https:\/\/fundacioramonmartibonet.org\/wp-content\/uploads\/2023\/06\/frmb.svg\",\"width\":900,\"height\":280,\"caption\":\"Fundaci\u00f3 Ramon Mart\u00ed i Bonet\"},\"image\":{\"@id\":\"https:\/\/fundacioramonmartibonet.org\/es\/#\/schema\/logo\/image\/\"},\"sameAs\":[\"https:\/\/www.facebook.com\/FundacioRamonMartiBonet\",\"https:\/\/x.com\/FundacioRMB\",\"https:\/\/www.youtube.com\/channel\/UCNyN8HH4tz3ybIBubLBiSog\",\"https:\/\/www.instagram.com\/fundaciormb\/\",\"https:\/\/www.linkedin.com\/company\/fundacio-ramon-marto-i-bonet-contra-la-ceguera\/\"]},{\"@type\":\"Person\",\"@id\":\"https:\/\/fundacioramonmartibonet.org\/es\/#\/schema\/person\/2aff0a7acd543144a2c66b34132697b6\",\"name\":\"frmb\",\"image\":{\"@type\":\"ImageObject\",\"inLanguage\":\"es\",\"@id\":\"https:\/\/fundacioramonmartibonet.org\/es\/#\/schema\/person\/image\/\",\"url\":\"https:\/\/secure.gravatar.com\/avatar\/83d1ae228f5a77eb42b308490c6dcca6?s=96&d=mm&r=g\",\"contentUrl\":\"https:\/\/secure.gravatar.com\/avatar\/83d1ae228f5a77eb42b308490c6dcca6?s=96&d=mm&r=g\",\"caption\":\"frmb\"},\"sameAs\":[\"https:\/\/fundacioramonmartibonet.org\"],\"url\":\"https:\/\/fundacioramonmartibonet.org\/es\/author\/frmb\/\"}]}<\/script>\n<!-- \/ Yoast SEO plugin. -->","yoast_head_json":{"title":"\u201cHay millones de personas en el mundo que son ciegas porque no tienen acceso a gafas\u201d - Fundaci\u00f3 Ram\u00f3n Mart\u00ed i Bonet","robots":{"index":"index","follow":"follow","max-snippet":"max-snippet:-1","max-image-preview":"max-image-preview:large","max-video-preview":"max-video-preview:-1"},"canonical":"https:\/\/fundacioramonmartibonet.org\/es\/2020\/10\/hay-millones-de-personas-en-el-mundo-que-son-ciegas-porque-no-tienen-acceso-a-gafas\/","og_locale":"es_ES","og_type":"article","og_title":"\u201cHay millones de personas en el mundo que son ciegas porque no tienen acceso a gafas\u201d - Fundaci\u00f3 Ram\u00f3n Mart\u00ed i Bonet","og_description":"La Dra. Rosa Maria Sust, Vicepresidenta de la Fundaci\u00f3 Ramon Mart\u00ed i Bonet contra la ceguera y oftalm\u00f3loga de l\u2019Institut Catal\u00e0 de Retina, ha sido entrevistada por Envelliment Saludable. En la entrevista ha hablado sobre diferentes cuestiones que se le han planteado, empezando por dar a conocer la actividad de la entidad social a la [&hellip;]","og_url":"https:\/\/fundacioramonmartibonet.org\/es\/2020\/10\/hay-millones-de-personas-en-el-mundo-que-son-ciegas-porque-no-tienen-acceso-a-gafas\/","og_site_name":"Fundaci\u00f3 Ram\u00f3n Mart\u00ed i Bonet","article_publisher":"https:\/\/www.facebook.com\/FundacioRamonMartiBonet","article_published_time":"2020-10-01T07:00:48+00:00","article_modified_time":"2025-07-16T09:23:04+00:00","og_image":[{"width":744,"height":343,"url":"https:\/\/fundacioramonmartibonet.org\/wp-content\/uploads\/2023\/07\/sust-1-e1601534348685.jpg","type":"image\/jpeg"}],"author":"frmb","twitter_card":"summary_large_image","twitter_creator":"@FundacioRMB","twitter_site":"@FundacioRMB","schema":{"@context":"https:\/\/schema.org","@graph":[{"@type":"Article","@id":"https:\/\/fundacioramonmartibonet.org\/es\/2020\/10\/hay-millones-de-personas-en-el-mundo-que-son-ciegas-porque-no-tienen-acceso-a-gafas\/#article","isPartOf":{"@id":"https:\/\/fundacioramonmartibonet.org\/es\/2020\/10\/hay-millones-de-personas-en-el-mundo-que-son-ciegas-porque-no-tienen-acceso-a-gafas\/"},"author":{"name":"frmb","@id":"https:\/\/fundacioramonmartibonet.org\/es\/#\/schema\/person\/2aff0a7acd543144a2c66b34132697b6"},"headline":"\u201cHay millones de personas en el mundo que son ciegas porque no tienen acceso a gafas\u201d","datePublished":"2020-10-01T07:00:48+00:00","dateModified":"2025-07-16T09:23:04+00:00","mainEntityOfPage":{"@id":"https:\/\/fundacioramonmartibonet.org\/es\/2020\/10\/hay-millones-de-personas-en-el-mundo-que-son-ciegas-porque-no-tienen-acceso-a-gafas\/"},"wordCount":1972,"publisher":{"@id":"https:\/\/fundacioramonmartibonet.org\/es\/#organization"},"image":{"@id":"https:\/\/fundacioramonmartibonet.org\/es\/2020\/10\/hay-millones-de-personas-en-el-mundo-que-son-ciegas-porque-no-tienen-acceso-a-gafas\/#primaryimage"},"thumbnailUrl":"https:\/\/fundacioramonmartibonet.org\/wp-content\/uploads\/2023\/07\/sust-1-e1601534348685.jpg","articleSection":["Sin categorizar"],"inLanguage":"es"},{"@type":"WebPage","@id":"https:\/\/fundacioramonmartibonet.org\/es\/2020\/10\/hay-millones-de-personas-en-el-mundo-que-son-ciegas-porque-no-tienen-acceso-a-gafas\/","url":"https:\/\/fundacioramonmartibonet.org\/es\/2020\/10\/hay-millones-de-personas-en-el-mundo-que-son-ciegas-porque-no-tienen-acceso-a-gafas\/","name":"\u201cHay millones de personas en el mundo que son ciegas porque no tienen acceso a gafas\u201d - Fundaci\u00f3 Ram\u00f3n Mart\u00ed i Bonet","isPartOf":{"@id":"https:\/\/fundacioramonmartibonet.org\/es\/#website"},"primaryImageOfPage":{"@id":"https:\/\/fundacioramonmartibonet.org\/es\/2020\/10\/hay-millones-de-personas-en-el-mundo-que-son-ciegas-porque-no-tienen-acceso-a-gafas\/#primaryimage"},"image":{"@id":"https:\/\/fundacioramonmartibonet.org\/es\/2020\/10\/hay-millones-de-personas-en-el-mundo-que-son-ciegas-porque-no-tienen-acceso-a-gafas\/#primaryimage"},"thumbnailUrl":"https:\/\/fundacioramonmartibonet.org\/wp-content\/uploads\/2023\/07\/sust-1-e1601534348685.jpg","datePublished":"2020-10-01T07:00:48+00:00","dateModified":"2025-07-16T09:23:04+00:00","breadcrumb":{"@id":"https:\/\/fundacioramonmartibonet.org\/es\/2020\/10\/hay-millones-de-personas-en-el-mundo-que-son-ciegas-porque-no-tienen-acceso-a-gafas\/#breadcrumb"},"inLanguage":"es","potentialAction":[{"@type":"ReadAction","target":["https:\/\/fundacioramonmartibonet.org\/es\/2020\/10\/hay-millones-de-personas-en-el-mundo-que-son-ciegas-porque-no-tienen-acceso-a-gafas\/"]}]},{"@type":"ImageObject","inLanguage":"es","@id":"https:\/\/fundacioramonmartibonet.org\/es\/2020\/10\/hay-millones-de-personas-en-el-mundo-que-son-ciegas-porque-no-tienen-acceso-a-gafas\/#primaryimage","url":"https:\/\/fundacioramonmartibonet.org\/wp-content\/uploads\/2023\/07\/sust-1-e1601534348685.jpg","contentUrl":"https:\/\/fundacioramonmartibonet.org\/wp-content\/uploads\/2023\/07\/sust-1-e1601534348685.jpg","width":744,"height":343},{"@type":"BreadcrumbList","@id":"https:\/\/fundacioramonmartibonet.org\/es\/2020\/10\/hay-millones-de-personas-en-el-mundo-que-son-ciegas-porque-no-tienen-acceso-a-gafas\/#breadcrumb","itemListElement":[{"@type":"ListItem","position":1,"name":"Home","item":"https:\/\/fundacioramonmartibonet.org\/es\/"},{"@type":"ListItem","position":2,"name":"\u201cHay millones de personas en el mundo que son ciegas porque no tienen acceso a gafas\u201d"}]},{"@type":"WebSite","@id":"https:\/\/fundacioramonmartibonet.org\/es\/#website","url":"https:\/\/fundacioramonmartibonet.org\/es\/","name":"Fundaci\u00f3 Ramon Mart\u00ed i Bonet","description":"Visi\u00f3 per a tothom","publisher":{"@id":"https:\/\/fundacioramonmartibonet.org\/es\/#organization"},"alternateName":"FRMB","potentialAction":[{"@type":"SearchAction","target":{"@type":"EntryPoint","urlTemplate":"https:\/\/fundacioramonmartibonet.org\/es\/?s={search_term_string}"},"query-input":"required name=search_term_string"}],"inLanguage":"es"},{"@type":"Organization","@id":"https:\/\/fundacioramonmartibonet.org\/es\/#organization","name":"Fundaci\u00f3 Ramon Mart\u00ed i Bonet","alternateName":"FRMB","url":"https:\/\/fundacioramonmartibonet.org\/es\/","logo":{"@type":"ImageObject","inLanguage":"es","@id":"https:\/\/fundacioramonmartibonet.org\/es\/#\/schema\/logo\/image\/","url":"https:\/\/fundacioramonmartibonet.org\/wp-content\/uploads\/2023\/06\/frmb.svg","contentUrl":"https:\/\/fundacioramonmartibonet.org\/wp-content\/uploads\/2023\/06\/frmb.svg","width":900,"height":280,"caption":"Fundaci\u00f3 Ramon Mart\u00ed i Bonet"},"image":{"@id":"https:\/\/fundacioramonmartibonet.org\/es\/#\/schema\/logo\/image\/"},"sameAs":["https:\/\/www.facebook.com\/FundacioRamonMartiBonet","https:\/\/x.com\/FundacioRMB","https:\/\/www.youtube.com\/channel\/UCNyN8HH4tz3ybIBubLBiSog","https:\/\/www.instagram.com\/fundaciormb\/","https:\/\/www.linkedin.com\/company\/fundacio-ramon-marto-i-bonet-contra-la-ceguera\/"]},{"@type":"Person","@id":"https:\/\/fundacioramonmartibonet.org\/es\/#\/schema\/person\/2aff0a7acd543144a2c66b34132697b6","name":"frmb","image":{"@type":"ImageObject","inLanguage":"es","@id":"https:\/\/fundacioramonmartibonet.org\/es\/#\/schema\/person\/image\/","url":"https:\/\/secure.gravatar.com\/avatar\/83d1ae228f5a77eb42b308490c6dcca6?s=96&d=mm&r=g","contentUrl":"https:\/\/secure.gravatar.com\/avatar\/83d1ae228f5a77eb42b308490c6dcca6?s=96&d=mm&r=g","caption":"frmb"},"sameAs":["https:\/\/fundacioramonmartibonet.org"],"url":"https:\/\/fundacioramonmartibonet.org\/es\/author\/frmb\/"}]}},"_links":{"self":[{"href":"https:\/\/fundacioramonmartibonet.org\/es\/wp-json\/wp\/v2\/posts\/647"}],"collection":[{"href":"https:\/\/fundacioramonmartibonet.org\/es\/wp-json\/wp\/v2\/posts"}],"about":[{"href":"https:\/\/fundacioramonmartibonet.org\/es\/wp-json\/wp\/v2\/types\/post"}],"author":[{"embeddable":true,"href":"https:\/\/fundacioramonmartibonet.org\/es\/wp-json\/wp\/v2\/users\/1"}],"replies":[{"embeddable":true,"href":"https:\/\/fundacioramonmartibonet.org\/es\/wp-json\/wp\/v2\/comments?post=647"}],"version-history":[{"count":1,"href":"https:\/\/fundacioramonmartibonet.org\/es\/wp-json\/wp\/v2\/posts\/647\/revisions"}],"predecessor-version":[{"id":3952,"href":"https:\/\/fundacioramonmartibonet.org\/es\/wp-json\/wp\/v2\/posts\/647\/revisions\/3952"}],"wp:featuredmedia":[{"embeddable":true,"href":"https:\/\/fundacioramonmartibonet.org\/es\/wp-json\/wp\/v2\/media\/299"}],"wp:attachment":[{"href":"https:\/\/fundacioramonmartibonet.org\/es\/wp-json\/wp\/v2\/media?parent=647"}],"wp:term":[{"taxonomy":"category","embeddable":true,"href":"https:\/\/fundacioramonmartibonet.org\/es\/wp-json\/wp\/v2\/categories?post=647"},{"taxonomy":"post_tag","embeddable":true,"href":"https:\/\/fundacioramonmartibonet.org\/es\/wp-json\/wp\/v2\/tags?post=647"}],"curies":[{"name":"wp","href":"https:\/\/api.w.org\/{rel}","templated":true}]}}