{"id":642,"date":"2017-03-27T09:34:20","date_gmt":"2017-03-27T09:34:20","guid":{"rendered":"https:\/\/fundacioramonmartibonet.org\/2017\/03\/aportacion-de-redsolidaria-de-bankia-al-proyecto-vision-para-todos-en-catalunya\/"},"modified":"2025-07-16T09:23:04","modified_gmt":"2025-07-16T09:23:04","slug":"aportacion-de-redsolidaria-de-bankia-al-proyecto-vision-para-todos-en-catalunya","status":"publish","type":"post","link":"https:\/\/fundacioramonmartibonet.org\/es\/2017\/03\/aportacion-de-redsolidaria-de-bankia-al-proyecto-vision-para-todos-en-catalunya\/","title":{"rendered":"APORTACI\u00d3N DE #REDSOLIDARIA DE BANKIA AL PROYECTO VISI\u00d3N PARA TODOS EN CATALUNYA"},"content":{"rendered":"<div class=\"text\">\n<p>Para conseguir realizar todos los proyectos, en la fundaci\u00f3n contamos con socios, colaboradores y entidades p\u00fablicas y privadas que nos dan soporte a nivel humano y econ\u00f3mico.<\/p>\n<p>Son piezas fundamentales del engranaje social, dado que sin ellos no podr\u00edamos ayudar ni llegar a tantas personas.<\/p>\n<p>Queremos agradecer la generosa aportaci\u00f3n de\u00a0<a href=\"https:\/\/www.facebook.com\/bankia.es\/\">Bankia<\/a>\u00a0de m\u00e1s de 4.500\u20ac que nos ha permitido poder poner gafas a los usuarios de la Fundaci\u00f3n dentro del proyecto\u00a0<a href=\"https:\/\/www.facebook.com\/hashtag\/visi%C3%B3nparatodosencatalunya?source=feed_text&amp;story_id=1398599383511987\">#visi\u00f3nparatodosenCatalu\u00f1a<\/a>\u00a0durante el a\u00f1o 2016.<\/p>\n<p>\u00a1<a href=\"https:\/\/www.facebook.com\/enaccionbankia\/\">En Acci\u00f3n Bankia<\/a>\u00a0con su proyecto\u00a0<a href=\"https:\/\/www.facebook.com\/hashtag\/redsolidaria?source=feed_text&amp;story_id=1398599383511987\">#RedSolidaria<\/a>\u00a0ayuda a crecer y mantener proyectos sociales como el nuestro! \u00a1Gracias<\/p>\n<\/div>\n","protected":false},"excerpt":{"rendered":"<p>Para conseguir realizar todos los proyectos, en la fundaci\u00f3n contamos con socios, colaboradores y entidades p\u00fablicas y privadas que nos dan soporte a nivel humano y econ\u00f3mico. Son piezas fundamentales del engranaje social, dado que sin ellos no podr\u00edamos ayudar ni llegar a tantas personas. Queremos agradecer la generosa aportaci\u00f3n de\u00a0Bankia\u00a0de m\u00e1s de 4.500\u20ac que [&hellip;]<\/p>\n","protected":false},"author":1,"featured_media":277,"comment_status":"closed","ping_status":"closed","sticky":false,"template":"","format":"standard","meta":{"_acf_changed":false,"footnotes":""},"categories":[1],"tags":[12,28],"acf":[],"yoast_head":"<!-- This site is optimized with the Yoast SEO plugin v22.5 - https:\/\/yoast.com\/wordpress\/plugins\/seo\/ -->\n<title>APORTACI\u00d3N DE #REDSOLIDARIA DE BANKIA AL PROYECTO VISI\u00d3N PARA TODOS EN CATALUNYA - Fundaci\u00f3 Ram\u00f3n Mart\u00ed i Bonet<\/title>\n<meta name=\"robots\" content=\"index, follow, max-snippet:-1, max-image-preview:large, max-video-preview:-1\" \/>\n<link rel=\"canonical\" href=\"https:\/\/fundacioramonmartibonet.org\/es\/2017\/03\/aportacion-de-redsolidaria-de-bankia-al-proyecto-vision-para-todos-en-catalunya\/\" \/>\n<meta property=\"og:locale\" content=\"es_ES\" \/>\n<meta property=\"og:type\" content=\"article\" \/>\n<meta property=\"og:title\" content=\"APORTACI\u00d3N DE #REDSOLIDARIA DE BANKIA AL PROYECTO VISI\u00d3N PARA TODOS EN CATALUNYA - Fundaci\u00f3 Ram\u00f3n Mart\u00ed i Bonet\" \/>\n<meta property=\"og:description\" content=\"Para conseguir realizar todos los proyectos, en la fundaci\u00f3n contamos con socios, colaboradores y entidades p\u00fablicas y privadas que nos dan soporte a nivel humano y econ\u00f3mico. Son piezas fundamentales del engranaje social, dado que sin ellos no podr\u00edamos ayudar ni llegar a tantas personas. Queremos agradecer la generosa aportaci\u00f3n de\u00a0Bankia\u00a0de m\u00e1s de 4.500\u20ac que [&hellip;]\" \/>\n<meta property=\"og:url\" content=\"https:\/\/fundacioramonmartibonet.org\/es\/2017\/03\/aportacion-de-redsolidaria-de-bankia-al-proyecto-vision-para-todos-en-catalunya\/\" \/>\n<meta property=\"og:site_name\" content=\"Fundaci\u00f3 Ram\u00f3n Mart\u00ed i Bonet\" \/>\n<meta property=\"article:publisher\" content=\"https:\/\/www.facebook.com\/FundacioRamonMartiBonet\" \/>\n<meta property=\"article:published_time\" content=\"2017-03-27T09:34:20+00:00\" \/>\n<meta property=\"article:modified_time\" content=\"2025-07-16T09:23:04+00:00\" \/>\n<meta property=\"og:image\" content=\"https:\/\/fundacioramonmartibonet.org\/wp-content\/uploads\/2023\/07\/projecte-bankia.jpg\" \/>\n\t<meta property=\"og:image:width\" content=\"1200\" \/>\n\t<meta property=\"og:image:height\" content=\"520\" \/>\n\t<meta property=\"og:image:type\" content=\"image\/jpeg\" \/>\n<meta name=\"author\" content=\"frmb\" \/>\n<meta name=\"twitter:card\" content=\"summary_large_image\" \/>\n<meta name=\"twitter:creator\" content=\"@FundacioRMB\" \/>\n<meta name=\"twitter:site\" content=\"@FundacioRMB\" \/>\n<script type=\"application\/ld+json\" class=\"yoast-schema-graph\">{\"@context\":\"https:\/\/schema.org\",\"@graph\":[{\"@type\":\"Article\",\"@id\":\"https:\/\/fundacioramonmartibonet.org\/es\/2017\/03\/aportacion-de-redsolidaria-de-bankia-al-proyecto-vision-para-todos-en-catalunya\/#article\",\"isPartOf\":{\"@id\":\"https:\/\/fundacioramonmartibonet.org\/es\/2017\/03\/aportacion-de-redsolidaria-de-bankia-al-proyecto-vision-para-todos-en-catalunya\/\"},\"author\":{\"name\":\"frmb\",\"@id\":\"https:\/\/fundacioramonmartibonet.org\/es\/#\/schema\/person\/2aff0a7acd543144a2c66b34132697b6\"},\"headline\":\"APORTACI\u00d3N DE #REDSOLIDARIA DE BANKIA AL PROYECTO VISI\u00d3N PARA TODOS EN CATALUNYA\",\"datePublished\":\"2017-03-27T09:34:20+00:00\",\"dateModified\":\"2025-07-16T09:23:04+00:00\",\"mainEntityOfPage\":{\"@id\":\"https:\/\/fundacioramonmartibonet.org\/es\/2017\/03\/aportacion-de-redsolidaria-de-bankia-al-proyecto-vision-para-todos-en-catalunya\/\"},\"wordCount\":118,\"publisher\":{\"@id\":\"https:\/\/fundacioramonmartibonet.org\/es\/#organization\"},\"image\":{\"@id\":\"https:\/\/fundacioramonmartibonet.org\/es\/2017\/03\/aportacion-de-redsolidaria-de-bankia-al-proyecto-vision-para-todos-en-catalunya\/#primaryimage\"},\"thumbnailUrl\":\"https:\/\/fundacioramonmartibonet.org\/wp-content\/uploads\/2023\/07\/projecte-bankia.jpg\",\"keywords\":[\"#Visi\u00f3nParaTodos\",\"#Visi\u00f3PerATothom\"],\"articleSection\":[\"Sin categorizar\"],\"inLanguage\":\"es\"},{\"@type\":\"WebPage\",\"@id\":\"https:\/\/fundacioramonmartibonet.org\/es\/2017\/03\/aportacion-de-redsolidaria-de-bankia-al-proyecto-vision-para-todos-en-catalunya\/\",\"url\":\"https:\/\/fundacioramonmartibonet.org\/es\/2017\/03\/aportacion-de-redsolidaria-de-bankia-al-proyecto-vision-para-todos-en-catalunya\/\",\"name\":\"APORTACI\u00d3N DE #REDSOLIDARIA DE BANKIA AL PROYECTO VISI\u00d3N PARA TODOS EN CATALUNYA - Fundaci\u00f3 Ram\u00f3n Mart\u00ed i Bonet\",\"isPartOf\":{\"@id\":\"https:\/\/fundacioramonmartibonet.org\/es\/#website\"},\"primaryImageOfPage\":{\"@id\":\"https:\/\/fundacioramonmartibonet.org\/es\/2017\/03\/aportacion-de-redsolidaria-de-bankia-al-proyecto-vision-para-todos-en-catalunya\/#primaryimage\"},\"image\":{\"@id\":\"https:\/\/fundacioramonmartibonet.org\/es\/2017\/03\/aportacion-de-redsolidaria-de-bankia-al-proyecto-vision-para-todos-en-catalunya\/#primaryimage\"},\"thumbnailUrl\":\"https:\/\/fundacioramonmartibonet.org\/wp-content\/uploads\/2023\/07\/projecte-bankia.jpg\",\"datePublished\":\"2017-03-27T09:34:20+00:00\",\"dateModified\":\"2025-07-16T09:23:04+00:00\",\"breadcrumb\":{\"@id\":\"https:\/\/fundacioramonmartibonet.org\/es\/2017\/03\/aportacion-de-redsolidaria-de-bankia-al-proyecto-vision-para-todos-en-catalunya\/#breadcrumb\"},\"inLanguage\":\"es\",\"potentialAction\":[{\"@type\":\"ReadAction\",\"target\":[\"https:\/\/fundacioramonmartibonet.org\/es\/2017\/03\/aportacion-de-redsolidaria-de-bankia-al-proyecto-vision-para-todos-en-catalunya\/\"]}]},{\"@type\":\"ImageObject\",\"inLanguage\":\"es\",\"@id\":\"https:\/\/fundacioramonmartibonet.org\/es\/2017\/03\/aportacion-de-redsolidaria-de-bankia-al-proyecto-vision-para-todos-en-catalunya\/#primaryimage\",\"url\":\"https:\/\/fundacioramonmartibonet.org\/wp-content\/uploads\/2023\/07\/projecte-bankia.jpg\",\"contentUrl\":\"https:\/\/fundacioramonmartibonet.org\/wp-content\/uploads\/2023\/07\/projecte-bankia.jpg\",\"width\":1200,\"height\":520},{\"@type\":\"BreadcrumbList\",\"@id\":\"https:\/\/fundacioramonmartibonet.org\/es\/2017\/03\/aportacion-de-redsolidaria-de-bankia-al-proyecto-vision-para-todos-en-catalunya\/#breadcrumb\",\"itemListElement\":[{\"@type\":\"ListItem\",\"position\":1,\"name\":\"Home\",\"item\":\"https:\/\/fundacioramonmartibonet.org\/es\/\"},{\"@type\":\"ListItem\",\"position\":2,\"name\":\"APORTACI\u00d3N DE #REDSOLIDARIA DE BANKIA AL PROYECTO VISI\u00d3N PARA TODOS EN CATALUNYA\"}]},{\"@type\":\"WebSite\",\"@id\":\"https:\/\/fundacioramonmartibonet.org\/es\/#website\",\"url\":\"https:\/\/fundacioramonmartibonet.org\/es\/\",\"name\":\"Fundaci\u00f3 Ramon Mart\u00ed i Bonet\",\"description\":\"Visi\u00f3 per a tothom\",\"publisher\":{\"@id\":\"https:\/\/fundacioramonmartibonet.org\/es\/#organization\"},\"alternateName\":\"FRMB\",\"potentialAction\":[{\"@type\":\"SearchAction\",\"target\":{\"@type\":\"EntryPoint\",\"urlTemplate\":\"https:\/\/fundacioramonmartibonet.org\/es\/?s={search_term_string}\"},\"query-input\":\"required name=search_term_string\"}],\"inLanguage\":\"es\"},{\"@type\":\"Organization\",\"@id\":\"https:\/\/fundacioramonmartibonet.org\/es\/#organization\",\"name\":\"Fundaci\u00f3 Ramon Mart\u00ed i Bonet\",\"alternateName\":\"FRMB\",\"url\":\"https:\/\/fundacioramonmartibonet.org\/es\/\",\"logo\":{\"@type\":\"ImageObject\",\"inLanguage\":\"es\",\"@id\":\"https:\/\/fundacioramonmartibonet.org\/es\/#\/schema\/logo\/image\/\",\"url\":\"https:\/\/fundacioramonmartibonet.org\/wp-content\/uploads\/2023\/06\/frmb.svg\",\"contentUrl\":\"https:\/\/fundacioramonmartibonet.org\/wp-content\/uploads\/2023\/06\/frmb.svg\",\"width\":900,\"height\":280,\"caption\":\"Fundaci\u00f3 Ramon Mart\u00ed i Bonet\"},\"image\":{\"@id\":\"https:\/\/fundacioramonmartibonet.org\/es\/#\/schema\/logo\/image\/\"},\"sameAs\":[\"https:\/\/www.facebook.com\/FundacioRamonMartiBonet\",\"https:\/\/x.com\/FundacioRMB\",\"https:\/\/www.youtube.com\/channel\/UCNyN8HH4tz3ybIBubLBiSog\",\"https:\/\/www.instagram.com\/fundaciormb\/\",\"https:\/\/www.linkedin.com\/company\/fundacio-ramon-marto-i-bonet-contra-la-ceguera\/\"]},{\"@type\":\"Person\",\"@id\":\"https:\/\/fundacioramonmartibonet.org\/es\/#\/schema\/person\/2aff0a7acd543144a2c66b34132697b6\",\"name\":\"frmb\",\"image\":{\"@type\":\"ImageObject\",\"inLanguage\":\"es\",\"@id\":\"https:\/\/fundacioramonmartibonet.org\/es\/#\/schema\/person\/image\/\",\"url\":\"https:\/\/secure.gravatar.com\/avatar\/83d1ae228f5a77eb42b308490c6dcca6?s=96&d=mm&r=g\",\"contentUrl\":\"https:\/\/secure.gravatar.com\/avatar\/83d1ae228f5a77eb42b308490c6dcca6?s=96&d=mm&r=g\",\"caption\":\"frmb\"},\"sameAs\":[\"https:\/\/fundacioramonmartibonet.org\"],\"url\":\"https:\/\/fundacioramonmartibonet.org\/es\/author\/frmb\/\"}]}<\/script>\n<!-- \/ Yoast SEO plugin. -->","yoast_head_json":{"title":"APORTACI\u00d3N DE #REDSOLIDARIA DE BANKIA AL PROYECTO VISI\u00d3N PARA TODOS EN CATALUNYA - Fundaci\u00f3 Ram\u00f3n Mart\u00ed i Bonet","robots":{"index":"index","follow":"follow","max-snippet":"max-snippet:-1","max-image-preview":"max-image-preview:large","max-video-preview":"max-video-preview:-1"},"canonical":"https:\/\/fundacioramonmartibonet.org\/es\/2017\/03\/aportacion-de-redsolidaria-de-bankia-al-proyecto-vision-para-todos-en-catalunya\/","og_locale":"es_ES","og_type":"article","og_title":"APORTACI\u00d3N DE #REDSOLIDARIA DE BANKIA AL PROYECTO VISI\u00d3N PARA TODOS EN CATALUNYA - Fundaci\u00f3 Ram\u00f3n Mart\u00ed i Bonet","og_description":"Para conseguir realizar todos los proyectos, en la fundaci\u00f3n contamos con socios, colaboradores y entidades p\u00fablicas y privadas que nos dan soporte a nivel humano y econ\u00f3mico. Son piezas fundamentales del engranaje social, dado que sin ellos no podr\u00edamos ayudar ni llegar a tantas personas. Queremos agradecer la generosa aportaci\u00f3n de\u00a0Bankia\u00a0de m\u00e1s de 4.500\u20ac que [&hellip;]","og_url":"https:\/\/fundacioramonmartibonet.org\/es\/2017\/03\/aportacion-de-redsolidaria-de-bankia-al-proyecto-vision-para-todos-en-catalunya\/","og_site_name":"Fundaci\u00f3 Ram\u00f3n Mart\u00ed i Bonet","article_publisher":"https:\/\/www.facebook.com\/FundacioRamonMartiBonet","article_published_time":"2017-03-27T09:34:20+00:00","article_modified_time":"2025-07-16T09:23:04+00:00","og_image":[{"width":1200,"height":520,"url":"https:\/\/fundacioramonmartibonet.org\/wp-content\/uploads\/2023\/07\/projecte-bankia.jpg","type":"image\/jpeg"}],"author":"frmb","twitter_card":"summary_large_image","twitter_creator":"@FundacioRMB","twitter_site":"@FundacioRMB","schema":{"@context":"https:\/\/schema.org","@graph":[{"@type":"Article","@id":"https:\/\/fundacioramonmartibonet.org\/es\/2017\/03\/aportacion-de-redsolidaria-de-bankia-al-proyecto-vision-para-todos-en-catalunya\/#article","isPartOf":{"@id":"https:\/\/fundacioramonmartibonet.org\/es\/2017\/03\/aportacion-de-redsolidaria-de-bankia-al-proyecto-vision-para-todos-en-catalunya\/"},"author":{"name":"frmb","@id":"https:\/\/fundacioramonmartibonet.org\/es\/#\/schema\/person\/2aff0a7acd543144a2c66b34132697b6"},"headline":"APORTACI\u00d3N DE #REDSOLIDARIA DE BANKIA AL PROYECTO VISI\u00d3N PARA TODOS EN CATALUNYA","datePublished":"2017-03-27T09:34:20+00:00","dateModified":"2025-07-16T09:23:04+00:00","mainEntityOfPage":{"@id":"https:\/\/fundacioramonmartibonet.org\/es\/2017\/03\/aportacion-de-redsolidaria-de-bankia-al-proyecto-vision-para-todos-en-catalunya\/"},"wordCount":118,"publisher":{"@id":"https:\/\/fundacioramonmartibonet.org\/es\/#organization"},"image":{"@id":"https:\/\/fundacioramonmartibonet.org\/es\/2017\/03\/aportacion-de-redsolidaria-de-bankia-al-proyecto-vision-para-todos-en-catalunya\/#primaryimage"},"thumbnailUrl":"https:\/\/fundacioramonmartibonet.org\/wp-content\/uploads\/2023\/07\/projecte-bankia.jpg","keywords":["#Visi\u00f3nParaTodos","#Visi\u00f3PerATothom"],"articleSection":["Sin categorizar"],"inLanguage":"es"},{"@type":"WebPage","@id":"https:\/\/fundacioramonmartibonet.org\/es\/2017\/03\/aportacion-de-redsolidaria-de-bankia-al-proyecto-vision-para-todos-en-catalunya\/","url":"https:\/\/fundacioramonmartibonet.org\/es\/2017\/03\/aportacion-de-redsolidaria-de-bankia-al-proyecto-vision-para-todos-en-catalunya\/","name":"APORTACI\u00d3N DE #REDSOLIDARIA DE BANKIA AL PROYECTO VISI\u00d3N PARA TODOS EN CATALUNYA - Fundaci\u00f3 Ram\u00f3n Mart\u00ed i Bonet","isPartOf":{"@id":"https:\/\/fundacioramonmartibonet.org\/es\/#website"},"primaryImageOfPage":{"@id":"https:\/\/fundacioramonmartibonet.org\/es\/2017\/03\/aportacion-de-redsolidaria-de-bankia-al-proyecto-vision-para-todos-en-catalunya\/#primaryimage"},"image":{"@id":"https:\/\/fundacioramonmartibonet.org\/es\/2017\/03\/aportacion-de-redsolidaria-de-bankia-al-proyecto-vision-para-todos-en-catalunya\/#primaryimage"},"thumbnailUrl":"https:\/\/fundacioramonmartibonet.org\/wp-content\/uploads\/2023\/07\/projecte-bankia.jpg","datePublished":"2017-03-27T09:34:20+00:00","dateModified":"2025-07-16T09:23:04+00:00","breadcrumb":{"@id":"https:\/\/fundacioramonmartibonet.org\/es\/2017\/03\/aportacion-de-redsolidaria-de-bankia-al-proyecto-vision-para-todos-en-catalunya\/#breadcrumb"},"inLanguage":"es","potentialAction":[{"@type":"ReadAction","target":["https:\/\/fundacioramonmartibonet.org\/es\/2017\/03\/aportacion-de-redsolidaria-de-bankia-al-proyecto-vision-para-todos-en-catalunya\/"]}]},{"@type":"ImageObject","inLanguage":"es","@id":"https:\/\/fundacioramonmartibonet.org\/es\/2017\/03\/aportacion-de-redsolidaria-de-bankia-al-proyecto-vision-para-todos-en-catalunya\/#primaryimage","url":"https:\/\/fundacioramonmartibonet.org\/wp-content\/uploads\/2023\/07\/projecte-bankia.jpg","contentUrl":"https:\/\/fundacioramonmartibonet.org\/wp-content\/uploads\/2023\/07\/projecte-bankia.jpg","width":1200,"height":520},{"@type":"BreadcrumbList","@id":"https:\/\/fundacioramonmartibonet.org\/es\/2017\/03\/aportacion-de-redsolidaria-de-bankia-al-proyecto-vision-para-todos-en-catalunya\/#breadcrumb","itemListElement":[{"@type":"ListItem","position":1,"name":"Home","item":"https:\/\/fundacioramonmartibonet.org\/es\/"},{"@type":"ListItem","position":2,"name":"APORTACI\u00d3N DE #REDSOLIDARIA DE BANKIA AL PROYECTO VISI\u00d3N PARA TODOS EN CATALUNYA"}]},{"@type":"WebSite","@id":"https:\/\/fundacioramonmartibonet.org\/es\/#website","url":"https:\/\/fundacioramonmartibonet.org\/es\/","name":"Fundaci\u00f3 Ramon Mart\u00ed i Bonet","description":"Visi\u00f3 per a tothom","publisher":{"@id":"https:\/\/fundacioramonmartibonet.org\/es\/#organization"},"alternateName":"FRMB","potentialAction":[{"@type":"SearchAction","target":{"@type":"EntryPoint","urlTemplate":"https:\/\/fundacioramonmartibonet.org\/es\/?s={search_term_string}"},"query-input":"required name=search_term_string"}],"inLanguage":"es"},{"@type":"Organization","@id":"https:\/\/fundacioramonmartibonet.org\/es\/#organization","name":"Fundaci\u00f3 Ramon Mart\u00ed i Bonet","alternateName":"FRMB","url":"https:\/\/fundacioramonmartibonet.org\/es\/","logo":{"@type":"ImageObject","inLanguage":"es","@id":"https:\/\/fundacioramonmartibonet.org\/es\/#\/schema\/logo\/image\/","url":"https:\/\/fundacioramonmartibonet.org\/wp-content\/uploads\/2023\/06\/frmb.svg","contentUrl":"https:\/\/fundacioramonmartibonet.org\/wp-content\/uploads\/2023\/06\/frmb.svg","width":900,"height":280,"caption":"Fundaci\u00f3 Ramon Mart\u00ed i Bonet"},"image":{"@id":"https:\/\/fundacioramonmartibonet.org\/es\/#\/schema\/logo\/image\/"},"sameAs":["https:\/\/www.facebook.com\/FundacioRamonMartiBonet","https:\/\/x.com\/FundacioRMB","https:\/\/www.youtube.com\/channel\/UCNyN8HH4tz3ybIBubLBiSog","https:\/\/www.instagram.com\/fundaciormb\/","https:\/\/www.linkedin.com\/company\/fundacio-ramon-marto-i-bonet-contra-la-ceguera\/"]},{"@type":"Person","@id":"https:\/\/fundacioramonmartibonet.org\/es\/#\/schema\/person\/2aff0a7acd543144a2c66b34132697b6","name":"frmb","image":{"@type":"ImageObject","inLanguage":"es","@id":"https:\/\/fundacioramonmartibonet.org\/es\/#\/schema\/person\/image\/","url":"https:\/\/secure.gravatar.com\/avatar\/83d1ae228f5a77eb42b308490c6dcca6?s=96&d=mm&r=g","contentUrl":"https:\/\/secure.gravatar.com\/avatar\/83d1ae228f5a77eb42b308490c6dcca6?s=96&d=mm&r=g","caption":"frmb"},"sameAs":["https:\/\/fundacioramonmartibonet.org"],"url":"https:\/\/fundacioramonmartibonet.org\/es\/author\/frmb\/"}]}},"_links":{"self":[{"href":"https:\/\/fundacioramonmartibonet.org\/es\/wp-json\/wp\/v2\/posts\/642"}],"collection":[{"href":"https:\/\/fundacioramonmartibonet.org\/es\/wp-json\/wp\/v2\/posts"}],"about":[{"href":"https:\/\/fundacioramonmartibonet.org\/es\/wp-json\/wp\/v2\/types\/post"}],"author":[{"embeddable":true,"href":"https:\/\/fundacioramonmartibonet.org\/es\/wp-json\/wp\/v2\/users\/1"}],"replies":[{"embeddable":true,"href":"https:\/\/fundacioramonmartibonet.org\/es\/wp-json\/wp\/v2\/comments?post=642"}],"version-history":[{"count":1,"href":"https:\/\/fundacioramonmartibonet.org\/es\/wp-json\/wp\/v2\/posts\/642\/revisions"}],"predecessor-version":[{"id":3955,"href":"https:\/\/fundacioramonmartibonet.org\/es\/wp-json\/wp\/v2\/posts\/642\/revisions\/3955"}],"wp:featuredmedia":[{"embeddable":true,"href":"https:\/\/fundacioramonmartibonet.org\/es\/wp-json\/wp\/v2\/media\/277"}],"wp:attachment":[{"href":"https:\/\/fundacioramonmartibonet.org\/es\/wp-json\/wp\/v2\/media?parent=642"}],"wp:term":[{"taxonomy":"category","embeddable":true,"href":"https:\/\/fundacioramonmartibonet.org\/es\/wp-json\/wp\/v2\/categories?post=642"},{"taxonomy":"post_tag","embeddable":true,"href":"https:\/\/fundacioramonmartibonet.org\/es\/wp-json\/wp\/v2\/tags?post=642"}],"curies":[{"name":"wp","href":"https:\/\/api.w.org\/{rel}","templated":true}]}}