{"id":640,"date":"2017-02-06T09:37:47","date_gmt":"2017-02-06T09:37:47","guid":{"rendered":"https:\/\/fundacioramonmartibonet.org\/2017\/02\/concierto-solidario-de-pep-sala-con-david-amargant-para-el-proyecto-vision-para-todos\/"},"modified":"2025-07-16T09:23:04","modified_gmt":"2025-07-16T09:23:04","slug":"concierto-solidario-de-pep-sala-con-david-amargant-para-el-proyecto-vision-para-todos","status":"publish","type":"post","link":"https:\/\/fundacioramonmartibonet.org\/es\/2017\/02\/concierto-solidario-de-pep-sala-con-david-amargant-para-el-proyecto-vision-para-todos\/","title":{"rendered":"CONCIERTO SOLIDARIO DE PEP SALA CON DAVID AMARGANT PARA EL PROYECTO VISI\u00d3N PARA TODOS"},"content":{"rendered":"<div class=\"text\">\n<p>El pr\u00f3ximo s\u00e1bado 25 de febrero llevaremos a cabo un CONCIERTO SOLIDARIO a cargo del conocido cantautor y emblema del rock catal\u00e1n <strong><a href=\"http:\/\/www.pepsala.cat\/ca\/arrel\/pagina-inicial\">Pep Sala<\/a><\/strong>, que estar\u00e1 acompa\u00f1ado por cardiocompositor, <strong><a href=\"https:\/\/www.facebook.com\/david.amargantbabia?fref=ts\">David Amargant<\/a><\/strong>.<\/p>\n<p>El concierto solidario est\u00e1 previsto para el pr\u00f3ximo 25 de febrero a las 20:30 horas en el <strong><a href=\"http:\/\/www.teatredesarria.entitatsbcn.net\/\">Teatre de Sarri\u00e0<\/a><\/strong>.<\/p>\n<p>El coste de cada entrada es de 15 \u20ac y todo lo que se recaude se destinar\u00e1 a los proyectos #visi\u00f3nparatodos. Ya se pueden adquirir las entradas en las taquillas del teatro.<\/p>\n<p>\u00a1No os lo perd\u00e1is! \u00a1Os esperamos!<\/p>\n<\/div>\n","protected":false},"excerpt":{"rendered":"<p>El pr\u00f3ximo s\u00e1bado 25 de febrero llevaremos a cabo un CONCIERTO SOLIDARIO a cargo del conocido cantautor y emblema del rock catal\u00e1n Pep Sala, que estar\u00e1 acompa\u00f1ado por cardiocompositor, David Amargant. El concierto solidario est\u00e1 previsto para el pr\u00f3ximo 25 de febrero a las 20:30 horas en el Teatre de Sarri\u00e0. El coste de cada [&hellip;]<\/p>\n","protected":false},"author":1,"featured_media":420,"comment_status":"closed","ping_status":"closed","sticky":false,"template":"","format":"standard","meta":{"_acf_changed":false,"footnotes":""},"categories":[1],"tags":[29,12,28],"acf":[],"yoast_head":"<!-- This site is optimized with the Yoast SEO plugin v22.5 - https:\/\/yoast.com\/wordpress\/plugins\/seo\/ -->\n<title>CONCIERTO SOLIDARIO DE PEP SALA CON DAVID AMARGANT PARA EL PROYECTO VISI\u00d3N PARA TODOS - Fundaci\u00f3 Ram\u00f3n Mart\u00ed i Bonet<\/title>\n<meta name=\"robots\" content=\"index, follow, max-snippet:-1, max-image-preview:large, max-video-preview:-1\" \/>\n<link rel=\"canonical\" href=\"https:\/\/fundacioramonmartibonet.org\/es\/2017\/02\/concierto-solidario-de-pep-sala-con-david-amargant-para-el-proyecto-vision-para-todos\/\" \/>\n<meta property=\"og:locale\" content=\"es_ES\" \/>\n<meta property=\"og:type\" content=\"article\" \/>\n<meta property=\"og:title\" content=\"CONCIERTO SOLIDARIO DE PEP SALA CON DAVID AMARGANT PARA EL PROYECTO VISI\u00d3N PARA TODOS - Fundaci\u00f3 Ram\u00f3n Mart\u00ed i Bonet\" \/>\n<meta property=\"og:description\" content=\"El pr\u00f3ximo s\u00e1bado 25 de febrero llevaremos a cabo un CONCIERTO SOLIDARIO a cargo del conocido cantautor y emblema del rock catal\u00e1n Pep Sala, que estar\u00e1 acompa\u00f1ado por cardiocompositor, David Amargant. El concierto solidario est\u00e1 previsto para el pr\u00f3ximo 25 de febrero a las 20:30 horas en el Teatre de Sarri\u00e0. El coste de cada [&hellip;]\" \/>\n<meta property=\"og:url\" content=\"https:\/\/fundacioramonmartibonet.org\/es\/2017\/02\/concierto-solidario-de-pep-sala-con-david-amargant-para-el-proyecto-vision-para-todos\/\" \/>\n<meta property=\"og:site_name\" content=\"Fundaci\u00f3 Ram\u00f3n Mart\u00ed i Bonet\" \/>\n<meta property=\"article:publisher\" content=\"https:\/\/www.facebook.com\/FundacioRamonMartiBonet\" \/>\n<meta property=\"article:published_time\" content=\"2017-02-06T09:37:47+00:00\" \/>\n<meta property=\"article:modified_time\" content=\"2025-07-16T09:23:04+00:00\" \/>\n<meta property=\"og:image\" content=\"https:\/\/fundacioramonmartibonet.org\/wp-content\/uploads\/2023\/07\/CONCERT-SOLIDARI-DE-PEP-SALA-AMB-DAVID-AMARGANT-PEL-PROJECTE-VISIO\u0301-PER-A-TOTHOM.jpg\" \/>\n\t<meta property=\"og:image:width\" content=\"1200\" \/>\n\t<meta property=\"og:image:height\" content=\"520\" \/>\n\t<meta property=\"og:image:type\" content=\"image\/jpeg\" \/>\n<meta name=\"author\" content=\"frmb\" \/>\n<meta name=\"twitter:card\" content=\"summary_large_image\" \/>\n<meta name=\"twitter:creator\" content=\"@FundacioRMB\" \/>\n<meta name=\"twitter:site\" content=\"@FundacioRMB\" \/>\n<script type=\"application\/ld+json\" class=\"yoast-schema-graph\">{\"@context\":\"https:\/\/schema.org\",\"@graph\":[{\"@type\":\"Article\",\"@id\":\"https:\/\/fundacioramonmartibonet.org\/es\/2017\/02\/concierto-solidario-de-pep-sala-con-david-amargant-para-el-proyecto-vision-para-todos\/#article\",\"isPartOf\":{\"@id\":\"https:\/\/fundacioramonmartibonet.org\/es\/2017\/02\/concierto-solidario-de-pep-sala-con-david-amargant-para-el-proyecto-vision-para-todos\/\"},\"author\":{\"name\":\"frmb\",\"@id\":\"https:\/\/fundacioramonmartibonet.org\/es\/#\/schema\/person\/2aff0a7acd543144a2c66b34132697b6\"},\"headline\":\"CONCIERTO SOLIDARIO DE PEP SALA CON DAVID AMARGANT PARA EL PROYECTO VISI\u00d3N PARA TODOS\",\"datePublished\":\"2017-02-06T09:37:47+00:00\",\"dateModified\":\"2025-07-16T09:23:04+00:00\",\"mainEntityOfPage\":{\"@id\":\"https:\/\/fundacioramonmartibonet.org\/es\/2017\/02\/concierto-solidario-de-pep-sala-con-david-amargant-para-el-proyecto-vision-para-todos\/\"},\"wordCount\":106,\"publisher\":{\"@id\":\"https:\/\/fundacioramonmartibonet.org\/es\/#organization\"},\"image\":{\"@id\":\"https:\/\/fundacioramonmartibonet.org\/es\/2017\/02\/concierto-solidario-de-pep-sala-con-david-amargant-para-el-proyecto-vision-para-todos\/#primaryimage\"},\"thumbnailUrl\":\"https:\/\/fundacioramonmartibonet.org\/wp-content\/uploads\/2023\/07\/CONCERT-SOLIDARI-DE-PEP-SALA-AMB-DAVID-AMARGANT-PEL-PROJECTE-VISIO\u0301-PER-A-TOTHOM.jpg\",\"keywords\":[\"#JornadaSolid\u00e0ria\",\"#Visi\u00f3nParaTodos\",\"#Visi\u00f3PerATothom\"],\"articleSection\":[\"Sin categorizar\"],\"inLanguage\":\"es\"},{\"@type\":\"WebPage\",\"@id\":\"https:\/\/fundacioramonmartibonet.org\/es\/2017\/02\/concierto-solidario-de-pep-sala-con-david-amargant-para-el-proyecto-vision-para-todos\/\",\"url\":\"https:\/\/fundacioramonmartibonet.org\/es\/2017\/02\/concierto-solidario-de-pep-sala-con-david-amargant-para-el-proyecto-vision-para-todos\/\",\"name\":\"CONCIERTO SOLIDARIO DE PEP SALA CON DAVID AMARGANT PARA EL PROYECTO VISI\u00d3N PARA TODOS - Fundaci\u00f3 Ram\u00f3n Mart\u00ed i Bonet\",\"isPartOf\":{\"@id\":\"https:\/\/fundacioramonmartibonet.org\/es\/#website\"},\"primaryImageOfPage\":{\"@id\":\"https:\/\/fundacioramonmartibonet.org\/es\/2017\/02\/concierto-solidario-de-pep-sala-con-david-amargant-para-el-proyecto-vision-para-todos\/#primaryimage\"},\"image\":{\"@id\":\"https:\/\/fundacioramonmartibonet.org\/es\/2017\/02\/concierto-solidario-de-pep-sala-con-david-amargant-para-el-proyecto-vision-para-todos\/#primaryimage\"},\"thumbnailUrl\":\"https:\/\/fundacioramonmartibonet.org\/wp-content\/uploads\/2023\/07\/CONCERT-SOLIDARI-DE-PEP-SALA-AMB-DAVID-AMARGANT-PEL-PROJECTE-VISIO\u0301-PER-A-TOTHOM.jpg\",\"datePublished\":\"2017-02-06T09:37:47+00:00\",\"dateModified\":\"2025-07-16T09:23:04+00:00\",\"breadcrumb\":{\"@id\":\"https:\/\/fundacioramonmartibonet.org\/es\/2017\/02\/concierto-solidario-de-pep-sala-con-david-amargant-para-el-proyecto-vision-para-todos\/#breadcrumb\"},\"inLanguage\":\"es\",\"potentialAction\":[{\"@type\":\"ReadAction\",\"target\":[\"https:\/\/fundacioramonmartibonet.org\/es\/2017\/02\/concierto-solidario-de-pep-sala-con-david-amargant-para-el-proyecto-vision-para-todos\/\"]}]},{\"@type\":\"ImageObject\",\"inLanguage\":\"es\",\"@id\":\"https:\/\/fundacioramonmartibonet.org\/es\/2017\/02\/concierto-solidario-de-pep-sala-con-david-amargant-para-el-proyecto-vision-para-todos\/#primaryimage\",\"url\":\"https:\/\/fundacioramonmartibonet.org\/wp-content\/uploads\/2023\/07\/CONCERT-SOLIDARI-DE-PEP-SALA-AMB-DAVID-AMARGANT-PEL-PROJECTE-VISIO\u0301-PER-A-TOTHOM.jpg\",\"contentUrl\":\"https:\/\/fundacioramonmartibonet.org\/wp-content\/uploads\/2023\/07\/CONCERT-SOLIDARI-DE-PEP-SALA-AMB-DAVID-AMARGANT-PEL-PROJECTE-VISIO\u0301-PER-A-TOTHOM.jpg\",\"width\":1200,\"height\":520},{\"@type\":\"BreadcrumbList\",\"@id\":\"https:\/\/fundacioramonmartibonet.org\/es\/2017\/02\/concierto-solidario-de-pep-sala-con-david-amargant-para-el-proyecto-vision-para-todos\/#breadcrumb\",\"itemListElement\":[{\"@type\":\"ListItem\",\"position\":1,\"name\":\"Home\",\"item\":\"https:\/\/fundacioramonmartibonet.org\/es\/\"},{\"@type\":\"ListItem\",\"position\":2,\"name\":\"CONCIERTO SOLIDARIO DE PEP SALA CON DAVID AMARGANT PARA EL PROYECTO VISI\u00d3N PARA TODOS\"}]},{\"@type\":\"WebSite\",\"@id\":\"https:\/\/fundacioramonmartibonet.org\/es\/#website\",\"url\":\"https:\/\/fundacioramonmartibonet.org\/es\/\",\"name\":\"Fundaci\u00f3 Ramon Mart\u00ed i Bonet\",\"description\":\"Visi\u00f3 per a tothom\",\"publisher\":{\"@id\":\"https:\/\/fundacioramonmartibonet.org\/es\/#organization\"},\"alternateName\":\"FRMB\",\"potentialAction\":[{\"@type\":\"SearchAction\",\"target\":{\"@type\":\"EntryPoint\",\"urlTemplate\":\"https:\/\/fundacioramonmartibonet.org\/es\/?s={search_term_string}\"},\"query-input\":\"required name=search_term_string\"}],\"inLanguage\":\"es\"},{\"@type\":\"Organization\",\"@id\":\"https:\/\/fundacioramonmartibonet.org\/es\/#organization\",\"name\":\"Fundaci\u00f3 Ramon Mart\u00ed i Bonet\",\"alternateName\":\"FRMB\",\"url\":\"https:\/\/fundacioramonmartibonet.org\/es\/\",\"logo\":{\"@type\":\"ImageObject\",\"inLanguage\":\"es\",\"@id\":\"https:\/\/fundacioramonmartibonet.org\/es\/#\/schema\/logo\/image\/\",\"url\":\"https:\/\/fundacioramonmartibonet.org\/wp-content\/uploads\/2023\/06\/frmb.svg\",\"contentUrl\":\"https:\/\/fundacioramonmartibonet.org\/wp-content\/uploads\/2023\/06\/frmb.svg\",\"width\":900,\"height\":280,\"caption\":\"Fundaci\u00f3 Ramon Mart\u00ed i Bonet\"},\"image\":{\"@id\":\"https:\/\/fundacioramonmartibonet.org\/es\/#\/schema\/logo\/image\/\"},\"sameAs\":[\"https:\/\/www.facebook.com\/FundacioRamonMartiBonet\",\"https:\/\/x.com\/FundacioRMB\",\"https:\/\/www.youtube.com\/channel\/UCNyN8HH4tz3ybIBubLBiSog\",\"https:\/\/www.instagram.com\/fundaciormb\/\",\"https:\/\/www.linkedin.com\/company\/fundacio-ramon-marto-i-bonet-contra-la-ceguera\/\"]},{\"@type\":\"Person\",\"@id\":\"https:\/\/fundacioramonmartibonet.org\/es\/#\/schema\/person\/2aff0a7acd543144a2c66b34132697b6\",\"name\":\"frmb\",\"image\":{\"@type\":\"ImageObject\",\"inLanguage\":\"es\",\"@id\":\"https:\/\/fundacioramonmartibonet.org\/es\/#\/schema\/person\/image\/\",\"url\":\"https:\/\/secure.gravatar.com\/avatar\/83d1ae228f5a77eb42b308490c6dcca6?s=96&d=mm&r=g\",\"contentUrl\":\"https:\/\/secure.gravatar.com\/avatar\/83d1ae228f5a77eb42b308490c6dcca6?s=96&d=mm&r=g\",\"caption\":\"frmb\"},\"sameAs\":[\"https:\/\/fundacioramonmartibonet.org\"],\"url\":\"https:\/\/fundacioramonmartibonet.org\/es\/author\/frmb\/\"}]}<\/script>\n<!-- \/ Yoast SEO plugin. -->","yoast_head_json":{"title":"CONCIERTO SOLIDARIO DE PEP SALA CON DAVID AMARGANT PARA EL PROYECTO VISI\u00d3N PARA TODOS - Fundaci\u00f3 Ram\u00f3n Mart\u00ed i Bonet","robots":{"index":"index","follow":"follow","max-snippet":"max-snippet:-1","max-image-preview":"max-image-preview:large","max-video-preview":"max-video-preview:-1"},"canonical":"https:\/\/fundacioramonmartibonet.org\/es\/2017\/02\/concierto-solidario-de-pep-sala-con-david-amargant-para-el-proyecto-vision-para-todos\/","og_locale":"es_ES","og_type":"article","og_title":"CONCIERTO SOLIDARIO DE PEP SALA CON DAVID AMARGANT PARA EL PROYECTO VISI\u00d3N PARA TODOS - Fundaci\u00f3 Ram\u00f3n Mart\u00ed i Bonet","og_description":"El pr\u00f3ximo s\u00e1bado 25 de febrero llevaremos a cabo un CONCIERTO SOLIDARIO a cargo del conocido cantautor y emblema del rock catal\u00e1n Pep Sala, que estar\u00e1 acompa\u00f1ado por cardiocompositor, David Amargant. El concierto solidario est\u00e1 previsto para el pr\u00f3ximo 25 de febrero a las 20:30 horas en el Teatre de Sarri\u00e0. El coste de cada [&hellip;]","og_url":"https:\/\/fundacioramonmartibonet.org\/es\/2017\/02\/concierto-solidario-de-pep-sala-con-david-amargant-para-el-proyecto-vision-para-todos\/","og_site_name":"Fundaci\u00f3 Ram\u00f3n Mart\u00ed i Bonet","article_publisher":"https:\/\/www.facebook.com\/FundacioRamonMartiBonet","article_published_time":"2017-02-06T09:37:47+00:00","article_modified_time":"2025-07-16T09:23:04+00:00","og_image":[{"width":1200,"height":520,"url":"https:\/\/fundacioramonmartibonet.org\/wp-content\/uploads\/2023\/07\/CONCERT-SOLIDARI-DE-PEP-SALA-AMB-DAVID-AMARGANT-PEL-PROJECTE-VISIO\u0301-PER-A-TOTHOM.jpg","type":"image\/jpeg"}],"author":"frmb","twitter_card":"summary_large_image","twitter_creator":"@FundacioRMB","twitter_site":"@FundacioRMB","schema":{"@context":"https:\/\/schema.org","@graph":[{"@type":"Article","@id":"https:\/\/fundacioramonmartibonet.org\/es\/2017\/02\/concierto-solidario-de-pep-sala-con-david-amargant-para-el-proyecto-vision-para-todos\/#article","isPartOf":{"@id":"https:\/\/fundacioramonmartibonet.org\/es\/2017\/02\/concierto-solidario-de-pep-sala-con-david-amargant-para-el-proyecto-vision-para-todos\/"},"author":{"name":"frmb","@id":"https:\/\/fundacioramonmartibonet.org\/es\/#\/schema\/person\/2aff0a7acd543144a2c66b34132697b6"},"headline":"CONCIERTO SOLIDARIO DE PEP SALA CON DAVID AMARGANT PARA EL PROYECTO VISI\u00d3N PARA TODOS","datePublished":"2017-02-06T09:37:47+00:00","dateModified":"2025-07-16T09:23:04+00:00","mainEntityOfPage":{"@id":"https:\/\/fundacioramonmartibonet.org\/es\/2017\/02\/concierto-solidario-de-pep-sala-con-david-amargant-para-el-proyecto-vision-para-todos\/"},"wordCount":106,"publisher":{"@id":"https:\/\/fundacioramonmartibonet.org\/es\/#organization"},"image":{"@id":"https:\/\/fundacioramonmartibonet.org\/es\/2017\/02\/concierto-solidario-de-pep-sala-con-david-amargant-para-el-proyecto-vision-para-todos\/#primaryimage"},"thumbnailUrl":"https:\/\/fundacioramonmartibonet.org\/wp-content\/uploads\/2023\/07\/CONCERT-SOLIDARI-DE-PEP-SALA-AMB-DAVID-AMARGANT-PEL-PROJECTE-VISIO\u0301-PER-A-TOTHOM.jpg","keywords":["#JornadaSolid\u00e0ria","#Visi\u00f3nParaTodos","#Visi\u00f3PerATothom"],"articleSection":["Sin categorizar"],"inLanguage":"es"},{"@type":"WebPage","@id":"https:\/\/fundacioramonmartibonet.org\/es\/2017\/02\/concierto-solidario-de-pep-sala-con-david-amargant-para-el-proyecto-vision-para-todos\/","url":"https:\/\/fundacioramonmartibonet.org\/es\/2017\/02\/concierto-solidario-de-pep-sala-con-david-amargant-para-el-proyecto-vision-para-todos\/","name":"CONCIERTO SOLIDARIO DE PEP SALA CON DAVID AMARGANT PARA EL PROYECTO VISI\u00d3N PARA TODOS - Fundaci\u00f3 Ram\u00f3n Mart\u00ed i Bonet","isPartOf":{"@id":"https:\/\/fundacioramonmartibonet.org\/es\/#website"},"primaryImageOfPage":{"@id":"https:\/\/fundacioramonmartibonet.org\/es\/2017\/02\/concierto-solidario-de-pep-sala-con-david-amargant-para-el-proyecto-vision-para-todos\/#primaryimage"},"image":{"@id":"https:\/\/fundacioramonmartibonet.org\/es\/2017\/02\/concierto-solidario-de-pep-sala-con-david-amargant-para-el-proyecto-vision-para-todos\/#primaryimage"},"thumbnailUrl":"https:\/\/fundacioramonmartibonet.org\/wp-content\/uploads\/2023\/07\/CONCERT-SOLIDARI-DE-PEP-SALA-AMB-DAVID-AMARGANT-PEL-PROJECTE-VISIO\u0301-PER-A-TOTHOM.jpg","datePublished":"2017-02-06T09:37:47+00:00","dateModified":"2025-07-16T09:23:04+00:00","breadcrumb":{"@id":"https:\/\/fundacioramonmartibonet.org\/es\/2017\/02\/concierto-solidario-de-pep-sala-con-david-amargant-para-el-proyecto-vision-para-todos\/#breadcrumb"},"inLanguage":"es","potentialAction":[{"@type":"ReadAction","target":["https:\/\/fundacioramonmartibonet.org\/es\/2017\/02\/concierto-solidario-de-pep-sala-con-david-amargant-para-el-proyecto-vision-para-todos\/"]}]},{"@type":"ImageObject","inLanguage":"es","@id":"https:\/\/fundacioramonmartibonet.org\/es\/2017\/02\/concierto-solidario-de-pep-sala-con-david-amargant-para-el-proyecto-vision-para-todos\/#primaryimage","url":"https:\/\/fundacioramonmartibonet.org\/wp-content\/uploads\/2023\/07\/CONCERT-SOLIDARI-DE-PEP-SALA-AMB-DAVID-AMARGANT-PEL-PROJECTE-VISIO\u0301-PER-A-TOTHOM.jpg","contentUrl":"https:\/\/fundacioramonmartibonet.org\/wp-content\/uploads\/2023\/07\/CONCERT-SOLIDARI-DE-PEP-SALA-AMB-DAVID-AMARGANT-PEL-PROJECTE-VISIO\u0301-PER-A-TOTHOM.jpg","width":1200,"height":520},{"@type":"BreadcrumbList","@id":"https:\/\/fundacioramonmartibonet.org\/es\/2017\/02\/concierto-solidario-de-pep-sala-con-david-amargant-para-el-proyecto-vision-para-todos\/#breadcrumb","itemListElement":[{"@type":"ListItem","position":1,"name":"Home","item":"https:\/\/fundacioramonmartibonet.org\/es\/"},{"@type":"ListItem","position":2,"name":"CONCIERTO SOLIDARIO DE PEP SALA CON DAVID AMARGANT PARA EL PROYECTO VISI\u00d3N PARA TODOS"}]},{"@type":"WebSite","@id":"https:\/\/fundacioramonmartibonet.org\/es\/#website","url":"https:\/\/fundacioramonmartibonet.org\/es\/","name":"Fundaci\u00f3 Ramon Mart\u00ed i Bonet","description":"Visi\u00f3 per a tothom","publisher":{"@id":"https:\/\/fundacioramonmartibonet.org\/es\/#organization"},"alternateName":"FRMB","potentialAction":[{"@type":"SearchAction","target":{"@type":"EntryPoint","urlTemplate":"https:\/\/fundacioramonmartibonet.org\/es\/?s={search_term_string}"},"query-input":"required name=search_term_string"}],"inLanguage":"es"},{"@type":"Organization","@id":"https:\/\/fundacioramonmartibonet.org\/es\/#organization","name":"Fundaci\u00f3 Ramon Mart\u00ed i Bonet","alternateName":"FRMB","url":"https:\/\/fundacioramonmartibonet.org\/es\/","logo":{"@type":"ImageObject","inLanguage":"es","@id":"https:\/\/fundacioramonmartibonet.org\/es\/#\/schema\/logo\/image\/","url":"https:\/\/fundacioramonmartibonet.org\/wp-content\/uploads\/2023\/06\/frmb.svg","contentUrl":"https:\/\/fundacioramonmartibonet.org\/wp-content\/uploads\/2023\/06\/frmb.svg","width":900,"height":280,"caption":"Fundaci\u00f3 Ramon Mart\u00ed i Bonet"},"image":{"@id":"https:\/\/fundacioramonmartibonet.org\/es\/#\/schema\/logo\/image\/"},"sameAs":["https:\/\/www.facebook.com\/FundacioRamonMartiBonet","https:\/\/x.com\/FundacioRMB","https:\/\/www.youtube.com\/channel\/UCNyN8HH4tz3ybIBubLBiSog","https:\/\/www.instagram.com\/fundaciormb\/","https:\/\/www.linkedin.com\/company\/fundacio-ramon-marto-i-bonet-contra-la-ceguera\/"]},{"@type":"Person","@id":"https:\/\/fundacioramonmartibonet.org\/es\/#\/schema\/person\/2aff0a7acd543144a2c66b34132697b6","name":"frmb","image":{"@type":"ImageObject","inLanguage":"es","@id":"https:\/\/fundacioramonmartibonet.org\/es\/#\/schema\/person\/image\/","url":"https:\/\/secure.gravatar.com\/avatar\/83d1ae228f5a77eb42b308490c6dcca6?s=96&d=mm&r=g","contentUrl":"https:\/\/secure.gravatar.com\/avatar\/83d1ae228f5a77eb42b308490c6dcca6?s=96&d=mm&r=g","caption":"frmb"},"sameAs":["https:\/\/fundacioramonmartibonet.org"],"url":"https:\/\/fundacioramonmartibonet.org\/es\/author\/frmb\/"}]}},"_links":{"self":[{"href":"https:\/\/fundacioramonmartibonet.org\/es\/wp-json\/wp\/v2\/posts\/640"}],"collection":[{"href":"https:\/\/fundacioramonmartibonet.org\/es\/wp-json\/wp\/v2\/posts"}],"about":[{"href":"https:\/\/fundacioramonmartibonet.org\/es\/wp-json\/wp\/v2\/types\/post"}],"author":[{"embeddable":true,"href":"https:\/\/fundacioramonmartibonet.org\/es\/wp-json\/wp\/v2\/users\/1"}],"replies":[{"embeddable":true,"href":"https:\/\/fundacioramonmartibonet.org\/es\/wp-json\/wp\/v2\/comments?post=640"}],"version-history":[{"count":1,"href":"https:\/\/fundacioramonmartibonet.org\/es\/wp-json\/wp\/v2\/posts\/640\/revisions"}],"predecessor-version":[{"id":3956,"href":"https:\/\/fundacioramonmartibonet.org\/es\/wp-json\/wp\/v2\/posts\/640\/revisions\/3956"}],"wp:featuredmedia":[{"embeddable":true,"href":"https:\/\/fundacioramonmartibonet.org\/es\/wp-json\/wp\/v2\/media\/420"}],"wp:attachment":[{"href":"https:\/\/fundacioramonmartibonet.org\/es\/wp-json\/wp\/v2\/media?parent=640"}],"wp:term":[{"taxonomy":"category","embeddable":true,"href":"https:\/\/fundacioramonmartibonet.org\/es\/wp-json\/wp\/v2\/categories?post=640"},{"taxonomy":"post_tag","embeddable":true,"href":"https:\/\/fundacioramonmartibonet.org\/es\/wp-json\/wp\/v2\/tags?post=640"}],"curies":[{"name":"wp","href":"https:\/\/api.w.org\/{rel}","templated":true}]}}