{"id":638,"date":"2016-10-31T09:40:43","date_gmt":"2016-10-31T09:40:43","guid":{"rendered":"https:\/\/fundacioramonmartibonet.org\/2016\/10\/nuevo-video-de-la-comision-de-la-fundacion-ramon-marti-i-bonet-en-peru\/"},"modified":"2025-07-16T09:23:27","modified_gmt":"2025-07-16T09:23:27","slug":"nuevo-video-de-la-comision-de-la-fundacion-ramon-marti-i-bonet-en-peru","status":"publish","type":"post","link":"https:\/\/fundacioramonmartibonet.org\/es\/2016\/10\/nuevo-video-de-la-comision-de-la-fundacion-ramon-marti-i-bonet-en-peru\/","title":{"rendered":"NUEVO V\u00cdDEO DE LA COMISI\u00d3N DE LA FUNDACI\u00d3N RAMON MART\u00cd I BONET EN PER\u00da"},"content":{"rendered":"<p>La Fundaci\u00f3n Ramon Mart\u00ed i Bonet ha editado un v\u00eddeo sobre la comisi\u00f3n realizada este pasado verano por un equipo de voluntarios de la Fundaci\u00f3n en Huamachuco, Per\u00fa, donde la Fundaci\u00f3n lleva a cabo un <a href=\"http:\/\/www.fundacioramonmartibonet.org\/codeless_portfolio\/projecte-5\/?lang=es\">proyecto de cooperaci\u00f3n internacional<\/a>\u00a0con la ONG local \u201cAsociaci\u00f3n Alegr\u00eda y Esperanza para los ni\u00f1os\u201d. El proyecto pretende acercar a la poblaci\u00f3n la atenci\u00f3n oftalmol\u00f3gica y los medios de correcci\u00f3n \u00f3ptica que necesiten (gafas).<\/p>\n","protected":false},"excerpt":{"rendered":"<p>La Fundaci\u00f3n Ramon Mart\u00ed i Bonet ha editado un v\u00eddeo sobre la comisi\u00f3n realizada este pasado verano por un equipo de voluntarios de la Fundaci\u00f3n en Huamachuco, Per\u00fa, donde la Fundaci\u00f3n lleva a cabo un proyecto de cooperaci\u00f3n internacional\u00a0con la ONG local \u201cAsociaci\u00f3n Alegr\u00eda y Esperanza para los ni\u00f1os\u201d. El proyecto pretende acercar a la [&hellip;]<\/p>\n","protected":false},"author":1,"featured_media":283,"comment_status":"closed","ping_status":"closed","sticky":false,"template":"","format":"standard","meta":{"_acf_changed":false,"footnotes":""},"categories":[1],"tags":[12,28],"acf":[],"yoast_head":"<!-- This site is optimized with the Yoast SEO plugin v22.5 - https:\/\/yoast.com\/wordpress\/plugins\/seo\/ -->\n<title>NUEVO V\u00cdDEO DE LA COMISI\u00d3N DE LA FUNDACI\u00d3N RAMON MART\u00cd I BONET EN PER\u00da - Fundaci\u00f3 Ram\u00f3n Mart\u00ed i Bonet<\/title>\n<meta name=\"robots\" content=\"index, follow, max-snippet:-1, max-image-preview:large, max-video-preview:-1\" \/>\n<link rel=\"canonical\" href=\"https:\/\/fundacioramonmartibonet.org\/es\/2016\/10\/nuevo-video-de-la-comision-de-la-fundacion-ramon-marti-i-bonet-en-peru\/\" \/>\n<meta property=\"og:locale\" content=\"es_ES\" \/>\n<meta property=\"og:type\" content=\"article\" \/>\n<meta property=\"og:title\" content=\"NUEVO V\u00cdDEO DE LA COMISI\u00d3N DE LA FUNDACI\u00d3N RAMON MART\u00cd I BONET EN PER\u00da - Fundaci\u00f3 Ram\u00f3n Mart\u00ed i Bonet\" \/>\n<meta property=\"og:description\" content=\"La Fundaci\u00f3n Ramon Mart\u00ed i Bonet ha editado un v\u00eddeo sobre la comisi\u00f3n realizada este pasado verano por un equipo de voluntarios de la Fundaci\u00f3n en Huamachuco, Per\u00fa, donde la Fundaci\u00f3n lleva a cabo un proyecto de cooperaci\u00f3n internacional\u00a0con la ONG local \u201cAsociaci\u00f3n Alegr\u00eda y Esperanza para los ni\u00f1os\u201d. El proyecto pretende acercar a la [&hellip;]\" \/>\n<meta property=\"og:url\" content=\"https:\/\/fundacioramonmartibonet.org\/es\/2016\/10\/nuevo-video-de-la-comision-de-la-fundacion-ramon-marti-i-bonet-en-peru\/\" \/>\n<meta property=\"og:site_name\" content=\"Fundaci\u00f3 Ram\u00f3n Mart\u00ed i Bonet\" \/>\n<meta property=\"article:publisher\" content=\"https:\/\/www.facebook.com\/FundacioRamonMartiBonet\" \/>\n<meta property=\"article:published_time\" content=\"2016-10-31T09:40:43+00:00\" \/>\n<meta property=\"article:modified_time\" content=\"2025-07-16T09:23:27+00:00\" \/>\n<meta property=\"og:image\" content=\"https:\/\/fundacioramonmartibonet.org\/wp-content\/uploads\/2023\/07\/NOU-CONVENI-INTERNACIONAL-PER-SEGUIR-LLUITANT-CONTRA-LA-CEGUERA.jpg\" \/>\n\t<meta property=\"og:image:width\" content=\"1200\" \/>\n\t<meta property=\"og:image:height\" content=\"520\" \/>\n\t<meta property=\"og:image:type\" content=\"image\/jpeg\" \/>\n<meta name=\"author\" content=\"frmb\" \/>\n<meta name=\"twitter:card\" content=\"summary_large_image\" \/>\n<meta name=\"twitter:creator\" content=\"@FundacioRMB\" \/>\n<meta name=\"twitter:site\" content=\"@FundacioRMB\" \/>\n<script type=\"application\/ld+json\" class=\"yoast-schema-graph\">{\"@context\":\"https:\/\/schema.org\",\"@graph\":[{\"@type\":\"Article\",\"@id\":\"https:\/\/fundacioramonmartibonet.org\/es\/2016\/10\/nuevo-video-de-la-comision-de-la-fundacion-ramon-marti-i-bonet-en-peru\/#article\",\"isPartOf\":{\"@id\":\"https:\/\/fundacioramonmartibonet.org\/es\/2016\/10\/nuevo-video-de-la-comision-de-la-fundacion-ramon-marti-i-bonet-en-peru\/\"},\"author\":{\"name\":\"frmb\",\"@id\":\"https:\/\/fundacioramonmartibonet.org\/es\/#\/schema\/person\/2aff0a7acd543144a2c66b34132697b6\"},\"headline\":\"NUEVO V\u00cdDEO DE LA COMISI\u00d3N DE LA FUNDACI\u00d3N RAMON MART\u00cd I BONET EN PER\u00da\",\"datePublished\":\"2016-10-31T09:40:43+00:00\",\"dateModified\":\"2025-07-16T09:23:27+00:00\",\"mainEntityOfPage\":{\"@id\":\"https:\/\/fundacioramonmartibonet.org\/es\/2016\/10\/nuevo-video-de-la-comision-de-la-fundacion-ramon-marti-i-bonet-en-peru\/\"},\"wordCount\":99,\"publisher\":{\"@id\":\"https:\/\/fundacioramonmartibonet.org\/es\/#organization\"},\"image\":{\"@id\":\"https:\/\/fundacioramonmartibonet.org\/es\/2016\/10\/nuevo-video-de-la-comision-de-la-fundacion-ramon-marti-i-bonet-en-peru\/#primaryimage\"},\"thumbnailUrl\":\"https:\/\/fundacioramonmartibonet.org\/wp-content\/uploads\/2023\/07\/NOU-CONVENI-INTERNACIONAL-PER-SEGUIR-LLUITANT-CONTRA-LA-CEGUERA.jpg\",\"keywords\":[\"#Visi\u00f3nParaTodos\",\"#Visi\u00f3PerATothom\"],\"articleSection\":[\"Sin categorizar\"],\"inLanguage\":\"es\"},{\"@type\":\"WebPage\",\"@id\":\"https:\/\/fundacioramonmartibonet.org\/es\/2016\/10\/nuevo-video-de-la-comision-de-la-fundacion-ramon-marti-i-bonet-en-peru\/\",\"url\":\"https:\/\/fundacioramonmartibonet.org\/es\/2016\/10\/nuevo-video-de-la-comision-de-la-fundacion-ramon-marti-i-bonet-en-peru\/\",\"name\":\"NUEVO V\u00cdDEO DE LA COMISI\u00d3N DE LA FUNDACI\u00d3N RAMON MART\u00cd I BONET EN PER\u00da - Fundaci\u00f3 Ram\u00f3n Mart\u00ed i Bonet\",\"isPartOf\":{\"@id\":\"https:\/\/fundacioramonmartibonet.org\/es\/#website\"},\"primaryImageOfPage\":{\"@id\":\"https:\/\/fundacioramonmartibonet.org\/es\/2016\/10\/nuevo-video-de-la-comision-de-la-fundacion-ramon-marti-i-bonet-en-peru\/#primaryimage\"},\"image\":{\"@id\":\"https:\/\/fundacioramonmartibonet.org\/es\/2016\/10\/nuevo-video-de-la-comision-de-la-fundacion-ramon-marti-i-bonet-en-peru\/#primaryimage\"},\"thumbnailUrl\":\"https:\/\/fundacioramonmartibonet.org\/wp-content\/uploads\/2023\/07\/NOU-CONVENI-INTERNACIONAL-PER-SEGUIR-LLUITANT-CONTRA-LA-CEGUERA.jpg\",\"datePublished\":\"2016-10-31T09:40:43+00:00\",\"dateModified\":\"2025-07-16T09:23:27+00:00\",\"breadcrumb\":{\"@id\":\"https:\/\/fundacioramonmartibonet.org\/es\/2016\/10\/nuevo-video-de-la-comision-de-la-fundacion-ramon-marti-i-bonet-en-peru\/#breadcrumb\"},\"inLanguage\":\"es\",\"potentialAction\":[{\"@type\":\"ReadAction\",\"target\":[\"https:\/\/fundacioramonmartibonet.org\/es\/2016\/10\/nuevo-video-de-la-comision-de-la-fundacion-ramon-marti-i-bonet-en-peru\/\"]}]},{\"@type\":\"ImageObject\",\"inLanguage\":\"es\",\"@id\":\"https:\/\/fundacioramonmartibonet.org\/es\/2016\/10\/nuevo-video-de-la-comision-de-la-fundacion-ramon-marti-i-bonet-en-peru\/#primaryimage\",\"url\":\"https:\/\/fundacioramonmartibonet.org\/wp-content\/uploads\/2023\/07\/NOU-CONVENI-INTERNACIONAL-PER-SEGUIR-LLUITANT-CONTRA-LA-CEGUERA.jpg\",\"contentUrl\":\"https:\/\/fundacioramonmartibonet.org\/wp-content\/uploads\/2023\/07\/NOU-CONVENI-INTERNACIONAL-PER-SEGUIR-LLUITANT-CONTRA-LA-CEGUERA.jpg\",\"width\":1200,\"height\":520},{\"@type\":\"BreadcrumbList\",\"@id\":\"https:\/\/fundacioramonmartibonet.org\/es\/2016\/10\/nuevo-video-de-la-comision-de-la-fundacion-ramon-marti-i-bonet-en-peru\/#breadcrumb\",\"itemListElement\":[{\"@type\":\"ListItem\",\"position\":1,\"name\":\"Home\",\"item\":\"https:\/\/fundacioramonmartibonet.org\/es\/\"},{\"@type\":\"ListItem\",\"position\":2,\"name\":\"NUEVO V\u00cdDEO DE LA COMISI\u00d3N DE LA FUNDACI\u00d3N RAMON MART\u00cd I BONET EN PER\u00da\"}]},{\"@type\":\"WebSite\",\"@id\":\"https:\/\/fundacioramonmartibonet.org\/es\/#website\",\"url\":\"https:\/\/fundacioramonmartibonet.org\/es\/\",\"name\":\"Fundaci\u00f3 Ramon Mart\u00ed i Bonet\",\"description\":\"Visi\u00f3 per a tothom\",\"publisher\":{\"@id\":\"https:\/\/fundacioramonmartibonet.org\/es\/#organization\"},\"alternateName\":\"FRMB\",\"potentialAction\":[{\"@type\":\"SearchAction\",\"target\":{\"@type\":\"EntryPoint\",\"urlTemplate\":\"https:\/\/fundacioramonmartibonet.org\/es\/?s={search_term_string}\"},\"query-input\":\"required name=search_term_string\"}],\"inLanguage\":\"es\"},{\"@type\":\"Organization\",\"@id\":\"https:\/\/fundacioramonmartibonet.org\/es\/#organization\",\"name\":\"Fundaci\u00f3 Ramon Mart\u00ed i Bonet\",\"alternateName\":\"FRMB\",\"url\":\"https:\/\/fundacioramonmartibonet.org\/es\/\",\"logo\":{\"@type\":\"ImageObject\",\"inLanguage\":\"es\",\"@id\":\"https:\/\/fundacioramonmartibonet.org\/es\/#\/schema\/logo\/image\/\",\"url\":\"https:\/\/fundacioramonmartibonet.org\/wp-content\/uploads\/2023\/06\/frmb.svg\",\"contentUrl\":\"https:\/\/fundacioramonmartibonet.org\/wp-content\/uploads\/2023\/06\/frmb.svg\",\"width\":900,\"height\":280,\"caption\":\"Fundaci\u00f3 Ramon Mart\u00ed i Bonet\"},\"image\":{\"@id\":\"https:\/\/fundacioramonmartibonet.org\/es\/#\/schema\/logo\/image\/\"},\"sameAs\":[\"https:\/\/www.facebook.com\/FundacioRamonMartiBonet\",\"https:\/\/x.com\/FundacioRMB\",\"https:\/\/www.youtube.com\/channel\/UCNyN8HH4tz3ybIBubLBiSog\",\"https:\/\/www.instagram.com\/fundaciormb\/\",\"https:\/\/www.linkedin.com\/company\/fundacio-ramon-marto-i-bonet-contra-la-ceguera\/\"]},{\"@type\":\"Person\",\"@id\":\"https:\/\/fundacioramonmartibonet.org\/es\/#\/schema\/person\/2aff0a7acd543144a2c66b34132697b6\",\"name\":\"frmb\",\"image\":{\"@type\":\"ImageObject\",\"inLanguage\":\"es\",\"@id\":\"https:\/\/fundacioramonmartibonet.org\/es\/#\/schema\/person\/image\/\",\"url\":\"https:\/\/secure.gravatar.com\/avatar\/83d1ae228f5a77eb42b308490c6dcca6?s=96&d=mm&r=g\",\"contentUrl\":\"https:\/\/secure.gravatar.com\/avatar\/83d1ae228f5a77eb42b308490c6dcca6?s=96&d=mm&r=g\",\"caption\":\"frmb\"},\"sameAs\":[\"https:\/\/fundacioramonmartibonet.org\"],\"url\":\"https:\/\/fundacioramonmartibonet.org\/es\/author\/frmb\/\"}]}<\/script>\n<!-- \/ Yoast SEO plugin. -->","yoast_head_json":{"title":"NUEVO V\u00cdDEO DE LA COMISI\u00d3N DE LA FUNDACI\u00d3N RAMON MART\u00cd I BONET EN PER\u00da - Fundaci\u00f3 Ram\u00f3n Mart\u00ed i Bonet","robots":{"index":"index","follow":"follow","max-snippet":"max-snippet:-1","max-image-preview":"max-image-preview:large","max-video-preview":"max-video-preview:-1"},"canonical":"https:\/\/fundacioramonmartibonet.org\/es\/2016\/10\/nuevo-video-de-la-comision-de-la-fundacion-ramon-marti-i-bonet-en-peru\/","og_locale":"es_ES","og_type":"article","og_title":"NUEVO V\u00cdDEO DE LA COMISI\u00d3N DE LA FUNDACI\u00d3N RAMON MART\u00cd I BONET EN PER\u00da - Fundaci\u00f3 Ram\u00f3n Mart\u00ed i Bonet","og_description":"La Fundaci\u00f3n Ramon Mart\u00ed i Bonet ha editado un v\u00eddeo sobre la comisi\u00f3n realizada este pasado verano por un equipo de voluntarios de la Fundaci\u00f3n en Huamachuco, Per\u00fa, donde la Fundaci\u00f3n lleva a cabo un proyecto de cooperaci\u00f3n internacional\u00a0con la ONG local \u201cAsociaci\u00f3n Alegr\u00eda y Esperanza para los ni\u00f1os\u201d. El proyecto pretende acercar a la [&hellip;]","og_url":"https:\/\/fundacioramonmartibonet.org\/es\/2016\/10\/nuevo-video-de-la-comision-de-la-fundacion-ramon-marti-i-bonet-en-peru\/","og_site_name":"Fundaci\u00f3 Ram\u00f3n Mart\u00ed i Bonet","article_publisher":"https:\/\/www.facebook.com\/FundacioRamonMartiBonet","article_published_time":"2016-10-31T09:40:43+00:00","article_modified_time":"2025-07-16T09:23:27+00:00","og_image":[{"width":1200,"height":520,"url":"https:\/\/fundacioramonmartibonet.org\/wp-content\/uploads\/2023\/07\/NOU-CONVENI-INTERNACIONAL-PER-SEGUIR-LLUITANT-CONTRA-LA-CEGUERA.jpg","type":"image\/jpeg"}],"author":"frmb","twitter_card":"summary_large_image","twitter_creator":"@FundacioRMB","twitter_site":"@FundacioRMB","schema":{"@context":"https:\/\/schema.org","@graph":[{"@type":"Article","@id":"https:\/\/fundacioramonmartibonet.org\/es\/2016\/10\/nuevo-video-de-la-comision-de-la-fundacion-ramon-marti-i-bonet-en-peru\/#article","isPartOf":{"@id":"https:\/\/fundacioramonmartibonet.org\/es\/2016\/10\/nuevo-video-de-la-comision-de-la-fundacion-ramon-marti-i-bonet-en-peru\/"},"author":{"name":"frmb","@id":"https:\/\/fundacioramonmartibonet.org\/es\/#\/schema\/person\/2aff0a7acd543144a2c66b34132697b6"},"headline":"NUEVO V\u00cdDEO DE LA COMISI\u00d3N DE LA FUNDACI\u00d3N RAMON MART\u00cd I BONET EN PER\u00da","datePublished":"2016-10-31T09:40:43+00:00","dateModified":"2025-07-16T09:23:27+00:00","mainEntityOfPage":{"@id":"https:\/\/fundacioramonmartibonet.org\/es\/2016\/10\/nuevo-video-de-la-comision-de-la-fundacion-ramon-marti-i-bonet-en-peru\/"},"wordCount":99,"publisher":{"@id":"https:\/\/fundacioramonmartibonet.org\/es\/#organization"},"image":{"@id":"https:\/\/fundacioramonmartibonet.org\/es\/2016\/10\/nuevo-video-de-la-comision-de-la-fundacion-ramon-marti-i-bonet-en-peru\/#primaryimage"},"thumbnailUrl":"https:\/\/fundacioramonmartibonet.org\/wp-content\/uploads\/2023\/07\/NOU-CONVENI-INTERNACIONAL-PER-SEGUIR-LLUITANT-CONTRA-LA-CEGUERA.jpg","keywords":["#Visi\u00f3nParaTodos","#Visi\u00f3PerATothom"],"articleSection":["Sin categorizar"],"inLanguage":"es"},{"@type":"WebPage","@id":"https:\/\/fundacioramonmartibonet.org\/es\/2016\/10\/nuevo-video-de-la-comision-de-la-fundacion-ramon-marti-i-bonet-en-peru\/","url":"https:\/\/fundacioramonmartibonet.org\/es\/2016\/10\/nuevo-video-de-la-comision-de-la-fundacion-ramon-marti-i-bonet-en-peru\/","name":"NUEVO V\u00cdDEO DE LA COMISI\u00d3N DE LA FUNDACI\u00d3N RAMON MART\u00cd I BONET EN PER\u00da - Fundaci\u00f3 Ram\u00f3n Mart\u00ed i Bonet","isPartOf":{"@id":"https:\/\/fundacioramonmartibonet.org\/es\/#website"},"primaryImageOfPage":{"@id":"https:\/\/fundacioramonmartibonet.org\/es\/2016\/10\/nuevo-video-de-la-comision-de-la-fundacion-ramon-marti-i-bonet-en-peru\/#primaryimage"},"image":{"@id":"https:\/\/fundacioramonmartibonet.org\/es\/2016\/10\/nuevo-video-de-la-comision-de-la-fundacion-ramon-marti-i-bonet-en-peru\/#primaryimage"},"thumbnailUrl":"https:\/\/fundacioramonmartibonet.org\/wp-content\/uploads\/2023\/07\/NOU-CONVENI-INTERNACIONAL-PER-SEGUIR-LLUITANT-CONTRA-LA-CEGUERA.jpg","datePublished":"2016-10-31T09:40:43+00:00","dateModified":"2025-07-16T09:23:27+00:00","breadcrumb":{"@id":"https:\/\/fundacioramonmartibonet.org\/es\/2016\/10\/nuevo-video-de-la-comision-de-la-fundacion-ramon-marti-i-bonet-en-peru\/#breadcrumb"},"inLanguage":"es","potentialAction":[{"@type":"ReadAction","target":["https:\/\/fundacioramonmartibonet.org\/es\/2016\/10\/nuevo-video-de-la-comision-de-la-fundacion-ramon-marti-i-bonet-en-peru\/"]}]},{"@type":"ImageObject","inLanguage":"es","@id":"https:\/\/fundacioramonmartibonet.org\/es\/2016\/10\/nuevo-video-de-la-comision-de-la-fundacion-ramon-marti-i-bonet-en-peru\/#primaryimage","url":"https:\/\/fundacioramonmartibonet.org\/wp-content\/uploads\/2023\/07\/NOU-CONVENI-INTERNACIONAL-PER-SEGUIR-LLUITANT-CONTRA-LA-CEGUERA.jpg","contentUrl":"https:\/\/fundacioramonmartibonet.org\/wp-content\/uploads\/2023\/07\/NOU-CONVENI-INTERNACIONAL-PER-SEGUIR-LLUITANT-CONTRA-LA-CEGUERA.jpg","width":1200,"height":520},{"@type":"BreadcrumbList","@id":"https:\/\/fundacioramonmartibonet.org\/es\/2016\/10\/nuevo-video-de-la-comision-de-la-fundacion-ramon-marti-i-bonet-en-peru\/#breadcrumb","itemListElement":[{"@type":"ListItem","position":1,"name":"Home","item":"https:\/\/fundacioramonmartibonet.org\/es\/"},{"@type":"ListItem","position":2,"name":"NUEVO V\u00cdDEO DE LA COMISI\u00d3N DE LA FUNDACI\u00d3N RAMON MART\u00cd I BONET EN PER\u00da"}]},{"@type":"WebSite","@id":"https:\/\/fundacioramonmartibonet.org\/es\/#website","url":"https:\/\/fundacioramonmartibonet.org\/es\/","name":"Fundaci\u00f3 Ramon Mart\u00ed i Bonet","description":"Visi\u00f3 per a tothom","publisher":{"@id":"https:\/\/fundacioramonmartibonet.org\/es\/#organization"},"alternateName":"FRMB","potentialAction":[{"@type":"SearchAction","target":{"@type":"EntryPoint","urlTemplate":"https:\/\/fundacioramonmartibonet.org\/es\/?s={search_term_string}"},"query-input":"required name=search_term_string"}],"inLanguage":"es"},{"@type":"Organization","@id":"https:\/\/fundacioramonmartibonet.org\/es\/#organization","name":"Fundaci\u00f3 Ramon Mart\u00ed i Bonet","alternateName":"FRMB","url":"https:\/\/fundacioramonmartibonet.org\/es\/","logo":{"@type":"ImageObject","inLanguage":"es","@id":"https:\/\/fundacioramonmartibonet.org\/es\/#\/schema\/logo\/image\/","url":"https:\/\/fundacioramonmartibonet.org\/wp-content\/uploads\/2023\/06\/frmb.svg","contentUrl":"https:\/\/fundacioramonmartibonet.org\/wp-content\/uploads\/2023\/06\/frmb.svg","width":900,"height":280,"caption":"Fundaci\u00f3 Ramon Mart\u00ed i Bonet"},"image":{"@id":"https:\/\/fundacioramonmartibonet.org\/es\/#\/schema\/logo\/image\/"},"sameAs":["https:\/\/www.facebook.com\/FundacioRamonMartiBonet","https:\/\/x.com\/FundacioRMB","https:\/\/www.youtube.com\/channel\/UCNyN8HH4tz3ybIBubLBiSog","https:\/\/www.instagram.com\/fundaciormb\/","https:\/\/www.linkedin.com\/company\/fundacio-ramon-marto-i-bonet-contra-la-ceguera\/"]},{"@type":"Person","@id":"https:\/\/fundacioramonmartibonet.org\/es\/#\/schema\/person\/2aff0a7acd543144a2c66b34132697b6","name":"frmb","image":{"@type":"ImageObject","inLanguage":"es","@id":"https:\/\/fundacioramonmartibonet.org\/es\/#\/schema\/person\/image\/","url":"https:\/\/secure.gravatar.com\/avatar\/83d1ae228f5a77eb42b308490c6dcca6?s=96&d=mm&r=g","contentUrl":"https:\/\/secure.gravatar.com\/avatar\/83d1ae228f5a77eb42b308490c6dcca6?s=96&d=mm&r=g","caption":"frmb"},"sameAs":["https:\/\/fundacioramonmartibonet.org"],"url":"https:\/\/fundacioramonmartibonet.org\/es\/author\/frmb\/"}]}},"_links":{"self":[{"href":"https:\/\/fundacioramonmartibonet.org\/es\/wp-json\/wp\/v2\/posts\/638"}],"collection":[{"href":"https:\/\/fundacioramonmartibonet.org\/es\/wp-json\/wp\/v2\/posts"}],"about":[{"href":"https:\/\/fundacioramonmartibonet.org\/es\/wp-json\/wp\/v2\/types\/post"}],"author":[{"embeddable":true,"href":"https:\/\/fundacioramonmartibonet.org\/es\/wp-json\/wp\/v2\/users\/1"}],"replies":[{"embeddable":true,"href":"https:\/\/fundacioramonmartibonet.org\/es\/wp-json\/wp\/v2\/comments?post=638"}],"version-history":[{"count":1,"href":"https:\/\/fundacioramonmartibonet.org\/es\/wp-json\/wp\/v2\/posts\/638\/revisions"}],"predecessor-version":[{"id":3958,"href":"https:\/\/fundacioramonmartibonet.org\/es\/wp-json\/wp\/v2\/posts\/638\/revisions\/3958"}],"wp:featuredmedia":[{"embeddable":true,"href":"https:\/\/fundacioramonmartibonet.org\/es\/wp-json\/wp\/v2\/media\/283"}],"wp:attachment":[{"href":"https:\/\/fundacioramonmartibonet.org\/es\/wp-json\/wp\/v2\/media?parent=638"}],"wp:term":[{"taxonomy":"category","embeddable":true,"href":"https:\/\/fundacioramonmartibonet.org\/es\/wp-json\/wp\/v2\/categories?post=638"},{"taxonomy":"post_tag","embeddable":true,"href":"https:\/\/fundacioramonmartibonet.org\/es\/wp-json\/wp\/v2\/tags?post=638"}],"curies":[{"name":"wp","href":"https:\/\/api.w.org\/{rel}","templated":true}]}}