{"id":635,"date":"2016-07-13T09:43:30","date_gmt":"2016-07-13T09:43:30","guid":{"rendered":"https:\/\/fundacioramonmartibonet.org\/2016\/07\/exito-de-la-nueva-jornada-de-la-fundacion-ramon-marti-i-bonet-en-el-tibidabo\/"},"modified":"2025-07-16T09:23:27","modified_gmt":"2025-07-16T09:23:27","slug":"exito-de-la-nueva-jornada-de-la-fundacion-ramon-marti-i-bonet-en-el-tibidabo","status":"publish","type":"post","link":"https:\/\/fundacioramonmartibonet.org\/es\/2016\/07\/exito-de-la-nueva-jornada-de-la-fundacion-ramon-marti-i-bonet-en-el-tibidabo\/","title":{"rendered":"\u00c9XITO DE LA NUEVA JORNADA DE LA FUNDACI\u00d3N RAMON MART\u00cd I BONET EN EL TIBIDABO"},"content":{"rendered":"<h2>El pasado s\u00e1bado 9 de julio, se llev\u00f3 a cabo una Jornada Solidaria de la Fundaci\u00f3n Ramon Mart\u00ed i Bonet contra la ceguera.<\/h2>\n<p>Por primera vez, el tel\u00f3n de fondo de la jornada fue el Parque de Atracciones del Tibidabo, que, adem\u00e1s, vivi\u00f3 una de las jornadas con mayor afluencia de la temporada, gracias a la convocatoria de la Fundaci\u00f3n y del propio parque.<\/p>\n<p>La oferta propuesta por la Fundaci\u00f3n para la entrada al parque con las gafas #visi\u00f3nparatodos fue un \u00e9xito. Todos los asistentes pudieron disfrutar de ello, lo que permiti\u00f3 dar a conocer el proyecto <em>Visi\u00f3n para todos en Catalu\u00f1a<\/em> y hacer difusi\u00f3n del mismo entre los visitantes del parque.<\/p>\n<p>Las entradas se pudieron adquirir en 4 puntos de venta repartidos por las entradas y, adem\u00e1s, la Fundaci\u00f3n instal\u00f3 una carpa en la atalaya en la que \u00f3pticos voluntarios llevaron a cabo revisiones gratuitas del fondo de ojo.<\/p>\n<p>La jornada cont\u00f3 con la participaci\u00f3n y colaboraci\u00f3n de los patrones de la Fundaci\u00f3n y de m\u00e1s de 50 voluntarios, y asistieron a ella reconocidas personalidades, como Sor Luc\u00eda Caram, impulsora de la Fundaci\u00f3n Rosa Oriol, que atienda a familias desfavorecidas.<\/p>\n<p>Tambi\u00e9n fue un d\u00eda destacado por la presentaci\u00f3n del v\u00eddeo de promoci\u00f3n de la Fundaci\u00f3n Ramon Mart\u00ed i Bonet sobre las ilusiones \u00f3pticas, que se pudo ver en la nueva atracci\u00f3n de proyecciones en 4D, el Dibidabo.<\/p>\n<p>La presentaci\u00f3n coincidi\u00f3 con la inauguraci\u00f3n de la nueva atracci\u00f3n del Tren de la Bruja, que cont\u00f3 con la presencia de varias personalidades del Ayuntamiento de Barcelona y del \u00e1mbito institucional y pol\u00edtico.<\/p>\n<div id='gallery-1' class='gallery galleryid-635 gallery-columns-3 gallery-size-full'><figure class='gallery-item'>\n\t\t\t<div class='gallery-icon landscape'>\n\t\t\t\t<a href='https:\/\/fundacioramonmartibonet.org\/wp-content\/uploads\/2023\/07\/jornada-solidaria-al-tibidabo_3478JPG.jpg'><img loading=\"lazy\" decoding=\"async\" width=\"972\" height=\"648\" src=\"https:\/\/fundacioramonmartibonet.org\/wp-content\/uploads\/2023\/07\/jornada-solidaria-al-tibidabo_3478JPG.jpg\" class=\"attachment-full size-full\" alt=\"\" \/><\/a>\n\t\t\t<\/div><\/figure><figure class='gallery-item'>\n\t\t\t<div class='gallery-icon landscape'>\n\t\t\t\t<a href='https:\/\/fundacioramonmartibonet.org\/wp-content\/uploads\/2023\/07\/test1.jpg'><img loading=\"lazy\" decoding=\"async\" width=\"1200\" height=\"800\" src=\"https:\/\/fundacioramonmartibonet.org\/wp-content\/uploads\/2023\/07\/test1.jpg\" class=\"attachment-full size-full\" alt=\"\" \/><\/a>\n\t\t\t<\/div><\/figure><figure class='gallery-item'>\n\t\t\t<div class='gallery-icon landscape'>\n\t\t\t\t<a href='https:\/\/fundacioramonmartibonet.org\/wp-content\/uploads\/2023\/07\/rsz_jornada-solidaria-al-tibidabo_34761.jpg'><img loading=\"lazy\" decoding=\"async\" width=\"966\" height=\"644\" src=\"https:\/\/fundacioramonmartibonet.org\/wp-content\/uploads\/2023\/07\/rsz_jornada-solidaria-al-tibidabo_34761.jpg\" class=\"attachment-full size-full\" alt=\"\" \/><\/a>\n\t\t\t<\/div><\/figure><figure class='gallery-item'>\n\t\t\t<div class='gallery-icon landscape'>\n\t\t\t\t<a href='https:\/\/fundacioramonmartibonet.org\/wp-content\/uploads\/2023\/07\/rsz_jornada-solidaria-al-tibidabo_3482.jpg'><img loading=\"lazy\" decoding=\"async\" width=\"902\" height=\"602\" src=\"https:\/\/fundacioramonmartibonet.org\/wp-content\/uploads\/2023\/07\/rsz_jornada-solidaria-al-tibidabo_3482.jpg\" class=\"attachment-full size-full\" alt=\"\" \/><\/a>\n\t\t\t<\/div><\/figure><figure class='gallery-item'>\n\t\t\t<div class='gallery-icon landscape'>\n\t\t\t\t<a href='https:\/\/fundacioramonmartibonet.org\/wp-content\/uploads\/2023\/07\/rsz_jornada-solidaria-al-tibidabo_3481.jpg'><img loading=\"lazy\" decoding=\"async\" width=\"911\" height=\"607\" src=\"https:\/\/fundacioramonmartibonet.org\/wp-content\/uploads\/2023\/07\/rsz_jornada-solidaria-al-tibidabo_3481.jpg\" class=\"attachment-full size-full\" alt=\"\" \/><\/a>\n\t\t\t<\/div><\/figure><figure class='gallery-item'>\n\t\t\t<div class='gallery-icon landscape'>\n\t\t\t\t<a href='https:\/\/fundacioramonmartibonet.org\/wp-content\/uploads\/2023\/07\/rsz_jornada-solidaria-al-tibidabo_3469.jpg'><img loading=\"lazy\" decoding=\"async\" width=\"972\" height=\"648\" src=\"https:\/\/fundacioramonmartibonet.org\/wp-content\/uploads\/2023\/07\/rsz_jornada-solidaria-al-tibidabo_3469.jpg\" class=\"attachment-full size-full\" alt=\"\" \/><\/a>\n\t\t\t<\/div><\/figure><figure class='gallery-item'>\n\t\t\t<div class='gallery-icon landscape'>\n\t\t\t\t<a href='https:\/\/fundacioramonmartibonet.org\/wp-content\/uploads\/2023\/07\/jornada-solidaria-al-tibidabo_3589JPG.jpg'><img loading=\"lazy\" decoding=\"async\" width=\"902\" height=\"601\" src=\"https:\/\/fundacioramonmartibonet.org\/wp-content\/uploads\/2023\/07\/jornada-solidaria-al-tibidabo_3589JPG.jpg\" class=\"attachment-full size-full\" alt=\"\" \/><\/a>\n\t\t\t<\/div><\/figure><figure class='gallery-item'>\n\t\t\t<div class='gallery-icon landscape'>\n\t\t\t\t<a href='https:\/\/fundacioramonmartibonet.org\/wp-content\/uploads\/2023\/07\/jornada-solidaria-al-tibidabo_3587JPG.jpg'><img loading=\"lazy\" decoding=\"async\" width=\"972\" height=\"648\" src=\"https:\/\/fundacioramonmartibonet.org\/wp-content\/uploads\/2023\/07\/jornada-solidaria-al-tibidabo_3587JPG.jpg\" class=\"attachment-full size-full\" alt=\"\" \/><\/a>\n\t\t\t<\/div><\/figure><figure class='gallery-item'>\n\t\t\t<div class='gallery-icon landscape'>\n\t\t\t\t<a href='https:\/\/fundacioramonmartibonet.org\/wp-content\/uploads\/2023\/07\/jornada-solidaria-al-tibidabo_3586JPG.jpg'><img loading=\"lazy\" decoding=\"async\" width=\"940\" height=\"626\" src=\"https:\/\/fundacioramonmartibonet.org\/wp-content\/uploads\/2023\/07\/jornada-solidaria-al-tibidabo_3586JPG.jpg\" class=\"attachment-full size-full\" alt=\"\" \/><\/a>\n\t\t\t<\/div><\/figure><figure class='gallery-item'>\n\t\t\t<div class='gallery-icon landscape'>\n\t\t\t\t<a href='https:\/\/fundacioramonmartibonet.org\/wp-content\/uploads\/2023\/07\/jornada-solidaria-al-tibidabo_3560JPG.jpg'><img loading=\"lazy\" decoding=\"async\" width=\"972\" height=\"648\" src=\"https:\/\/fundacioramonmartibonet.org\/wp-content\/uploads\/2023\/07\/jornada-solidaria-al-tibidabo_3560JPG.jpg\" class=\"attachment-full size-full\" alt=\"\" \/><\/a>\n\t\t\t<\/div><\/figure><figure class='gallery-item'>\n\t\t\t<div class='gallery-icon landscape'>\n\t\t\t\t<a href='https:\/\/fundacioramonmartibonet.org\/wp-content\/uploads\/2023\/07\/jornada-solidaria-al-tibidabo_3555JPG1.jpg'><img loading=\"lazy\" decoding=\"async\" width=\"972\" height=\"648\" src=\"https:\/\/fundacioramonmartibonet.org\/wp-content\/uploads\/2023\/07\/jornada-solidaria-al-tibidabo_3555JPG1.jpg\" class=\"attachment-full size-full\" alt=\"\" \/><\/a>\n\t\t\t<\/div><\/figure><figure class='gallery-item'>\n\t\t\t<div class='gallery-icon landscape'>\n\t\t\t\t<a href='https:\/\/fundacioramonmartibonet.org\/wp-content\/uploads\/2023\/07\/jornada-solidaria-al-tibidabo_3554JPG.jpg'><img loading=\"lazy\" decoding=\"async\" width=\"972\" height=\"648\" src=\"https:\/\/fundacioramonmartibonet.org\/wp-content\/uploads\/2023\/07\/jornada-solidaria-al-tibidabo_3554JPG.jpg\" class=\"attachment-full size-full\" alt=\"\" \/><\/a>\n\t\t\t<\/div><\/figure><figure class='gallery-item'>\n\t\t\t<div class='gallery-icon landscape'>\n\t\t\t\t<a href='https:\/\/fundacioramonmartibonet.org\/wp-content\/uploads\/2023\/07\/jornada-solidaria-al-tibidabo_3550JPG.jpg'><img loading=\"lazy\" decoding=\"async\" width=\"972\" height=\"648\" src=\"https:\/\/fundacioramonmartibonet.org\/wp-content\/uploads\/2023\/07\/jornada-solidaria-al-tibidabo_3550JPG.jpg\" class=\"attachment-full size-full\" alt=\"\" \/><\/a>\n\t\t\t<\/div><\/figure><figure class='gallery-item'>\n\t\t\t<div class='gallery-icon landscape'>\n\t\t\t\t<a href='https:\/\/fundacioramonmartibonet.org\/wp-content\/uploads\/2023\/07\/jornada-solidaria-al-tibidabo_3548JPG.jpg'><img loading=\"lazy\" decoding=\"async\" width=\"958\" height=\"638\" src=\"https:\/\/fundacioramonmartibonet.org\/wp-content\/uploads\/2023\/07\/jornada-solidaria-al-tibidabo_3548JPG.jpg\" class=\"attachment-full size-full\" alt=\"\" \/><\/a>\n\t\t\t<\/div><\/figure><figure class='gallery-item'>\n\t\t\t<div class='gallery-icon landscape'>\n\t\t\t\t<a href='https:\/\/fundacioramonmartibonet.org\/wp-content\/uploads\/2023\/07\/jornada-solidaria-al-tibidabo_3544JPG.jpg'><img loading=\"lazy\" decoding=\"async\" width=\"965\" height=\"643\" src=\"https:\/\/fundacioramonmartibonet.org\/wp-content\/uploads\/2023\/07\/jornada-solidaria-al-tibidabo_3544JPG.jpg\" class=\"attachment-full size-full\" alt=\"\" \/><\/a>\n\t\t\t<\/div><\/figure><figure class='gallery-item'>\n\t\t\t<div class='gallery-icon landscape'>\n\t\t\t\t<a href='https:\/\/fundacioramonmartibonet.org\/wp-content\/uploads\/2023\/07\/jornada-solidaria-al-tibidabo_3533JPG.jpg'><img loading=\"lazy\" decoding=\"async\" width=\"972\" height=\"648\" src=\"https:\/\/fundacioramonmartibonet.org\/wp-content\/uploads\/2023\/07\/jornada-solidaria-al-tibidabo_3533JPG.jpg\" class=\"attachment-full size-full\" alt=\"\" \/><\/a>\n\t\t\t<\/div><\/figure><figure class='gallery-item'>\n\t\t\t<div class='gallery-icon landscape'>\n\t\t\t\t<a href='https:\/\/fundacioramonmartibonet.org\/wp-content\/uploads\/2023\/07\/jornada-solidaria-al-tibidabo_3520JPG.jpg'><img loading=\"lazy\" decoding=\"async\" width=\"939\" height=\"626\" src=\"https:\/\/fundacioramonmartibonet.org\/wp-content\/uploads\/2023\/07\/jornada-solidaria-al-tibidabo_3520JPG.jpg\" class=\"attachment-full size-full\" alt=\"\" \/><\/a>\n\t\t\t<\/div><\/figure><figure class='gallery-item'>\n\t\t\t<div class='gallery-icon landscape'>\n\t\t\t\t<a href='https:\/\/fundacioramonmartibonet.org\/wp-content\/uploads\/2023\/07\/jornada-solidaria-al-tibidabo_3511JPG.jpg'><img loading=\"lazy\" decoding=\"async\" width=\"902\" height=\"601\" src=\"https:\/\/fundacioramonmartibonet.org\/wp-content\/uploads\/2023\/07\/jornada-solidaria-al-tibidabo_3511JPG.jpg\" class=\"attachment-full size-full\" alt=\"\" \/><\/a>\n\t\t\t<\/div><\/figure><figure class='gallery-item'>\n\t\t\t<div class='gallery-icon landscape'>\n\t\t\t\t<a href='https:\/\/fundacioramonmartibonet.org\/wp-content\/uploads\/2023\/07\/jornada-solidaria-al-tibidabo_3509JPG.jpg'><img loading=\"lazy\" decoding=\"async\" width=\"972\" height=\"648\" src=\"https:\/\/fundacioramonmartibonet.org\/wp-content\/uploads\/2023\/07\/jornada-solidaria-al-tibidabo_3509JPG.jpg\" class=\"attachment-full size-full\" alt=\"\" \/><\/a>\n\t\t\t<\/div><\/figure><figure class='gallery-item'>\n\t\t\t<div class='gallery-icon landscape'>\n\t\t\t\t<a href='https:\/\/fundacioramonmartibonet.org\/wp-content\/uploads\/2023\/07\/jornada-solidaria-al-tibidabo_3497JPG.jpg'><img loading=\"lazy\" decoding=\"async\" width=\"972\" height=\"648\" src=\"https:\/\/fundacioramonmartibonet.org\/wp-content\/uploads\/2023\/07\/jornada-solidaria-al-tibidabo_3497JPG.jpg\" class=\"attachment-full size-full\" alt=\"\" \/><\/a>\n\t\t\t<\/div><\/figure>\n\t\t<\/div>\n\n","protected":false},"excerpt":{"rendered":"<p>El pasado s\u00e1bado 9 de julio, se llev\u00f3 a cabo una Jornada Solidaria de la Fundaci\u00f3n Ramon Mart\u00ed i Bonet contra la ceguera. Por primera vez, el tel\u00f3n de fondo de la jornada fue el Parque de Atracciones del Tibidabo, que, adem\u00e1s, vivi\u00f3 una de las jornadas con mayor afluencia de la temporada, gracias a [&hellip;]<\/p>\n","protected":false},"author":1,"featured_media":415,"comment_status":"closed","ping_status":"closed","sticky":false,"template":"","format":"standard","meta":{"_acf_changed":false,"footnotes":""},"categories":[1],"tags":[29,12,28],"acf":[],"yoast_head":"<!-- This site is optimized with the Yoast SEO plugin v22.5 - https:\/\/yoast.com\/wordpress\/plugins\/seo\/ -->\n<title>\u00c9XITO DE LA NUEVA JORNADA DE LA FUNDACI\u00d3N RAMON MART\u00cd I BONET EN EL TIBIDABO - Fundaci\u00f3 Ram\u00f3n Mart\u00ed i Bonet<\/title>\n<meta name=\"robots\" content=\"index, follow, max-snippet:-1, max-image-preview:large, max-video-preview:-1\" \/>\n<link rel=\"canonical\" href=\"https:\/\/fundacioramonmartibonet.org\/es\/2016\/07\/exito-de-la-nueva-jornada-de-la-fundacion-ramon-marti-i-bonet-en-el-tibidabo\/\" \/>\n<meta property=\"og:locale\" content=\"es_ES\" \/>\n<meta property=\"og:type\" content=\"article\" \/>\n<meta property=\"og:title\" content=\"\u00c9XITO DE LA NUEVA JORNADA DE LA FUNDACI\u00d3N RAMON MART\u00cd I BONET EN EL TIBIDABO - Fundaci\u00f3 Ram\u00f3n Mart\u00ed i Bonet\" \/>\n<meta property=\"og:description\" content=\"El pasado s\u00e1bado 9 de julio, se llev\u00f3 a cabo una Jornada Solidaria de la Fundaci\u00f3n Ramon Mart\u00ed i Bonet contra la ceguera. Por primera vez, el tel\u00f3n de fondo de la jornada fue el Parque de Atracciones del Tibidabo, que, adem\u00e1s, vivi\u00f3 una de las jornadas con mayor afluencia de la temporada, gracias a [&hellip;]\" \/>\n<meta property=\"og:url\" content=\"https:\/\/fundacioramonmartibonet.org\/es\/2016\/07\/exito-de-la-nueva-jornada-de-la-fundacion-ramon-marti-i-bonet-en-el-tibidabo\/\" \/>\n<meta property=\"og:site_name\" content=\"Fundaci\u00f3 Ram\u00f3n Mart\u00ed i Bonet\" \/>\n<meta property=\"article:publisher\" content=\"https:\/\/www.facebook.com\/FundacioRamonMartiBonet\" \/>\n<meta property=\"article:published_time\" content=\"2016-07-13T09:43:30+00:00\" \/>\n<meta property=\"article:modified_time\" content=\"2025-07-16T09:23:27+00:00\" \/>\n<meta property=\"og:image\" content=\"https:\/\/fundacioramonmartibonet.org\/wp-content\/uploads\/2023\/07\/E\u0300XIT-DE-LA-NOVA-JORNADA-DE-LA-FUNDACIO\u0301-RAMON-MARTI\u0301-I-BONET-AL-TIBIDABO.jpg\" \/>\n\t<meta property=\"og:image:width\" content=\"1200\" \/>\n\t<meta property=\"og:image:height\" content=\"520\" \/>\n\t<meta property=\"og:image:type\" content=\"image\/jpeg\" \/>\n<meta name=\"author\" content=\"frmb\" \/>\n<meta name=\"twitter:card\" content=\"summary_large_image\" \/>\n<meta name=\"twitter:creator\" content=\"@FundacioRMB\" \/>\n<meta name=\"twitter:site\" content=\"@FundacioRMB\" \/>\n<script type=\"application\/ld+json\" class=\"yoast-schema-graph\">{\"@context\":\"https:\/\/schema.org\",\"@graph\":[{\"@type\":\"Article\",\"@id\":\"https:\/\/fundacioramonmartibonet.org\/es\/2016\/07\/exito-de-la-nueva-jornada-de-la-fundacion-ramon-marti-i-bonet-en-el-tibidabo\/#article\",\"isPartOf\":{\"@id\":\"https:\/\/fundacioramonmartibonet.org\/es\/2016\/07\/exito-de-la-nueva-jornada-de-la-fundacion-ramon-marti-i-bonet-en-el-tibidabo\/\"},\"author\":{\"name\":\"frmb\",\"@id\":\"https:\/\/fundacioramonmartibonet.org\/es\/#\/schema\/person\/2aff0a7acd543144a2c66b34132697b6\"},\"headline\":\"\u00c9XITO DE LA NUEVA JORNADA DE LA FUNDACI\u00d3N RAMON MART\u00cd I BONET EN EL TIBIDABO\",\"datePublished\":\"2016-07-13T09:43:30+00:00\",\"dateModified\":\"2025-07-16T09:23:27+00:00\",\"mainEntityOfPage\":{\"@id\":\"https:\/\/fundacioramonmartibonet.org\/es\/2016\/07\/exito-de-la-nueva-jornada-de-la-fundacion-ramon-marti-i-bonet-en-el-tibidabo\/\"},\"wordCount\":309,\"publisher\":{\"@id\":\"https:\/\/fundacioramonmartibonet.org\/es\/#organization\"},\"image\":{\"@id\":\"https:\/\/fundacioramonmartibonet.org\/es\/2016\/07\/exito-de-la-nueva-jornada-de-la-fundacion-ramon-marti-i-bonet-en-el-tibidabo\/#primaryimage\"},\"thumbnailUrl\":\"https:\/\/fundacioramonmartibonet.org\/wp-content\/uploads\/2023\/07\/E\u0300XIT-DE-LA-NOVA-JORNADA-DE-LA-FUNDACIO\u0301-RAMON-MARTI\u0301-I-BONET-AL-TIBIDABO.jpg\",\"keywords\":[\"#JornadaSolid\u00e0ria\",\"#Visi\u00f3nParaTodos\",\"#Visi\u00f3PerATothom\"],\"articleSection\":[\"Sin categorizar\"],\"inLanguage\":\"es\"},{\"@type\":\"WebPage\",\"@id\":\"https:\/\/fundacioramonmartibonet.org\/es\/2016\/07\/exito-de-la-nueva-jornada-de-la-fundacion-ramon-marti-i-bonet-en-el-tibidabo\/\",\"url\":\"https:\/\/fundacioramonmartibonet.org\/es\/2016\/07\/exito-de-la-nueva-jornada-de-la-fundacion-ramon-marti-i-bonet-en-el-tibidabo\/\",\"name\":\"\u00c9XITO DE LA NUEVA JORNADA DE LA FUNDACI\u00d3N RAMON MART\u00cd I BONET EN EL TIBIDABO - Fundaci\u00f3 Ram\u00f3n Mart\u00ed i Bonet\",\"isPartOf\":{\"@id\":\"https:\/\/fundacioramonmartibonet.org\/es\/#website\"},\"primaryImageOfPage\":{\"@id\":\"https:\/\/fundacioramonmartibonet.org\/es\/2016\/07\/exito-de-la-nueva-jornada-de-la-fundacion-ramon-marti-i-bonet-en-el-tibidabo\/#primaryimage\"},\"image\":{\"@id\":\"https:\/\/fundacioramonmartibonet.org\/es\/2016\/07\/exito-de-la-nueva-jornada-de-la-fundacion-ramon-marti-i-bonet-en-el-tibidabo\/#primaryimage\"},\"thumbnailUrl\":\"https:\/\/fundacioramonmartibonet.org\/wp-content\/uploads\/2023\/07\/E\u0300XIT-DE-LA-NOVA-JORNADA-DE-LA-FUNDACIO\u0301-RAMON-MARTI\u0301-I-BONET-AL-TIBIDABO.jpg\",\"datePublished\":\"2016-07-13T09:43:30+00:00\",\"dateModified\":\"2025-07-16T09:23:27+00:00\",\"breadcrumb\":{\"@id\":\"https:\/\/fundacioramonmartibonet.org\/es\/2016\/07\/exito-de-la-nueva-jornada-de-la-fundacion-ramon-marti-i-bonet-en-el-tibidabo\/#breadcrumb\"},\"inLanguage\":\"es\",\"potentialAction\":[{\"@type\":\"ReadAction\",\"target\":[\"https:\/\/fundacioramonmartibonet.org\/es\/2016\/07\/exito-de-la-nueva-jornada-de-la-fundacion-ramon-marti-i-bonet-en-el-tibidabo\/\"]}]},{\"@type\":\"ImageObject\",\"inLanguage\":\"es\",\"@id\":\"https:\/\/fundacioramonmartibonet.org\/es\/2016\/07\/exito-de-la-nueva-jornada-de-la-fundacion-ramon-marti-i-bonet-en-el-tibidabo\/#primaryimage\",\"url\":\"https:\/\/fundacioramonmartibonet.org\/wp-content\/uploads\/2023\/07\/E\u0300XIT-DE-LA-NOVA-JORNADA-DE-LA-FUNDACIO\u0301-RAMON-MARTI\u0301-I-BONET-AL-TIBIDABO.jpg\",\"contentUrl\":\"https:\/\/fundacioramonmartibonet.org\/wp-content\/uploads\/2023\/07\/E\u0300XIT-DE-LA-NOVA-JORNADA-DE-LA-FUNDACIO\u0301-RAMON-MARTI\u0301-I-BONET-AL-TIBIDABO.jpg\",\"width\":1200,\"height\":520},{\"@type\":\"BreadcrumbList\",\"@id\":\"https:\/\/fundacioramonmartibonet.org\/es\/2016\/07\/exito-de-la-nueva-jornada-de-la-fundacion-ramon-marti-i-bonet-en-el-tibidabo\/#breadcrumb\",\"itemListElement\":[{\"@type\":\"ListItem\",\"position\":1,\"name\":\"Home\",\"item\":\"https:\/\/fundacioramonmartibonet.org\/es\/\"},{\"@type\":\"ListItem\",\"position\":2,\"name\":\"\u00c9XITO DE LA NUEVA JORNADA DE LA FUNDACI\u00d3N RAMON MART\u00cd I BONET EN EL TIBIDABO\"}]},{\"@type\":\"WebSite\",\"@id\":\"https:\/\/fundacioramonmartibonet.org\/es\/#website\",\"url\":\"https:\/\/fundacioramonmartibonet.org\/es\/\",\"name\":\"Fundaci\u00f3 Ramon Mart\u00ed i Bonet\",\"description\":\"Visi\u00f3 per a tothom\",\"publisher\":{\"@id\":\"https:\/\/fundacioramonmartibonet.org\/es\/#organization\"},\"alternateName\":\"FRMB\",\"potentialAction\":[{\"@type\":\"SearchAction\",\"target\":{\"@type\":\"EntryPoint\",\"urlTemplate\":\"https:\/\/fundacioramonmartibonet.org\/es\/?s={search_term_string}\"},\"query-input\":\"required name=search_term_string\"}],\"inLanguage\":\"es\"},{\"@type\":\"Organization\",\"@id\":\"https:\/\/fundacioramonmartibonet.org\/es\/#organization\",\"name\":\"Fundaci\u00f3 Ramon Mart\u00ed i Bonet\",\"alternateName\":\"FRMB\",\"url\":\"https:\/\/fundacioramonmartibonet.org\/es\/\",\"logo\":{\"@type\":\"ImageObject\",\"inLanguage\":\"es\",\"@id\":\"https:\/\/fundacioramonmartibonet.org\/es\/#\/schema\/logo\/image\/\",\"url\":\"https:\/\/fundacioramonmartibonet.org\/wp-content\/uploads\/2023\/06\/frmb.svg\",\"contentUrl\":\"https:\/\/fundacioramonmartibonet.org\/wp-content\/uploads\/2023\/06\/frmb.svg\",\"width\":900,\"height\":280,\"caption\":\"Fundaci\u00f3 Ramon Mart\u00ed i Bonet\"},\"image\":{\"@id\":\"https:\/\/fundacioramonmartibonet.org\/es\/#\/schema\/logo\/image\/\"},\"sameAs\":[\"https:\/\/www.facebook.com\/FundacioRamonMartiBonet\",\"https:\/\/x.com\/FundacioRMB\",\"https:\/\/www.youtube.com\/channel\/UCNyN8HH4tz3ybIBubLBiSog\",\"https:\/\/www.instagram.com\/fundaciormb\/\",\"https:\/\/www.linkedin.com\/company\/fundacio-ramon-marto-i-bonet-contra-la-ceguera\/\"]},{\"@type\":\"Person\",\"@id\":\"https:\/\/fundacioramonmartibonet.org\/es\/#\/schema\/person\/2aff0a7acd543144a2c66b34132697b6\",\"name\":\"frmb\",\"image\":{\"@type\":\"ImageObject\",\"inLanguage\":\"es\",\"@id\":\"https:\/\/fundacioramonmartibonet.org\/es\/#\/schema\/person\/image\/\",\"url\":\"https:\/\/secure.gravatar.com\/avatar\/83d1ae228f5a77eb42b308490c6dcca6?s=96&d=mm&r=g\",\"contentUrl\":\"https:\/\/secure.gravatar.com\/avatar\/83d1ae228f5a77eb42b308490c6dcca6?s=96&d=mm&r=g\",\"caption\":\"frmb\"},\"sameAs\":[\"https:\/\/fundacioramonmartibonet.org\"],\"url\":\"https:\/\/fundacioramonmartibonet.org\/es\/author\/frmb\/\"}]}<\/script>\n<!-- \/ Yoast SEO plugin. -->","yoast_head_json":{"title":"\u00c9XITO DE LA NUEVA JORNADA DE LA FUNDACI\u00d3N RAMON MART\u00cd I BONET EN EL TIBIDABO - Fundaci\u00f3 Ram\u00f3n Mart\u00ed i Bonet","robots":{"index":"index","follow":"follow","max-snippet":"max-snippet:-1","max-image-preview":"max-image-preview:large","max-video-preview":"max-video-preview:-1"},"canonical":"https:\/\/fundacioramonmartibonet.org\/es\/2016\/07\/exito-de-la-nueva-jornada-de-la-fundacion-ramon-marti-i-bonet-en-el-tibidabo\/","og_locale":"es_ES","og_type":"article","og_title":"\u00c9XITO DE LA NUEVA JORNADA DE LA FUNDACI\u00d3N RAMON MART\u00cd I BONET EN EL TIBIDABO - Fundaci\u00f3 Ram\u00f3n Mart\u00ed i Bonet","og_description":"El pasado s\u00e1bado 9 de julio, se llev\u00f3 a cabo una Jornada Solidaria de la Fundaci\u00f3n Ramon Mart\u00ed i Bonet contra la ceguera. Por primera vez, el tel\u00f3n de fondo de la jornada fue el Parque de Atracciones del Tibidabo, que, adem\u00e1s, vivi\u00f3 una de las jornadas con mayor afluencia de la temporada, gracias a [&hellip;]","og_url":"https:\/\/fundacioramonmartibonet.org\/es\/2016\/07\/exito-de-la-nueva-jornada-de-la-fundacion-ramon-marti-i-bonet-en-el-tibidabo\/","og_site_name":"Fundaci\u00f3 Ram\u00f3n Mart\u00ed i Bonet","article_publisher":"https:\/\/www.facebook.com\/FundacioRamonMartiBonet","article_published_time":"2016-07-13T09:43:30+00:00","article_modified_time":"2025-07-16T09:23:27+00:00","og_image":[{"width":1200,"height":520,"url":"https:\/\/fundacioramonmartibonet.org\/wp-content\/uploads\/2023\/07\/E\u0300XIT-DE-LA-NOVA-JORNADA-DE-LA-FUNDACIO\u0301-RAMON-MARTI\u0301-I-BONET-AL-TIBIDABO.jpg","type":"image\/jpeg"}],"author":"frmb","twitter_card":"summary_large_image","twitter_creator":"@FundacioRMB","twitter_site":"@FundacioRMB","schema":{"@context":"https:\/\/schema.org","@graph":[{"@type":"Article","@id":"https:\/\/fundacioramonmartibonet.org\/es\/2016\/07\/exito-de-la-nueva-jornada-de-la-fundacion-ramon-marti-i-bonet-en-el-tibidabo\/#article","isPartOf":{"@id":"https:\/\/fundacioramonmartibonet.org\/es\/2016\/07\/exito-de-la-nueva-jornada-de-la-fundacion-ramon-marti-i-bonet-en-el-tibidabo\/"},"author":{"name":"frmb","@id":"https:\/\/fundacioramonmartibonet.org\/es\/#\/schema\/person\/2aff0a7acd543144a2c66b34132697b6"},"headline":"\u00c9XITO DE LA NUEVA JORNADA DE LA FUNDACI\u00d3N RAMON MART\u00cd I BONET EN EL TIBIDABO","datePublished":"2016-07-13T09:43:30+00:00","dateModified":"2025-07-16T09:23:27+00:00","mainEntityOfPage":{"@id":"https:\/\/fundacioramonmartibonet.org\/es\/2016\/07\/exito-de-la-nueva-jornada-de-la-fundacion-ramon-marti-i-bonet-en-el-tibidabo\/"},"wordCount":309,"publisher":{"@id":"https:\/\/fundacioramonmartibonet.org\/es\/#organization"},"image":{"@id":"https:\/\/fundacioramonmartibonet.org\/es\/2016\/07\/exito-de-la-nueva-jornada-de-la-fundacion-ramon-marti-i-bonet-en-el-tibidabo\/#primaryimage"},"thumbnailUrl":"https:\/\/fundacioramonmartibonet.org\/wp-content\/uploads\/2023\/07\/E\u0300XIT-DE-LA-NOVA-JORNADA-DE-LA-FUNDACIO\u0301-RAMON-MARTI\u0301-I-BONET-AL-TIBIDABO.jpg","keywords":["#JornadaSolid\u00e0ria","#Visi\u00f3nParaTodos","#Visi\u00f3PerATothom"],"articleSection":["Sin categorizar"],"inLanguage":"es"},{"@type":"WebPage","@id":"https:\/\/fundacioramonmartibonet.org\/es\/2016\/07\/exito-de-la-nueva-jornada-de-la-fundacion-ramon-marti-i-bonet-en-el-tibidabo\/","url":"https:\/\/fundacioramonmartibonet.org\/es\/2016\/07\/exito-de-la-nueva-jornada-de-la-fundacion-ramon-marti-i-bonet-en-el-tibidabo\/","name":"\u00c9XITO DE LA NUEVA JORNADA DE LA FUNDACI\u00d3N RAMON MART\u00cd I BONET EN EL TIBIDABO - Fundaci\u00f3 Ram\u00f3n Mart\u00ed i Bonet","isPartOf":{"@id":"https:\/\/fundacioramonmartibonet.org\/es\/#website"},"primaryImageOfPage":{"@id":"https:\/\/fundacioramonmartibonet.org\/es\/2016\/07\/exito-de-la-nueva-jornada-de-la-fundacion-ramon-marti-i-bonet-en-el-tibidabo\/#primaryimage"},"image":{"@id":"https:\/\/fundacioramonmartibonet.org\/es\/2016\/07\/exito-de-la-nueva-jornada-de-la-fundacion-ramon-marti-i-bonet-en-el-tibidabo\/#primaryimage"},"thumbnailUrl":"https:\/\/fundacioramonmartibonet.org\/wp-content\/uploads\/2023\/07\/E\u0300XIT-DE-LA-NOVA-JORNADA-DE-LA-FUNDACIO\u0301-RAMON-MARTI\u0301-I-BONET-AL-TIBIDABO.jpg","datePublished":"2016-07-13T09:43:30+00:00","dateModified":"2025-07-16T09:23:27+00:00","breadcrumb":{"@id":"https:\/\/fundacioramonmartibonet.org\/es\/2016\/07\/exito-de-la-nueva-jornada-de-la-fundacion-ramon-marti-i-bonet-en-el-tibidabo\/#breadcrumb"},"inLanguage":"es","potentialAction":[{"@type":"ReadAction","target":["https:\/\/fundacioramonmartibonet.org\/es\/2016\/07\/exito-de-la-nueva-jornada-de-la-fundacion-ramon-marti-i-bonet-en-el-tibidabo\/"]}]},{"@type":"ImageObject","inLanguage":"es","@id":"https:\/\/fundacioramonmartibonet.org\/es\/2016\/07\/exito-de-la-nueva-jornada-de-la-fundacion-ramon-marti-i-bonet-en-el-tibidabo\/#primaryimage","url":"https:\/\/fundacioramonmartibonet.org\/wp-content\/uploads\/2023\/07\/E\u0300XIT-DE-LA-NOVA-JORNADA-DE-LA-FUNDACIO\u0301-RAMON-MARTI\u0301-I-BONET-AL-TIBIDABO.jpg","contentUrl":"https:\/\/fundacioramonmartibonet.org\/wp-content\/uploads\/2023\/07\/E\u0300XIT-DE-LA-NOVA-JORNADA-DE-LA-FUNDACIO\u0301-RAMON-MARTI\u0301-I-BONET-AL-TIBIDABO.jpg","width":1200,"height":520},{"@type":"BreadcrumbList","@id":"https:\/\/fundacioramonmartibonet.org\/es\/2016\/07\/exito-de-la-nueva-jornada-de-la-fundacion-ramon-marti-i-bonet-en-el-tibidabo\/#breadcrumb","itemListElement":[{"@type":"ListItem","position":1,"name":"Home","item":"https:\/\/fundacioramonmartibonet.org\/es\/"},{"@type":"ListItem","position":2,"name":"\u00c9XITO DE LA NUEVA JORNADA DE LA FUNDACI\u00d3N RAMON MART\u00cd I BONET EN EL TIBIDABO"}]},{"@type":"WebSite","@id":"https:\/\/fundacioramonmartibonet.org\/es\/#website","url":"https:\/\/fundacioramonmartibonet.org\/es\/","name":"Fundaci\u00f3 Ramon Mart\u00ed i Bonet","description":"Visi\u00f3 per a tothom","publisher":{"@id":"https:\/\/fundacioramonmartibonet.org\/es\/#organization"},"alternateName":"FRMB","potentialAction":[{"@type":"SearchAction","target":{"@type":"EntryPoint","urlTemplate":"https:\/\/fundacioramonmartibonet.org\/es\/?s={search_term_string}"},"query-input":"required name=search_term_string"}],"inLanguage":"es"},{"@type":"Organization","@id":"https:\/\/fundacioramonmartibonet.org\/es\/#organization","name":"Fundaci\u00f3 Ramon Mart\u00ed i Bonet","alternateName":"FRMB","url":"https:\/\/fundacioramonmartibonet.org\/es\/","logo":{"@type":"ImageObject","inLanguage":"es","@id":"https:\/\/fundacioramonmartibonet.org\/es\/#\/schema\/logo\/image\/","url":"https:\/\/fundacioramonmartibonet.org\/wp-content\/uploads\/2023\/06\/frmb.svg","contentUrl":"https:\/\/fundacioramonmartibonet.org\/wp-content\/uploads\/2023\/06\/frmb.svg","width":900,"height":280,"caption":"Fundaci\u00f3 Ramon Mart\u00ed i Bonet"},"image":{"@id":"https:\/\/fundacioramonmartibonet.org\/es\/#\/schema\/logo\/image\/"},"sameAs":["https:\/\/www.facebook.com\/FundacioRamonMartiBonet","https:\/\/x.com\/FundacioRMB","https:\/\/www.youtube.com\/channel\/UCNyN8HH4tz3ybIBubLBiSog","https:\/\/www.instagram.com\/fundaciormb\/","https:\/\/www.linkedin.com\/company\/fundacio-ramon-marto-i-bonet-contra-la-ceguera\/"]},{"@type":"Person","@id":"https:\/\/fundacioramonmartibonet.org\/es\/#\/schema\/person\/2aff0a7acd543144a2c66b34132697b6","name":"frmb","image":{"@type":"ImageObject","inLanguage":"es","@id":"https:\/\/fundacioramonmartibonet.org\/es\/#\/schema\/person\/image\/","url":"https:\/\/secure.gravatar.com\/avatar\/83d1ae228f5a77eb42b308490c6dcca6?s=96&d=mm&r=g","contentUrl":"https:\/\/secure.gravatar.com\/avatar\/83d1ae228f5a77eb42b308490c6dcca6?s=96&d=mm&r=g","caption":"frmb"},"sameAs":["https:\/\/fundacioramonmartibonet.org"],"url":"https:\/\/fundacioramonmartibonet.org\/es\/author\/frmb\/"}]}},"_links":{"self":[{"href":"https:\/\/fundacioramonmartibonet.org\/es\/wp-json\/wp\/v2\/posts\/635"}],"collection":[{"href":"https:\/\/fundacioramonmartibonet.org\/es\/wp-json\/wp\/v2\/posts"}],"about":[{"href":"https:\/\/fundacioramonmartibonet.org\/es\/wp-json\/wp\/v2\/types\/post"}],"author":[{"embeddable":true,"href":"https:\/\/fundacioramonmartibonet.org\/es\/wp-json\/wp\/v2\/users\/1"}],"replies":[{"embeddable":true,"href":"https:\/\/fundacioramonmartibonet.org\/es\/wp-json\/wp\/v2\/comments?post=635"}],"version-history":[{"count":1,"href":"https:\/\/fundacioramonmartibonet.org\/es\/wp-json\/wp\/v2\/posts\/635\/revisions"}],"predecessor-version":[{"id":636,"href":"https:\/\/fundacioramonmartibonet.org\/es\/wp-json\/wp\/v2\/posts\/635\/revisions\/636"}],"wp:featuredmedia":[{"embeddable":true,"href":"https:\/\/fundacioramonmartibonet.org\/es\/wp-json\/wp\/v2\/media\/415"}],"wp:attachment":[{"href":"https:\/\/fundacioramonmartibonet.org\/es\/wp-json\/wp\/v2\/media?parent=635"}],"wp:term":[{"taxonomy":"category","embeddable":true,"href":"https:\/\/fundacioramonmartibonet.org\/es\/wp-json\/wp\/v2\/categories?post=635"},{"taxonomy":"post_tag","embeddable":true,"href":"https:\/\/fundacioramonmartibonet.org\/es\/wp-json\/wp\/v2\/tags?post=635"}],"curies":[{"name":"wp","href":"https:\/\/api.w.org\/{rel}","templated":true}]}}