{"id":628,"date":"2015-11-10T10:14:43","date_gmt":"2015-11-10T10:14:43","guid":{"rendered":"https:\/\/fundacioramonmartibonet.org\/2015\/11\/acto-de-entrega-de-la-medalla-de-la-mujer-2015\/"},"modified":"2025-07-16T09:23:28","modified_gmt":"2025-07-16T09:23:28","slug":"acto-de-entrega-de-la-medalla-de-la-mujer-2015","status":"publish","type":"post","link":"https:\/\/fundacioramonmartibonet.org\/es\/2015\/11\/acto-de-entrega-de-la-medalla-de-la-mujer-2015\/","title":{"rendered":"ACTO DE ENTREGA DE LA MEDALLA DE LA MUJER 2015"},"content":{"rendered":"<p>El pasado <strong>lunes 13 de abril a las 19.30,<\/strong> se realiz\u00f3 en el Teatro Parroquail de Sarri\u00e0, el acto de entrega de la Medalla de la Mujer 2015 que concede anualmente el distrito de Sarri\u00e0-Sant Gervasi. Este a\u00f1o, el galard\u00f3n fu\u00e9 para la <strong>Sra. Merc\u00e8 Leonhardt i Gallego y la Dra. Pilar Bayer i Isant.<\/strong> El premio en en reconocimiento a su carrera desarrollada en el cammpo de la ciencia.<\/p>\n<div id='gallery-1' class='gallery galleryid-628 gallery-columns-4 gallery-size-full'><figure class='gallery-item'>\n\t\t\t<div class='gallery-icon landscape'>\n\t\t\t\t<a href='https:\/\/fundacioramonmartibonet.org\/wp-content\/uploads\/2023\/07\/ACTE-DENTREGA-DE-LA-MEDALLA-DE-LA-DONA-2015-01.jpg'><img loading=\"lazy\" decoding=\"async\" width=\"1200\" height=\"520\" src=\"https:\/\/fundacioramonmartibonet.org\/wp-content\/uploads\/2023\/07\/ACTE-DENTREGA-DE-LA-MEDALLA-DE-LA-DONA-2015-01.jpg\" class=\"attachment-full size-full\" alt=\"Fundaci\u00f3n Ramon Mart\u00ed i Bonet Acto de Entrega de la Medalla de la Mujer 2015\" \/><\/a>\n\t\t\t<\/div><\/figure><figure class='gallery-item'>\n\t\t\t<div class='gallery-icon landscape'>\n\t\t\t\t<a href='https:\/\/fundacioramonmartibonet.org\/wp-content\/uploads\/2023\/07\/ACTE-DENTREGA-DE-LA-MEDALLA-DE-LA-DONA-2015-02.jpg'><img loading=\"lazy\" decoding=\"async\" width=\"1200\" height=\"520\" src=\"https:\/\/fundacioramonmartibonet.org\/wp-content\/uploads\/2023\/07\/ACTE-DENTREGA-DE-LA-MEDALLA-DE-LA-DONA-2015-02.jpg\" class=\"attachment-full size-full\" alt=\"Fundaci\u00f3n Ramon Mart\u00ed i Bonet Acto de Entrega de la Medalla de la Mujer 2015\" \/><\/a>\n\t\t\t<\/div><\/figure><figure class='gallery-item'>\n\t\t\t<div class='gallery-icon landscape'>\n\t\t\t\t<a href='https:\/\/fundacioramonmartibonet.org\/wp-content\/uploads\/2023\/07\/ACTE-DENTREGA-DE-LA-MEDALLA-DE-LA-DONA-2015-03.jpg'><img loading=\"lazy\" decoding=\"async\" width=\"1200\" height=\"520\" src=\"https:\/\/fundacioramonmartibonet.org\/wp-content\/uploads\/2023\/07\/ACTE-DENTREGA-DE-LA-MEDALLA-DE-LA-DONA-2015-03.jpg\" class=\"attachment-full size-full\" alt=\"Fundaci\u00f3n Ramon Mart\u00ed i Bonet Acto de Entrega de la Medalla de la Mujer 2015\" \/><\/a>\n\t\t\t<\/div><\/figure><figure class='gallery-item'>\n\t\t\t<div class='gallery-icon landscape'>\n\t\t\t\t<a href='https:\/\/fundacioramonmartibonet.org\/wp-content\/uploads\/2023\/07\/ACTE-DENTREGA-DE-LA-MEDALLA-DE-LA-DONA-2015-04.jpg'><img loading=\"lazy\" decoding=\"async\" width=\"1200\" height=\"520\" src=\"https:\/\/fundacioramonmartibonet.org\/wp-content\/uploads\/2023\/07\/ACTE-DENTREGA-DE-LA-MEDALLA-DE-LA-DONA-2015-04.jpg\" class=\"attachment-full size-full\" alt=\"Fundaci\u00f3n Ramon Mart\u00ed i Bonet Acto de Entrega de la Medalla de la Mujer 2015\" \/><\/a>\n\t\t\t<\/div><\/figure>\n\t\t<\/div>\n\n<p>El actor fu\u00e9 presidido por los consejeros municipales del distrito, cont\u00f3 con la presencia de unas 300 personas aproximadamente. Amigos, familiares y compa\u00f1eros de trabajo se sumaron a la celebraci\u00f3n que cont\u00f3 con muchos momentos emotivos y donde, sobretodo, se quiso resaltar el gran trabajo de ambas que han ido realizando durante su trayector\u00eda.<\/p>\n","protected":false},"excerpt":{"rendered":"<p>El pasado lunes 13 de abril a las 19.30, se realiz\u00f3 en el Teatro Parroquail de Sarri\u00e0, el acto de entrega de la Medalla de la Mujer 2015 que concede anualmente el distrito de Sarri\u00e0-Sant Gervasi. Este a\u00f1o, el galard\u00f3n fu\u00e9 para la Sra. Merc\u00e8 Leonhardt i Gallego y la Dra. Pilar Bayer i Isant. [&hellip;]<\/p>\n","protected":false},"author":1,"featured_media":411,"comment_status":"closed","ping_status":"closed","sticky":false,"template":"","format":"standard","meta":{"_acf_changed":false,"footnotes":""},"categories":[1],"tags":[12,28],"acf":[],"yoast_head":"<!-- This site is optimized with the Yoast SEO plugin v22.5 - https:\/\/yoast.com\/wordpress\/plugins\/seo\/ -->\n<title>ACTO DE ENTREGA DE LA MEDALLA DE LA MUJER 2015 - Fundaci\u00f3 Ram\u00f3n Mart\u00ed i Bonet<\/title>\n<meta name=\"robots\" content=\"index, follow, max-snippet:-1, max-image-preview:large, max-video-preview:-1\" \/>\n<link rel=\"canonical\" href=\"https:\/\/fundacioramonmartibonet.org\/es\/2015\/11\/acto-de-entrega-de-la-medalla-de-la-mujer-2015\/\" \/>\n<meta property=\"og:locale\" content=\"es_ES\" \/>\n<meta property=\"og:type\" content=\"article\" \/>\n<meta property=\"og:title\" content=\"ACTO DE ENTREGA DE LA MEDALLA DE LA MUJER 2015 - Fundaci\u00f3 Ram\u00f3n Mart\u00ed i Bonet\" \/>\n<meta property=\"og:description\" content=\"El pasado lunes 13 de abril a las 19.30, se realiz\u00f3 en el Teatro Parroquail de Sarri\u00e0, el acto de entrega de la Medalla de la Mujer 2015 que concede anualmente el distrito de Sarri\u00e0-Sant Gervasi. Este a\u00f1o, el galard\u00f3n fu\u00e9 para la Sra. Merc\u00e8 Leonhardt i Gallego y la Dra. Pilar Bayer i Isant. [&hellip;]\" \/>\n<meta property=\"og:url\" content=\"https:\/\/fundacioramonmartibonet.org\/es\/2015\/11\/acto-de-entrega-de-la-medalla-de-la-mujer-2015\/\" \/>\n<meta property=\"og:site_name\" content=\"Fundaci\u00f3 Ram\u00f3n Mart\u00ed i Bonet\" \/>\n<meta property=\"article:publisher\" content=\"https:\/\/www.facebook.com\/FundacioRamonMartiBonet\" \/>\n<meta property=\"article:published_time\" content=\"2015-11-10T10:14:43+00:00\" \/>\n<meta property=\"article:modified_time\" content=\"2025-07-16T09:23:28+00:00\" \/>\n<meta property=\"og:image\" content=\"https:\/\/fundacioramonmartibonet.org\/wp-content\/uploads\/2023\/07\/ACTE-DENTREGA-DE-LA-MEDALLA-DE-LA-DONA-2015-01-1.jpg\" \/>\n\t<meta property=\"og:image:width\" content=\"1200\" \/>\n\t<meta property=\"og:image:height\" content=\"520\" \/>\n\t<meta property=\"og:image:type\" content=\"image\/jpeg\" \/>\n<meta name=\"author\" content=\"frmb\" \/>\n<meta name=\"twitter:card\" content=\"summary_large_image\" \/>\n<meta name=\"twitter:creator\" content=\"@FundacioRMB\" \/>\n<meta name=\"twitter:site\" content=\"@FundacioRMB\" \/>\n<script type=\"application\/ld+json\" class=\"yoast-schema-graph\">{\"@context\":\"https:\/\/schema.org\",\"@graph\":[{\"@type\":\"Article\",\"@id\":\"https:\/\/fundacioramonmartibonet.org\/es\/2015\/11\/acto-de-entrega-de-la-medalla-de-la-mujer-2015\/#article\",\"isPartOf\":{\"@id\":\"https:\/\/fundacioramonmartibonet.org\/es\/2015\/11\/acto-de-entrega-de-la-medalla-de-la-mujer-2015\/\"},\"author\":{\"name\":\"frmb\",\"@id\":\"https:\/\/fundacioramonmartibonet.org\/es\/#\/schema\/person\/2aff0a7acd543144a2c66b34132697b6\"},\"headline\":\"ACTO DE ENTREGA DE LA MEDALLA DE LA MUJER 2015\",\"datePublished\":\"2015-11-10T10:14:43+00:00\",\"dateModified\":\"2025-07-16T09:23:28+00:00\",\"mainEntityOfPage\":{\"@id\":\"https:\/\/fundacioramonmartibonet.org\/es\/2015\/11\/acto-de-entrega-de-la-medalla-de-la-mujer-2015\/\"},\"wordCount\":142,\"publisher\":{\"@id\":\"https:\/\/fundacioramonmartibonet.org\/es\/#organization\"},\"image\":{\"@id\":\"https:\/\/fundacioramonmartibonet.org\/es\/2015\/11\/acto-de-entrega-de-la-medalla-de-la-mujer-2015\/#primaryimage\"},\"thumbnailUrl\":\"https:\/\/fundacioramonmartibonet.org\/wp-content\/uploads\/2023\/07\/ACTE-DENTREGA-DE-LA-MEDALLA-DE-LA-DONA-2015-01-1.jpg\",\"keywords\":[\"#Visi\u00f3nParaTodos\",\"#Visi\u00f3PerATothom\"],\"articleSection\":[\"Sin categorizar\"],\"inLanguage\":\"es\"},{\"@type\":\"WebPage\",\"@id\":\"https:\/\/fundacioramonmartibonet.org\/es\/2015\/11\/acto-de-entrega-de-la-medalla-de-la-mujer-2015\/\",\"url\":\"https:\/\/fundacioramonmartibonet.org\/es\/2015\/11\/acto-de-entrega-de-la-medalla-de-la-mujer-2015\/\",\"name\":\"ACTO DE ENTREGA DE LA MEDALLA DE LA MUJER 2015 - Fundaci\u00f3 Ram\u00f3n Mart\u00ed i Bonet\",\"isPartOf\":{\"@id\":\"https:\/\/fundacioramonmartibonet.org\/es\/#website\"},\"primaryImageOfPage\":{\"@id\":\"https:\/\/fundacioramonmartibonet.org\/es\/2015\/11\/acto-de-entrega-de-la-medalla-de-la-mujer-2015\/#primaryimage\"},\"image\":{\"@id\":\"https:\/\/fundacioramonmartibonet.org\/es\/2015\/11\/acto-de-entrega-de-la-medalla-de-la-mujer-2015\/#primaryimage\"},\"thumbnailUrl\":\"https:\/\/fundacioramonmartibonet.org\/wp-content\/uploads\/2023\/07\/ACTE-DENTREGA-DE-LA-MEDALLA-DE-LA-DONA-2015-01-1.jpg\",\"datePublished\":\"2015-11-10T10:14:43+00:00\",\"dateModified\":\"2025-07-16T09:23:28+00:00\",\"breadcrumb\":{\"@id\":\"https:\/\/fundacioramonmartibonet.org\/es\/2015\/11\/acto-de-entrega-de-la-medalla-de-la-mujer-2015\/#breadcrumb\"},\"inLanguage\":\"es\",\"potentialAction\":[{\"@type\":\"ReadAction\",\"target\":[\"https:\/\/fundacioramonmartibonet.org\/es\/2015\/11\/acto-de-entrega-de-la-medalla-de-la-mujer-2015\/\"]}]},{\"@type\":\"ImageObject\",\"inLanguage\":\"es\",\"@id\":\"https:\/\/fundacioramonmartibonet.org\/es\/2015\/11\/acto-de-entrega-de-la-medalla-de-la-mujer-2015\/#primaryimage\",\"url\":\"https:\/\/fundacioramonmartibonet.org\/wp-content\/uploads\/2023\/07\/ACTE-DENTREGA-DE-LA-MEDALLA-DE-LA-DONA-2015-01-1.jpg\",\"contentUrl\":\"https:\/\/fundacioramonmartibonet.org\/wp-content\/uploads\/2023\/07\/ACTE-DENTREGA-DE-LA-MEDALLA-DE-LA-DONA-2015-01-1.jpg\",\"width\":1200,\"height\":520},{\"@type\":\"BreadcrumbList\",\"@id\":\"https:\/\/fundacioramonmartibonet.org\/es\/2015\/11\/acto-de-entrega-de-la-medalla-de-la-mujer-2015\/#breadcrumb\",\"itemListElement\":[{\"@type\":\"ListItem\",\"position\":1,\"name\":\"Home\",\"item\":\"https:\/\/fundacioramonmartibonet.org\/es\/\"},{\"@type\":\"ListItem\",\"position\":2,\"name\":\"ACTO DE ENTREGA DE LA MEDALLA DE LA MUJER 2015\"}]},{\"@type\":\"WebSite\",\"@id\":\"https:\/\/fundacioramonmartibonet.org\/es\/#website\",\"url\":\"https:\/\/fundacioramonmartibonet.org\/es\/\",\"name\":\"Fundaci\u00f3 Ramon Mart\u00ed i Bonet\",\"description\":\"Visi\u00f3 per a tothom\",\"publisher\":{\"@id\":\"https:\/\/fundacioramonmartibonet.org\/es\/#organization\"},\"alternateName\":\"FRMB\",\"potentialAction\":[{\"@type\":\"SearchAction\",\"target\":{\"@type\":\"EntryPoint\",\"urlTemplate\":\"https:\/\/fundacioramonmartibonet.org\/es\/?s={search_term_string}\"},\"query-input\":\"required name=search_term_string\"}],\"inLanguage\":\"es\"},{\"@type\":\"Organization\",\"@id\":\"https:\/\/fundacioramonmartibonet.org\/es\/#organization\",\"name\":\"Fundaci\u00f3 Ramon Mart\u00ed i Bonet\",\"alternateName\":\"FRMB\",\"url\":\"https:\/\/fundacioramonmartibonet.org\/es\/\",\"logo\":{\"@type\":\"ImageObject\",\"inLanguage\":\"es\",\"@id\":\"https:\/\/fundacioramonmartibonet.org\/es\/#\/schema\/logo\/image\/\",\"url\":\"https:\/\/fundacioramonmartibonet.org\/wp-content\/uploads\/2023\/06\/frmb.svg\",\"contentUrl\":\"https:\/\/fundacioramonmartibonet.org\/wp-content\/uploads\/2023\/06\/frmb.svg\",\"width\":900,\"height\":280,\"caption\":\"Fundaci\u00f3 Ramon Mart\u00ed i Bonet\"},\"image\":{\"@id\":\"https:\/\/fundacioramonmartibonet.org\/es\/#\/schema\/logo\/image\/\"},\"sameAs\":[\"https:\/\/www.facebook.com\/FundacioRamonMartiBonet\",\"https:\/\/x.com\/FundacioRMB\",\"https:\/\/www.youtube.com\/channel\/UCNyN8HH4tz3ybIBubLBiSog\",\"https:\/\/www.instagram.com\/fundaciormb\/\",\"https:\/\/www.linkedin.com\/company\/fundacio-ramon-marto-i-bonet-contra-la-ceguera\/\"]},{\"@type\":\"Person\",\"@id\":\"https:\/\/fundacioramonmartibonet.org\/es\/#\/schema\/person\/2aff0a7acd543144a2c66b34132697b6\",\"name\":\"frmb\",\"image\":{\"@type\":\"ImageObject\",\"inLanguage\":\"es\",\"@id\":\"https:\/\/fundacioramonmartibonet.org\/es\/#\/schema\/person\/image\/\",\"url\":\"https:\/\/secure.gravatar.com\/avatar\/83d1ae228f5a77eb42b308490c6dcca6?s=96&d=mm&r=g\",\"contentUrl\":\"https:\/\/secure.gravatar.com\/avatar\/83d1ae228f5a77eb42b308490c6dcca6?s=96&d=mm&r=g\",\"caption\":\"frmb\"},\"sameAs\":[\"https:\/\/fundacioramonmartibonet.org\"],\"url\":\"https:\/\/fundacioramonmartibonet.org\/es\/author\/frmb\/\"}]}<\/script>\n<!-- \/ Yoast SEO plugin. -->","yoast_head_json":{"title":"ACTO DE ENTREGA DE LA MEDALLA DE LA MUJER 2015 - Fundaci\u00f3 Ram\u00f3n Mart\u00ed i Bonet","robots":{"index":"index","follow":"follow","max-snippet":"max-snippet:-1","max-image-preview":"max-image-preview:large","max-video-preview":"max-video-preview:-1"},"canonical":"https:\/\/fundacioramonmartibonet.org\/es\/2015\/11\/acto-de-entrega-de-la-medalla-de-la-mujer-2015\/","og_locale":"es_ES","og_type":"article","og_title":"ACTO DE ENTREGA DE LA MEDALLA DE LA MUJER 2015 - Fundaci\u00f3 Ram\u00f3n Mart\u00ed i Bonet","og_description":"El pasado lunes 13 de abril a las 19.30, se realiz\u00f3 en el Teatro Parroquail de Sarri\u00e0, el acto de entrega de la Medalla de la Mujer 2015 que concede anualmente el distrito de Sarri\u00e0-Sant Gervasi. Este a\u00f1o, el galard\u00f3n fu\u00e9 para la Sra. Merc\u00e8 Leonhardt i Gallego y la Dra. Pilar Bayer i Isant. [&hellip;]","og_url":"https:\/\/fundacioramonmartibonet.org\/es\/2015\/11\/acto-de-entrega-de-la-medalla-de-la-mujer-2015\/","og_site_name":"Fundaci\u00f3 Ram\u00f3n Mart\u00ed i Bonet","article_publisher":"https:\/\/www.facebook.com\/FundacioRamonMartiBonet","article_published_time":"2015-11-10T10:14:43+00:00","article_modified_time":"2025-07-16T09:23:28+00:00","og_image":[{"width":1200,"height":520,"url":"https:\/\/fundacioramonmartibonet.org\/wp-content\/uploads\/2023\/07\/ACTE-DENTREGA-DE-LA-MEDALLA-DE-LA-DONA-2015-01-1.jpg","type":"image\/jpeg"}],"author":"frmb","twitter_card":"summary_large_image","twitter_creator":"@FundacioRMB","twitter_site":"@FundacioRMB","schema":{"@context":"https:\/\/schema.org","@graph":[{"@type":"Article","@id":"https:\/\/fundacioramonmartibonet.org\/es\/2015\/11\/acto-de-entrega-de-la-medalla-de-la-mujer-2015\/#article","isPartOf":{"@id":"https:\/\/fundacioramonmartibonet.org\/es\/2015\/11\/acto-de-entrega-de-la-medalla-de-la-mujer-2015\/"},"author":{"name":"frmb","@id":"https:\/\/fundacioramonmartibonet.org\/es\/#\/schema\/person\/2aff0a7acd543144a2c66b34132697b6"},"headline":"ACTO DE ENTREGA DE LA MEDALLA DE LA MUJER 2015","datePublished":"2015-11-10T10:14:43+00:00","dateModified":"2025-07-16T09:23:28+00:00","mainEntityOfPage":{"@id":"https:\/\/fundacioramonmartibonet.org\/es\/2015\/11\/acto-de-entrega-de-la-medalla-de-la-mujer-2015\/"},"wordCount":142,"publisher":{"@id":"https:\/\/fundacioramonmartibonet.org\/es\/#organization"},"image":{"@id":"https:\/\/fundacioramonmartibonet.org\/es\/2015\/11\/acto-de-entrega-de-la-medalla-de-la-mujer-2015\/#primaryimage"},"thumbnailUrl":"https:\/\/fundacioramonmartibonet.org\/wp-content\/uploads\/2023\/07\/ACTE-DENTREGA-DE-LA-MEDALLA-DE-LA-DONA-2015-01-1.jpg","keywords":["#Visi\u00f3nParaTodos","#Visi\u00f3PerATothom"],"articleSection":["Sin categorizar"],"inLanguage":"es"},{"@type":"WebPage","@id":"https:\/\/fundacioramonmartibonet.org\/es\/2015\/11\/acto-de-entrega-de-la-medalla-de-la-mujer-2015\/","url":"https:\/\/fundacioramonmartibonet.org\/es\/2015\/11\/acto-de-entrega-de-la-medalla-de-la-mujer-2015\/","name":"ACTO DE ENTREGA DE LA MEDALLA DE LA MUJER 2015 - Fundaci\u00f3 Ram\u00f3n Mart\u00ed i Bonet","isPartOf":{"@id":"https:\/\/fundacioramonmartibonet.org\/es\/#website"},"primaryImageOfPage":{"@id":"https:\/\/fundacioramonmartibonet.org\/es\/2015\/11\/acto-de-entrega-de-la-medalla-de-la-mujer-2015\/#primaryimage"},"image":{"@id":"https:\/\/fundacioramonmartibonet.org\/es\/2015\/11\/acto-de-entrega-de-la-medalla-de-la-mujer-2015\/#primaryimage"},"thumbnailUrl":"https:\/\/fundacioramonmartibonet.org\/wp-content\/uploads\/2023\/07\/ACTE-DENTREGA-DE-LA-MEDALLA-DE-LA-DONA-2015-01-1.jpg","datePublished":"2015-11-10T10:14:43+00:00","dateModified":"2025-07-16T09:23:28+00:00","breadcrumb":{"@id":"https:\/\/fundacioramonmartibonet.org\/es\/2015\/11\/acto-de-entrega-de-la-medalla-de-la-mujer-2015\/#breadcrumb"},"inLanguage":"es","potentialAction":[{"@type":"ReadAction","target":["https:\/\/fundacioramonmartibonet.org\/es\/2015\/11\/acto-de-entrega-de-la-medalla-de-la-mujer-2015\/"]}]},{"@type":"ImageObject","inLanguage":"es","@id":"https:\/\/fundacioramonmartibonet.org\/es\/2015\/11\/acto-de-entrega-de-la-medalla-de-la-mujer-2015\/#primaryimage","url":"https:\/\/fundacioramonmartibonet.org\/wp-content\/uploads\/2023\/07\/ACTE-DENTREGA-DE-LA-MEDALLA-DE-LA-DONA-2015-01-1.jpg","contentUrl":"https:\/\/fundacioramonmartibonet.org\/wp-content\/uploads\/2023\/07\/ACTE-DENTREGA-DE-LA-MEDALLA-DE-LA-DONA-2015-01-1.jpg","width":1200,"height":520},{"@type":"BreadcrumbList","@id":"https:\/\/fundacioramonmartibonet.org\/es\/2015\/11\/acto-de-entrega-de-la-medalla-de-la-mujer-2015\/#breadcrumb","itemListElement":[{"@type":"ListItem","position":1,"name":"Home","item":"https:\/\/fundacioramonmartibonet.org\/es\/"},{"@type":"ListItem","position":2,"name":"ACTO DE ENTREGA DE LA MEDALLA DE LA MUJER 2015"}]},{"@type":"WebSite","@id":"https:\/\/fundacioramonmartibonet.org\/es\/#website","url":"https:\/\/fundacioramonmartibonet.org\/es\/","name":"Fundaci\u00f3 Ramon Mart\u00ed i Bonet","description":"Visi\u00f3 per a tothom","publisher":{"@id":"https:\/\/fundacioramonmartibonet.org\/es\/#organization"},"alternateName":"FRMB","potentialAction":[{"@type":"SearchAction","target":{"@type":"EntryPoint","urlTemplate":"https:\/\/fundacioramonmartibonet.org\/es\/?s={search_term_string}"},"query-input":"required name=search_term_string"}],"inLanguage":"es"},{"@type":"Organization","@id":"https:\/\/fundacioramonmartibonet.org\/es\/#organization","name":"Fundaci\u00f3 Ramon Mart\u00ed i Bonet","alternateName":"FRMB","url":"https:\/\/fundacioramonmartibonet.org\/es\/","logo":{"@type":"ImageObject","inLanguage":"es","@id":"https:\/\/fundacioramonmartibonet.org\/es\/#\/schema\/logo\/image\/","url":"https:\/\/fundacioramonmartibonet.org\/wp-content\/uploads\/2023\/06\/frmb.svg","contentUrl":"https:\/\/fundacioramonmartibonet.org\/wp-content\/uploads\/2023\/06\/frmb.svg","width":900,"height":280,"caption":"Fundaci\u00f3 Ramon Mart\u00ed i Bonet"},"image":{"@id":"https:\/\/fundacioramonmartibonet.org\/es\/#\/schema\/logo\/image\/"},"sameAs":["https:\/\/www.facebook.com\/FundacioRamonMartiBonet","https:\/\/x.com\/FundacioRMB","https:\/\/www.youtube.com\/channel\/UCNyN8HH4tz3ybIBubLBiSog","https:\/\/www.instagram.com\/fundaciormb\/","https:\/\/www.linkedin.com\/company\/fundacio-ramon-marto-i-bonet-contra-la-ceguera\/"]},{"@type":"Person","@id":"https:\/\/fundacioramonmartibonet.org\/es\/#\/schema\/person\/2aff0a7acd543144a2c66b34132697b6","name":"frmb","image":{"@type":"ImageObject","inLanguage":"es","@id":"https:\/\/fundacioramonmartibonet.org\/es\/#\/schema\/person\/image\/","url":"https:\/\/secure.gravatar.com\/avatar\/83d1ae228f5a77eb42b308490c6dcca6?s=96&d=mm&r=g","contentUrl":"https:\/\/secure.gravatar.com\/avatar\/83d1ae228f5a77eb42b308490c6dcca6?s=96&d=mm&r=g","caption":"frmb"},"sameAs":["https:\/\/fundacioramonmartibonet.org"],"url":"https:\/\/fundacioramonmartibonet.org\/es\/author\/frmb\/"}]}},"_links":{"self":[{"href":"https:\/\/fundacioramonmartibonet.org\/es\/wp-json\/wp\/v2\/posts\/628"}],"collection":[{"href":"https:\/\/fundacioramonmartibonet.org\/es\/wp-json\/wp\/v2\/posts"}],"about":[{"href":"https:\/\/fundacioramonmartibonet.org\/es\/wp-json\/wp\/v2\/types\/post"}],"author":[{"embeddable":true,"href":"https:\/\/fundacioramonmartibonet.org\/es\/wp-json\/wp\/v2\/users\/1"}],"replies":[{"embeddable":true,"href":"https:\/\/fundacioramonmartibonet.org\/es\/wp-json\/wp\/v2\/comments?post=628"}],"version-history":[{"count":1,"href":"https:\/\/fundacioramonmartibonet.org\/es\/wp-json\/wp\/v2\/posts\/628\/revisions"}],"predecessor-version":[{"id":629,"href":"https:\/\/fundacioramonmartibonet.org\/es\/wp-json\/wp\/v2\/posts\/628\/revisions\/629"}],"wp:featuredmedia":[{"embeddable":true,"href":"https:\/\/fundacioramonmartibonet.org\/es\/wp-json\/wp\/v2\/media\/411"}],"wp:attachment":[{"href":"https:\/\/fundacioramonmartibonet.org\/es\/wp-json\/wp\/v2\/media?parent=628"}],"wp:term":[{"taxonomy":"category","embeddable":true,"href":"https:\/\/fundacioramonmartibonet.org\/es\/wp-json\/wp\/v2\/categories?post=628"},{"taxonomy":"post_tag","embeddable":true,"href":"https:\/\/fundacioramonmartibonet.org\/es\/wp-json\/wp\/v2\/tags?post=628"}],"curies":[{"name":"wp","href":"https:\/\/api.w.org\/{rel}","templated":true}]}}