{"id":4361,"date":"2026-02-12T12:16:58","date_gmt":"2026-02-12T12:16:58","guid":{"rendered":"https:\/\/fundacioramonmartibonet.org\/?p=4361"},"modified":"2026-02-12T12:23:12","modified_gmt":"2026-02-12T12:23:12","slug":"vision-para-todos-en-chad","status":"publish","type":"post","link":"https:\/\/fundacioramonmartibonet.org\/es\/2026\/02\/vision-para-todos-en-chad\/","title":{"rendered":"Visi\u00f3n para todos en Chad"},"content":{"rendered":"\n<p>La Comisi\u00f3n de enero de 2026 de la Fundaci\u00f3n Ramon Mart\u00ed i Bonet, formada por un oftalm\u00f3logo, una enfermera, una optometrista y una t\u00e9cnica de proyectos, viaja a la ciudad de N\u2019Djamena para unirse al personal del servicio de oftalmolog\u00eda del H\u00f4pital Le Bon Samaritain durante dos semanas. Seguimos dando continuidad al proyecto \u201cVisi\u00f3n para todos en Chad\u201d e identificando nuevos retos, oportunidades de mejora y otras maneras de vincularnos con la contraparte, el contexto y el proyecto en general.<\/p>\n\n\n\n<p>Durante estas dos semanas, se atendi\u00f3 a unas 400 personas para realizar revisiones optom\u00e9tricas y oftalmol\u00f3gicas. Se llevaron a cabo diagn\u00f3sticos y se determinaron tratamientos para los pacientes que acudieron al hospital durante el horario establecido de consulta. Se oper\u00f3 a un total de 122 personas de cataratas y otras patolog\u00edas oculares. Adem\u00e1s, se procur\u00f3 impartir un m\u00f3dulo formativo en optometr\u00eda y realizar un seguimiento y evaluaci\u00f3n del impacto del proyecto.<\/p>\n\n\n<div class=\"wp-block-image\">\n<figure class=\"aligncenter size-large is-resized\"><img loading=\"lazy\" decoding=\"async\" width=\"768\" height=\"1024\" src=\"https:\/\/fundacioramonmartibonet.org\/wp-content\/uploads\/2026\/02\/Photo-16-1-26-08-22-00-1-768x1024.jpg\" alt=\"\" class=\"wp-image-4363\" style=\"width:291px\" srcset=\"https:\/\/fundacioramonmartibonet.org\/wp-content\/uploads\/2026\/02\/Photo-16-1-26-08-22-00-1-768x1024.jpg 768w, https:\/\/fundacioramonmartibonet.org\/wp-content\/uploads\/2026\/02\/Photo-16-1-26-08-22-00-1-225x300.jpg 225w, https:\/\/fundacioramonmartibonet.org\/wp-content\/uploads\/2026\/02\/Photo-16-1-26-08-22-00-1-1152x1536.jpg 1152w, https:\/\/fundacioramonmartibonet.org\/wp-content\/uploads\/2026\/02\/Photo-16-1-26-08-22-00-1-1536x2048.jpg 1536w, https:\/\/fundacioramonmartibonet.org\/wp-content\/uploads\/2026\/02\/Photo-16-1-26-08-22-00-1-scaled.jpg 1920w\" sizes=\"(max-width: 768px) 100vw, 768px\" \/><figcaption class=\"wp-element-caption\"><em>El Dr. Suhel Elnayef y la enfermera Laura P\u00e9rez durante una intervenci\u00f3n quir\u00fargica de cataratas.<\/em><\/figcaption><\/figure><\/div>\n\n\n<p>La relaci\u00f3n entre la Fundaci\u00f3n y el hospital sigue creciendo y, con ella, nuevas perspectivas y otras v\u00edas para potenciar la salud visual. Desde hace a\u00f1os se ha identificado la necesidad de incidir en una mayor prevenci\u00f3n para evitar lo que conocemos como \u201cceguera evitable\u201d, especialmente en el caso de los ni\u00f1os. Por esta raz\u00f3n, se reparti\u00f3, no solo en el servicio de oftalmolog\u00eda, sino tambi\u00e9n en ginecolog\u00eda y pediatr\u00eda, material informativo sobre c\u00f3mo la nutrici\u00f3n, con alimentos ricos en vitamina A, puede ayudar en esta prevenci\u00f3n.<\/p>\n\n\n\n<p>Conocer la situaci\u00f3n en la que se implementan los proyectos de cooperaci\u00f3n es esencial para que existan resultados reales y se cumplan los objetivos establecidos. Asimismo, es necesario cuidar el v\u00ednculo con la contraparte local y potenciar una coordinaci\u00f3n genuina y efectiva. De este modo, se garantiza una intervenci\u00f3n coherente con el contexto, sostenible en el tiempo y realmente transformadora para la comunidad.<\/p>\n\n\n\n<p>Para saber c\u00f3mo se organiza una jornada completa durante las Comisiones, consulte el siguiente v\u00eddeo:<br><a href=\"https:\/\/www.instagram.com\/p\/DUDtXNiiBuj\/\">https:\/\/www.instagram.com\/p\/DUDtXNiiBuj\/<\/a><\/p>\n\n\n<div class=\"wp-block-image\">\n<figure class=\"aligncenter size-large is-resized\"><img loading=\"lazy\" decoding=\"async\" width=\"765\" height=\"1024\" src=\"https:\/\/fundacioramonmartibonet.org\/wp-content\/uploads\/2026\/02\/Photo-22-1-26-13-16-27-765x1024.jpg\" alt=\"\" class=\"wp-image-4366\" style=\"width:291px;height:auto\" srcset=\"https:\/\/fundacioramonmartibonet.org\/wp-content\/uploads\/2026\/02\/Photo-22-1-26-13-16-27-765x1024.jpg 765w, https:\/\/fundacioramonmartibonet.org\/wp-content\/uploads\/2026\/02\/Photo-22-1-26-13-16-27-224x300.jpg 224w, https:\/\/fundacioramonmartibonet.org\/wp-content\/uploads\/2026\/02\/Photo-22-1-26-13-16-27-768x1027.jpg 768w, https:\/\/fundacioramonmartibonet.org\/wp-content\/uploads\/2026\/02\/Photo-22-1-26-13-16-27-1148x1536.jpg 1148w, https:\/\/fundacioramonmartibonet.org\/wp-content\/uploads\/2026\/02\/Photo-22-1-26-13-16-27-1531x2048.jpg 1531w, https:\/\/fundacioramonmartibonet.org\/wp-content\/uploads\/2026\/02\/Photo-22-1-26-13-16-27-scaled.jpg 1914w\" sizes=\"(max-width: 765px) 100vw, 765px\" \/><figcaption class=\"wp-element-caption\"><em>El equipo de la Comisi\u00f3n ante la puerta principal del H\u00f4pital Le Bon Samaritain.<\/em><\/figcaption><\/figure><\/div>","protected":false},"excerpt":{"rendered":"<p>El personal cooperante de la Fundaci\u00f3n Ramon Mart\u00ed i Bonet viaja este enero de 2026 a N&#8217;Djamena, acogido por el H\u00f4pital Le Bon Samaritain. Durante 2 semanas, se realizan revisiones oculares a alrededor de 400 personas y se opera a 122 pacientes de cataratas.<\/p>\n","protected":false},"author":2,"featured_media":4360,"comment_status":"closed","ping_status":"open","sticky":false,"template":"","format":"standard","meta":{"_acf_changed":false,"footnotes":""},"categories":[1],"tags":[],"acf":[],"yoast_head":"<!-- This site is optimized with the Yoast SEO plugin v22.5 - https:\/\/yoast.com\/wordpress\/plugins\/seo\/ -->\n<title>Visi\u00f3n para todos en Chad - Fundaci\u00f3 Ram\u00f3n Mart\u00ed i Bonet<\/title>\n<meta name=\"robots\" content=\"index, follow, max-snippet:-1, max-image-preview:large, max-video-preview:-1\" \/>\n<link rel=\"canonical\" href=\"https:\/\/fundacioramonmartibonet.org\/es\/2026\/02\/vision-para-todos-en-chad\/\" \/>\n<meta property=\"og:locale\" content=\"es_ES\" \/>\n<meta property=\"og:type\" content=\"article\" \/>\n<meta property=\"og:title\" content=\"Visi\u00f3n para todos en Chad - Fundaci\u00f3 Ram\u00f3n Mart\u00ed i Bonet\" \/>\n<meta property=\"og:description\" content=\"El personal cooperante de la Fundaci\u00f3n Ramon Mart\u00ed i Bonet viaja este enero de 2026 a N&#039;Djamena, acogido por el H\u00f4pital Le Bon Samaritain. Durante 2 semanas, se realizan revisiones oculares a alrededor de 400 personas y se opera a 122 pacientes de cataratas.\" \/>\n<meta property=\"og:url\" content=\"https:\/\/fundacioramonmartibonet.org\/es\/2026\/02\/vision-para-todos-en-chad\/\" \/>\n<meta property=\"og:site_name\" content=\"Fundaci\u00f3 Ram\u00f3n Mart\u00ed i Bonet\" \/>\n<meta property=\"article:publisher\" content=\"https:\/\/www.facebook.com\/FundacioRamonMartiBonet\" \/>\n<meta property=\"article:published_time\" content=\"2026-02-12T12:16:58+00:00\" \/>\n<meta property=\"article:modified_time\" content=\"2026-02-12T12:23:12+00:00\" \/>\n<meta property=\"og:image\" content=\"https:\/\/fundacioramonmartibonet.org\/wp-content\/uploads\/2026\/02\/Photo-14-1-26-12-20-34-scaled.jpg\" \/>\n\t<meta property=\"og:image:width\" content=\"1920\" \/>\n\t<meta property=\"og:image:height\" content=\"2560\" \/>\n\t<meta property=\"og:image:type\" content=\"image\/jpeg\" \/>\n<meta name=\"author\" content=\"Gemma Cros\" \/>\n<meta name=\"twitter:card\" content=\"summary_large_image\" \/>\n<meta name=\"twitter:creator\" content=\"@FundacioRMB\" \/>\n<meta name=\"twitter:site\" content=\"@FundacioRMB\" \/>\n<script type=\"application\/ld+json\" class=\"yoast-schema-graph\">{\"@context\":\"https:\/\/schema.org\",\"@graph\":[{\"@type\":\"Article\",\"@id\":\"https:\/\/fundacioramonmartibonet.org\/es\/2026\/02\/vision-para-todos-en-chad\/#article\",\"isPartOf\":{\"@id\":\"https:\/\/fundacioramonmartibonet.org\/es\/2026\/02\/vision-para-todos-en-chad\/\"},\"author\":{\"name\":\"Gemma Cros\",\"@id\":\"https:\/\/fundacioramonmartibonet.org\/es\/#\/schema\/person\/0078573cb6877aee8ea9807d9603f3ef\"},\"headline\":\"Visi\u00f3n para todos en Chad\",\"datePublished\":\"2026-02-12T12:16:58+00:00\",\"dateModified\":\"2026-02-12T12:23:12+00:00\",\"mainEntityOfPage\":{\"@id\":\"https:\/\/fundacioramonmartibonet.org\/es\/2026\/02\/vision-para-todos-en-chad\/\"},\"wordCount\":396,\"publisher\":{\"@id\":\"https:\/\/fundacioramonmartibonet.org\/es\/#organization\"},\"image\":{\"@id\":\"https:\/\/fundacioramonmartibonet.org\/es\/2026\/02\/vision-para-todos-en-chad\/#primaryimage\"},\"thumbnailUrl\":\"https:\/\/fundacioramonmartibonet.org\/wp-content\/uploads\/2026\/02\/Photo-14-1-26-12-20-34-scaled.jpg\",\"articleSection\":[\"Sin categorizar\"],\"inLanguage\":\"es\"},{\"@type\":\"WebPage\",\"@id\":\"https:\/\/fundacioramonmartibonet.org\/es\/2026\/02\/vision-para-todos-en-chad\/\",\"url\":\"https:\/\/fundacioramonmartibonet.org\/es\/2026\/02\/vision-para-todos-en-chad\/\",\"name\":\"Visi\u00f3n para todos en Chad - Fundaci\u00f3 Ram\u00f3n Mart\u00ed i Bonet\",\"isPartOf\":{\"@id\":\"https:\/\/fundacioramonmartibonet.org\/es\/#website\"},\"primaryImageOfPage\":{\"@id\":\"https:\/\/fundacioramonmartibonet.org\/es\/2026\/02\/vision-para-todos-en-chad\/#primaryimage\"},\"image\":{\"@id\":\"https:\/\/fundacioramonmartibonet.org\/es\/2026\/02\/vision-para-todos-en-chad\/#primaryimage\"},\"thumbnailUrl\":\"https:\/\/fundacioramonmartibonet.org\/wp-content\/uploads\/2026\/02\/Photo-14-1-26-12-20-34-scaled.jpg\",\"datePublished\":\"2026-02-12T12:16:58+00:00\",\"dateModified\":\"2026-02-12T12:23:12+00:00\",\"breadcrumb\":{\"@id\":\"https:\/\/fundacioramonmartibonet.org\/es\/2026\/02\/vision-para-todos-en-chad\/#breadcrumb\"},\"inLanguage\":\"es\",\"potentialAction\":[{\"@type\":\"ReadAction\",\"target\":[\"https:\/\/fundacioramonmartibonet.org\/es\/2026\/02\/vision-para-todos-en-chad\/\"]}]},{\"@type\":\"ImageObject\",\"inLanguage\":\"es\",\"@id\":\"https:\/\/fundacioramonmartibonet.org\/es\/2026\/02\/vision-para-todos-en-chad\/#primaryimage\",\"url\":\"https:\/\/fundacioramonmartibonet.org\/wp-content\/uploads\/2026\/02\/Photo-14-1-26-12-20-34-scaled.jpg\",\"contentUrl\":\"https:\/\/fundacioramonmartibonet.org\/wp-content\/uploads\/2026\/02\/Photo-14-1-26-12-20-34-scaled.jpg\",\"width\":1920,\"height\":2560},{\"@type\":\"BreadcrumbList\",\"@id\":\"https:\/\/fundacioramonmartibonet.org\/es\/2026\/02\/vision-para-todos-en-chad\/#breadcrumb\",\"itemListElement\":[{\"@type\":\"ListItem\",\"position\":1,\"name\":\"Home\",\"item\":\"https:\/\/fundacioramonmartibonet.org\/es\/\"},{\"@type\":\"ListItem\",\"position\":2,\"name\":\"Visi\u00f3n para todos en Chad\"}]},{\"@type\":\"WebSite\",\"@id\":\"https:\/\/fundacioramonmartibonet.org\/es\/#website\",\"url\":\"https:\/\/fundacioramonmartibonet.org\/es\/\",\"name\":\"Fundaci\u00f3 Ramon Mart\u00ed i Bonet\",\"description\":\"Visi\u00f3 per a tothom\",\"publisher\":{\"@id\":\"https:\/\/fundacioramonmartibonet.org\/es\/#organization\"},\"alternateName\":\"FRMB\",\"potentialAction\":[{\"@type\":\"SearchAction\",\"target\":{\"@type\":\"EntryPoint\",\"urlTemplate\":\"https:\/\/fundacioramonmartibonet.org\/es\/?s={search_term_string}\"},\"query-input\":\"required name=search_term_string\"}],\"inLanguage\":\"es\"},{\"@type\":\"Organization\",\"@id\":\"https:\/\/fundacioramonmartibonet.org\/es\/#organization\",\"name\":\"Fundaci\u00f3 Ramon Mart\u00ed i Bonet\",\"alternateName\":\"FRMB\",\"url\":\"https:\/\/fundacioramonmartibonet.org\/es\/\",\"logo\":{\"@type\":\"ImageObject\",\"inLanguage\":\"es\",\"@id\":\"https:\/\/fundacioramonmartibonet.org\/es\/#\/schema\/logo\/image\/\",\"url\":\"https:\/\/fundacioramonmartibonet.org\/wp-content\/uploads\/2023\/06\/frmb.svg\",\"contentUrl\":\"https:\/\/fundacioramonmartibonet.org\/wp-content\/uploads\/2023\/06\/frmb.svg\",\"width\":900,\"height\":280,\"caption\":\"Fundaci\u00f3 Ramon Mart\u00ed i Bonet\"},\"image\":{\"@id\":\"https:\/\/fundacioramonmartibonet.org\/es\/#\/schema\/logo\/image\/\"},\"sameAs\":[\"https:\/\/www.facebook.com\/FundacioRamonMartiBonet\",\"https:\/\/x.com\/FundacioRMB\",\"https:\/\/www.youtube.com\/channel\/UCNyN8HH4tz3ybIBubLBiSog\",\"https:\/\/www.instagram.com\/fundaciormb\/\",\"https:\/\/www.linkedin.com\/company\/fundacio-ramon-marto-i-bonet-contra-la-ceguera\/\"]},{\"@type\":\"Person\",\"@id\":\"https:\/\/fundacioramonmartibonet.org\/es\/#\/schema\/person\/0078573cb6877aee8ea9807d9603f3ef\",\"name\":\"Gemma Cros\",\"image\":{\"@type\":\"ImageObject\",\"inLanguage\":\"es\",\"@id\":\"https:\/\/fundacioramonmartibonet.org\/es\/#\/schema\/person\/image\/\",\"url\":\"https:\/\/secure.gravatar.com\/avatar\/754ef50ddec01d379dbb73102f380975?s=96&d=mm&r=g\",\"contentUrl\":\"https:\/\/secure.gravatar.com\/avatar\/754ef50ddec01d379dbb73102f380975?s=96&d=mm&r=g\",\"caption\":\"Gemma Cros\"},\"url\":\"https:\/\/fundacioramonmartibonet.org\/es\/author\/gemma\/\"}]}<\/script>\n<!-- \/ Yoast SEO plugin. -->","yoast_head_json":{"title":"Visi\u00f3n para todos en Chad - Fundaci\u00f3 Ram\u00f3n Mart\u00ed i Bonet","robots":{"index":"index","follow":"follow","max-snippet":"max-snippet:-1","max-image-preview":"max-image-preview:large","max-video-preview":"max-video-preview:-1"},"canonical":"https:\/\/fundacioramonmartibonet.org\/es\/2026\/02\/vision-para-todos-en-chad\/","og_locale":"es_ES","og_type":"article","og_title":"Visi\u00f3n para todos en Chad - Fundaci\u00f3 Ram\u00f3n Mart\u00ed i Bonet","og_description":"El personal cooperante de la Fundaci\u00f3n Ramon Mart\u00ed i Bonet viaja este enero de 2026 a N'Djamena, acogido por el H\u00f4pital Le Bon Samaritain. Durante 2 semanas, se realizan revisiones oculares a alrededor de 400 personas y se opera a 122 pacientes de cataratas.","og_url":"https:\/\/fundacioramonmartibonet.org\/es\/2026\/02\/vision-para-todos-en-chad\/","og_site_name":"Fundaci\u00f3 Ram\u00f3n Mart\u00ed i Bonet","article_publisher":"https:\/\/www.facebook.com\/FundacioRamonMartiBonet","article_published_time":"2026-02-12T12:16:58+00:00","article_modified_time":"2026-02-12T12:23:12+00:00","og_image":[{"width":1920,"height":2560,"url":"https:\/\/fundacioramonmartibonet.org\/wp-content\/uploads\/2026\/02\/Photo-14-1-26-12-20-34-scaled.jpg","type":"image\/jpeg"}],"author":"Gemma Cros","twitter_card":"summary_large_image","twitter_creator":"@FundacioRMB","twitter_site":"@FundacioRMB","schema":{"@context":"https:\/\/schema.org","@graph":[{"@type":"Article","@id":"https:\/\/fundacioramonmartibonet.org\/es\/2026\/02\/vision-para-todos-en-chad\/#article","isPartOf":{"@id":"https:\/\/fundacioramonmartibonet.org\/es\/2026\/02\/vision-para-todos-en-chad\/"},"author":{"name":"Gemma Cros","@id":"https:\/\/fundacioramonmartibonet.org\/es\/#\/schema\/person\/0078573cb6877aee8ea9807d9603f3ef"},"headline":"Visi\u00f3n para todos en Chad","datePublished":"2026-02-12T12:16:58+00:00","dateModified":"2026-02-12T12:23:12+00:00","mainEntityOfPage":{"@id":"https:\/\/fundacioramonmartibonet.org\/es\/2026\/02\/vision-para-todos-en-chad\/"},"wordCount":396,"publisher":{"@id":"https:\/\/fundacioramonmartibonet.org\/es\/#organization"},"image":{"@id":"https:\/\/fundacioramonmartibonet.org\/es\/2026\/02\/vision-para-todos-en-chad\/#primaryimage"},"thumbnailUrl":"https:\/\/fundacioramonmartibonet.org\/wp-content\/uploads\/2026\/02\/Photo-14-1-26-12-20-34-scaled.jpg","articleSection":["Sin categorizar"],"inLanguage":"es"},{"@type":"WebPage","@id":"https:\/\/fundacioramonmartibonet.org\/es\/2026\/02\/vision-para-todos-en-chad\/","url":"https:\/\/fundacioramonmartibonet.org\/es\/2026\/02\/vision-para-todos-en-chad\/","name":"Visi\u00f3n para todos en Chad - Fundaci\u00f3 Ram\u00f3n Mart\u00ed i Bonet","isPartOf":{"@id":"https:\/\/fundacioramonmartibonet.org\/es\/#website"},"primaryImageOfPage":{"@id":"https:\/\/fundacioramonmartibonet.org\/es\/2026\/02\/vision-para-todos-en-chad\/#primaryimage"},"image":{"@id":"https:\/\/fundacioramonmartibonet.org\/es\/2026\/02\/vision-para-todos-en-chad\/#primaryimage"},"thumbnailUrl":"https:\/\/fundacioramonmartibonet.org\/wp-content\/uploads\/2026\/02\/Photo-14-1-26-12-20-34-scaled.jpg","datePublished":"2026-02-12T12:16:58+00:00","dateModified":"2026-02-12T12:23:12+00:00","breadcrumb":{"@id":"https:\/\/fundacioramonmartibonet.org\/es\/2026\/02\/vision-para-todos-en-chad\/#breadcrumb"},"inLanguage":"es","potentialAction":[{"@type":"ReadAction","target":["https:\/\/fundacioramonmartibonet.org\/es\/2026\/02\/vision-para-todos-en-chad\/"]}]},{"@type":"ImageObject","inLanguage":"es","@id":"https:\/\/fundacioramonmartibonet.org\/es\/2026\/02\/vision-para-todos-en-chad\/#primaryimage","url":"https:\/\/fundacioramonmartibonet.org\/wp-content\/uploads\/2026\/02\/Photo-14-1-26-12-20-34-scaled.jpg","contentUrl":"https:\/\/fundacioramonmartibonet.org\/wp-content\/uploads\/2026\/02\/Photo-14-1-26-12-20-34-scaled.jpg","width":1920,"height":2560},{"@type":"BreadcrumbList","@id":"https:\/\/fundacioramonmartibonet.org\/es\/2026\/02\/vision-para-todos-en-chad\/#breadcrumb","itemListElement":[{"@type":"ListItem","position":1,"name":"Home","item":"https:\/\/fundacioramonmartibonet.org\/es\/"},{"@type":"ListItem","position":2,"name":"Visi\u00f3n para todos en Chad"}]},{"@type":"WebSite","@id":"https:\/\/fundacioramonmartibonet.org\/es\/#website","url":"https:\/\/fundacioramonmartibonet.org\/es\/","name":"Fundaci\u00f3 Ramon Mart\u00ed i Bonet","description":"Visi\u00f3 per a tothom","publisher":{"@id":"https:\/\/fundacioramonmartibonet.org\/es\/#organization"},"alternateName":"FRMB","potentialAction":[{"@type":"SearchAction","target":{"@type":"EntryPoint","urlTemplate":"https:\/\/fundacioramonmartibonet.org\/es\/?s={search_term_string}"},"query-input":"required name=search_term_string"}],"inLanguage":"es"},{"@type":"Organization","@id":"https:\/\/fundacioramonmartibonet.org\/es\/#organization","name":"Fundaci\u00f3 Ramon Mart\u00ed i Bonet","alternateName":"FRMB","url":"https:\/\/fundacioramonmartibonet.org\/es\/","logo":{"@type":"ImageObject","inLanguage":"es","@id":"https:\/\/fundacioramonmartibonet.org\/es\/#\/schema\/logo\/image\/","url":"https:\/\/fundacioramonmartibonet.org\/wp-content\/uploads\/2023\/06\/frmb.svg","contentUrl":"https:\/\/fundacioramonmartibonet.org\/wp-content\/uploads\/2023\/06\/frmb.svg","width":900,"height":280,"caption":"Fundaci\u00f3 Ramon Mart\u00ed i Bonet"},"image":{"@id":"https:\/\/fundacioramonmartibonet.org\/es\/#\/schema\/logo\/image\/"},"sameAs":["https:\/\/www.facebook.com\/FundacioRamonMartiBonet","https:\/\/x.com\/FundacioRMB","https:\/\/www.youtube.com\/channel\/UCNyN8HH4tz3ybIBubLBiSog","https:\/\/www.instagram.com\/fundaciormb\/","https:\/\/www.linkedin.com\/company\/fundacio-ramon-marto-i-bonet-contra-la-ceguera\/"]},{"@type":"Person","@id":"https:\/\/fundacioramonmartibonet.org\/es\/#\/schema\/person\/0078573cb6877aee8ea9807d9603f3ef","name":"Gemma Cros","image":{"@type":"ImageObject","inLanguage":"es","@id":"https:\/\/fundacioramonmartibonet.org\/es\/#\/schema\/person\/image\/","url":"https:\/\/secure.gravatar.com\/avatar\/754ef50ddec01d379dbb73102f380975?s=96&d=mm&r=g","contentUrl":"https:\/\/secure.gravatar.com\/avatar\/754ef50ddec01d379dbb73102f380975?s=96&d=mm&r=g","caption":"Gemma Cros"},"url":"https:\/\/fundacioramonmartibonet.org\/es\/author\/gemma\/"}]}},"_links":{"self":[{"href":"https:\/\/fundacioramonmartibonet.org\/es\/wp-json\/wp\/v2\/posts\/4361"}],"collection":[{"href":"https:\/\/fundacioramonmartibonet.org\/es\/wp-json\/wp\/v2\/posts"}],"about":[{"href":"https:\/\/fundacioramonmartibonet.org\/es\/wp-json\/wp\/v2\/types\/post"}],"author":[{"embeddable":true,"href":"https:\/\/fundacioramonmartibonet.org\/es\/wp-json\/wp\/v2\/users\/2"}],"replies":[{"embeddable":true,"href":"https:\/\/fundacioramonmartibonet.org\/es\/wp-json\/wp\/v2\/comments?post=4361"}],"version-history":[{"count":2,"href":"https:\/\/fundacioramonmartibonet.org\/es\/wp-json\/wp\/v2\/posts\/4361\/revisions"}],"predecessor-version":[{"id":4368,"href":"https:\/\/fundacioramonmartibonet.org\/es\/wp-json\/wp\/v2\/posts\/4361\/revisions\/4368"}],"wp:featuredmedia":[{"embeddable":true,"href":"https:\/\/fundacioramonmartibonet.org\/es\/wp-json\/wp\/v2\/media\/4360"}],"wp:attachment":[{"href":"https:\/\/fundacioramonmartibonet.org\/es\/wp-json\/wp\/v2\/media?parent=4361"}],"wp:term":[{"taxonomy":"category","embeddable":true,"href":"https:\/\/fundacioramonmartibonet.org\/es\/wp-json\/wp\/v2\/categories?post=4361"},{"taxonomy":"post_tag","embeddable":true,"href":"https:\/\/fundacioramonmartibonet.org\/es\/wp-json\/wp\/v2\/tags?post=4361"}],"curies":[{"name":"wp","href":"https:\/\/api.w.org\/{rel}","templated":true}]}}