{"id":4319,"date":"2026-01-27T13:29:25","date_gmt":"2026-01-27T13:29:25","guid":{"rendered":"https:\/\/fundacioramonmartibonet.org\/?p=4319"},"modified":"2026-01-28T09:39:33","modified_gmt":"2026-01-28T09:39:33","slug":"el-proyecto-vision-para-todos-recibe-de-nuevo-el-apoyo-del-ayuntamiento-de-barcelona","status":"publish","type":"post","link":"https:\/\/fundacioramonmartibonet.org\/es\/2026\/01\/el-proyecto-vision-para-todos-recibe-de-nuevo-el-apoyo-del-ayuntamiento-de-barcelona\/","title":{"rendered":"El proyecto Visi\u00f3n para Todos recibe, de nuevo, el apoyo del Ayuntamiento de Barcelona"},"content":{"rendered":"\n<p>Este a\u00f1o renovamos el convenio de colaboraci\u00f3n con el Ayuntamiento de Barcelona para poder seguir dando apoyo a personas con dificultades visuales que no pueden acceder a tratamientos optom\u00e9tricos. Seg\u00fan el Informe FOESSA (C\u00e1ritas, 2025), alrededor de un 17 % de la poblaci\u00f3n de Barcelona vive en situaci\u00f3n de vulnerabilidad y exclusi\u00f3n social. En muchas ocasiones, las necesidades de salud no quedan bien cubiertas, y es por ello que creemos en la oportunidad de ofrecer una salud visual de calidad que potencie el rendimiento acad\u00e9mico y laboral, as\u00ed como la integraci\u00f3n social.<\/p>\n\n\n\n<p>El acuerdo entre el Ayuntamiento de Barcelona y la Fundaci\u00f3n Ramon Mart\u00ed i Bonet facilita, por un lado, las derivaciones de los pacientes por parte de los Centros de Servicios Sociales de la ciudad de Barcelona. Por otro, el apoyo econ\u00f3mico que permite ofrecer soluciones reales a los problemas de visi\u00f3n. El a\u00f1o pasado, unas 2.000 personas fueron atendidas en la Fundaci\u00f3n a trav\u00e9s del convenio en cuesti\u00f3n.<\/p>\n\n\n\n<figure class=\"wp-block-image size-large\"><img loading=\"lazy\" decoding=\"async\" width=\"1024\" height=\"683\" src=\"https:\/\/fundacioramonmartibonet.org\/wp-content\/uploads\/2026\/01\/IMG_4368-1-1024x683.jpg\" alt=\"\" class=\"wp-image-4321\" srcset=\"https:\/\/fundacioramonmartibonet.org\/wp-content\/uploads\/2026\/01\/IMG_4368-1-1024x683.jpg 1024w, https:\/\/fundacioramonmartibonet.org\/wp-content\/uploads\/2026\/01\/IMG_4368-1-300x200.jpg 300w, https:\/\/fundacioramonmartibonet.org\/wp-content\/uploads\/2026\/01\/IMG_4368-1-768x512.jpg 768w, https:\/\/fundacioramonmartibonet.org\/wp-content\/uploads\/2026\/01\/IMG_4368-1-1536x1024.jpg 1536w, https:\/\/fundacioramonmartibonet.org\/wp-content\/uploads\/2026\/01\/IMG_4368-1-2048x1365.jpg 2048w\" sizes=\"(max-width: 1024px) 100vw, 1024px\" \/><\/figure>\n","protected":false},"excerpt":{"rendered":"<p>En diciembre de 2025 se firma nuevamente un convenio entre el Ayuntamiento de Barcelona y la Fundaci\u00f3n Ramon Mart\u00ed i Bonet para poder llegar a atender a todas aquellas personas de la ciudad de Barcelona que presentan dificultades en la visi\u00f3n y se encuentran en situaci\u00f3n de vulnerabilidad.<\/p>\n","protected":false},"author":2,"featured_media":4337,"comment_status":"closed","ping_status":"open","sticky":false,"template":"","format":"standard","meta":{"_acf_changed":false,"footnotes":""},"categories":[1],"tags":[],"acf":[],"yoast_head":"<!-- This site is optimized with the Yoast SEO plugin v22.5 - https:\/\/yoast.com\/wordpress\/plugins\/seo\/ -->\n<title>El proyecto Visi\u00f3n para Todos recibe, de nuevo, el apoyo del Ayuntamiento de Barcelona - Fundaci\u00f3 Ram\u00f3n Mart\u00ed i Bonet<\/title>\n<meta name=\"robots\" content=\"index, follow, max-snippet:-1, max-image-preview:large, max-video-preview:-1\" \/>\n<link rel=\"canonical\" href=\"https:\/\/fundacioramonmartibonet.org\/es\/2026\/01\/el-proyecto-vision-para-todos-recibe-de-nuevo-el-apoyo-del-ayuntamiento-de-barcelona\/\" \/>\n<meta property=\"og:locale\" content=\"es_ES\" \/>\n<meta property=\"og:type\" content=\"article\" \/>\n<meta property=\"og:title\" content=\"El proyecto Visi\u00f3n para Todos recibe, de nuevo, el apoyo del Ayuntamiento de Barcelona - Fundaci\u00f3 Ram\u00f3n Mart\u00ed i Bonet\" \/>\n<meta property=\"og:description\" content=\"En diciembre de 2025 se firma nuevamente un convenio entre el Ayuntamiento de Barcelona y la Fundaci\u00f3n Ramon Mart\u00ed i Bonet para poder llegar a atender a todas aquellas personas de la ciudad de Barcelona que presentan dificultades en la visi\u00f3n y se encuentran en situaci\u00f3n de vulnerabilidad.\" \/>\n<meta property=\"og:url\" content=\"https:\/\/fundacioramonmartibonet.org\/es\/2026\/01\/el-proyecto-vision-para-todos-recibe-de-nuevo-el-apoyo-del-ayuntamiento-de-barcelona\/\" \/>\n<meta property=\"og:site_name\" content=\"Fundaci\u00f3 Ram\u00f3n Mart\u00ed i Bonet\" \/>\n<meta property=\"article:publisher\" content=\"https:\/\/www.facebook.com\/FundacioRamonMartiBonet\" \/>\n<meta property=\"article:published_time\" content=\"2026-01-27T13:29:25+00:00\" \/>\n<meta property=\"article:modified_time\" content=\"2026-01-28T09:39:33+00:00\" \/>\n<meta property=\"og:image\" content=\"https:\/\/fundacioramonmartibonet.org\/wp-content\/uploads\/2026\/01\/imatge-4.png\" \/>\n\t<meta property=\"og:image:width\" content=\"1600\" \/>\n\t<meta property=\"og:image:height\" content=\"1068\" \/>\n\t<meta property=\"og:image:type\" content=\"image\/png\" \/>\n<meta name=\"author\" content=\"Gemma Cros\" \/>\n<meta name=\"twitter:card\" content=\"summary_large_image\" \/>\n<meta name=\"twitter:creator\" content=\"@FundacioRMB\" \/>\n<meta name=\"twitter:site\" content=\"@FundacioRMB\" \/>\n<script type=\"application\/ld+json\" class=\"yoast-schema-graph\">{\"@context\":\"https:\/\/schema.org\",\"@graph\":[{\"@type\":\"Article\",\"@id\":\"https:\/\/fundacioramonmartibonet.org\/es\/2026\/01\/el-proyecto-vision-para-todos-recibe-de-nuevo-el-apoyo-del-ayuntamiento-de-barcelona\/#article\",\"isPartOf\":{\"@id\":\"https:\/\/fundacioramonmartibonet.org\/es\/2026\/01\/el-proyecto-vision-para-todos-recibe-de-nuevo-el-apoyo-del-ayuntamiento-de-barcelona\/\"},\"author\":{\"name\":\"Gemma Cros\",\"@id\":\"https:\/\/fundacioramonmartibonet.org\/es\/#\/schema\/person\/0078573cb6877aee8ea9807d9603f3ef\"},\"headline\":\"El proyecto Visi\u00f3n para Todos recibe, de nuevo, el apoyo del Ayuntamiento de Barcelona\",\"datePublished\":\"2026-01-27T13:29:25+00:00\",\"dateModified\":\"2026-01-28T09:39:33+00:00\",\"mainEntityOfPage\":{\"@id\":\"https:\/\/fundacioramonmartibonet.org\/es\/2026\/01\/el-proyecto-vision-para-todos-recibe-de-nuevo-el-apoyo-del-ayuntamiento-de-barcelona\/\"},\"wordCount\":188,\"publisher\":{\"@id\":\"https:\/\/fundacioramonmartibonet.org\/es\/#organization\"},\"image\":{\"@id\":\"https:\/\/fundacioramonmartibonet.org\/es\/2026\/01\/el-proyecto-vision-para-todos-recibe-de-nuevo-el-apoyo-del-ayuntamiento-de-barcelona\/#primaryimage\"},\"thumbnailUrl\":\"https:\/\/fundacioramonmartibonet.org\/wp-content\/uploads\/2026\/01\/imatge-4.png\",\"articleSection\":[\"Sin categorizar\"],\"inLanguage\":\"es\"},{\"@type\":\"WebPage\",\"@id\":\"https:\/\/fundacioramonmartibonet.org\/es\/2026\/01\/el-proyecto-vision-para-todos-recibe-de-nuevo-el-apoyo-del-ayuntamiento-de-barcelona\/\",\"url\":\"https:\/\/fundacioramonmartibonet.org\/es\/2026\/01\/el-proyecto-vision-para-todos-recibe-de-nuevo-el-apoyo-del-ayuntamiento-de-barcelona\/\",\"name\":\"El proyecto Visi\u00f3n para Todos recibe, de nuevo, el apoyo del Ayuntamiento de Barcelona - Fundaci\u00f3 Ram\u00f3n Mart\u00ed i Bonet\",\"isPartOf\":{\"@id\":\"https:\/\/fundacioramonmartibonet.org\/es\/#website\"},\"primaryImageOfPage\":{\"@id\":\"https:\/\/fundacioramonmartibonet.org\/es\/2026\/01\/el-proyecto-vision-para-todos-recibe-de-nuevo-el-apoyo-del-ayuntamiento-de-barcelona\/#primaryimage\"},\"image\":{\"@id\":\"https:\/\/fundacioramonmartibonet.org\/es\/2026\/01\/el-proyecto-vision-para-todos-recibe-de-nuevo-el-apoyo-del-ayuntamiento-de-barcelona\/#primaryimage\"},\"thumbnailUrl\":\"https:\/\/fundacioramonmartibonet.org\/wp-content\/uploads\/2026\/01\/imatge-4.png\",\"datePublished\":\"2026-01-27T13:29:25+00:00\",\"dateModified\":\"2026-01-28T09:39:33+00:00\",\"breadcrumb\":{\"@id\":\"https:\/\/fundacioramonmartibonet.org\/es\/2026\/01\/el-proyecto-vision-para-todos-recibe-de-nuevo-el-apoyo-del-ayuntamiento-de-barcelona\/#breadcrumb\"},\"inLanguage\":\"es\",\"potentialAction\":[{\"@type\":\"ReadAction\",\"target\":[\"https:\/\/fundacioramonmartibonet.org\/es\/2026\/01\/el-proyecto-vision-para-todos-recibe-de-nuevo-el-apoyo-del-ayuntamiento-de-barcelona\/\"]}]},{\"@type\":\"ImageObject\",\"inLanguage\":\"es\",\"@id\":\"https:\/\/fundacioramonmartibonet.org\/es\/2026\/01\/el-proyecto-vision-para-todos-recibe-de-nuevo-el-apoyo-del-ayuntamiento-de-barcelona\/#primaryimage\",\"url\":\"https:\/\/fundacioramonmartibonet.org\/wp-content\/uploads\/2026\/01\/imatge-4.png\",\"contentUrl\":\"https:\/\/fundacioramonmartibonet.org\/wp-content\/uploads\/2026\/01\/imatge-4.png\",\"width\":1600,\"height\":1068},{\"@type\":\"BreadcrumbList\",\"@id\":\"https:\/\/fundacioramonmartibonet.org\/es\/2026\/01\/el-proyecto-vision-para-todos-recibe-de-nuevo-el-apoyo-del-ayuntamiento-de-barcelona\/#breadcrumb\",\"itemListElement\":[{\"@type\":\"ListItem\",\"position\":1,\"name\":\"Home\",\"item\":\"https:\/\/fundacioramonmartibonet.org\/es\/\"},{\"@type\":\"ListItem\",\"position\":2,\"name\":\"El proyecto Visi\u00f3n para Todos recibe, de nuevo, el apoyo del Ayuntamiento de Barcelona\"}]},{\"@type\":\"WebSite\",\"@id\":\"https:\/\/fundacioramonmartibonet.org\/es\/#website\",\"url\":\"https:\/\/fundacioramonmartibonet.org\/es\/\",\"name\":\"Fundaci\u00f3 Ramon Mart\u00ed i Bonet\",\"description\":\"Visi\u00f3 per a tothom\",\"publisher\":{\"@id\":\"https:\/\/fundacioramonmartibonet.org\/es\/#organization\"},\"alternateName\":\"FRMB\",\"potentialAction\":[{\"@type\":\"SearchAction\",\"target\":{\"@type\":\"EntryPoint\",\"urlTemplate\":\"https:\/\/fundacioramonmartibonet.org\/es\/?s={search_term_string}\"},\"query-input\":\"required name=search_term_string\"}],\"inLanguage\":\"es\"},{\"@type\":\"Organization\",\"@id\":\"https:\/\/fundacioramonmartibonet.org\/es\/#organization\",\"name\":\"Fundaci\u00f3 Ramon Mart\u00ed i Bonet\",\"alternateName\":\"FRMB\",\"url\":\"https:\/\/fundacioramonmartibonet.org\/es\/\",\"logo\":{\"@type\":\"ImageObject\",\"inLanguage\":\"es\",\"@id\":\"https:\/\/fundacioramonmartibonet.org\/es\/#\/schema\/logo\/image\/\",\"url\":\"https:\/\/fundacioramonmartibonet.org\/wp-content\/uploads\/2023\/06\/frmb.svg\",\"contentUrl\":\"https:\/\/fundacioramonmartibonet.org\/wp-content\/uploads\/2023\/06\/frmb.svg\",\"width\":900,\"height\":280,\"caption\":\"Fundaci\u00f3 Ramon Mart\u00ed i Bonet\"},\"image\":{\"@id\":\"https:\/\/fundacioramonmartibonet.org\/es\/#\/schema\/logo\/image\/\"},\"sameAs\":[\"https:\/\/www.facebook.com\/FundacioRamonMartiBonet\",\"https:\/\/x.com\/FundacioRMB\",\"https:\/\/www.youtube.com\/channel\/UCNyN8HH4tz3ybIBubLBiSog\",\"https:\/\/www.instagram.com\/fundaciormb\/\",\"https:\/\/www.linkedin.com\/company\/fundacio-ramon-marto-i-bonet-contra-la-ceguera\/\"]},{\"@type\":\"Person\",\"@id\":\"https:\/\/fundacioramonmartibonet.org\/es\/#\/schema\/person\/0078573cb6877aee8ea9807d9603f3ef\",\"name\":\"Gemma Cros\",\"image\":{\"@type\":\"ImageObject\",\"inLanguage\":\"es\",\"@id\":\"https:\/\/fundacioramonmartibonet.org\/es\/#\/schema\/person\/image\/\",\"url\":\"https:\/\/secure.gravatar.com\/avatar\/754ef50ddec01d379dbb73102f380975?s=96&d=mm&r=g\",\"contentUrl\":\"https:\/\/secure.gravatar.com\/avatar\/754ef50ddec01d379dbb73102f380975?s=96&d=mm&r=g\",\"caption\":\"Gemma Cros\"},\"url\":\"https:\/\/fundacioramonmartibonet.org\/es\/author\/gemma\/\"}]}<\/script>\n<!-- \/ Yoast SEO plugin. -->","yoast_head_json":{"title":"El proyecto Visi\u00f3n para Todos recibe, de nuevo, el apoyo del Ayuntamiento de Barcelona - Fundaci\u00f3 Ram\u00f3n Mart\u00ed i Bonet","robots":{"index":"index","follow":"follow","max-snippet":"max-snippet:-1","max-image-preview":"max-image-preview:large","max-video-preview":"max-video-preview:-1"},"canonical":"https:\/\/fundacioramonmartibonet.org\/es\/2026\/01\/el-proyecto-vision-para-todos-recibe-de-nuevo-el-apoyo-del-ayuntamiento-de-barcelona\/","og_locale":"es_ES","og_type":"article","og_title":"El proyecto Visi\u00f3n para Todos recibe, de nuevo, el apoyo del Ayuntamiento de Barcelona - Fundaci\u00f3 Ram\u00f3n Mart\u00ed i Bonet","og_description":"En diciembre de 2025 se firma nuevamente un convenio entre el Ayuntamiento de Barcelona y la Fundaci\u00f3n Ramon Mart\u00ed i Bonet para poder llegar a atender a todas aquellas personas de la ciudad de Barcelona que presentan dificultades en la visi\u00f3n y se encuentran en situaci\u00f3n de vulnerabilidad.","og_url":"https:\/\/fundacioramonmartibonet.org\/es\/2026\/01\/el-proyecto-vision-para-todos-recibe-de-nuevo-el-apoyo-del-ayuntamiento-de-barcelona\/","og_site_name":"Fundaci\u00f3 Ram\u00f3n Mart\u00ed i Bonet","article_publisher":"https:\/\/www.facebook.com\/FundacioRamonMartiBonet","article_published_time":"2026-01-27T13:29:25+00:00","article_modified_time":"2026-01-28T09:39:33+00:00","og_image":[{"width":1600,"height":1068,"url":"https:\/\/fundacioramonmartibonet.org\/wp-content\/uploads\/2026\/01\/imatge-4.png","type":"image\/png"}],"author":"Gemma Cros","twitter_card":"summary_large_image","twitter_creator":"@FundacioRMB","twitter_site":"@FundacioRMB","schema":{"@context":"https:\/\/schema.org","@graph":[{"@type":"Article","@id":"https:\/\/fundacioramonmartibonet.org\/es\/2026\/01\/el-proyecto-vision-para-todos-recibe-de-nuevo-el-apoyo-del-ayuntamiento-de-barcelona\/#article","isPartOf":{"@id":"https:\/\/fundacioramonmartibonet.org\/es\/2026\/01\/el-proyecto-vision-para-todos-recibe-de-nuevo-el-apoyo-del-ayuntamiento-de-barcelona\/"},"author":{"name":"Gemma Cros","@id":"https:\/\/fundacioramonmartibonet.org\/es\/#\/schema\/person\/0078573cb6877aee8ea9807d9603f3ef"},"headline":"El proyecto Visi\u00f3n para Todos recibe, de nuevo, el apoyo del Ayuntamiento de Barcelona","datePublished":"2026-01-27T13:29:25+00:00","dateModified":"2026-01-28T09:39:33+00:00","mainEntityOfPage":{"@id":"https:\/\/fundacioramonmartibonet.org\/es\/2026\/01\/el-proyecto-vision-para-todos-recibe-de-nuevo-el-apoyo-del-ayuntamiento-de-barcelona\/"},"wordCount":188,"publisher":{"@id":"https:\/\/fundacioramonmartibonet.org\/es\/#organization"},"image":{"@id":"https:\/\/fundacioramonmartibonet.org\/es\/2026\/01\/el-proyecto-vision-para-todos-recibe-de-nuevo-el-apoyo-del-ayuntamiento-de-barcelona\/#primaryimage"},"thumbnailUrl":"https:\/\/fundacioramonmartibonet.org\/wp-content\/uploads\/2026\/01\/imatge-4.png","articleSection":["Sin categorizar"],"inLanguage":"es"},{"@type":"WebPage","@id":"https:\/\/fundacioramonmartibonet.org\/es\/2026\/01\/el-proyecto-vision-para-todos-recibe-de-nuevo-el-apoyo-del-ayuntamiento-de-barcelona\/","url":"https:\/\/fundacioramonmartibonet.org\/es\/2026\/01\/el-proyecto-vision-para-todos-recibe-de-nuevo-el-apoyo-del-ayuntamiento-de-barcelona\/","name":"El proyecto Visi\u00f3n para Todos recibe, de nuevo, el apoyo del Ayuntamiento de Barcelona - Fundaci\u00f3 Ram\u00f3n Mart\u00ed i Bonet","isPartOf":{"@id":"https:\/\/fundacioramonmartibonet.org\/es\/#website"},"primaryImageOfPage":{"@id":"https:\/\/fundacioramonmartibonet.org\/es\/2026\/01\/el-proyecto-vision-para-todos-recibe-de-nuevo-el-apoyo-del-ayuntamiento-de-barcelona\/#primaryimage"},"image":{"@id":"https:\/\/fundacioramonmartibonet.org\/es\/2026\/01\/el-proyecto-vision-para-todos-recibe-de-nuevo-el-apoyo-del-ayuntamiento-de-barcelona\/#primaryimage"},"thumbnailUrl":"https:\/\/fundacioramonmartibonet.org\/wp-content\/uploads\/2026\/01\/imatge-4.png","datePublished":"2026-01-27T13:29:25+00:00","dateModified":"2026-01-28T09:39:33+00:00","breadcrumb":{"@id":"https:\/\/fundacioramonmartibonet.org\/es\/2026\/01\/el-proyecto-vision-para-todos-recibe-de-nuevo-el-apoyo-del-ayuntamiento-de-barcelona\/#breadcrumb"},"inLanguage":"es","potentialAction":[{"@type":"ReadAction","target":["https:\/\/fundacioramonmartibonet.org\/es\/2026\/01\/el-proyecto-vision-para-todos-recibe-de-nuevo-el-apoyo-del-ayuntamiento-de-barcelona\/"]}]},{"@type":"ImageObject","inLanguage":"es","@id":"https:\/\/fundacioramonmartibonet.org\/es\/2026\/01\/el-proyecto-vision-para-todos-recibe-de-nuevo-el-apoyo-del-ayuntamiento-de-barcelona\/#primaryimage","url":"https:\/\/fundacioramonmartibonet.org\/wp-content\/uploads\/2026\/01\/imatge-4.png","contentUrl":"https:\/\/fundacioramonmartibonet.org\/wp-content\/uploads\/2026\/01\/imatge-4.png","width":1600,"height":1068},{"@type":"BreadcrumbList","@id":"https:\/\/fundacioramonmartibonet.org\/es\/2026\/01\/el-proyecto-vision-para-todos-recibe-de-nuevo-el-apoyo-del-ayuntamiento-de-barcelona\/#breadcrumb","itemListElement":[{"@type":"ListItem","position":1,"name":"Home","item":"https:\/\/fundacioramonmartibonet.org\/es\/"},{"@type":"ListItem","position":2,"name":"El proyecto Visi\u00f3n para Todos recibe, de nuevo, el apoyo del Ayuntamiento de Barcelona"}]},{"@type":"WebSite","@id":"https:\/\/fundacioramonmartibonet.org\/es\/#website","url":"https:\/\/fundacioramonmartibonet.org\/es\/","name":"Fundaci\u00f3 Ramon Mart\u00ed i Bonet","description":"Visi\u00f3 per a tothom","publisher":{"@id":"https:\/\/fundacioramonmartibonet.org\/es\/#organization"},"alternateName":"FRMB","potentialAction":[{"@type":"SearchAction","target":{"@type":"EntryPoint","urlTemplate":"https:\/\/fundacioramonmartibonet.org\/es\/?s={search_term_string}"},"query-input":"required name=search_term_string"}],"inLanguage":"es"},{"@type":"Organization","@id":"https:\/\/fundacioramonmartibonet.org\/es\/#organization","name":"Fundaci\u00f3 Ramon Mart\u00ed i Bonet","alternateName":"FRMB","url":"https:\/\/fundacioramonmartibonet.org\/es\/","logo":{"@type":"ImageObject","inLanguage":"es","@id":"https:\/\/fundacioramonmartibonet.org\/es\/#\/schema\/logo\/image\/","url":"https:\/\/fundacioramonmartibonet.org\/wp-content\/uploads\/2023\/06\/frmb.svg","contentUrl":"https:\/\/fundacioramonmartibonet.org\/wp-content\/uploads\/2023\/06\/frmb.svg","width":900,"height":280,"caption":"Fundaci\u00f3 Ramon Mart\u00ed i Bonet"},"image":{"@id":"https:\/\/fundacioramonmartibonet.org\/es\/#\/schema\/logo\/image\/"},"sameAs":["https:\/\/www.facebook.com\/FundacioRamonMartiBonet","https:\/\/x.com\/FundacioRMB","https:\/\/www.youtube.com\/channel\/UCNyN8HH4tz3ybIBubLBiSog","https:\/\/www.instagram.com\/fundaciormb\/","https:\/\/www.linkedin.com\/company\/fundacio-ramon-marto-i-bonet-contra-la-ceguera\/"]},{"@type":"Person","@id":"https:\/\/fundacioramonmartibonet.org\/es\/#\/schema\/person\/0078573cb6877aee8ea9807d9603f3ef","name":"Gemma Cros","image":{"@type":"ImageObject","inLanguage":"es","@id":"https:\/\/fundacioramonmartibonet.org\/es\/#\/schema\/person\/image\/","url":"https:\/\/secure.gravatar.com\/avatar\/754ef50ddec01d379dbb73102f380975?s=96&d=mm&r=g","contentUrl":"https:\/\/secure.gravatar.com\/avatar\/754ef50ddec01d379dbb73102f380975?s=96&d=mm&r=g","caption":"Gemma Cros"},"url":"https:\/\/fundacioramonmartibonet.org\/es\/author\/gemma\/"}]}},"_links":{"self":[{"href":"https:\/\/fundacioramonmartibonet.org\/es\/wp-json\/wp\/v2\/posts\/4319"}],"collection":[{"href":"https:\/\/fundacioramonmartibonet.org\/es\/wp-json\/wp\/v2\/posts"}],"about":[{"href":"https:\/\/fundacioramonmartibonet.org\/es\/wp-json\/wp\/v2\/types\/post"}],"author":[{"embeddable":true,"href":"https:\/\/fundacioramonmartibonet.org\/es\/wp-json\/wp\/v2\/users\/2"}],"replies":[{"embeddable":true,"href":"https:\/\/fundacioramonmartibonet.org\/es\/wp-json\/wp\/v2\/comments?post=4319"}],"version-history":[{"count":2,"href":"https:\/\/fundacioramonmartibonet.org\/es\/wp-json\/wp\/v2\/posts\/4319\/revisions"}],"predecessor-version":[{"id":4324,"href":"https:\/\/fundacioramonmartibonet.org\/es\/wp-json\/wp\/v2\/posts\/4319\/revisions\/4324"}],"wp:featuredmedia":[{"embeddable":true,"href":"https:\/\/fundacioramonmartibonet.org\/es\/wp-json\/wp\/v2\/media\/4337"}],"wp:attachment":[{"href":"https:\/\/fundacioramonmartibonet.org\/es\/wp-json\/wp\/v2\/media?parent=4319"}],"wp:term":[{"taxonomy":"category","embeddable":true,"href":"https:\/\/fundacioramonmartibonet.org\/es\/wp-json\/wp\/v2\/categories?post=4319"},{"taxonomy":"post_tag","embeddable":true,"href":"https:\/\/fundacioramonmartibonet.org\/es\/wp-json\/wp\/v2\/tags?post=4319"}],"curies":[{"name":"wp","href":"https:\/\/api.w.org\/{rel}","templated":true}]}}