{"id":4232,"date":"2025-10-22T16:53:32","date_gmt":"2025-10-22T16:53:32","guid":{"rendered":"https:\/\/fundacioramonmartibonet.org\/?p=4232"},"modified":"2025-10-23T06:29:34","modified_gmt":"2025-10-23T06:29:34","slug":"la-fundacio-i-lhospital-le-bon-samaritain-sumen-forces-un-cop-mes-a-la-ciutat-de-ndjamena","status":"publish","type":"post","link":"https:\/\/fundacioramonmartibonet.org\/es\/2025\/10\/la-fundacio-i-lhospital-le-bon-samaritain-sumen-forces-un-cop-mes-a-la-ciutat-de-ndjamena\/","title":{"rendered":"La Fundaci\u00f3n y el Hospital Le Bon Samaritain unen fuerzas una vez m\u00e1s en la ciudad de Yamena."},"content":{"rendered":"\n<p>Como consecuencia de su recorrido hist\u00f3rico y localizaci\u00f3n geopol\u00edtica, entre otros factores, Chad es un pa\u00eds que enfrenta m\u00faltiples complejidades, las cuales tienen un grave impacto en gran parte de su poblaci\u00f3n. Seg\u00fan el informe del Programa de las Naciones Unidas para el Desarrollo publicado en el a\u00f1o 2025, se encuentra entre los pa\u00edses con menor \u00cdndice de Desarrollo Humano (IDH)[1]. Estos indicadores est\u00e1n relacionados con un elevado \u00cdndice de Pobreza Multidimensional que perjudica la calidad de vida de la sociedad chadiana. Diversos factores explican esta realidad: el pasado colonial y la explotaci\u00f3n de sus recursos por parte de pa\u00edses externos, la inestabilidad pol\u00edtica regional o la deuda nacional, que condiciona el buen funcionamiento de los servicios p\u00fablicos. Esta situaci\u00f3n repercute en distintos \u00e1mbitos; entre ellos, el acceso a una sanidad p\u00fablica y de calidad. Por ejemplo: solo hay unos 0,82 m\u00e9dicos y m\u00e9dicas por cada 10.000 habitantes[2].<\/p>\n\n\n\n<p>Evidentemente, tambi\u00e9n se incluye la salud visual: la atenci\u00f3n oftalmol\u00f3gica se limita a la capital, Yamena, de forma escasa, y las enfermedades oculares afectan ampliamente a gran parte de la poblaci\u00f3n chadiana, incluso a los m\u00e1s j\u00f3venes. Sumado a la falta de personal cualificado en el \u00e1mbito oftalmol\u00f3gico, las deficiencias visuales son dif\u00edciles de abordar adecuadamente.<\/p>\n\n\n\n<p>La Fundaci\u00f3n Ramon Mart\u00ed i Bonet mantiene relaci\u00f3n con Chad desde el a\u00f1o 2016, cuando comenz\u00f3 a colaborar con su contraparte local: el Complexe Hospitalo-Universitaire Le Bon Samaritain. Desde entonces, ambas entidades han trabajado conjuntamente en el intercambio de conocimientos, realidades y contextos respectivos, con el objetivo de fomentar una salud visual \u00f3ptima. Esta alianza se materializa, una vez m\u00e1s, en la Comisi\u00f3n de octubre de 2025. Profesionales del Institut Catal\u00e0 de Retina y de la Fundaci\u00f3n Ramon Mart\u00ed i Bonet viajan a Yamena y son acogidos por el Hospital Le Bon Samaritain. Durante dos semanas, se han realizado 92 cirug\u00edas y m\u00faltiples revisiones oftalmol\u00f3gicas y optom\u00e9tricas. Adem\u00e1s, se ha aprovechado para fortalecer las relaciones con el equipo local, tanto directivo como asistencial; incidir en la formaci\u00f3n oftalmol\u00f3gica; continuar trabajando en el v\u00ednculo con el Ministerio de Chad; definir los pr\u00f3ximos pasos de la iniciativa formativa en la Facultad de Medicina y Enfermer\u00eda de la Universidad; y reforzar el servicio de telemedicina.<\/p>\n\n\n\n<p><a href=\"#_ftnref1\" id=\"_ftn1\">[1]<\/a> <a href=\"https:\/\/hdr.undp.org\/system\/files\/documents\/hdp-document\/mpireport2024en.pdf\">https:\/\/hdr.undp.org\/system\/files\/documents\/hdp-document\/mpireport2024en.pdf<\/a><\/p>\n\n\n\n<p><a href=\"#_ftnref2\" id=\"_ftn2\">[2]<\/a> <a href=\"https:\/\/data.who.int\/countries\/148\">https:\/\/data.who.int\/countries\/148<\/a><\/p>\n","protected":false},"excerpt":{"rendered":"<p>La Comisi\u00f3n de Octubre de 2025 se traslada de nuevo a Yamena, en Chad, para trabajar con el socio local, el Hospital Le Bon Samaritain, en intervenciones oftalmol\u00f3gicas y optom\u00e9tricas. Las dos semanas concluyen con 92 cirug\u00edas y cientos de visitas.<\/p>\n","protected":false},"author":2,"featured_media":4241,"comment_status":"closed","ping_status":"open","sticky":false,"template":"","format":"standard","meta":{"_acf_changed":false,"footnotes":""},"categories":[1],"tags":[],"acf":[],"yoast_head":"<!-- This site is optimized with the Yoast SEO plugin v22.5 - https:\/\/yoast.com\/wordpress\/plugins\/seo\/ -->\n<title>La Fundaci\u00f3n y el Hospital Le Bon Samaritain unen fuerzas una vez m\u00e1s en la ciudad de Yamena. - Fundaci\u00f3 Ram\u00f3n Mart\u00ed i Bonet<\/title>\n<meta name=\"robots\" content=\"index, follow, max-snippet:-1, max-image-preview:large, max-video-preview:-1\" \/>\n<link rel=\"canonical\" href=\"https:\/\/fundacioramonmartibonet.org\/es\/2025\/10\/la-fundacio-i-lhospital-le-bon-samaritain-sumen-forces-un-cop-mes-a-la-ciutat-de-ndjamena\/\" \/>\n<meta property=\"og:locale\" content=\"es_ES\" \/>\n<meta property=\"og:type\" content=\"article\" \/>\n<meta property=\"og:title\" content=\"La Fundaci\u00f3n y el Hospital Le Bon Samaritain unen fuerzas una vez m\u00e1s en la ciudad de Yamena. - Fundaci\u00f3 Ram\u00f3n Mart\u00ed i Bonet\" \/>\n<meta property=\"og:description\" content=\"La Comisi\u00f3n de Octubre de 2025 se traslada de nuevo a Yamena, en Chad, para trabajar con el socio local, el Hospital Le Bon Samaritain, en intervenciones oftalmol\u00f3gicas y optom\u00e9tricas. Las dos semanas concluyen con 92 cirug\u00edas y cientos de visitas.\" \/>\n<meta property=\"og:url\" content=\"https:\/\/fundacioramonmartibonet.org\/es\/2025\/10\/la-fundacio-i-lhospital-le-bon-samaritain-sumen-forces-un-cop-mes-a-la-ciutat-de-ndjamena\/\" \/>\n<meta property=\"og:site_name\" content=\"Fundaci\u00f3 Ram\u00f3n Mart\u00ed i Bonet\" \/>\n<meta property=\"article:publisher\" content=\"https:\/\/www.facebook.com\/FundacioRamonMartiBonet\" \/>\n<meta property=\"article:published_time\" content=\"2025-10-22T16:53:32+00:00\" \/>\n<meta property=\"article:modified_time\" content=\"2025-10-23T06:29:34+00:00\" \/>\n<meta property=\"og:image\" content=\"https:\/\/fundacioramonmartibonet.org\/wp-content\/uploads\/2025\/10\/ComOct252.jpeg\" \/>\n\t<meta property=\"og:image:width\" content=\"740\" \/>\n\t<meta property=\"og:image:height\" content=\"1600\" \/>\n\t<meta property=\"og:image:type\" content=\"image\/jpeg\" \/>\n<meta name=\"author\" content=\"Gemma Cros\" \/>\n<meta name=\"twitter:card\" content=\"summary_large_image\" \/>\n<meta name=\"twitter:creator\" content=\"@FundacioRMB\" \/>\n<meta name=\"twitter:site\" content=\"@FundacioRMB\" \/>\n<script type=\"application\/ld+json\" class=\"yoast-schema-graph\">{\"@context\":\"https:\/\/schema.org\",\"@graph\":[{\"@type\":\"Article\",\"@id\":\"https:\/\/fundacioramonmartibonet.org\/es\/2025\/10\/la-fundacio-i-lhospital-le-bon-samaritain-sumen-forces-un-cop-mes-a-la-ciutat-de-ndjamena\/#article\",\"isPartOf\":{\"@id\":\"https:\/\/fundacioramonmartibonet.org\/es\/2025\/10\/la-fundacio-i-lhospital-le-bon-samaritain-sumen-forces-un-cop-mes-a-la-ciutat-de-ndjamena\/\"},\"author\":{\"name\":\"Gemma Cros\",\"@id\":\"https:\/\/fundacioramonmartibonet.org\/es\/#\/schema\/person\/0078573cb6877aee8ea9807d9603f3ef\"},\"headline\":\"La Fundaci\u00f3n y el Hospital Le Bon Samaritain unen fuerzas una vez m\u00e1s en la ciudad de Yamena.\",\"datePublished\":\"2025-10-22T16:53:32+00:00\",\"dateModified\":\"2025-10-23T06:29:34+00:00\",\"mainEntityOfPage\":{\"@id\":\"https:\/\/fundacioramonmartibonet.org\/es\/2025\/10\/la-fundacio-i-lhospital-le-bon-samaritain-sumen-forces-un-cop-mes-a-la-ciutat-de-ndjamena\/\"},\"wordCount\":438,\"publisher\":{\"@id\":\"https:\/\/fundacioramonmartibonet.org\/es\/#organization\"},\"image\":{\"@id\":\"https:\/\/fundacioramonmartibonet.org\/es\/2025\/10\/la-fundacio-i-lhospital-le-bon-samaritain-sumen-forces-un-cop-mes-a-la-ciutat-de-ndjamena\/#primaryimage\"},\"thumbnailUrl\":\"https:\/\/fundacioramonmartibonet.org\/wp-content\/uploads\/2025\/10\/ComOct252.jpeg\",\"articleSection\":[\"Sin categorizar\"],\"inLanguage\":\"es\"},{\"@type\":\"WebPage\",\"@id\":\"https:\/\/fundacioramonmartibonet.org\/es\/2025\/10\/la-fundacio-i-lhospital-le-bon-samaritain-sumen-forces-un-cop-mes-a-la-ciutat-de-ndjamena\/\",\"url\":\"https:\/\/fundacioramonmartibonet.org\/es\/2025\/10\/la-fundacio-i-lhospital-le-bon-samaritain-sumen-forces-un-cop-mes-a-la-ciutat-de-ndjamena\/\",\"name\":\"La Fundaci\u00f3n y el Hospital Le Bon Samaritain unen fuerzas una vez m\u00e1s en la ciudad de Yamena. - Fundaci\u00f3 Ram\u00f3n Mart\u00ed i Bonet\",\"isPartOf\":{\"@id\":\"https:\/\/fundacioramonmartibonet.org\/es\/#website\"},\"primaryImageOfPage\":{\"@id\":\"https:\/\/fundacioramonmartibonet.org\/es\/2025\/10\/la-fundacio-i-lhospital-le-bon-samaritain-sumen-forces-un-cop-mes-a-la-ciutat-de-ndjamena\/#primaryimage\"},\"image\":{\"@id\":\"https:\/\/fundacioramonmartibonet.org\/es\/2025\/10\/la-fundacio-i-lhospital-le-bon-samaritain-sumen-forces-un-cop-mes-a-la-ciutat-de-ndjamena\/#primaryimage\"},\"thumbnailUrl\":\"https:\/\/fundacioramonmartibonet.org\/wp-content\/uploads\/2025\/10\/ComOct252.jpeg\",\"datePublished\":\"2025-10-22T16:53:32+00:00\",\"dateModified\":\"2025-10-23T06:29:34+00:00\",\"breadcrumb\":{\"@id\":\"https:\/\/fundacioramonmartibonet.org\/es\/2025\/10\/la-fundacio-i-lhospital-le-bon-samaritain-sumen-forces-un-cop-mes-a-la-ciutat-de-ndjamena\/#breadcrumb\"},\"inLanguage\":\"es\",\"potentialAction\":[{\"@type\":\"ReadAction\",\"target\":[\"https:\/\/fundacioramonmartibonet.org\/es\/2025\/10\/la-fundacio-i-lhospital-le-bon-samaritain-sumen-forces-un-cop-mes-a-la-ciutat-de-ndjamena\/\"]}]},{\"@type\":\"ImageObject\",\"inLanguage\":\"es\",\"@id\":\"https:\/\/fundacioramonmartibonet.org\/es\/2025\/10\/la-fundacio-i-lhospital-le-bon-samaritain-sumen-forces-un-cop-mes-a-la-ciutat-de-ndjamena\/#primaryimage\",\"url\":\"https:\/\/fundacioramonmartibonet.org\/wp-content\/uploads\/2025\/10\/ComOct252.jpeg\",\"contentUrl\":\"https:\/\/fundacioramonmartibonet.org\/wp-content\/uploads\/2025\/10\/ComOct252.jpeg\",\"width\":740,\"height\":1600},{\"@type\":\"BreadcrumbList\",\"@id\":\"https:\/\/fundacioramonmartibonet.org\/es\/2025\/10\/la-fundacio-i-lhospital-le-bon-samaritain-sumen-forces-un-cop-mes-a-la-ciutat-de-ndjamena\/#breadcrumb\",\"itemListElement\":[{\"@type\":\"ListItem\",\"position\":1,\"name\":\"Home\",\"item\":\"https:\/\/fundacioramonmartibonet.org\/es\/\"},{\"@type\":\"ListItem\",\"position\":2,\"name\":\"La Fundaci\u00f3n y el Hospital Le Bon Samaritain unen fuerzas una vez m\u00e1s en la ciudad de Yamena.\"}]},{\"@type\":\"WebSite\",\"@id\":\"https:\/\/fundacioramonmartibonet.org\/es\/#website\",\"url\":\"https:\/\/fundacioramonmartibonet.org\/es\/\",\"name\":\"Fundaci\u00f3 Ramon Mart\u00ed i Bonet\",\"description\":\"Visi\u00f3 per a tothom\",\"publisher\":{\"@id\":\"https:\/\/fundacioramonmartibonet.org\/es\/#organization\"},\"alternateName\":\"FRMB\",\"potentialAction\":[{\"@type\":\"SearchAction\",\"target\":{\"@type\":\"EntryPoint\",\"urlTemplate\":\"https:\/\/fundacioramonmartibonet.org\/es\/?s={search_term_string}\"},\"query-input\":\"required name=search_term_string\"}],\"inLanguage\":\"es\"},{\"@type\":\"Organization\",\"@id\":\"https:\/\/fundacioramonmartibonet.org\/es\/#organization\",\"name\":\"Fundaci\u00f3 Ramon Mart\u00ed i Bonet\",\"alternateName\":\"FRMB\",\"url\":\"https:\/\/fundacioramonmartibonet.org\/es\/\",\"logo\":{\"@type\":\"ImageObject\",\"inLanguage\":\"es\",\"@id\":\"https:\/\/fundacioramonmartibonet.org\/es\/#\/schema\/logo\/image\/\",\"url\":\"https:\/\/fundacioramonmartibonet.org\/wp-content\/uploads\/2023\/06\/frmb.svg\",\"contentUrl\":\"https:\/\/fundacioramonmartibonet.org\/wp-content\/uploads\/2023\/06\/frmb.svg\",\"width\":900,\"height\":280,\"caption\":\"Fundaci\u00f3 Ramon Mart\u00ed i Bonet\"},\"image\":{\"@id\":\"https:\/\/fundacioramonmartibonet.org\/es\/#\/schema\/logo\/image\/\"},\"sameAs\":[\"https:\/\/www.facebook.com\/FundacioRamonMartiBonet\",\"https:\/\/x.com\/FundacioRMB\",\"https:\/\/www.youtube.com\/channel\/UCNyN8HH4tz3ybIBubLBiSog\",\"https:\/\/www.instagram.com\/fundaciormb\/\",\"https:\/\/www.linkedin.com\/company\/fundacio-ramon-marto-i-bonet-contra-la-ceguera\/\"]},{\"@type\":\"Person\",\"@id\":\"https:\/\/fundacioramonmartibonet.org\/es\/#\/schema\/person\/0078573cb6877aee8ea9807d9603f3ef\",\"name\":\"Gemma Cros\",\"image\":{\"@type\":\"ImageObject\",\"inLanguage\":\"es\",\"@id\":\"https:\/\/fundacioramonmartibonet.org\/es\/#\/schema\/person\/image\/\",\"url\":\"https:\/\/secure.gravatar.com\/avatar\/754ef50ddec01d379dbb73102f380975?s=96&d=mm&r=g\",\"contentUrl\":\"https:\/\/secure.gravatar.com\/avatar\/754ef50ddec01d379dbb73102f380975?s=96&d=mm&r=g\",\"caption\":\"Gemma Cros\"},\"url\":\"https:\/\/fundacioramonmartibonet.org\/es\/author\/gemma\/\"}]}<\/script>\n<!-- \/ Yoast SEO plugin. -->","yoast_head_json":{"title":"La Fundaci\u00f3n y el Hospital Le Bon Samaritain unen fuerzas una vez m\u00e1s en la ciudad de Yamena. - Fundaci\u00f3 Ram\u00f3n Mart\u00ed i Bonet","robots":{"index":"index","follow":"follow","max-snippet":"max-snippet:-1","max-image-preview":"max-image-preview:large","max-video-preview":"max-video-preview:-1"},"canonical":"https:\/\/fundacioramonmartibonet.org\/es\/2025\/10\/la-fundacio-i-lhospital-le-bon-samaritain-sumen-forces-un-cop-mes-a-la-ciutat-de-ndjamena\/","og_locale":"es_ES","og_type":"article","og_title":"La Fundaci\u00f3n y el Hospital Le Bon Samaritain unen fuerzas una vez m\u00e1s en la ciudad de Yamena. - Fundaci\u00f3 Ram\u00f3n Mart\u00ed i Bonet","og_description":"La Comisi\u00f3n de Octubre de 2025 se traslada de nuevo a Yamena, en Chad, para trabajar con el socio local, el Hospital Le Bon Samaritain, en intervenciones oftalmol\u00f3gicas y optom\u00e9tricas. Las dos semanas concluyen con 92 cirug\u00edas y cientos de visitas.","og_url":"https:\/\/fundacioramonmartibonet.org\/es\/2025\/10\/la-fundacio-i-lhospital-le-bon-samaritain-sumen-forces-un-cop-mes-a-la-ciutat-de-ndjamena\/","og_site_name":"Fundaci\u00f3 Ram\u00f3n Mart\u00ed i Bonet","article_publisher":"https:\/\/www.facebook.com\/FundacioRamonMartiBonet","article_published_time":"2025-10-22T16:53:32+00:00","article_modified_time":"2025-10-23T06:29:34+00:00","og_image":[{"width":740,"height":1600,"url":"https:\/\/fundacioramonmartibonet.org\/wp-content\/uploads\/2025\/10\/ComOct252.jpeg","type":"image\/jpeg"}],"author":"Gemma Cros","twitter_card":"summary_large_image","twitter_creator":"@FundacioRMB","twitter_site":"@FundacioRMB","schema":{"@context":"https:\/\/schema.org","@graph":[{"@type":"Article","@id":"https:\/\/fundacioramonmartibonet.org\/es\/2025\/10\/la-fundacio-i-lhospital-le-bon-samaritain-sumen-forces-un-cop-mes-a-la-ciutat-de-ndjamena\/#article","isPartOf":{"@id":"https:\/\/fundacioramonmartibonet.org\/es\/2025\/10\/la-fundacio-i-lhospital-le-bon-samaritain-sumen-forces-un-cop-mes-a-la-ciutat-de-ndjamena\/"},"author":{"name":"Gemma Cros","@id":"https:\/\/fundacioramonmartibonet.org\/es\/#\/schema\/person\/0078573cb6877aee8ea9807d9603f3ef"},"headline":"La Fundaci\u00f3n y el Hospital Le Bon Samaritain unen fuerzas una vez m\u00e1s en la ciudad de Yamena.","datePublished":"2025-10-22T16:53:32+00:00","dateModified":"2025-10-23T06:29:34+00:00","mainEntityOfPage":{"@id":"https:\/\/fundacioramonmartibonet.org\/es\/2025\/10\/la-fundacio-i-lhospital-le-bon-samaritain-sumen-forces-un-cop-mes-a-la-ciutat-de-ndjamena\/"},"wordCount":438,"publisher":{"@id":"https:\/\/fundacioramonmartibonet.org\/es\/#organization"},"image":{"@id":"https:\/\/fundacioramonmartibonet.org\/es\/2025\/10\/la-fundacio-i-lhospital-le-bon-samaritain-sumen-forces-un-cop-mes-a-la-ciutat-de-ndjamena\/#primaryimage"},"thumbnailUrl":"https:\/\/fundacioramonmartibonet.org\/wp-content\/uploads\/2025\/10\/ComOct252.jpeg","articleSection":["Sin categorizar"],"inLanguage":"es"},{"@type":"WebPage","@id":"https:\/\/fundacioramonmartibonet.org\/es\/2025\/10\/la-fundacio-i-lhospital-le-bon-samaritain-sumen-forces-un-cop-mes-a-la-ciutat-de-ndjamena\/","url":"https:\/\/fundacioramonmartibonet.org\/es\/2025\/10\/la-fundacio-i-lhospital-le-bon-samaritain-sumen-forces-un-cop-mes-a-la-ciutat-de-ndjamena\/","name":"La Fundaci\u00f3n y el Hospital Le Bon Samaritain unen fuerzas una vez m\u00e1s en la ciudad de Yamena. - Fundaci\u00f3 Ram\u00f3n Mart\u00ed i Bonet","isPartOf":{"@id":"https:\/\/fundacioramonmartibonet.org\/es\/#website"},"primaryImageOfPage":{"@id":"https:\/\/fundacioramonmartibonet.org\/es\/2025\/10\/la-fundacio-i-lhospital-le-bon-samaritain-sumen-forces-un-cop-mes-a-la-ciutat-de-ndjamena\/#primaryimage"},"image":{"@id":"https:\/\/fundacioramonmartibonet.org\/es\/2025\/10\/la-fundacio-i-lhospital-le-bon-samaritain-sumen-forces-un-cop-mes-a-la-ciutat-de-ndjamena\/#primaryimage"},"thumbnailUrl":"https:\/\/fundacioramonmartibonet.org\/wp-content\/uploads\/2025\/10\/ComOct252.jpeg","datePublished":"2025-10-22T16:53:32+00:00","dateModified":"2025-10-23T06:29:34+00:00","breadcrumb":{"@id":"https:\/\/fundacioramonmartibonet.org\/es\/2025\/10\/la-fundacio-i-lhospital-le-bon-samaritain-sumen-forces-un-cop-mes-a-la-ciutat-de-ndjamena\/#breadcrumb"},"inLanguage":"es","potentialAction":[{"@type":"ReadAction","target":["https:\/\/fundacioramonmartibonet.org\/es\/2025\/10\/la-fundacio-i-lhospital-le-bon-samaritain-sumen-forces-un-cop-mes-a-la-ciutat-de-ndjamena\/"]}]},{"@type":"ImageObject","inLanguage":"es","@id":"https:\/\/fundacioramonmartibonet.org\/es\/2025\/10\/la-fundacio-i-lhospital-le-bon-samaritain-sumen-forces-un-cop-mes-a-la-ciutat-de-ndjamena\/#primaryimage","url":"https:\/\/fundacioramonmartibonet.org\/wp-content\/uploads\/2025\/10\/ComOct252.jpeg","contentUrl":"https:\/\/fundacioramonmartibonet.org\/wp-content\/uploads\/2025\/10\/ComOct252.jpeg","width":740,"height":1600},{"@type":"BreadcrumbList","@id":"https:\/\/fundacioramonmartibonet.org\/es\/2025\/10\/la-fundacio-i-lhospital-le-bon-samaritain-sumen-forces-un-cop-mes-a-la-ciutat-de-ndjamena\/#breadcrumb","itemListElement":[{"@type":"ListItem","position":1,"name":"Home","item":"https:\/\/fundacioramonmartibonet.org\/es\/"},{"@type":"ListItem","position":2,"name":"La Fundaci\u00f3n y el Hospital Le Bon Samaritain unen fuerzas una vez m\u00e1s en la ciudad de Yamena."}]},{"@type":"WebSite","@id":"https:\/\/fundacioramonmartibonet.org\/es\/#website","url":"https:\/\/fundacioramonmartibonet.org\/es\/","name":"Fundaci\u00f3 Ramon Mart\u00ed i Bonet","description":"Visi\u00f3 per a tothom","publisher":{"@id":"https:\/\/fundacioramonmartibonet.org\/es\/#organization"},"alternateName":"FRMB","potentialAction":[{"@type":"SearchAction","target":{"@type":"EntryPoint","urlTemplate":"https:\/\/fundacioramonmartibonet.org\/es\/?s={search_term_string}"},"query-input":"required name=search_term_string"}],"inLanguage":"es"},{"@type":"Organization","@id":"https:\/\/fundacioramonmartibonet.org\/es\/#organization","name":"Fundaci\u00f3 Ramon Mart\u00ed i Bonet","alternateName":"FRMB","url":"https:\/\/fundacioramonmartibonet.org\/es\/","logo":{"@type":"ImageObject","inLanguage":"es","@id":"https:\/\/fundacioramonmartibonet.org\/es\/#\/schema\/logo\/image\/","url":"https:\/\/fundacioramonmartibonet.org\/wp-content\/uploads\/2023\/06\/frmb.svg","contentUrl":"https:\/\/fundacioramonmartibonet.org\/wp-content\/uploads\/2023\/06\/frmb.svg","width":900,"height":280,"caption":"Fundaci\u00f3 Ramon Mart\u00ed i Bonet"},"image":{"@id":"https:\/\/fundacioramonmartibonet.org\/es\/#\/schema\/logo\/image\/"},"sameAs":["https:\/\/www.facebook.com\/FundacioRamonMartiBonet","https:\/\/x.com\/FundacioRMB","https:\/\/www.youtube.com\/channel\/UCNyN8HH4tz3ybIBubLBiSog","https:\/\/www.instagram.com\/fundaciormb\/","https:\/\/www.linkedin.com\/company\/fundacio-ramon-marto-i-bonet-contra-la-ceguera\/"]},{"@type":"Person","@id":"https:\/\/fundacioramonmartibonet.org\/es\/#\/schema\/person\/0078573cb6877aee8ea9807d9603f3ef","name":"Gemma Cros","image":{"@type":"ImageObject","inLanguage":"es","@id":"https:\/\/fundacioramonmartibonet.org\/es\/#\/schema\/person\/image\/","url":"https:\/\/secure.gravatar.com\/avatar\/754ef50ddec01d379dbb73102f380975?s=96&d=mm&r=g","contentUrl":"https:\/\/secure.gravatar.com\/avatar\/754ef50ddec01d379dbb73102f380975?s=96&d=mm&r=g","caption":"Gemma Cros"},"url":"https:\/\/fundacioramonmartibonet.org\/es\/author\/gemma\/"}]}},"_links":{"self":[{"href":"https:\/\/fundacioramonmartibonet.org\/es\/wp-json\/wp\/v2\/posts\/4232"}],"collection":[{"href":"https:\/\/fundacioramonmartibonet.org\/es\/wp-json\/wp\/v2\/posts"}],"about":[{"href":"https:\/\/fundacioramonmartibonet.org\/es\/wp-json\/wp\/v2\/types\/post"}],"author":[{"embeddable":true,"href":"https:\/\/fundacioramonmartibonet.org\/es\/wp-json\/wp\/v2\/users\/2"}],"replies":[{"embeddable":true,"href":"https:\/\/fundacioramonmartibonet.org\/es\/wp-json\/wp\/v2\/comments?post=4232"}],"version-history":[{"count":4,"href":"https:\/\/fundacioramonmartibonet.org\/es\/wp-json\/wp\/v2\/posts\/4232\/revisions"}],"predecessor-version":[{"id":4244,"href":"https:\/\/fundacioramonmartibonet.org\/es\/wp-json\/wp\/v2\/posts\/4232\/revisions\/4244"}],"wp:featuredmedia":[{"embeddable":true,"href":"https:\/\/fundacioramonmartibonet.org\/es\/wp-json\/wp\/v2\/media\/4241"}],"wp:attachment":[{"href":"https:\/\/fundacioramonmartibonet.org\/es\/wp-json\/wp\/v2\/media?parent=4232"}],"wp:term":[{"taxonomy":"category","embeddable":true,"href":"https:\/\/fundacioramonmartibonet.org\/es\/wp-json\/wp\/v2\/categories?post=4232"},{"taxonomy":"post_tag","embeddable":true,"href":"https:\/\/fundacioramonmartibonet.org\/es\/wp-json\/wp\/v2\/tags?post=4232"}],"curies":[{"name":"wp","href":"https:\/\/api.w.org\/{rel}","templated":true}]}}