{"id":4187,"date":"2025-09-09T11:16:43","date_gmt":"2025-09-09T11:16:43","guid":{"rendered":"https:\/\/fundacioramonmartibonet.org\/?p=4187"},"modified":"2026-03-26T11:11:56","modified_gmt":"2026-03-26T11:11:56","slug":"cribado-visual-a-mas-de-1-200-ninos-y-jovenes-durante-el-curso-pasado","status":"publish","type":"post","link":"https:\/\/fundacioramonmartibonet.org\/es\/2025\/09\/cribado-visual-a-mas-de-1-200-ninos-y-jovenes-durante-el-curso-pasado\/","title":{"rendered":"Cribado visual a m\u00e1s de 1.200 ni\u00f1os y j\u00f3venes durante el curso pasado"},"content":{"rendered":"\n<p>14 centros educativos de alta complejidad de Barcelona y alrededores han participado en las revisiones visuales gratuitas del proyecto <strong>Visi\u00f3n para todos en las Escuelas<\/strong>. La iniciativa, centrada en la detecci\u00f3n precoz de dificultades visuales entre el alumnado en situaci\u00f3n de vulnerabilidad, ha logrado un alto impacto.<\/p>\n\n\n\n<p>El programa se ha desarrollado en coordinaci\u00f3n con las escuelas, adapt\u00e1ndose cuidadosamente a sus horarios lectivos y respetando sus din\u00e1micas internas. Las valoraciones de agudeza visual se han realizado mediante un optotipo creado por la entidad, dise\u00f1ado espec\u00edficamente para esta tarea, y con personal voluntario y t\u00e9cnico debidamente formado.<\/p>\n\n\n\n<p>Los resultados de los cribados han revelado que <strong>743 ni\u00f1os presentaban dificultades visuales<\/strong>, de visi\u00f3n cercana y\/o lejana, quienes han sido derivados a la Fundaci\u00f3n. Estos han recibido atenci\u00f3n dentro del proyecto \u201cVisi\u00f3n para todos\u201d, participando en una revisi\u00f3n ocular completa y en la gesti\u00f3n de unas gafas correctoras, en los casos en que as\u00ed se les ha prescrito, permitiendo una mejora en su calidad de vida.<\/p>\n\n\n\n<p>Sin duda, esta detecci\u00f3n e intervenci\u00f3n precoz genera un cambio significativo en la salud y el bienestar de los ni\u00f1os en edad escolar. Mediante la coordinaci\u00f3n de un cribado eficaz y atenci\u00f3n especializada, se puede reducir el riesgo de fracaso escolar y exclusi\u00f3n social derivados de problemas visuales no detectados.<\/p>\n\n\n\n<p>El proyecto ha contado con la colaboraci\u00f3n de <strong>la Fundaci\u00f3n Ordesa, la Generalitat de Catalu\u00f1a, el Ayuntamiento de Barcelona, Diputaci\u00f3n de Barcelona y la Fundaci\u00f3n la Caixa<\/strong>, entidades que han contribuido decisivamente a hacer posible esta actuaci\u00f3n, reforzando el compromiso con la salud y el bienestar de la infancia m\u00e1s vulnerable.<\/p>\n\n\n\n<p>Gracias al apoyo y trabajo en red, la iniciativa se consolida como un modelo con capacidad para seguir replic\u00e1ndose y ampliarse a otros territorios, con el potencial de convertirse en una herramienta fundamental para promover el acceso a la salud visual infantil.<\/p>\n\n\n\n<h3 class=\"wp-block-heading\">\u00bfEres una escuela de alta complejidad y quieres participar en el proyecto Visi\u00f3n para todos en las Escuelas?<\/h3>\n\n\n\n<p><strong>Cont\u00e1ctanos<\/strong> y organizaremos gratuitamente un cribado visual en tu escuela para detectar a tiempo posibles dificultades visuales que puedan afectar al rendimiento escolar de los ni\u00f1os.<\/p>\n\n\n\n<p>Escr\u00edbenos a: <a>info@fundaciormb.org<\/a> o ll\u00e1manos al: <strong>932 540 564<\/strong><\/p>\n\n\n\n<p>Con la colaboraci\u00f3n de:<\/p>\n\n\n\n<figure class=\"wp-block-image size-medium is-resized\"><img loading=\"lazy\" decoding=\"async\" width=\"300\" height=\"200\" src=\"https:\/\/fundacioramonmartibonet.org\/wp-content\/uploads\/2026\/02\/image-4-300x200.png\" alt=\"\" class=\"wp-image-4389\" style=\"width:188px;height:auto\" srcset=\"https:\/\/fundacioramonmartibonet.org\/wp-content\/uploads\/2026\/02\/image-4-300x200.png 300w, https:\/\/fundacioramonmartibonet.org\/wp-content\/uploads\/2026\/02\/image-4-768x512.png 768w, https:\/\/fundacioramonmartibonet.org\/wp-content\/uploads\/2026\/02\/image-4.png 800w\" sizes=\"(max-width: 300px) 100vw, 300px\" \/><\/figure>\n\n\n\n<figure class=\"wp-block-image size-medium is-resized\"><img loading=\"lazy\" decoding=\"async\" width=\"300\" height=\"78\" src=\"https:\/\/fundacioramonmartibonet.org\/wp-content\/uploads\/2026\/02\/image-1-300x78.png\" alt=\"\" class=\"wp-image-4383\" style=\"width:181px;height:auto\" srcset=\"https:\/\/fundacioramonmartibonet.org\/wp-content\/uploads\/2026\/02\/image-1-300x78.png 300w, https:\/\/fundacioramonmartibonet.org\/wp-content\/uploads\/2026\/02\/image-1.png 694w\" sizes=\"(max-width: 300px) 100vw, 300px\" \/><\/figure>\n\n\n\n<figure class=\"wp-block-image size-medium is-resized\"><img loading=\"lazy\" decoding=\"async\" width=\"300\" height=\"87\" src=\"https:\/\/fundacioramonmartibonet.org\/wp-content\/uploads\/2026\/02\/image-2-300x87.png\" alt=\"\" class=\"wp-image-4385\" style=\"width:166px;height:auto\" srcset=\"https:\/\/fundacioramonmartibonet.org\/wp-content\/uploads\/2026\/02\/image-2-300x87.png 300w, https:\/\/fundacioramonmartibonet.org\/wp-content\/uploads\/2026\/02\/image-2-768x223.png 768w, https:\/\/fundacioramonmartibonet.org\/wp-content\/uploads\/2026\/02\/image-2.png 960w\" sizes=\"(max-width: 300px) 100vw, 300px\" \/><\/figure>\n\n\n\n<figure class=\"wp-block-image size-medium is-resized\"><img loading=\"lazy\" decoding=\"async\" width=\"300\" height=\"186\" src=\"https:\/\/fundacioramonmartibonet.org\/wp-content\/uploads\/2026\/02\/image-3-300x186.png\" alt=\"\" class=\"wp-image-4387\" style=\"width:184px;height:auto\" srcset=\"https:\/\/fundacioramonmartibonet.org\/wp-content\/uploads\/2026\/02\/image-3-300x186.png 300w, https:\/\/fundacioramonmartibonet.org\/wp-content\/uploads\/2026\/02\/image-3-768x475.png 768w, https:\/\/fundacioramonmartibonet.org\/wp-content\/uploads\/2026\/02\/image-3.png 790w\" sizes=\"(max-width: 300px) 100vw, 300px\" \/><\/figure>\n\n\n\n<figure class=\"wp-block-image size-medium is-resized\"><img loading=\"lazy\" decoding=\"async\" width=\"300\" height=\"81\" src=\"https:\/\/fundacioramonmartibonet.org\/wp-content\/uploads\/2026\/03\/image-300x81.png\" alt=\"\" class=\"wp-image-4417\" style=\"width:184px\" srcset=\"https:\/\/fundacioramonmartibonet.org\/wp-content\/uploads\/2026\/03\/image-300x81.png 300w, https:\/\/fundacioramonmartibonet.org\/wp-content\/uploads\/2026\/03\/image-1024x276.png 1024w, https:\/\/fundacioramonmartibonet.org\/wp-content\/uploads\/2026\/03\/image-768x207.png 768w, https:\/\/fundacioramonmartibonet.org\/wp-content\/uploads\/2026\/03\/image-1536x414.png 1536w, https:\/\/fundacioramonmartibonet.org\/wp-content\/uploads\/2026\/03\/image-2048x552.png 2048w\" sizes=\"(max-width: 300px) 100vw, 300px\" \/><\/figure>\n","protected":false},"excerpt":{"rendered":"<p>El proyecto \u201cVisi\u00f3n para todos\u201d ha detectado problemas visuales en 743 ni\u00f1os de 14 escuelas vulnerables de Barcelona, ofreciendo atenci\u00f3n para mejorar su bienestar y rendimiento escolar.<\/p>\n","protected":false},"author":2,"featured_media":4181,"comment_status":"closed","ping_status":"open","sticky":false,"template":"","format":"standard","meta":{"_acf_changed":false,"footnotes":""},"categories":[1],"tags":[],"acf":[],"yoast_head":"<!-- This site is optimized with the Yoast SEO plugin v22.5 - https:\/\/yoast.com\/wordpress\/plugins\/seo\/ -->\n<title>Cribado visual a m\u00e1s de 1.200 ni\u00f1os y j\u00f3venes durante el curso pasado - Fundaci\u00f3 Ram\u00f3n Mart\u00ed i Bonet<\/title>\n<meta name=\"robots\" content=\"index, follow, max-snippet:-1, max-image-preview:large, max-video-preview:-1\" \/>\n<link rel=\"canonical\" href=\"https:\/\/fundacioramonmartibonet.org\/es\/2025\/09\/cribado-visual-a-mas-de-1-200-ninos-y-jovenes-durante-el-curso-pasado\/\" \/>\n<meta property=\"og:locale\" content=\"es_ES\" \/>\n<meta property=\"og:type\" content=\"article\" \/>\n<meta property=\"og:title\" content=\"Cribado visual a m\u00e1s de 1.200 ni\u00f1os y j\u00f3venes durante el curso pasado - Fundaci\u00f3 Ram\u00f3n Mart\u00ed i Bonet\" \/>\n<meta property=\"og:description\" content=\"El proyecto \u201cVisi\u00f3n para todos\u201d ha detectado problemas visuales en 743 ni\u00f1os de 14 escuelas vulnerables de Barcelona, ofreciendo atenci\u00f3n para mejorar su bienestar y rendimiento escolar.\" \/>\n<meta property=\"og:url\" content=\"https:\/\/fundacioramonmartibonet.org\/es\/2025\/09\/cribado-visual-a-mas-de-1-200-ninos-y-jovenes-durante-el-curso-pasado\/\" \/>\n<meta property=\"og:site_name\" content=\"Fundaci\u00f3 Ram\u00f3n Mart\u00ed i Bonet\" \/>\n<meta property=\"article:publisher\" content=\"https:\/\/www.facebook.com\/FundacioRamonMartiBonet\" \/>\n<meta property=\"article:published_time\" content=\"2025-09-09T11:16:43+00:00\" \/>\n<meta property=\"article:modified_time\" content=\"2026-03-26T11:11:56+00:00\" \/>\n<meta property=\"og:image\" content=\"https:\/\/fundacioramonmartibonet.org\/wp-content\/uploads\/2025\/09\/IMG_0054-scaled.jpg\" \/>\n\t<meta property=\"og:image:width\" content=\"2560\" \/>\n\t<meta property=\"og:image:height\" content=\"1707\" \/>\n\t<meta property=\"og:image:type\" content=\"image\/jpeg\" \/>\n<meta name=\"author\" content=\"Gemma Cros\" \/>\n<meta name=\"twitter:card\" content=\"summary_large_image\" \/>\n<meta name=\"twitter:creator\" content=\"@FundacioRMB\" \/>\n<meta name=\"twitter:site\" content=\"@FundacioRMB\" \/>\n<script type=\"application\/ld+json\" class=\"yoast-schema-graph\">{\"@context\":\"https:\/\/schema.org\",\"@graph\":[{\"@type\":\"Article\",\"@id\":\"https:\/\/fundacioramonmartibonet.org\/es\/2025\/09\/cribado-visual-a-mas-de-1-200-ninos-y-jovenes-durante-el-curso-pasado\/#article\",\"isPartOf\":{\"@id\":\"https:\/\/fundacioramonmartibonet.org\/es\/2025\/09\/cribado-visual-a-mas-de-1-200-ninos-y-jovenes-durante-el-curso-pasado\/\"},\"author\":{\"name\":\"Gemma Cros\",\"@id\":\"https:\/\/fundacioramonmartibonet.org\/es\/#\/schema\/person\/0078573cb6877aee8ea9807d9603f3ef\"},\"headline\":\"Cribado visual a m\u00e1s de 1.200 ni\u00f1os y j\u00f3venes durante el curso pasado\",\"datePublished\":\"2025-09-09T11:16:43+00:00\",\"dateModified\":\"2026-03-26T11:11:56+00:00\",\"mainEntityOfPage\":{\"@id\":\"https:\/\/fundacioramonmartibonet.org\/es\/2025\/09\/cribado-visual-a-mas-de-1-200-ninos-y-jovenes-durante-el-curso-pasado\/\"},\"wordCount\":412,\"publisher\":{\"@id\":\"https:\/\/fundacioramonmartibonet.org\/es\/#organization\"},\"image\":{\"@id\":\"https:\/\/fundacioramonmartibonet.org\/es\/2025\/09\/cribado-visual-a-mas-de-1-200-ninos-y-jovenes-durante-el-curso-pasado\/#primaryimage\"},\"thumbnailUrl\":\"https:\/\/fundacioramonmartibonet.org\/wp-content\/uploads\/2025\/09\/IMG_0054-scaled.jpg\",\"articleSection\":[\"Sin categorizar\"],\"inLanguage\":\"es\"},{\"@type\":\"WebPage\",\"@id\":\"https:\/\/fundacioramonmartibonet.org\/es\/2025\/09\/cribado-visual-a-mas-de-1-200-ninos-y-jovenes-durante-el-curso-pasado\/\",\"url\":\"https:\/\/fundacioramonmartibonet.org\/es\/2025\/09\/cribado-visual-a-mas-de-1-200-ninos-y-jovenes-durante-el-curso-pasado\/\",\"name\":\"Cribado visual a m\u00e1s de 1.200 ni\u00f1os y j\u00f3venes durante el curso pasado - Fundaci\u00f3 Ram\u00f3n Mart\u00ed i Bonet\",\"isPartOf\":{\"@id\":\"https:\/\/fundacioramonmartibonet.org\/es\/#website\"},\"primaryImageOfPage\":{\"@id\":\"https:\/\/fundacioramonmartibonet.org\/es\/2025\/09\/cribado-visual-a-mas-de-1-200-ninos-y-jovenes-durante-el-curso-pasado\/#primaryimage\"},\"image\":{\"@id\":\"https:\/\/fundacioramonmartibonet.org\/es\/2025\/09\/cribado-visual-a-mas-de-1-200-ninos-y-jovenes-durante-el-curso-pasado\/#primaryimage\"},\"thumbnailUrl\":\"https:\/\/fundacioramonmartibonet.org\/wp-content\/uploads\/2025\/09\/IMG_0054-scaled.jpg\",\"datePublished\":\"2025-09-09T11:16:43+00:00\",\"dateModified\":\"2026-03-26T11:11:56+00:00\",\"breadcrumb\":{\"@id\":\"https:\/\/fundacioramonmartibonet.org\/es\/2025\/09\/cribado-visual-a-mas-de-1-200-ninos-y-jovenes-durante-el-curso-pasado\/#breadcrumb\"},\"inLanguage\":\"es\",\"potentialAction\":[{\"@type\":\"ReadAction\",\"target\":[\"https:\/\/fundacioramonmartibonet.org\/es\/2025\/09\/cribado-visual-a-mas-de-1-200-ninos-y-jovenes-durante-el-curso-pasado\/\"]}]},{\"@type\":\"ImageObject\",\"inLanguage\":\"es\",\"@id\":\"https:\/\/fundacioramonmartibonet.org\/es\/2025\/09\/cribado-visual-a-mas-de-1-200-ninos-y-jovenes-durante-el-curso-pasado\/#primaryimage\",\"url\":\"https:\/\/fundacioramonmartibonet.org\/wp-content\/uploads\/2025\/09\/IMG_0054-scaled.jpg\",\"contentUrl\":\"https:\/\/fundacioramonmartibonet.org\/wp-content\/uploads\/2025\/09\/IMG_0054-scaled.jpg\",\"width\":2560,\"height\":1707},{\"@type\":\"BreadcrumbList\",\"@id\":\"https:\/\/fundacioramonmartibonet.org\/es\/2025\/09\/cribado-visual-a-mas-de-1-200-ninos-y-jovenes-durante-el-curso-pasado\/#breadcrumb\",\"itemListElement\":[{\"@type\":\"ListItem\",\"position\":1,\"name\":\"Home\",\"item\":\"https:\/\/fundacioramonmartibonet.org\/es\/\"},{\"@type\":\"ListItem\",\"position\":2,\"name\":\"Cribado visual a m\u00e1s de 1.200 ni\u00f1os y j\u00f3venes durante el curso pasado\"}]},{\"@type\":\"WebSite\",\"@id\":\"https:\/\/fundacioramonmartibonet.org\/es\/#website\",\"url\":\"https:\/\/fundacioramonmartibonet.org\/es\/\",\"name\":\"Fundaci\u00f3 Ramon Mart\u00ed i Bonet\",\"description\":\"Visi\u00f3 per a tothom\",\"publisher\":{\"@id\":\"https:\/\/fundacioramonmartibonet.org\/es\/#organization\"},\"alternateName\":\"FRMB\",\"potentialAction\":[{\"@type\":\"SearchAction\",\"target\":{\"@type\":\"EntryPoint\",\"urlTemplate\":\"https:\/\/fundacioramonmartibonet.org\/es\/?s={search_term_string}\"},\"query-input\":\"required name=search_term_string\"}],\"inLanguage\":\"es\"},{\"@type\":\"Organization\",\"@id\":\"https:\/\/fundacioramonmartibonet.org\/es\/#organization\",\"name\":\"Fundaci\u00f3 Ramon Mart\u00ed i Bonet\",\"alternateName\":\"FRMB\",\"url\":\"https:\/\/fundacioramonmartibonet.org\/es\/\",\"logo\":{\"@type\":\"ImageObject\",\"inLanguage\":\"es\",\"@id\":\"https:\/\/fundacioramonmartibonet.org\/es\/#\/schema\/logo\/image\/\",\"url\":\"https:\/\/fundacioramonmartibonet.org\/wp-content\/uploads\/2023\/06\/frmb.svg\",\"contentUrl\":\"https:\/\/fundacioramonmartibonet.org\/wp-content\/uploads\/2023\/06\/frmb.svg\",\"width\":900,\"height\":280,\"caption\":\"Fundaci\u00f3 Ramon Mart\u00ed i Bonet\"},\"image\":{\"@id\":\"https:\/\/fundacioramonmartibonet.org\/es\/#\/schema\/logo\/image\/\"},\"sameAs\":[\"https:\/\/www.facebook.com\/FundacioRamonMartiBonet\",\"https:\/\/x.com\/FundacioRMB\",\"https:\/\/www.youtube.com\/channel\/UCNyN8HH4tz3ybIBubLBiSog\",\"https:\/\/www.instagram.com\/fundaciormb\/\",\"https:\/\/www.linkedin.com\/company\/fundacio-ramon-marto-i-bonet-contra-la-ceguera\/\"]},{\"@type\":\"Person\",\"@id\":\"https:\/\/fundacioramonmartibonet.org\/es\/#\/schema\/person\/0078573cb6877aee8ea9807d9603f3ef\",\"name\":\"Gemma Cros\",\"image\":{\"@type\":\"ImageObject\",\"inLanguage\":\"es\",\"@id\":\"https:\/\/fundacioramonmartibonet.org\/es\/#\/schema\/person\/image\/\",\"url\":\"https:\/\/secure.gravatar.com\/avatar\/754ef50ddec01d379dbb73102f380975?s=96&d=mm&r=g\",\"contentUrl\":\"https:\/\/secure.gravatar.com\/avatar\/754ef50ddec01d379dbb73102f380975?s=96&d=mm&r=g\",\"caption\":\"Gemma Cros\"},\"url\":\"https:\/\/fundacioramonmartibonet.org\/es\/author\/gemma\/\"}]}<\/script>\n<!-- \/ Yoast SEO plugin. -->","yoast_head_json":{"title":"Cribado visual a m\u00e1s de 1.200 ni\u00f1os y j\u00f3venes durante el curso pasado - Fundaci\u00f3 Ram\u00f3n Mart\u00ed i Bonet","robots":{"index":"index","follow":"follow","max-snippet":"max-snippet:-1","max-image-preview":"max-image-preview:large","max-video-preview":"max-video-preview:-1"},"canonical":"https:\/\/fundacioramonmartibonet.org\/es\/2025\/09\/cribado-visual-a-mas-de-1-200-ninos-y-jovenes-durante-el-curso-pasado\/","og_locale":"es_ES","og_type":"article","og_title":"Cribado visual a m\u00e1s de 1.200 ni\u00f1os y j\u00f3venes durante el curso pasado - Fundaci\u00f3 Ram\u00f3n Mart\u00ed i Bonet","og_description":"El proyecto \u201cVisi\u00f3n para todos\u201d ha detectado problemas visuales en 743 ni\u00f1os de 14 escuelas vulnerables de Barcelona, ofreciendo atenci\u00f3n para mejorar su bienestar y rendimiento escolar.","og_url":"https:\/\/fundacioramonmartibonet.org\/es\/2025\/09\/cribado-visual-a-mas-de-1-200-ninos-y-jovenes-durante-el-curso-pasado\/","og_site_name":"Fundaci\u00f3 Ram\u00f3n Mart\u00ed i Bonet","article_publisher":"https:\/\/www.facebook.com\/FundacioRamonMartiBonet","article_published_time":"2025-09-09T11:16:43+00:00","article_modified_time":"2026-03-26T11:11:56+00:00","og_image":[{"width":2560,"height":1707,"url":"https:\/\/fundacioramonmartibonet.org\/wp-content\/uploads\/2025\/09\/IMG_0054-scaled.jpg","type":"image\/jpeg"}],"author":"Gemma Cros","twitter_card":"summary_large_image","twitter_creator":"@FundacioRMB","twitter_site":"@FundacioRMB","schema":{"@context":"https:\/\/schema.org","@graph":[{"@type":"Article","@id":"https:\/\/fundacioramonmartibonet.org\/es\/2025\/09\/cribado-visual-a-mas-de-1-200-ninos-y-jovenes-durante-el-curso-pasado\/#article","isPartOf":{"@id":"https:\/\/fundacioramonmartibonet.org\/es\/2025\/09\/cribado-visual-a-mas-de-1-200-ninos-y-jovenes-durante-el-curso-pasado\/"},"author":{"name":"Gemma Cros","@id":"https:\/\/fundacioramonmartibonet.org\/es\/#\/schema\/person\/0078573cb6877aee8ea9807d9603f3ef"},"headline":"Cribado visual a m\u00e1s de 1.200 ni\u00f1os y j\u00f3venes durante el curso pasado","datePublished":"2025-09-09T11:16:43+00:00","dateModified":"2026-03-26T11:11:56+00:00","mainEntityOfPage":{"@id":"https:\/\/fundacioramonmartibonet.org\/es\/2025\/09\/cribado-visual-a-mas-de-1-200-ninos-y-jovenes-durante-el-curso-pasado\/"},"wordCount":412,"publisher":{"@id":"https:\/\/fundacioramonmartibonet.org\/es\/#organization"},"image":{"@id":"https:\/\/fundacioramonmartibonet.org\/es\/2025\/09\/cribado-visual-a-mas-de-1-200-ninos-y-jovenes-durante-el-curso-pasado\/#primaryimage"},"thumbnailUrl":"https:\/\/fundacioramonmartibonet.org\/wp-content\/uploads\/2025\/09\/IMG_0054-scaled.jpg","articleSection":["Sin categorizar"],"inLanguage":"es"},{"@type":"WebPage","@id":"https:\/\/fundacioramonmartibonet.org\/es\/2025\/09\/cribado-visual-a-mas-de-1-200-ninos-y-jovenes-durante-el-curso-pasado\/","url":"https:\/\/fundacioramonmartibonet.org\/es\/2025\/09\/cribado-visual-a-mas-de-1-200-ninos-y-jovenes-durante-el-curso-pasado\/","name":"Cribado visual a m\u00e1s de 1.200 ni\u00f1os y j\u00f3venes durante el curso pasado - Fundaci\u00f3 Ram\u00f3n Mart\u00ed i Bonet","isPartOf":{"@id":"https:\/\/fundacioramonmartibonet.org\/es\/#website"},"primaryImageOfPage":{"@id":"https:\/\/fundacioramonmartibonet.org\/es\/2025\/09\/cribado-visual-a-mas-de-1-200-ninos-y-jovenes-durante-el-curso-pasado\/#primaryimage"},"image":{"@id":"https:\/\/fundacioramonmartibonet.org\/es\/2025\/09\/cribado-visual-a-mas-de-1-200-ninos-y-jovenes-durante-el-curso-pasado\/#primaryimage"},"thumbnailUrl":"https:\/\/fundacioramonmartibonet.org\/wp-content\/uploads\/2025\/09\/IMG_0054-scaled.jpg","datePublished":"2025-09-09T11:16:43+00:00","dateModified":"2026-03-26T11:11:56+00:00","breadcrumb":{"@id":"https:\/\/fundacioramonmartibonet.org\/es\/2025\/09\/cribado-visual-a-mas-de-1-200-ninos-y-jovenes-durante-el-curso-pasado\/#breadcrumb"},"inLanguage":"es","potentialAction":[{"@type":"ReadAction","target":["https:\/\/fundacioramonmartibonet.org\/es\/2025\/09\/cribado-visual-a-mas-de-1-200-ninos-y-jovenes-durante-el-curso-pasado\/"]}]},{"@type":"ImageObject","inLanguage":"es","@id":"https:\/\/fundacioramonmartibonet.org\/es\/2025\/09\/cribado-visual-a-mas-de-1-200-ninos-y-jovenes-durante-el-curso-pasado\/#primaryimage","url":"https:\/\/fundacioramonmartibonet.org\/wp-content\/uploads\/2025\/09\/IMG_0054-scaled.jpg","contentUrl":"https:\/\/fundacioramonmartibonet.org\/wp-content\/uploads\/2025\/09\/IMG_0054-scaled.jpg","width":2560,"height":1707},{"@type":"BreadcrumbList","@id":"https:\/\/fundacioramonmartibonet.org\/es\/2025\/09\/cribado-visual-a-mas-de-1-200-ninos-y-jovenes-durante-el-curso-pasado\/#breadcrumb","itemListElement":[{"@type":"ListItem","position":1,"name":"Home","item":"https:\/\/fundacioramonmartibonet.org\/es\/"},{"@type":"ListItem","position":2,"name":"Cribado visual a m\u00e1s de 1.200 ni\u00f1os y j\u00f3venes durante el curso pasado"}]},{"@type":"WebSite","@id":"https:\/\/fundacioramonmartibonet.org\/es\/#website","url":"https:\/\/fundacioramonmartibonet.org\/es\/","name":"Fundaci\u00f3 Ramon Mart\u00ed i Bonet","description":"Visi\u00f3 per a tothom","publisher":{"@id":"https:\/\/fundacioramonmartibonet.org\/es\/#organization"},"alternateName":"FRMB","potentialAction":[{"@type":"SearchAction","target":{"@type":"EntryPoint","urlTemplate":"https:\/\/fundacioramonmartibonet.org\/es\/?s={search_term_string}"},"query-input":"required name=search_term_string"}],"inLanguage":"es"},{"@type":"Organization","@id":"https:\/\/fundacioramonmartibonet.org\/es\/#organization","name":"Fundaci\u00f3 Ramon Mart\u00ed i Bonet","alternateName":"FRMB","url":"https:\/\/fundacioramonmartibonet.org\/es\/","logo":{"@type":"ImageObject","inLanguage":"es","@id":"https:\/\/fundacioramonmartibonet.org\/es\/#\/schema\/logo\/image\/","url":"https:\/\/fundacioramonmartibonet.org\/wp-content\/uploads\/2023\/06\/frmb.svg","contentUrl":"https:\/\/fundacioramonmartibonet.org\/wp-content\/uploads\/2023\/06\/frmb.svg","width":900,"height":280,"caption":"Fundaci\u00f3 Ramon Mart\u00ed i Bonet"},"image":{"@id":"https:\/\/fundacioramonmartibonet.org\/es\/#\/schema\/logo\/image\/"},"sameAs":["https:\/\/www.facebook.com\/FundacioRamonMartiBonet","https:\/\/x.com\/FundacioRMB","https:\/\/www.youtube.com\/channel\/UCNyN8HH4tz3ybIBubLBiSog","https:\/\/www.instagram.com\/fundaciormb\/","https:\/\/www.linkedin.com\/company\/fundacio-ramon-marto-i-bonet-contra-la-ceguera\/"]},{"@type":"Person","@id":"https:\/\/fundacioramonmartibonet.org\/es\/#\/schema\/person\/0078573cb6877aee8ea9807d9603f3ef","name":"Gemma Cros","image":{"@type":"ImageObject","inLanguage":"es","@id":"https:\/\/fundacioramonmartibonet.org\/es\/#\/schema\/person\/image\/","url":"https:\/\/secure.gravatar.com\/avatar\/754ef50ddec01d379dbb73102f380975?s=96&d=mm&r=g","contentUrl":"https:\/\/secure.gravatar.com\/avatar\/754ef50ddec01d379dbb73102f380975?s=96&d=mm&r=g","caption":"Gemma Cros"},"url":"https:\/\/fundacioramonmartibonet.org\/es\/author\/gemma\/"}]}},"_links":{"self":[{"href":"https:\/\/fundacioramonmartibonet.org\/es\/wp-json\/wp\/v2\/posts\/4187"}],"collection":[{"href":"https:\/\/fundacioramonmartibonet.org\/es\/wp-json\/wp\/v2\/posts"}],"about":[{"href":"https:\/\/fundacioramonmartibonet.org\/es\/wp-json\/wp\/v2\/types\/post"}],"author":[{"embeddable":true,"href":"https:\/\/fundacioramonmartibonet.org\/es\/wp-json\/wp\/v2\/users\/2"}],"replies":[{"embeddable":true,"href":"https:\/\/fundacioramonmartibonet.org\/es\/wp-json\/wp\/v2\/comments?post=4187"}],"version-history":[{"count":3,"href":"https:\/\/fundacioramonmartibonet.org\/es\/wp-json\/wp\/v2\/posts\/4187\/revisions"}],"predecessor-version":[{"id":4419,"href":"https:\/\/fundacioramonmartibonet.org\/es\/wp-json\/wp\/v2\/posts\/4187\/revisions\/4419"}],"wp:featuredmedia":[{"embeddable":true,"href":"https:\/\/fundacioramonmartibonet.org\/es\/wp-json\/wp\/v2\/media\/4181"}],"wp:attachment":[{"href":"https:\/\/fundacioramonmartibonet.org\/es\/wp-json\/wp\/v2\/media?parent=4187"}],"wp:term":[{"taxonomy":"category","embeddable":true,"href":"https:\/\/fundacioramonmartibonet.org\/es\/wp-json\/wp\/v2\/categories?post=4187"},{"taxonomy":"post_tag","embeddable":true,"href":"https:\/\/fundacioramonmartibonet.org\/es\/wp-json\/wp\/v2\/tags?post=4187"}],"curies":[{"name":"wp","href":"https:\/\/api.w.org\/{rel}","templated":true}]}}