{"id":4011,"date":"2025-07-23T08:37:32","date_gmt":"2025-07-23T08:37:32","guid":{"rendered":"https:\/\/fundacioramonmartibonet.org\/?p=4011"},"modified":"2025-07-23T08:41:23","modified_gmt":"2025-07-23T08:41:23","slug":"tacna-recibe-la-visita-de-la-fundacion-ramon-marti-i-bonet-para-formar-y-reforzar-la-deteccion-precoz-en-ninos","status":"publish","type":"post","link":"https:\/\/fundacioramonmartibonet.org\/es\/2025\/07\/tacna-recibe-la-visita-de-la-fundacion-ramon-marti-i-bonet-para-formar-y-reforzar-la-deteccion-precoz-en-ninos\/","title":{"rendered":"Tacna recibe la visita de la Fundaci\u00f3n Ramon Mart\u00ed i Bonet para formar y reforzar la detecci\u00f3n precoz en ni\u00f1os."},"content":{"rendered":"\n<p>El equipo del programa Early Intervention de la Fundaci\u00f3n Ramon Mart\u00ed i Bonet, formado por dos psic\u00f3logas y una fisioterapeuta, todas especializadas en el desarrollo neurol\u00f3gico infantil y con experiencia en atenci\u00f3n temprana en edades tempranas, se ha desplazado recientemente a Tacna, en el sur de Per\u00fa, para llevar a cabo una misi\u00f3n centrada en la formaci\u00f3n para la detecci\u00f3n precoz de trastornos del desarrollo en ni\u00f1os.<\/p>\n\n\n\n<p>El objetivo ha sido ofrecer orientaci\u00f3n adecuada a familias y profesionales locales, as\u00ed como detectar de forma precoz alteraciones visuales, neuromotoras o del desarrollo general en los ni\u00f1os evaluados.<\/p>\n\n\n\n<p>Durante su estancia, participaron en una rueda de prensa para sensibilizar a la poblaci\u00f3n sobre la importancia de la detecci\u00f3n precoz y la salud visual infantil. Tambi\u00e9n ofrecieron una charla a una asociaci\u00f3n de familias con ni\u00f1os y ni\u00f1as con TEA (Trastorno del Espectro Autista).<\/p>\n\n\n\n<p>Durante esta sesi\u00f3n, la psic\u00f3loga Merc\u00e8 Leonhardt, especialista en detecci\u00f3n precoz, identific\u00f3 dos casos de ni\u00f1os con d\u00e9ficit visual cerebral que estaban siendo tratados como si tuvieran autismo, poniendo de manifiesto la urgente necesidad de una mirada interdisciplinaria y de un diagn\u00f3stico preciso.<\/p>\n\n\n\n<p>Ese mismo d\u00eda tambi\u00e9n tuvo lugar la inauguraci\u00f3n oficial del curso de formaci\u00f3n, que cont\u00f3 con la presencia de diversas autoridades locales de Tacna, quienes expresaron p\u00fablicamente su agradecimiento a la Fundaci\u00f3n Ramon Mart\u00ed i Bonet por su generosidad y compromiso con la infancia vulnerable. Fue una jornada cargada de reconocimientos y emociones.<\/p>\n\n\n\n<p>Esta acci\u00f3n en Tacna supone un impacto directo en la detecci\u00f3n precoz de casos cl\u00ednicos, pero tambi\u00e9n tiene un valor estructural a largo plazo: la capacitaci\u00f3n de profesionales locales permitir\u00e1 continuar con la labor preventiva y de intervenci\u00f3n una vez finalizada la estancia del equipo.<\/p>\n\n\n\n<p>Se trata de un proyecto que combina intervenci\u00f3n, formaci\u00f3n y sensibilizaci\u00f3n para avanzar en los derechos de los ni\u00f1os m\u00e1s vulnerables.<\/p>\n\n\n\n<figure class=\"wp-block-image size-full\"><img loading=\"lazy\" decoding=\"async\" width=\"1021\" height=\"472\" src=\"https:\/\/fundacioramonmartibonet.org\/wp-content\/uploads\/2025\/07\/foto1-1.png\" alt=\"\" class=\"wp-image-3991\" srcset=\"https:\/\/fundacioramonmartibonet.org\/wp-content\/uploads\/2025\/07\/foto1-1.png 1021w, https:\/\/fundacioramonmartibonet.org\/wp-content\/uploads\/2025\/07\/foto1-1-300x139.png 300w, https:\/\/fundacioramonmartibonet.org\/wp-content\/uploads\/2025\/07\/foto1-1-768x355.png 768w\" sizes=\"(max-width: 1021px) 100vw, 1021px\" \/><\/figure>\n\n\n\n<figure class=\"wp-block-image size-large\"><img loading=\"lazy\" decoding=\"async\" width=\"1024\" height=\"368\" src=\"https:\/\/fundacioramonmartibonet.org\/wp-content\/uploads\/2025\/07\/foto2-1024x368.png\" alt=\"\" class=\"wp-image-3985\" srcset=\"https:\/\/fundacioramonmartibonet.org\/wp-content\/uploads\/2025\/07\/foto2-1024x368.png 1024w, https:\/\/fundacioramonmartibonet.org\/wp-content\/uploads\/2025\/07\/foto2-300x108.png 300w, https:\/\/fundacioramonmartibonet.org\/wp-content\/uploads\/2025\/07\/foto2-768x276.png 768w, https:\/\/fundacioramonmartibonet.org\/wp-content\/uploads\/2025\/07\/foto2.png 1094w\" sizes=\"(max-width: 1024px) 100vw, 1024px\" \/><\/figure>\n","protected":false},"excerpt":{"rendered":"<p>La Fundaci\u00f3n Ramon Mart\u00ed i Bonet ha viajado a Tacna para mejorar la detecci\u00f3n precoz de trastornos infantiles, destacando la importancia de la salud visual para evitar diagn\u00f3sticos err\u00f3neos como el autismo.<\/p>\n","protected":false},"author":2,"featured_media":3995,"comment_status":"closed","ping_status":"open","sticky":false,"template":"","format":"standard","meta":{"_acf_changed":false,"footnotes":""},"categories":[1],"tags":[],"acf":[],"yoast_head":"<!-- This site is optimized with the Yoast SEO plugin v22.5 - https:\/\/yoast.com\/wordpress\/plugins\/seo\/ -->\n<title>Tacna recibe la visita de la Fundaci\u00f3n Ramon Mart\u00ed i Bonet para formar y reforzar la detecci\u00f3n precoz en ni\u00f1os. - Fundaci\u00f3 Ram\u00f3n Mart\u00ed i Bonet<\/title>\n<meta name=\"robots\" content=\"index, follow, max-snippet:-1, max-image-preview:large, max-video-preview:-1\" \/>\n<link rel=\"canonical\" href=\"https:\/\/fundacioramonmartibonet.org\/es\/2025\/07\/tacna-recibe-la-visita-de-la-fundacion-ramon-marti-i-bonet-para-formar-y-reforzar-la-deteccion-precoz-en-ninos\/\" \/>\n<meta property=\"og:locale\" content=\"es_ES\" \/>\n<meta property=\"og:type\" content=\"article\" \/>\n<meta property=\"og:title\" content=\"Tacna recibe la visita de la Fundaci\u00f3n Ramon Mart\u00ed i Bonet para formar y reforzar la detecci\u00f3n precoz en ni\u00f1os. - Fundaci\u00f3 Ram\u00f3n Mart\u00ed i Bonet\" \/>\n<meta property=\"og:description\" content=\"La Fundaci\u00f3n Ramon Mart\u00ed i Bonet ha viajado a Tacna para mejorar la detecci\u00f3n precoz de trastornos infantiles, destacando la importancia de la salud visual para evitar diagn\u00f3sticos err\u00f3neos como el autismo.\" \/>\n<meta property=\"og:url\" content=\"https:\/\/fundacioramonmartibonet.org\/es\/2025\/07\/tacna-recibe-la-visita-de-la-fundacion-ramon-marti-i-bonet-para-formar-y-reforzar-la-deteccion-precoz-en-ninos\/\" \/>\n<meta property=\"og:site_name\" content=\"Fundaci\u00f3 Ram\u00f3n Mart\u00ed i Bonet\" \/>\n<meta property=\"article:publisher\" content=\"https:\/\/www.facebook.com\/FundacioRamonMartiBonet\" \/>\n<meta property=\"article:published_time\" content=\"2025-07-23T08:37:32+00:00\" \/>\n<meta property=\"article:modified_time\" content=\"2025-07-23T08:41:23+00:00\" \/>\n<meta property=\"og:image\" content=\"https:\/\/fundacioramonmartibonet.org\/wp-content\/uploads\/2025\/07\/shared-image-95.jpeg\" \/>\n\t<meta property=\"og:image:width\" content=\"2000\" \/>\n\t<meta property=\"og:image:height\" content=\"1500\" \/>\n\t<meta property=\"og:image:type\" content=\"image\/jpeg\" \/>\n<meta name=\"author\" content=\"Gemma Cros\" \/>\n<meta name=\"twitter:card\" content=\"summary_large_image\" \/>\n<meta name=\"twitter:creator\" content=\"@FundacioRMB\" \/>\n<meta name=\"twitter:site\" content=\"@FundacioRMB\" \/>\n<script type=\"application\/ld+json\" class=\"yoast-schema-graph\">{\"@context\":\"https:\/\/schema.org\",\"@graph\":[{\"@type\":\"Article\",\"@id\":\"https:\/\/fundacioramonmartibonet.org\/es\/2025\/07\/tacna-recibe-la-visita-de-la-fundacion-ramon-marti-i-bonet-para-formar-y-reforzar-la-deteccion-precoz-en-ninos\/#article\",\"isPartOf\":{\"@id\":\"https:\/\/fundacioramonmartibonet.org\/es\/2025\/07\/tacna-recibe-la-visita-de-la-fundacion-ramon-marti-i-bonet-para-formar-y-reforzar-la-deteccion-precoz-en-ninos\/\"},\"author\":{\"name\":\"Gemma Cros\",\"@id\":\"https:\/\/fundacioramonmartibonet.org\/es\/#\/schema\/person\/0078573cb6877aee8ea9807d9603f3ef\"},\"headline\":\"Tacna recibe la visita de la Fundaci\u00f3n Ramon Mart\u00ed i Bonet para formar y reforzar la detecci\u00f3n precoz en ni\u00f1os.\",\"datePublished\":\"2025-07-23T08:37:32+00:00\",\"dateModified\":\"2025-07-23T08:41:23+00:00\",\"mainEntityOfPage\":{\"@id\":\"https:\/\/fundacioramonmartibonet.org\/es\/2025\/07\/tacna-recibe-la-visita-de-la-fundacion-ramon-marti-i-bonet-para-formar-y-reforzar-la-deteccion-precoz-en-ninos\/\"},\"wordCount\":365,\"publisher\":{\"@id\":\"https:\/\/fundacioramonmartibonet.org\/es\/#organization\"},\"image\":{\"@id\":\"https:\/\/fundacioramonmartibonet.org\/es\/2025\/07\/tacna-recibe-la-visita-de-la-fundacion-ramon-marti-i-bonet-para-formar-y-reforzar-la-deteccion-precoz-en-ninos\/#primaryimage\"},\"thumbnailUrl\":\"https:\/\/fundacioramonmartibonet.org\/wp-content\/uploads\/2025\/07\/shared-image-95.jpeg\",\"articleSection\":[\"Sin categorizar\"],\"inLanguage\":\"es\"},{\"@type\":\"WebPage\",\"@id\":\"https:\/\/fundacioramonmartibonet.org\/es\/2025\/07\/tacna-recibe-la-visita-de-la-fundacion-ramon-marti-i-bonet-para-formar-y-reforzar-la-deteccion-precoz-en-ninos\/\",\"url\":\"https:\/\/fundacioramonmartibonet.org\/es\/2025\/07\/tacna-recibe-la-visita-de-la-fundacion-ramon-marti-i-bonet-para-formar-y-reforzar-la-deteccion-precoz-en-ninos\/\",\"name\":\"Tacna recibe la visita de la Fundaci\u00f3n Ramon Mart\u00ed i Bonet para formar y reforzar la detecci\u00f3n precoz en ni\u00f1os. - Fundaci\u00f3 Ram\u00f3n Mart\u00ed i Bonet\",\"isPartOf\":{\"@id\":\"https:\/\/fundacioramonmartibonet.org\/es\/#website\"},\"primaryImageOfPage\":{\"@id\":\"https:\/\/fundacioramonmartibonet.org\/es\/2025\/07\/tacna-recibe-la-visita-de-la-fundacion-ramon-marti-i-bonet-para-formar-y-reforzar-la-deteccion-precoz-en-ninos\/#primaryimage\"},\"image\":{\"@id\":\"https:\/\/fundacioramonmartibonet.org\/es\/2025\/07\/tacna-recibe-la-visita-de-la-fundacion-ramon-marti-i-bonet-para-formar-y-reforzar-la-deteccion-precoz-en-ninos\/#primaryimage\"},\"thumbnailUrl\":\"https:\/\/fundacioramonmartibonet.org\/wp-content\/uploads\/2025\/07\/shared-image-95.jpeg\",\"datePublished\":\"2025-07-23T08:37:32+00:00\",\"dateModified\":\"2025-07-23T08:41:23+00:00\",\"breadcrumb\":{\"@id\":\"https:\/\/fundacioramonmartibonet.org\/es\/2025\/07\/tacna-recibe-la-visita-de-la-fundacion-ramon-marti-i-bonet-para-formar-y-reforzar-la-deteccion-precoz-en-ninos\/#breadcrumb\"},\"inLanguage\":\"es\",\"potentialAction\":[{\"@type\":\"ReadAction\",\"target\":[\"https:\/\/fundacioramonmartibonet.org\/es\/2025\/07\/tacna-recibe-la-visita-de-la-fundacion-ramon-marti-i-bonet-para-formar-y-reforzar-la-deteccion-precoz-en-ninos\/\"]}]},{\"@type\":\"ImageObject\",\"inLanguage\":\"es\",\"@id\":\"https:\/\/fundacioramonmartibonet.org\/es\/2025\/07\/tacna-recibe-la-visita-de-la-fundacion-ramon-marti-i-bonet-para-formar-y-reforzar-la-deteccion-precoz-en-ninos\/#primaryimage\",\"url\":\"https:\/\/fundacioramonmartibonet.org\/wp-content\/uploads\/2025\/07\/shared-image-95.jpeg\",\"contentUrl\":\"https:\/\/fundacioramonmartibonet.org\/wp-content\/uploads\/2025\/07\/shared-image-95.jpeg\",\"width\":2000,\"height\":1500},{\"@type\":\"BreadcrumbList\",\"@id\":\"https:\/\/fundacioramonmartibonet.org\/es\/2025\/07\/tacna-recibe-la-visita-de-la-fundacion-ramon-marti-i-bonet-para-formar-y-reforzar-la-deteccion-precoz-en-ninos\/#breadcrumb\",\"itemListElement\":[{\"@type\":\"ListItem\",\"position\":1,\"name\":\"Home\",\"item\":\"https:\/\/fundacioramonmartibonet.org\/es\/\"},{\"@type\":\"ListItem\",\"position\":2,\"name\":\"Tacna recibe la visita de la Fundaci\u00f3n Ramon Mart\u00ed i Bonet para formar y reforzar la detecci\u00f3n precoz en ni\u00f1os.\"}]},{\"@type\":\"WebSite\",\"@id\":\"https:\/\/fundacioramonmartibonet.org\/es\/#website\",\"url\":\"https:\/\/fundacioramonmartibonet.org\/es\/\",\"name\":\"Fundaci\u00f3 Ramon Mart\u00ed i Bonet\",\"description\":\"Visi\u00f3 per a tothom\",\"publisher\":{\"@id\":\"https:\/\/fundacioramonmartibonet.org\/es\/#organization\"},\"alternateName\":\"FRMB\",\"potentialAction\":[{\"@type\":\"SearchAction\",\"target\":{\"@type\":\"EntryPoint\",\"urlTemplate\":\"https:\/\/fundacioramonmartibonet.org\/es\/?s={search_term_string}\"},\"query-input\":\"required name=search_term_string\"}],\"inLanguage\":\"es\"},{\"@type\":\"Organization\",\"@id\":\"https:\/\/fundacioramonmartibonet.org\/es\/#organization\",\"name\":\"Fundaci\u00f3 Ramon Mart\u00ed i Bonet\",\"alternateName\":\"FRMB\",\"url\":\"https:\/\/fundacioramonmartibonet.org\/es\/\",\"logo\":{\"@type\":\"ImageObject\",\"inLanguage\":\"es\",\"@id\":\"https:\/\/fundacioramonmartibonet.org\/es\/#\/schema\/logo\/image\/\",\"url\":\"https:\/\/fundacioramonmartibonet.org\/wp-content\/uploads\/2023\/06\/frmb.svg\",\"contentUrl\":\"https:\/\/fundacioramonmartibonet.org\/wp-content\/uploads\/2023\/06\/frmb.svg\",\"width\":900,\"height\":280,\"caption\":\"Fundaci\u00f3 Ramon Mart\u00ed i Bonet\"},\"image\":{\"@id\":\"https:\/\/fundacioramonmartibonet.org\/es\/#\/schema\/logo\/image\/\"},\"sameAs\":[\"https:\/\/www.facebook.com\/FundacioRamonMartiBonet\",\"https:\/\/x.com\/FundacioRMB\",\"https:\/\/www.youtube.com\/channel\/UCNyN8HH4tz3ybIBubLBiSog\",\"https:\/\/www.instagram.com\/fundaciormb\/\",\"https:\/\/www.linkedin.com\/company\/fundacio-ramon-marto-i-bonet-contra-la-ceguera\/\"]},{\"@type\":\"Person\",\"@id\":\"https:\/\/fundacioramonmartibonet.org\/es\/#\/schema\/person\/0078573cb6877aee8ea9807d9603f3ef\",\"name\":\"Gemma Cros\",\"image\":{\"@type\":\"ImageObject\",\"inLanguage\":\"es\",\"@id\":\"https:\/\/fundacioramonmartibonet.org\/es\/#\/schema\/person\/image\/\",\"url\":\"https:\/\/secure.gravatar.com\/avatar\/754ef50ddec01d379dbb73102f380975?s=96&d=mm&r=g\",\"contentUrl\":\"https:\/\/secure.gravatar.com\/avatar\/754ef50ddec01d379dbb73102f380975?s=96&d=mm&r=g\",\"caption\":\"Gemma Cros\"},\"url\":\"https:\/\/fundacioramonmartibonet.org\/es\/author\/gemma\/\"}]}<\/script>\n<!-- \/ Yoast SEO plugin. -->","yoast_head_json":{"title":"Tacna recibe la visita de la Fundaci\u00f3n Ramon Mart\u00ed i Bonet para formar y reforzar la detecci\u00f3n precoz en ni\u00f1os. - Fundaci\u00f3 Ram\u00f3n Mart\u00ed i Bonet","robots":{"index":"index","follow":"follow","max-snippet":"max-snippet:-1","max-image-preview":"max-image-preview:large","max-video-preview":"max-video-preview:-1"},"canonical":"https:\/\/fundacioramonmartibonet.org\/es\/2025\/07\/tacna-recibe-la-visita-de-la-fundacion-ramon-marti-i-bonet-para-formar-y-reforzar-la-deteccion-precoz-en-ninos\/","og_locale":"es_ES","og_type":"article","og_title":"Tacna recibe la visita de la Fundaci\u00f3n Ramon Mart\u00ed i Bonet para formar y reforzar la detecci\u00f3n precoz en ni\u00f1os. - Fundaci\u00f3 Ram\u00f3n Mart\u00ed i Bonet","og_description":"La Fundaci\u00f3n Ramon Mart\u00ed i Bonet ha viajado a Tacna para mejorar la detecci\u00f3n precoz de trastornos infantiles, destacando la importancia de la salud visual para evitar diagn\u00f3sticos err\u00f3neos como el autismo.","og_url":"https:\/\/fundacioramonmartibonet.org\/es\/2025\/07\/tacna-recibe-la-visita-de-la-fundacion-ramon-marti-i-bonet-para-formar-y-reforzar-la-deteccion-precoz-en-ninos\/","og_site_name":"Fundaci\u00f3 Ram\u00f3n Mart\u00ed i Bonet","article_publisher":"https:\/\/www.facebook.com\/FundacioRamonMartiBonet","article_published_time":"2025-07-23T08:37:32+00:00","article_modified_time":"2025-07-23T08:41:23+00:00","og_image":[{"width":2000,"height":1500,"url":"https:\/\/fundacioramonmartibonet.org\/wp-content\/uploads\/2025\/07\/shared-image-95.jpeg","type":"image\/jpeg"}],"author":"Gemma Cros","twitter_card":"summary_large_image","twitter_creator":"@FundacioRMB","twitter_site":"@FundacioRMB","schema":{"@context":"https:\/\/schema.org","@graph":[{"@type":"Article","@id":"https:\/\/fundacioramonmartibonet.org\/es\/2025\/07\/tacna-recibe-la-visita-de-la-fundacion-ramon-marti-i-bonet-para-formar-y-reforzar-la-deteccion-precoz-en-ninos\/#article","isPartOf":{"@id":"https:\/\/fundacioramonmartibonet.org\/es\/2025\/07\/tacna-recibe-la-visita-de-la-fundacion-ramon-marti-i-bonet-para-formar-y-reforzar-la-deteccion-precoz-en-ninos\/"},"author":{"name":"Gemma Cros","@id":"https:\/\/fundacioramonmartibonet.org\/es\/#\/schema\/person\/0078573cb6877aee8ea9807d9603f3ef"},"headline":"Tacna recibe la visita de la Fundaci\u00f3n Ramon Mart\u00ed i Bonet para formar y reforzar la detecci\u00f3n precoz en ni\u00f1os.","datePublished":"2025-07-23T08:37:32+00:00","dateModified":"2025-07-23T08:41:23+00:00","mainEntityOfPage":{"@id":"https:\/\/fundacioramonmartibonet.org\/es\/2025\/07\/tacna-recibe-la-visita-de-la-fundacion-ramon-marti-i-bonet-para-formar-y-reforzar-la-deteccion-precoz-en-ninos\/"},"wordCount":365,"publisher":{"@id":"https:\/\/fundacioramonmartibonet.org\/es\/#organization"},"image":{"@id":"https:\/\/fundacioramonmartibonet.org\/es\/2025\/07\/tacna-recibe-la-visita-de-la-fundacion-ramon-marti-i-bonet-para-formar-y-reforzar-la-deteccion-precoz-en-ninos\/#primaryimage"},"thumbnailUrl":"https:\/\/fundacioramonmartibonet.org\/wp-content\/uploads\/2025\/07\/shared-image-95.jpeg","articleSection":["Sin categorizar"],"inLanguage":"es"},{"@type":"WebPage","@id":"https:\/\/fundacioramonmartibonet.org\/es\/2025\/07\/tacna-recibe-la-visita-de-la-fundacion-ramon-marti-i-bonet-para-formar-y-reforzar-la-deteccion-precoz-en-ninos\/","url":"https:\/\/fundacioramonmartibonet.org\/es\/2025\/07\/tacna-recibe-la-visita-de-la-fundacion-ramon-marti-i-bonet-para-formar-y-reforzar-la-deteccion-precoz-en-ninos\/","name":"Tacna recibe la visita de la Fundaci\u00f3n Ramon Mart\u00ed i Bonet para formar y reforzar la detecci\u00f3n precoz en ni\u00f1os. - Fundaci\u00f3 Ram\u00f3n Mart\u00ed i Bonet","isPartOf":{"@id":"https:\/\/fundacioramonmartibonet.org\/es\/#website"},"primaryImageOfPage":{"@id":"https:\/\/fundacioramonmartibonet.org\/es\/2025\/07\/tacna-recibe-la-visita-de-la-fundacion-ramon-marti-i-bonet-para-formar-y-reforzar-la-deteccion-precoz-en-ninos\/#primaryimage"},"image":{"@id":"https:\/\/fundacioramonmartibonet.org\/es\/2025\/07\/tacna-recibe-la-visita-de-la-fundacion-ramon-marti-i-bonet-para-formar-y-reforzar-la-deteccion-precoz-en-ninos\/#primaryimage"},"thumbnailUrl":"https:\/\/fundacioramonmartibonet.org\/wp-content\/uploads\/2025\/07\/shared-image-95.jpeg","datePublished":"2025-07-23T08:37:32+00:00","dateModified":"2025-07-23T08:41:23+00:00","breadcrumb":{"@id":"https:\/\/fundacioramonmartibonet.org\/es\/2025\/07\/tacna-recibe-la-visita-de-la-fundacion-ramon-marti-i-bonet-para-formar-y-reforzar-la-deteccion-precoz-en-ninos\/#breadcrumb"},"inLanguage":"es","potentialAction":[{"@type":"ReadAction","target":["https:\/\/fundacioramonmartibonet.org\/es\/2025\/07\/tacna-recibe-la-visita-de-la-fundacion-ramon-marti-i-bonet-para-formar-y-reforzar-la-deteccion-precoz-en-ninos\/"]}]},{"@type":"ImageObject","inLanguage":"es","@id":"https:\/\/fundacioramonmartibonet.org\/es\/2025\/07\/tacna-recibe-la-visita-de-la-fundacion-ramon-marti-i-bonet-para-formar-y-reforzar-la-deteccion-precoz-en-ninos\/#primaryimage","url":"https:\/\/fundacioramonmartibonet.org\/wp-content\/uploads\/2025\/07\/shared-image-95.jpeg","contentUrl":"https:\/\/fundacioramonmartibonet.org\/wp-content\/uploads\/2025\/07\/shared-image-95.jpeg","width":2000,"height":1500},{"@type":"BreadcrumbList","@id":"https:\/\/fundacioramonmartibonet.org\/es\/2025\/07\/tacna-recibe-la-visita-de-la-fundacion-ramon-marti-i-bonet-para-formar-y-reforzar-la-deteccion-precoz-en-ninos\/#breadcrumb","itemListElement":[{"@type":"ListItem","position":1,"name":"Home","item":"https:\/\/fundacioramonmartibonet.org\/es\/"},{"@type":"ListItem","position":2,"name":"Tacna recibe la visita de la Fundaci\u00f3n Ramon Mart\u00ed i Bonet para formar y reforzar la detecci\u00f3n precoz en ni\u00f1os."}]},{"@type":"WebSite","@id":"https:\/\/fundacioramonmartibonet.org\/es\/#website","url":"https:\/\/fundacioramonmartibonet.org\/es\/","name":"Fundaci\u00f3 Ramon Mart\u00ed i Bonet","description":"Visi\u00f3 per a tothom","publisher":{"@id":"https:\/\/fundacioramonmartibonet.org\/es\/#organization"},"alternateName":"FRMB","potentialAction":[{"@type":"SearchAction","target":{"@type":"EntryPoint","urlTemplate":"https:\/\/fundacioramonmartibonet.org\/es\/?s={search_term_string}"},"query-input":"required name=search_term_string"}],"inLanguage":"es"},{"@type":"Organization","@id":"https:\/\/fundacioramonmartibonet.org\/es\/#organization","name":"Fundaci\u00f3 Ramon Mart\u00ed i Bonet","alternateName":"FRMB","url":"https:\/\/fundacioramonmartibonet.org\/es\/","logo":{"@type":"ImageObject","inLanguage":"es","@id":"https:\/\/fundacioramonmartibonet.org\/es\/#\/schema\/logo\/image\/","url":"https:\/\/fundacioramonmartibonet.org\/wp-content\/uploads\/2023\/06\/frmb.svg","contentUrl":"https:\/\/fundacioramonmartibonet.org\/wp-content\/uploads\/2023\/06\/frmb.svg","width":900,"height":280,"caption":"Fundaci\u00f3 Ramon Mart\u00ed i Bonet"},"image":{"@id":"https:\/\/fundacioramonmartibonet.org\/es\/#\/schema\/logo\/image\/"},"sameAs":["https:\/\/www.facebook.com\/FundacioRamonMartiBonet","https:\/\/x.com\/FundacioRMB","https:\/\/www.youtube.com\/channel\/UCNyN8HH4tz3ybIBubLBiSog","https:\/\/www.instagram.com\/fundaciormb\/","https:\/\/www.linkedin.com\/company\/fundacio-ramon-marto-i-bonet-contra-la-ceguera\/"]},{"@type":"Person","@id":"https:\/\/fundacioramonmartibonet.org\/es\/#\/schema\/person\/0078573cb6877aee8ea9807d9603f3ef","name":"Gemma Cros","image":{"@type":"ImageObject","inLanguage":"es","@id":"https:\/\/fundacioramonmartibonet.org\/es\/#\/schema\/person\/image\/","url":"https:\/\/secure.gravatar.com\/avatar\/754ef50ddec01d379dbb73102f380975?s=96&d=mm&r=g","contentUrl":"https:\/\/secure.gravatar.com\/avatar\/754ef50ddec01d379dbb73102f380975?s=96&d=mm&r=g","caption":"Gemma Cros"},"url":"https:\/\/fundacioramonmartibonet.org\/es\/author\/gemma\/"}]}},"_links":{"self":[{"href":"https:\/\/fundacioramonmartibonet.org\/es\/wp-json\/wp\/v2\/posts\/4011"}],"collection":[{"href":"https:\/\/fundacioramonmartibonet.org\/es\/wp-json\/wp\/v2\/posts"}],"about":[{"href":"https:\/\/fundacioramonmartibonet.org\/es\/wp-json\/wp\/v2\/types\/post"}],"author":[{"embeddable":true,"href":"https:\/\/fundacioramonmartibonet.org\/es\/wp-json\/wp\/v2\/users\/2"}],"replies":[{"embeddable":true,"href":"https:\/\/fundacioramonmartibonet.org\/es\/wp-json\/wp\/v2\/comments?post=4011"}],"version-history":[{"count":1,"href":"https:\/\/fundacioramonmartibonet.org\/es\/wp-json\/wp\/v2\/posts\/4011\/revisions"}],"predecessor-version":[{"id":4012,"href":"https:\/\/fundacioramonmartibonet.org\/es\/wp-json\/wp\/v2\/posts\/4011\/revisions\/4012"}],"wp:featuredmedia":[{"embeddable":true,"href":"https:\/\/fundacioramonmartibonet.org\/es\/wp-json\/wp\/v2\/media\/3995"}],"wp:attachment":[{"href":"https:\/\/fundacioramonmartibonet.org\/es\/wp-json\/wp\/v2\/media?parent=4011"}],"wp:term":[{"taxonomy":"category","embeddable":true,"href":"https:\/\/fundacioramonmartibonet.org\/es\/wp-json\/wp\/v2\/categories?post=4011"},{"taxonomy":"post_tag","embeddable":true,"href":"https:\/\/fundacioramonmartibonet.org\/es\/wp-json\/wp\/v2\/tags?post=4011"}],"curies":[{"name":"wp","href":"https:\/\/api.w.org\/{rel}","templated":true}]}}