{"id":3910,"date":"2025-06-26T08:57:00","date_gmt":"2025-06-26T08:57:00","guid":{"rendered":"https:\/\/fundacioramonmartibonet.org\/?p=3910"},"modified":"2025-07-16T09:22:34","modified_gmt":"2025-07-16T09:22:34","slug":"el-sr-attourmouzi-de-la-direccion-general-de-ong-para-el-desarrollo-dgonddel-chad-visita-nuestras-oficinas","status":"publish","type":"post","link":"https:\/\/fundacioramonmartibonet.org\/es\/2025\/06\/el-sr-attourmouzi-de-la-direccion-general-de-ong-para-el-desarrollo-dgonddel-chad-visita-nuestras-oficinas\/","title":{"rendered":"El Sr. Attourmouzi, de la Direcci\u00f3n General de ONG para el desarrollo (DGOND),del Chad, visita nuestras oficinas"},"content":{"rendered":"\n<p>Esta semana hemos tenido el placer de recibir en nuestras oficinas a Attourmouzi Habib Ali, Jefe de Divisi\u00f3n de Seguimiento y Evaluaci\u00f3n de los Proyectos, del Ministerio de Finanzas y Cooperaci\u00f3n Internacional, del Chad. Ha sido una gran oportunidad para fortalecer la relaci\u00f3n con el gobierno local, que confiamos nos permitir\u00e1 contribuir cada vez m\u00e1s a la salud visual del Chad.<\/p>\n\n\n\n<p>Desde el 2017, con el proyecto Visi\u00f3n para todo el mundo en el Chad, trabajamos para garantizar una buena salud visual del pa\u00eds y evitar la ceguera de las personas que se encuentran en una situaci\u00f3n m\u00e1s vulnerable, para que mejoren sus perspectivas de futuro.<\/p>\n\n\n\n<p>Durante su visita, el Sr Attourmouzi pudo conocer a miembros del Patronato de la Fundaci\u00f3n, as\u00ed como al equipo t\u00e9cnico que gestiona el d\u00eda a d\u00eda de los proyectos. Adem\u00e1s, le recibimos en las instalaciones de la Fundaci\u00f3n donde se encuentran las consultas para visitar a las personas con deficiencias visuales que se encuentran en situaci\u00f3n de vulnerabilidad y viven cerca nuestro.<\/p>\n\n\n\n<p>Para la Fundaci\u00f3 Ramon Mart\u00ed i Bonet es clave poder contar con el soporte del gobierno local, por este motivo, en los \u00faltimos a\u00f1os hemos mantenido reuniones con representantes del Ministerio, tanto del \u00e1rea de salud visual \u2013 Dr Mahamat Adam Dicko, Coordinador del Programa Nacional de Lucha Contra la Ceguera del Chad- como de proyectos de cooperaci\u00f3n, con el Sr Attourmouzi.<\/p>\n\n\n\n<p>Con este \u00faltimo, recientemente mantuvimos tambi\u00e9n una entrevista telem\u00e1tica en la que comparti\u00f3 su visi\u00f3n sobre los desaf\u00edos del derecho a la salud visual, as\u00ed como la necesidad de la cooperaci\u00f3n internacional en el Chad.<\/p>\n\n\n\n<p>Esta entrevista fue posible gracias al soporte del Ministerio de Asuntos Exteriores, Uni\u00f3n Europea y Cooperaci\u00f3n para la realizaci\u00f3n de actividades dirigidas a la divulgaci\u00f3n, promoci\u00f3n y protecci\u00f3n de los derechos humanos.<\/p>\n\n\n\n<p>Durante la entrevista, se destac\u00f3 que, aunque los marcos legales y la voluntad institucional existen, sin cooperaci\u00f3n internacional y apoyo sostenido, millones de personas seguir\u00e1n sin acceso a una salud visual b\u00e1sica, en el Chad. Tambi\u00e9n reconoci\u00f3 el impacto positivo de la Fundaci\u00f3n Ramon Mart\u00ed i Bonet, valorando especialmente su labor en N\u2019Djamena y su compromiso con la formaci\u00f3n de personal local. Dicha entrevista se puede encontrar en el canal de youtube de la fundaci\u00f3n:<a href=\"https:\/\/www.youtube.com\/@fundacioramonmartiibonetco8470\"> Fundaci\u00f3 Ramon Mart\u00ed i Bonet contra la ceguera &#8211; YouTube<\/a><\/p>\n\n\n\n<p>Desde la Fundaci\u00f3n, queremos agradecer sinceramente al Sr. Attourmouzi su disponibilidad y soporte al proyecto Visi\u00f3n para todos en el Chad. Su paso por nuestra sede ha sido una experiencia que recordaremos con aprecio.<\/p>\n","protected":false},"excerpt":{"rendered":"<p>Esta semana hemos tenido el placer de recibir en nuestras oficinas al Sr. Attourmouzi, Jefe de Evaluaci\u00f3n de los Proyectos, del Ministerio de Finanzas y Cooperaci\u00f3n Internacional, del Chad.<\/p>\n","protected":false},"author":2,"featured_media":3915,"comment_status":"closed","ping_status":"open","sticky":false,"template":"","format":"standard","meta":{"_acf_changed":false,"footnotes":""},"categories":[1],"tags":[],"acf":[],"yoast_head":"<!-- This site is optimized with the Yoast SEO plugin v22.5 - https:\/\/yoast.com\/wordpress\/plugins\/seo\/ -->\n<title>Direcci\u00f3n general de ONG para el desarrollo, visita la fundaci\u00f3n.<\/title>\n<meta name=\"description\" content=\"Esta semana hemos recibido en nuestras oficinas a Attourmouzi Habib, como parte del proyecto Visi\u00f3n para todo el mundo en el Chad\" \/>\n<meta name=\"robots\" content=\"index, follow, max-snippet:-1, max-image-preview:large, max-video-preview:-1\" \/>\n<link rel=\"canonical\" href=\"https:\/\/fundacioramonmartibonet.org\/es\/2025\/06\/el-sr-attourmouzi-de-la-direccion-general-de-ong-para-el-desarrollo-dgonddel-chad-visita-nuestras-oficinas\/\" \/>\n<meta property=\"og:locale\" content=\"es_ES\" \/>\n<meta property=\"og:type\" content=\"article\" \/>\n<meta property=\"og:title\" content=\"Direcci\u00f3n general de ONG para el desarrollo, visita la fundaci\u00f3n.\" \/>\n<meta property=\"og:description\" content=\"Esta semana hemos recibido en nuestras oficinas a Attourmouzi Habib, como parte del proyecto Visi\u00f3n para todo el mundo en el Chad\" \/>\n<meta property=\"og:url\" content=\"https:\/\/fundacioramonmartibonet.org\/es\/2025\/06\/el-sr-attourmouzi-de-la-direccion-general-de-ong-para-el-desarrollo-dgonddel-chad-visita-nuestras-oficinas\/\" \/>\n<meta property=\"og:site_name\" content=\"Fundaci\u00f3 Ram\u00f3n Mart\u00ed i Bonet\" \/>\n<meta property=\"article:publisher\" content=\"https:\/\/www.facebook.com\/FundacioRamonMartiBonet\" \/>\n<meta property=\"article:published_time\" content=\"2025-06-26T08:57:00+00:00\" \/>\n<meta property=\"article:modified_time\" content=\"2025-07-16T09:22:34+00:00\" \/>\n<meta property=\"og:image\" content=\"https:\/\/fundacioramonmartibonet.org\/wp-content\/uploads\/2025\/06\/WhatsApp-Image-2025-06-19-at-14.48.34-1-1-1.jpeg\" \/>\n\t<meta property=\"og:image:width\" content=\"1020\" \/>\n\t<meta property=\"og:image:height\" content=\"765\" \/>\n\t<meta property=\"og:image:type\" content=\"image\/jpeg\" \/>\n<meta name=\"author\" content=\"Gemma Cros\" \/>\n<meta name=\"twitter:card\" content=\"summary_large_image\" \/>\n<meta name=\"twitter:creator\" content=\"@FundacioRMB\" \/>\n<meta name=\"twitter:site\" content=\"@FundacioRMB\" \/>\n<script type=\"application\/ld+json\" class=\"yoast-schema-graph\">{\"@context\":\"https:\/\/schema.org\",\"@graph\":[{\"@type\":\"Article\",\"@id\":\"https:\/\/fundacioramonmartibonet.org\/es\/2025\/06\/el-sr-attourmouzi-de-la-direccion-general-de-ong-para-el-desarrollo-dgonddel-chad-visita-nuestras-oficinas\/#article\",\"isPartOf\":{\"@id\":\"https:\/\/fundacioramonmartibonet.org\/es\/2025\/06\/el-sr-attourmouzi-de-la-direccion-general-de-ong-para-el-desarrollo-dgonddel-chad-visita-nuestras-oficinas\/\"},\"author\":{\"name\":\"Gemma Cros\",\"@id\":\"https:\/\/fundacioramonmartibonet.org\/es\/#\/schema\/person\/0078573cb6877aee8ea9807d9603f3ef\"},\"headline\":\"El Sr. Attourmouzi, de la Direcci\u00f3n General de ONG para el desarrollo (DGOND),del Chad, visita nuestras oficinas\",\"datePublished\":\"2025-06-26T08:57:00+00:00\",\"dateModified\":\"2025-07-16T09:22:34+00:00\",\"mainEntityOfPage\":{\"@id\":\"https:\/\/fundacioramonmartibonet.org\/es\/2025\/06\/el-sr-attourmouzi-de-la-direccion-general-de-ong-para-el-desarrollo-dgonddel-chad-visita-nuestras-oficinas\/\"},\"wordCount\":472,\"publisher\":{\"@id\":\"https:\/\/fundacioramonmartibonet.org\/es\/#organization\"},\"image\":{\"@id\":\"https:\/\/fundacioramonmartibonet.org\/es\/2025\/06\/el-sr-attourmouzi-de-la-direccion-general-de-ong-para-el-desarrollo-dgonddel-chad-visita-nuestras-oficinas\/#primaryimage\"},\"thumbnailUrl\":\"https:\/\/fundacioramonmartibonet.org\/wp-content\/uploads\/2025\/06\/WhatsApp-Image-2025-06-19-at-14.48.34-1-1-1.jpeg\",\"articleSection\":[\"Sin categorizar\"],\"inLanguage\":\"es\"},{\"@type\":\"WebPage\",\"@id\":\"https:\/\/fundacioramonmartibonet.org\/es\/2025\/06\/el-sr-attourmouzi-de-la-direccion-general-de-ong-para-el-desarrollo-dgonddel-chad-visita-nuestras-oficinas\/\",\"url\":\"https:\/\/fundacioramonmartibonet.org\/es\/2025\/06\/el-sr-attourmouzi-de-la-direccion-general-de-ong-para-el-desarrollo-dgonddel-chad-visita-nuestras-oficinas\/\",\"name\":\"Direcci\u00f3n general de ONG para el desarrollo, visita la fundaci\u00f3n.\",\"isPartOf\":{\"@id\":\"https:\/\/fundacioramonmartibonet.org\/es\/#website\"},\"primaryImageOfPage\":{\"@id\":\"https:\/\/fundacioramonmartibonet.org\/es\/2025\/06\/el-sr-attourmouzi-de-la-direccion-general-de-ong-para-el-desarrollo-dgonddel-chad-visita-nuestras-oficinas\/#primaryimage\"},\"image\":{\"@id\":\"https:\/\/fundacioramonmartibonet.org\/es\/2025\/06\/el-sr-attourmouzi-de-la-direccion-general-de-ong-para-el-desarrollo-dgonddel-chad-visita-nuestras-oficinas\/#primaryimage\"},\"thumbnailUrl\":\"https:\/\/fundacioramonmartibonet.org\/wp-content\/uploads\/2025\/06\/WhatsApp-Image-2025-06-19-at-14.48.34-1-1-1.jpeg\",\"datePublished\":\"2025-06-26T08:57:00+00:00\",\"dateModified\":\"2025-07-16T09:22:34+00:00\",\"description\":\"Esta semana hemos recibido en nuestras oficinas a Attourmouzi Habib, como parte del proyecto Visi\u00f3n para todo el mundo en el Chad\",\"breadcrumb\":{\"@id\":\"https:\/\/fundacioramonmartibonet.org\/es\/2025\/06\/el-sr-attourmouzi-de-la-direccion-general-de-ong-para-el-desarrollo-dgonddel-chad-visita-nuestras-oficinas\/#breadcrumb\"},\"inLanguage\":\"es\",\"potentialAction\":[{\"@type\":\"ReadAction\",\"target\":[\"https:\/\/fundacioramonmartibonet.org\/es\/2025\/06\/el-sr-attourmouzi-de-la-direccion-general-de-ong-para-el-desarrollo-dgonddel-chad-visita-nuestras-oficinas\/\"]}]},{\"@type\":\"ImageObject\",\"inLanguage\":\"es\",\"@id\":\"https:\/\/fundacioramonmartibonet.org\/es\/2025\/06\/el-sr-attourmouzi-de-la-direccion-general-de-ong-para-el-desarrollo-dgonddel-chad-visita-nuestras-oficinas\/#primaryimage\",\"url\":\"https:\/\/fundacioramonmartibonet.org\/wp-content\/uploads\/2025\/06\/WhatsApp-Image-2025-06-19-at-14.48.34-1-1-1.jpeg\",\"contentUrl\":\"https:\/\/fundacioramonmartibonet.org\/wp-content\/uploads\/2025\/06\/WhatsApp-Image-2025-06-19-at-14.48.34-1-1-1.jpeg\",\"width\":1020,\"height\":765,\"caption\":\"Sr. Attourm\"},{\"@type\":\"BreadcrumbList\",\"@id\":\"https:\/\/fundacioramonmartibonet.org\/es\/2025\/06\/el-sr-attourmouzi-de-la-direccion-general-de-ong-para-el-desarrollo-dgonddel-chad-visita-nuestras-oficinas\/#breadcrumb\",\"itemListElement\":[{\"@type\":\"ListItem\",\"position\":1,\"name\":\"Home\",\"item\":\"https:\/\/fundacioramonmartibonet.org\/es\/\"},{\"@type\":\"ListItem\",\"position\":2,\"name\":\"El Sr. Attourmouzi, de la Direcci\u00f3n General de ONG para el desarrollo (DGOND),del Chad, visita nuestras oficinas\"}]},{\"@type\":\"WebSite\",\"@id\":\"https:\/\/fundacioramonmartibonet.org\/es\/#website\",\"url\":\"https:\/\/fundacioramonmartibonet.org\/es\/\",\"name\":\"Fundaci\u00f3 Ramon Mart\u00ed i Bonet\",\"description\":\"Visi\u00f3 per a tothom\",\"publisher\":{\"@id\":\"https:\/\/fundacioramonmartibonet.org\/es\/#organization\"},\"alternateName\":\"FRMB\",\"potentialAction\":[{\"@type\":\"SearchAction\",\"target\":{\"@type\":\"EntryPoint\",\"urlTemplate\":\"https:\/\/fundacioramonmartibonet.org\/es\/?s={search_term_string}\"},\"query-input\":\"required name=search_term_string\"}],\"inLanguage\":\"es\"},{\"@type\":\"Organization\",\"@id\":\"https:\/\/fundacioramonmartibonet.org\/es\/#organization\",\"name\":\"Fundaci\u00f3 Ramon Mart\u00ed i Bonet\",\"alternateName\":\"FRMB\",\"url\":\"https:\/\/fundacioramonmartibonet.org\/es\/\",\"logo\":{\"@type\":\"ImageObject\",\"inLanguage\":\"es\",\"@id\":\"https:\/\/fundacioramonmartibonet.org\/es\/#\/schema\/logo\/image\/\",\"url\":\"https:\/\/fundacioramonmartibonet.org\/wp-content\/uploads\/2023\/06\/frmb.svg\",\"contentUrl\":\"https:\/\/fundacioramonmartibonet.org\/wp-content\/uploads\/2023\/06\/frmb.svg\",\"width\":900,\"height\":280,\"caption\":\"Fundaci\u00f3 Ramon Mart\u00ed i Bonet\"},\"image\":{\"@id\":\"https:\/\/fundacioramonmartibonet.org\/es\/#\/schema\/logo\/image\/\"},\"sameAs\":[\"https:\/\/www.facebook.com\/FundacioRamonMartiBonet\",\"https:\/\/x.com\/FundacioRMB\",\"https:\/\/www.youtube.com\/channel\/UCNyN8HH4tz3ybIBubLBiSog\",\"https:\/\/www.instagram.com\/fundaciormb\/\",\"https:\/\/www.linkedin.com\/company\/fundacio-ramon-marto-i-bonet-contra-la-ceguera\/\"]},{\"@type\":\"Person\",\"@id\":\"https:\/\/fundacioramonmartibonet.org\/es\/#\/schema\/person\/0078573cb6877aee8ea9807d9603f3ef\",\"name\":\"Gemma Cros\",\"image\":{\"@type\":\"ImageObject\",\"inLanguage\":\"es\",\"@id\":\"https:\/\/fundacioramonmartibonet.org\/es\/#\/schema\/person\/image\/\",\"url\":\"https:\/\/secure.gravatar.com\/avatar\/754ef50ddec01d379dbb73102f380975?s=96&d=mm&r=g\",\"contentUrl\":\"https:\/\/secure.gravatar.com\/avatar\/754ef50ddec01d379dbb73102f380975?s=96&d=mm&r=g\",\"caption\":\"Gemma Cros\"},\"url\":\"https:\/\/fundacioramonmartibonet.org\/es\/author\/gemma\/\"}]}<\/script>\n<!-- \/ Yoast SEO plugin. -->","yoast_head_json":{"title":"Direcci\u00f3n general de ONG para el desarrollo, visita la fundaci\u00f3n.","description":"Esta semana hemos recibido en nuestras oficinas a Attourmouzi Habib, como parte del proyecto Visi\u00f3n para todo el mundo en el Chad","robots":{"index":"index","follow":"follow","max-snippet":"max-snippet:-1","max-image-preview":"max-image-preview:large","max-video-preview":"max-video-preview:-1"},"canonical":"https:\/\/fundacioramonmartibonet.org\/es\/2025\/06\/el-sr-attourmouzi-de-la-direccion-general-de-ong-para-el-desarrollo-dgonddel-chad-visita-nuestras-oficinas\/","og_locale":"es_ES","og_type":"article","og_title":"Direcci\u00f3n general de ONG para el desarrollo, visita la fundaci\u00f3n.","og_description":"Esta semana hemos recibido en nuestras oficinas a Attourmouzi Habib, como parte del proyecto Visi\u00f3n para todo el mundo en el Chad","og_url":"https:\/\/fundacioramonmartibonet.org\/es\/2025\/06\/el-sr-attourmouzi-de-la-direccion-general-de-ong-para-el-desarrollo-dgonddel-chad-visita-nuestras-oficinas\/","og_site_name":"Fundaci\u00f3 Ram\u00f3n Mart\u00ed i Bonet","article_publisher":"https:\/\/www.facebook.com\/FundacioRamonMartiBonet","article_published_time":"2025-06-26T08:57:00+00:00","article_modified_time":"2025-07-16T09:22:34+00:00","og_image":[{"width":1020,"height":765,"url":"https:\/\/fundacioramonmartibonet.org\/wp-content\/uploads\/2025\/06\/WhatsApp-Image-2025-06-19-at-14.48.34-1-1-1.jpeg","type":"image\/jpeg"}],"author":"Gemma Cros","twitter_card":"summary_large_image","twitter_creator":"@FundacioRMB","twitter_site":"@FundacioRMB","schema":{"@context":"https:\/\/schema.org","@graph":[{"@type":"Article","@id":"https:\/\/fundacioramonmartibonet.org\/es\/2025\/06\/el-sr-attourmouzi-de-la-direccion-general-de-ong-para-el-desarrollo-dgonddel-chad-visita-nuestras-oficinas\/#article","isPartOf":{"@id":"https:\/\/fundacioramonmartibonet.org\/es\/2025\/06\/el-sr-attourmouzi-de-la-direccion-general-de-ong-para-el-desarrollo-dgonddel-chad-visita-nuestras-oficinas\/"},"author":{"name":"Gemma Cros","@id":"https:\/\/fundacioramonmartibonet.org\/es\/#\/schema\/person\/0078573cb6877aee8ea9807d9603f3ef"},"headline":"El Sr. Attourmouzi, de la Direcci\u00f3n General de ONG para el desarrollo (DGOND),del Chad, visita nuestras oficinas","datePublished":"2025-06-26T08:57:00+00:00","dateModified":"2025-07-16T09:22:34+00:00","mainEntityOfPage":{"@id":"https:\/\/fundacioramonmartibonet.org\/es\/2025\/06\/el-sr-attourmouzi-de-la-direccion-general-de-ong-para-el-desarrollo-dgonddel-chad-visita-nuestras-oficinas\/"},"wordCount":472,"publisher":{"@id":"https:\/\/fundacioramonmartibonet.org\/es\/#organization"},"image":{"@id":"https:\/\/fundacioramonmartibonet.org\/es\/2025\/06\/el-sr-attourmouzi-de-la-direccion-general-de-ong-para-el-desarrollo-dgonddel-chad-visita-nuestras-oficinas\/#primaryimage"},"thumbnailUrl":"https:\/\/fundacioramonmartibonet.org\/wp-content\/uploads\/2025\/06\/WhatsApp-Image-2025-06-19-at-14.48.34-1-1-1.jpeg","articleSection":["Sin categorizar"],"inLanguage":"es"},{"@type":"WebPage","@id":"https:\/\/fundacioramonmartibonet.org\/es\/2025\/06\/el-sr-attourmouzi-de-la-direccion-general-de-ong-para-el-desarrollo-dgonddel-chad-visita-nuestras-oficinas\/","url":"https:\/\/fundacioramonmartibonet.org\/es\/2025\/06\/el-sr-attourmouzi-de-la-direccion-general-de-ong-para-el-desarrollo-dgonddel-chad-visita-nuestras-oficinas\/","name":"Direcci\u00f3n general de ONG para el desarrollo, visita la fundaci\u00f3n.","isPartOf":{"@id":"https:\/\/fundacioramonmartibonet.org\/es\/#website"},"primaryImageOfPage":{"@id":"https:\/\/fundacioramonmartibonet.org\/es\/2025\/06\/el-sr-attourmouzi-de-la-direccion-general-de-ong-para-el-desarrollo-dgonddel-chad-visita-nuestras-oficinas\/#primaryimage"},"image":{"@id":"https:\/\/fundacioramonmartibonet.org\/es\/2025\/06\/el-sr-attourmouzi-de-la-direccion-general-de-ong-para-el-desarrollo-dgonddel-chad-visita-nuestras-oficinas\/#primaryimage"},"thumbnailUrl":"https:\/\/fundacioramonmartibonet.org\/wp-content\/uploads\/2025\/06\/WhatsApp-Image-2025-06-19-at-14.48.34-1-1-1.jpeg","datePublished":"2025-06-26T08:57:00+00:00","dateModified":"2025-07-16T09:22:34+00:00","description":"Esta semana hemos recibido en nuestras oficinas a Attourmouzi Habib, como parte del proyecto Visi\u00f3n para todo el mundo en el Chad","breadcrumb":{"@id":"https:\/\/fundacioramonmartibonet.org\/es\/2025\/06\/el-sr-attourmouzi-de-la-direccion-general-de-ong-para-el-desarrollo-dgonddel-chad-visita-nuestras-oficinas\/#breadcrumb"},"inLanguage":"es","potentialAction":[{"@type":"ReadAction","target":["https:\/\/fundacioramonmartibonet.org\/es\/2025\/06\/el-sr-attourmouzi-de-la-direccion-general-de-ong-para-el-desarrollo-dgonddel-chad-visita-nuestras-oficinas\/"]}]},{"@type":"ImageObject","inLanguage":"es","@id":"https:\/\/fundacioramonmartibonet.org\/es\/2025\/06\/el-sr-attourmouzi-de-la-direccion-general-de-ong-para-el-desarrollo-dgonddel-chad-visita-nuestras-oficinas\/#primaryimage","url":"https:\/\/fundacioramonmartibonet.org\/wp-content\/uploads\/2025\/06\/WhatsApp-Image-2025-06-19-at-14.48.34-1-1-1.jpeg","contentUrl":"https:\/\/fundacioramonmartibonet.org\/wp-content\/uploads\/2025\/06\/WhatsApp-Image-2025-06-19-at-14.48.34-1-1-1.jpeg","width":1020,"height":765,"caption":"Sr. Attourm"},{"@type":"BreadcrumbList","@id":"https:\/\/fundacioramonmartibonet.org\/es\/2025\/06\/el-sr-attourmouzi-de-la-direccion-general-de-ong-para-el-desarrollo-dgonddel-chad-visita-nuestras-oficinas\/#breadcrumb","itemListElement":[{"@type":"ListItem","position":1,"name":"Home","item":"https:\/\/fundacioramonmartibonet.org\/es\/"},{"@type":"ListItem","position":2,"name":"El Sr. Attourmouzi, de la Direcci\u00f3n General de ONG para el desarrollo (DGOND),del Chad, visita nuestras oficinas"}]},{"@type":"WebSite","@id":"https:\/\/fundacioramonmartibonet.org\/es\/#website","url":"https:\/\/fundacioramonmartibonet.org\/es\/","name":"Fundaci\u00f3 Ramon Mart\u00ed i Bonet","description":"Visi\u00f3 per a tothom","publisher":{"@id":"https:\/\/fundacioramonmartibonet.org\/es\/#organization"},"alternateName":"FRMB","potentialAction":[{"@type":"SearchAction","target":{"@type":"EntryPoint","urlTemplate":"https:\/\/fundacioramonmartibonet.org\/es\/?s={search_term_string}"},"query-input":"required name=search_term_string"}],"inLanguage":"es"},{"@type":"Organization","@id":"https:\/\/fundacioramonmartibonet.org\/es\/#organization","name":"Fundaci\u00f3 Ramon Mart\u00ed i Bonet","alternateName":"FRMB","url":"https:\/\/fundacioramonmartibonet.org\/es\/","logo":{"@type":"ImageObject","inLanguage":"es","@id":"https:\/\/fundacioramonmartibonet.org\/es\/#\/schema\/logo\/image\/","url":"https:\/\/fundacioramonmartibonet.org\/wp-content\/uploads\/2023\/06\/frmb.svg","contentUrl":"https:\/\/fundacioramonmartibonet.org\/wp-content\/uploads\/2023\/06\/frmb.svg","width":900,"height":280,"caption":"Fundaci\u00f3 Ramon Mart\u00ed i Bonet"},"image":{"@id":"https:\/\/fundacioramonmartibonet.org\/es\/#\/schema\/logo\/image\/"},"sameAs":["https:\/\/www.facebook.com\/FundacioRamonMartiBonet","https:\/\/x.com\/FundacioRMB","https:\/\/www.youtube.com\/channel\/UCNyN8HH4tz3ybIBubLBiSog","https:\/\/www.instagram.com\/fundaciormb\/","https:\/\/www.linkedin.com\/company\/fundacio-ramon-marto-i-bonet-contra-la-ceguera\/"]},{"@type":"Person","@id":"https:\/\/fundacioramonmartibonet.org\/es\/#\/schema\/person\/0078573cb6877aee8ea9807d9603f3ef","name":"Gemma Cros","image":{"@type":"ImageObject","inLanguage":"es","@id":"https:\/\/fundacioramonmartibonet.org\/es\/#\/schema\/person\/image\/","url":"https:\/\/secure.gravatar.com\/avatar\/754ef50ddec01d379dbb73102f380975?s=96&d=mm&r=g","contentUrl":"https:\/\/secure.gravatar.com\/avatar\/754ef50ddec01d379dbb73102f380975?s=96&d=mm&r=g","caption":"Gemma Cros"},"url":"https:\/\/fundacioramonmartibonet.org\/es\/author\/gemma\/"}]}},"_links":{"self":[{"href":"https:\/\/fundacioramonmartibonet.org\/es\/wp-json\/wp\/v2\/posts\/3910"}],"collection":[{"href":"https:\/\/fundacioramonmartibonet.org\/es\/wp-json\/wp\/v2\/posts"}],"about":[{"href":"https:\/\/fundacioramonmartibonet.org\/es\/wp-json\/wp\/v2\/types\/post"}],"author":[{"embeddable":true,"href":"https:\/\/fundacioramonmartibonet.org\/es\/wp-json\/wp\/v2\/users\/2"}],"replies":[{"embeddable":true,"href":"https:\/\/fundacioramonmartibonet.org\/es\/wp-json\/wp\/v2\/comments?post=3910"}],"version-history":[{"count":2,"href":"https:\/\/fundacioramonmartibonet.org\/es\/wp-json\/wp\/v2\/posts\/3910\/revisions"}],"predecessor-version":[{"id":3916,"href":"https:\/\/fundacioramonmartibonet.org\/es\/wp-json\/wp\/v2\/posts\/3910\/revisions\/3916"}],"wp:featuredmedia":[{"embeddable":true,"href":"https:\/\/fundacioramonmartibonet.org\/es\/wp-json\/wp\/v2\/media\/3915"}],"wp:attachment":[{"href":"https:\/\/fundacioramonmartibonet.org\/es\/wp-json\/wp\/v2\/media?parent=3910"}],"wp:term":[{"taxonomy":"category","embeddable":true,"href":"https:\/\/fundacioramonmartibonet.org\/es\/wp-json\/wp\/v2\/categories?post=3910"},{"taxonomy":"post_tag","embeddable":true,"href":"https:\/\/fundacioramonmartibonet.org\/es\/wp-json\/wp\/v2\/tags?post=3910"}],"curies":[{"name":"wp","href":"https:\/\/api.w.org\/{rel}","templated":true}]}}