{"id":3488,"date":"2025-02-26T09:44:12","date_gmt":"2025-02-26T09:44:12","guid":{"rendered":"https:\/\/fundacioramonmartibonet.org\/2025\/02\/la-collaboracio-amb-lajuntament-de-barcelona-permet-identificar-dificultats-visuals-entre-lalumnat-descoles-dalta-complexitat-de-la-ciutat\/"},"modified":"2025-07-16T09:22:34","modified_gmt":"2025-07-16T09:22:34","slug":"la-collaboracio-amb-lajuntament-de-barcelona-permet-identificar-dificultats-visuals-entre-lalumnat-descoles-dalta-complexitat-de-la-ciutat","status":"publish","type":"post","link":"https:\/\/fundacioramonmartibonet.org\/es\/2025\/02\/la-collaboracio-amb-lajuntament-de-barcelona-permet-identificar-dificultats-visuals-entre-lalumnat-descoles-dalta-complexitat-de-la-ciutat\/","title":{"rendered":"La colaboraci\u00f3n con el Ayuntamiento de Barcelona permite identificar dificultades visuales entre el alumnado de escuelas de alta complejidad de la ciudad."},"content":{"rendered":"\n<p><strong>La colaboraci\u00f3n entre el Ayuntamiento de Barcelona y la Fundaci\u00f3n Ramon Mart\u00ed i Bonet ha facilitado el acceso de escuelas de alta complejidad de la ciudad, como la escuela Tur\u00f3 de Roquetes o la escuela Elisenda de Montcada, entre otras, a un cribado visual de casi 1.070 alumnos. El resultado ha sido que un 13% de estos manifiestan dificultades visuales.<\/strong><\/p>\n\n\n\n<p>Este proyecto surge de la observaci\u00f3n de las propias escuelas sobre la ausencia de gafas en las aulas y la dificultad de seguimiento por parte de algunos alumnos. El servicio proporcionado por la Fundaci\u00f3n tiene como objetivo identificar a aquellos ni\u00f1os o j\u00f3venes con problemas de agudeza visual y concienciarlos sobre la importancia de una buena salud ocular para mejorar su rendimiento, con la finalidad de promover la igualdad de oportunidades.<\/p>\n\n\n\n<p>La actividad se realiz\u00f3 dentro de los centros escolares y fue llevada a cabo por el equipo de voluntariado, previamente formado, de la Fundaci\u00f3n Ramon Mart\u00ed i Bonet. Consiste en una evaluaci\u00f3n de la agudeza visual de los ni\u00f1os y j\u00f3venes, mediante un p\u00f3ster dise\u00f1ado espec\u00edficamente para la actividad y un optotipo, que nos permite conocer los casos que pueden estar experimentando alguna dificultad, tanto en lo que respecta a la visi\u00f3n de cerca como a la visi\u00f3n lejana.<\/p>\n\n\n\n<p>Gracias a la implicaci\u00f3n de las escuelas y a la toma de conciencia sobre la salud visual de sus alumnos, se ha sensibilizado a las familias sobre la importancia de tener una buena visi\u00f3n para mejorar las perspectivas de futuro acad\u00e9micas, profesionales y la calidad de vida en general.<\/p>\n\n\n\n<p>A trav\u00e9s de colaboraciones como la del Ayuntamiento de Barcelona, desde la Fundaci\u00f3n Ramon Mart\u00ed i Bonet queremos subrayar la importancia de esta tarea de detecci\u00f3n para garantizar una buena salud visual en colectivos vulnerables, contribuyendo a la igualdad de oportunidades.<\/p>\n\n\n\n<figure class=\"wp-block-image size-full\"><img loading=\"lazy\" decoding=\"async\" width=\"200\" height=\"214\" src=\"https:\/\/fundacioramonmartibonet.org\/wp-content\/uploads\/2024\/04\/logo-aj-bcn.png\" alt=\"\" class=\"wp-image-1388\"\/><\/figure>\n","protected":false},"excerpt":{"rendered":"<p>Diferentes escuelas de alta complejidad de la ciudad participan en una criba visual para detectar posible dificultades visuales.<\/p>\n","protected":false},"author":2,"featured_media":3482,"comment_status":"closed","ping_status":"open","sticky":false,"template":"","format":"standard","meta":{"_acf_changed":false,"footnotes":""},"categories":[1],"tags":[],"acf":[],"yoast_head":"<!-- This site is optimized with the Yoast SEO plugin v22.5 - https:\/\/yoast.com\/wordpress\/plugins\/seo\/ -->\n<title>La colaboraci\u00f3n con el Ayuntamiento de Barcelona permite identificar dificultades visuales entre el alumnado de escuelas de alta complejidad de la ciudad. - Fundaci\u00f3 Ram\u00f3n Mart\u00ed i Bonet<\/title>\n<meta name=\"robots\" content=\"index, follow, max-snippet:-1, max-image-preview:large, max-video-preview:-1\" \/>\n<link rel=\"canonical\" href=\"https:\/\/fundacioramonmartibonet.org\/es\/2025\/02\/la-collaboracio-amb-lajuntament-de-barcelona-permet-identificar-dificultats-visuals-entre-lalumnat-descoles-dalta-complexitat-de-la-ciutat\/\" \/>\n<meta property=\"og:locale\" content=\"es_ES\" \/>\n<meta property=\"og:type\" content=\"article\" \/>\n<meta property=\"og:title\" content=\"La colaboraci\u00f3n con el Ayuntamiento de Barcelona permite identificar dificultades visuales entre el alumnado de escuelas de alta complejidad de la ciudad. - Fundaci\u00f3 Ram\u00f3n Mart\u00ed i Bonet\" \/>\n<meta property=\"og:description\" content=\"Diferentes escuelas de alta complejidad de la ciudad participan en una criba visual para detectar posible dificultades visuales.\" \/>\n<meta property=\"og:url\" content=\"https:\/\/fundacioramonmartibonet.org\/es\/2025\/02\/la-collaboracio-amb-lajuntament-de-barcelona-permet-identificar-dificultats-visuals-entre-lalumnat-descoles-dalta-complexitat-de-la-ciutat\/\" \/>\n<meta property=\"og:site_name\" content=\"Fundaci\u00f3 Ram\u00f3n Mart\u00ed i Bonet\" \/>\n<meta property=\"article:publisher\" content=\"https:\/\/www.facebook.com\/FundacioRamonMartiBonet\" \/>\n<meta property=\"article:published_time\" content=\"2025-02-26T09:44:12+00:00\" \/>\n<meta property=\"article:modified_time\" content=\"2025-07-16T09:22:34+00:00\" \/>\n<meta property=\"og:image\" content=\"https:\/\/fundacioramonmartibonet.org\/wp-content\/uploads\/2025\/02\/IMG-20240510-WA0003.jpg\" \/>\n\t<meta property=\"og:image:width\" content=\"1200\" \/>\n\t<meta property=\"og:image:height\" content=\"1600\" \/>\n\t<meta property=\"og:image:type\" content=\"image\/jpeg\" \/>\n<meta name=\"author\" content=\"Gemma Cros\" \/>\n<meta name=\"twitter:card\" content=\"summary_large_image\" \/>\n<meta name=\"twitter:creator\" content=\"@FundacioRMB\" \/>\n<meta name=\"twitter:site\" content=\"@FundacioRMB\" \/>\n<script type=\"application\/ld+json\" class=\"yoast-schema-graph\">{\"@context\":\"https:\/\/schema.org\",\"@graph\":[{\"@type\":\"Article\",\"@id\":\"https:\/\/fundacioramonmartibonet.org\/es\/2025\/02\/la-collaboracio-amb-lajuntament-de-barcelona-permet-identificar-dificultats-visuals-entre-lalumnat-descoles-dalta-complexitat-de-la-ciutat\/#article\",\"isPartOf\":{\"@id\":\"https:\/\/fundacioramonmartibonet.org\/es\/2025\/02\/la-collaboracio-amb-lajuntament-de-barcelona-permet-identificar-dificultats-visuals-entre-lalumnat-descoles-dalta-complexitat-de-la-ciutat\/\"},\"author\":{\"name\":\"Gemma Cros\",\"@id\":\"https:\/\/fundacioramonmartibonet.org\/es\/#\/schema\/person\/0078573cb6877aee8ea9807d9603f3ef\"},\"headline\":\"La colaboraci\u00f3n con el Ayuntamiento de Barcelona permite identificar dificultades visuales entre el alumnado de escuelas de alta complejidad de la ciudad.\",\"datePublished\":\"2025-02-26T09:44:12+00:00\",\"dateModified\":\"2025-07-16T09:22:34+00:00\",\"mainEntityOfPage\":{\"@id\":\"https:\/\/fundacioramonmartibonet.org\/es\/2025\/02\/la-collaboracio-amb-lajuntament-de-barcelona-permet-identificar-dificultats-visuals-entre-lalumnat-descoles-dalta-complexitat-de-la-ciutat\/\"},\"wordCount\":342,\"publisher\":{\"@id\":\"https:\/\/fundacioramonmartibonet.org\/es\/#organization\"},\"image\":{\"@id\":\"https:\/\/fundacioramonmartibonet.org\/es\/2025\/02\/la-collaboracio-amb-lajuntament-de-barcelona-permet-identificar-dificultats-visuals-entre-lalumnat-descoles-dalta-complexitat-de-la-ciutat\/#primaryimage\"},\"thumbnailUrl\":\"https:\/\/fundacioramonmartibonet.org\/wp-content\/uploads\/2025\/02\/IMG-20240510-WA0003.jpg\",\"articleSection\":[\"Sin categorizar\"],\"inLanguage\":\"es\"},{\"@type\":\"WebPage\",\"@id\":\"https:\/\/fundacioramonmartibonet.org\/es\/2025\/02\/la-collaboracio-amb-lajuntament-de-barcelona-permet-identificar-dificultats-visuals-entre-lalumnat-descoles-dalta-complexitat-de-la-ciutat\/\",\"url\":\"https:\/\/fundacioramonmartibonet.org\/es\/2025\/02\/la-collaboracio-amb-lajuntament-de-barcelona-permet-identificar-dificultats-visuals-entre-lalumnat-descoles-dalta-complexitat-de-la-ciutat\/\",\"name\":\"La colaboraci\u00f3n con el Ayuntamiento de Barcelona permite identificar dificultades visuales entre el alumnado de escuelas de alta complejidad de la ciudad. - Fundaci\u00f3 Ram\u00f3n Mart\u00ed i Bonet\",\"isPartOf\":{\"@id\":\"https:\/\/fundacioramonmartibonet.org\/es\/#website\"},\"primaryImageOfPage\":{\"@id\":\"https:\/\/fundacioramonmartibonet.org\/es\/2025\/02\/la-collaboracio-amb-lajuntament-de-barcelona-permet-identificar-dificultats-visuals-entre-lalumnat-descoles-dalta-complexitat-de-la-ciutat\/#primaryimage\"},\"image\":{\"@id\":\"https:\/\/fundacioramonmartibonet.org\/es\/2025\/02\/la-collaboracio-amb-lajuntament-de-barcelona-permet-identificar-dificultats-visuals-entre-lalumnat-descoles-dalta-complexitat-de-la-ciutat\/#primaryimage\"},\"thumbnailUrl\":\"https:\/\/fundacioramonmartibonet.org\/wp-content\/uploads\/2025\/02\/IMG-20240510-WA0003.jpg\",\"datePublished\":\"2025-02-26T09:44:12+00:00\",\"dateModified\":\"2025-07-16T09:22:34+00:00\",\"breadcrumb\":{\"@id\":\"https:\/\/fundacioramonmartibonet.org\/es\/2025\/02\/la-collaboracio-amb-lajuntament-de-barcelona-permet-identificar-dificultats-visuals-entre-lalumnat-descoles-dalta-complexitat-de-la-ciutat\/#breadcrumb\"},\"inLanguage\":\"es\",\"potentialAction\":[{\"@type\":\"ReadAction\",\"target\":[\"https:\/\/fundacioramonmartibonet.org\/es\/2025\/02\/la-collaboracio-amb-lajuntament-de-barcelona-permet-identificar-dificultats-visuals-entre-lalumnat-descoles-dalta-complexitat-de-la-ciutat\/\"]}]},{\"@type\":\"ImageObject\",\"inLanguage\":\"es\",\"@id\":\"https:\/\/fundacioramonmartibonet.org\/es\/2025\/02\/la-collaboracio-amb-lajuntament-de-barcelona-permet-identificar-dificultats-visuals-entre-lalumnat-descoles-dalta-complexitat-de-la-ciutat\/#primaryimage\",\"url\":\"https:\/\/fundacioramonmartibonet.org\/wp-content\/uploads\/2025\/02\/IMG-20240510-WA0003.jpg\",\"contentUrl\":\"https:\/\/fundacioramonmartibonet.org\/wp-content\/uploads\/2025\/02\/IMG-20240510-WA0003.jpg\",\"width\":1200,\"height\":1600,\"caption\":\"ayuda en ni\u00f1os\"},{\"@type\":\"BreadcrumbList\",\"@id\":\"https:\/\/fundacioramonmartibonet.org\/es\/2025\/02\/la-collaboracio-amb-lajuntament-de-barcelona-permet-identificar-dificultats-visuals-entre-lalumnat-descoles-dalta-complexitat-de-la-ciutat\/#breadcrumb\",\"itemListElement\":[{\"@type\":\"ListItem\",\"position\":1,\"name\":\"Home\",\"item\":\"https:\/\/fundacioramonmartibonet.org\/es\/\"},{\"@type\":\"ListItem\",\"position\":2,\"name\":\"La colaboraci\u00f3n con el Ayuntamiento de Barcelona permite identificar dificultades visuales entre el alumnado de escuelas de alta complejidad de la ciudad.\"}]},{\"@type\":\"WebSite\",\"@id\":\"https:\/\/fundacioramonmartibonet.org\/es\/#website\",\"url\":\"https:\/\/fundacioramonmartibonet.org\/es\/\",\"name\":\"Fundaci\u00f3 Ramon Mart\u00ed i Bonet\",\"description\":\"Visi\u00f3 per a tothom\",\"publisher\":{\"@id\":\"https:\/\/fundacioramonmartibonet.org\/es\/#organization\"},\"alternateName\":\"FRMB\",\"potentialAction\":[{\"@type\":\"SearchAction\",\"target\":{\"@type\":\"EntryPoint\",\"urlTemplate\":\"https:\/\/fundacioramonmartibonet.org\/es\/?s={search_term_string}\"},\"query-input\":\"required name=search_term_string\"}],\"inLanguage\":\"es\"},{\"@type\":\"Organization\",\"@id\":\"https:\/\/fundacioramonmartibonet.org\/es\/#organization\",\"name\":\"Fundaci\u00f3 Ramon Mart\u00ed i Bonet\",\"alternateName\":\"FRMB\",\"url\":\"https:\/\/fundacioramonmartibonet.org\/es\/\",\"logo\":{\"@type\":\"ImageObject\",\"inLanguage\":\"es\",\"@id\":\"https:\/\/fundacioramonmartibonet.org\/es\/#\/schema\/logo\/image\/\",\"url\":\"https:\/\/fundacioramonmartibonet.org\/wp-content\/uploads\/2023\/06\/frmb.svg\",\"contentUrl\":\"https:\/\/fundacioramonmartibonet.org\/wp-content\/uploads\/2023\/06\/frmb.svg\",\"width\":900,\"height\":280,\"caption\":\"Fundaci\u00f3 Ramon Mart\u00ed i Bonet\"},\"image\":{\"@id\":\"https:\/\/fundacioramonmartibonet.org\/es\/#\/schema\/logo\/image\/\"},\"sameAs\":[\"https:\/\/www.facebook.com\/FundacioRamonMartiBonet\",\"https:\/\/x.com\/FundacioRMB\",\"https:\/\/www.youtube.com\/channel\/UCNyN8HH4tz3ybIBubLBiSog\",\"https:\/\/www.instagram.com\/fundaciormb\/\",\"https:\/\/www.linkedin.com\/company\/fundacio-ramon-marto-i-bonet-contra-la-ceguera\/\"]},{\"@type\":\"Person\",\"@id\":\"https:\/\/fundacioramonmartibonet.org\/es\/#\/schema\/person\/0078573cb6877aee8ea9807d9603f3ef\",\"name\":\"Gemma Cros\",\"image\":{\"@type\":\"ImageObject\",\"inLanguage\":\"es\",\"@id\":\"https:\/\/fundacioramonmartibonet.org\/es\/#\/schema\/person\/image\/\",\"url\":\"https:\/\/secure.gravatar.com\/avatar\/754ef50ddec01d379dbb73102f380975?s=96&d=mm&r=g\",\"contentUrl\":\"https:\/\/secure.gravatar.com\/avatar\/754ef50ddec01d379dbb73102f380975?s=96&d=mm&r=g\",\"caption\":\"Gemma Cros\"},\"url\":\"https:\/\/fundacioramonmartibonet.org\/es\/author\/gemma\/\"}]}<\/script>\n<!-- \/ Yoast SEO plugin. -->","yoast_head_json":{"title":"La colaboraci\u00f3n con el Ayuntamiento de Barcelona permite identificar dificultades visuales entre el alumnado de escuelas de alta complejidad de la ciudad. - Fundaci\u00f3 Ram\u00f3n Mart\u00ed i Bonet","robots":{"index":"index","follow":"follow","max-snippet":"max-snippet:-1","max-image-preview":"max-image-preview:large","max-video-preview":"max-video-preview:-1"},"canonical":"https:\/\/fundacioramonmartibonet.org\/es\/2025\/02\/la-collaboracio-amb-lajuntament-de-barcelona-permet-identificar-dificultats-visuals-entre-lalumnat-descoles-dalta-complexitat-de-la-ciutat\/","og_locale":"es_ES","og_type":"article","og_title":"La colaboraci\u00f3n con el Ayuntamiento de Barcelona permite identificar dificultades visuales entre el alumnado de escuelas de alta complejidad de la ciudad. - Fundaci\u00f3 Ram\u00f3n Mart\u00ed i Bonet","og_description":"Diferentes escuelas de alta complejidad de la ciudad participan en una criba visual para detectar posible dificultades visuales.","og_url":"https:\/\/fundacioramonmartibonet.org\/es\/2025\/02\/la-collaboracio-amb-lajuntament-de-barcelona-permet-identificar-dificultats-visuals-entre-lalumnat-descoles-dalta-complexitat-de-la-ciutat\/","og_site_name":"Fundaci\u00f3 Ram\u00f3n Mart\u00ed i Bonet","article_publisher":"https:\/\/www.facebook.com\/FundacioRamonMartiBonet","article_published_time":"2025-02-26T09:44:12+00:00","article_modified_time":"2025-07-16T09:22:34+00:00","og_image":[{"width":1200,"height":1600,"url":"https:\/\/fundacioramonmartibonet.org\/wp-content\/uploads\/2025\/02\/IMG-20240510-WA0003.jpg","type":"image\/jpeg"}],"author":"Gemma Cros","twitter_card":"summary_large_image","twitter_creator":"@FundacioRMB","twitter_site":"@FundacioRMB","schema":{"@context":"https:\/\/schema.org","@graph":[{"@type":"Article","@id":"https:\/\/fundacioramonmartibonet.org\/es\/2025\/02\/la-collaboracio-amb-lajuntament-de-barcelona-permet-identificar-dificultats-visuals-entre-lalumnat-descoles-dalta-complexitat-de-la-ciutat\/#article","isPartOf":{"@id":"https:\/\/fundacioramonmartibonet.org\/es\/2025\/02\/la-collaboracio-amb-lajuntament-de-barcelona-permet-identificar-dificultats-visuals-entre-lalumnat-descoles-dalta-complexitat-de-la-ciutat\/"},"author":{"name":"Gemma Cros","@id":"https:\/\/fundacioramonmartibonet.org\/es\/#\/schema\/person\/0078573cb6877aee8ea9807d9603f3ef"},"headline":"La colaboraci\u00f3n con el Ayuntamiento de Barcelona permite identificar dificultades visuales entre el alumnado de escuelas de alta complejidad de la ciudad.","datePublished":"2025-02-26T09:44:12+00:00","dateModified":"2025-07-16T09:22:34+00:00","mainEntityOfPage":{"@id":"https:\/\/fundacioramonmartibonet.org\/es\/2025\/02\/la-collaboracio-amb-lajuntament-de-barcelona-permet-identificar-dificultats-visuals-entre-lalumnat-descoles-dalta-complexitat-de-la-ciutat\/"},"wordCount":342,"publisher":{"@id":"https:\/\/fundacioramonmartibonet.org\/es\/#organization"},"image":{"@id":"https:\/\/fundacioramonmartibonet.org\/es\/2025\/02\/la-collaboracio-amb-lajuntament-de-barcelona-permet-identificar-dificultats-visuals-entre-lalumnat-descoles-dalta-complexitat-de-la-ciutat\/#primaryimage"},"thumbnailUrl":"https:\/\/fundacioramonmartibonet.org\/wp-content\/uploads\/2025\/02\/IMG-20240510-WA0003.jpg","articleSection":["Sin categorizar"],"inLanguage":"es"},{"@type":"WebPage","@id":"https:\/\/fundacioramonmartibonet.org\/es\/2025\/02\/la-collaboracio-amb-lajuntament-de-barcelona-permet-identificar-dificultats-visuals-entre-lalumnat-descoles-dalta-complexitat-de-la-ciutat\/","url":"https:\/\/fundacioramonmartibonet.org\/es\/2025\/02\/la-collaboracio-amb-lajuntament-de-barcelona-permet-identificar-dificultats-visuals-entre-lalumnat-descoles-dalta-complexitat-de-la-ciutat\/","name":"La colaboraci\u00f3n con el Ayuntamiento de Barcelona permite identificar dificultades visuales entre el alumnado de escuelas de alta complejidad de la ciudad. - Fundaci\u00f3 Ram\u00f3n Mart\u00ed i Bonet","isPartOf":{"@id":"https:\/\/fundacioramonmartibonet.org\/es\/#website"},"primaryImageOfPage":{"@id":"https:\/\/fundacioramonmartibonet.org\/es\/2025\/02\/la-collaboracio-amb-lajuntament-de-barcelona-permet-identificar-dificultats-visuals-entre-lalumnat-descoles-dalta-complexitat-de-la-ciutat\/#primaryimage"},"image":{"@id":"https:\/\/fundacioramonmartibonet.org\/es\/2025\/02\/la-collaboracio-amb-lajuntament-de-barcelona-permet-identificar-dificultats-visuals-entre-lalumnat-descoles-dalta-complexitat-de-la-ciutat\/#primaryimage"},"thumbnailUrl":"https:\/\/fundacioramonmartibonet.org\/wp-content\/uploads\/2025\/02\/IMG-20240510-WA0003.jpg","datePublished":"2025-02-26T09:44:12+00:00","dateModified":"2025-07-16T09:22:34+00:00","breadcrumb":{"@id":"https:\/\/fundacioramonmartibonet.org\/es\/2025\/02\/la-collaboracio-amb-lajuntament-de-barcelona-permet-identificar-dificultats-visuals-entre-lalumnat-descoles-dalta-complexitat-de-la-ciutat\/#breadcrumb"},"inLanguage":"es","potentialAction":[{"@type":"ReadAction","target":["https:\/\/fundacioramonmartibonet.org\/es\/2025\/02\/la-collaboracio-amb-lajuntament-de-barcelona-permet-identificar-dificultats-visuals-entre-lalumnat-descoles-dalta-complexitat-de-la-ciutat\/"]}]},{"@type":"ImageObject","inLanguage":"es","@id":"https:\/\/fundacioramonmartibonet.org\/es\/2025\/02\/la-collaboracio-amb-lajuntament-de-barcelona-permet-identificar-dificultats-visuals-entre-lalumnat-descoles-dalta-complexitat-de-la-ciutat\/#primaryimage","url":"https:\/\/fundacioramonmartibonet.org\/wp-content\/uploads\/2025\/02\/IMG-20240510-WA0003.jpg","contentUrl":"https:\/\/fundacioramonmartibonet.org\/wp-content\/uploads\/2025\/02\/IMG-20240510-WA0003.jpg","width":1200,"height":1600,"caption":"ayuda en ni\u00f1os"},{"@type":"BreadcrumbList","@id":"https:\/\/fundacioramonmartibonet.org\/es\/2025\/02\/la-collaboracio-amb-lajuntament-de-barcelona-permet-identificar-dificultats-visuals-entre-lalumnat-descoles-dalta-complexitat-de-la-ciutat\/#breadcrumb","itemListElement":[{"@type":"ListItem","position":1,"name":"Home","item":"https:\/\/fundacioramonmartibonet.org\/es\/"},{"@type":"ListItem","position":2,"name":"La colaboraci\u00f3n con el Ayuntamiento de Barcelona permite identificar dificultades visuales entre el alumnado de escuelas de alta complejidad de la ciudad."}]},{"@type":"WebSite","@id":"https:\/\/fundacioramonmartibonet.org\/es\/#website","url":"https:\/\/fundacioramonmartibonet.org\/es\/","name":"Fundaci\u00f3 Ramon Mart\u00ed i Bonet","description":"Visi\u00f3 per a tothom","publisher":{"@id":"https:\/\/fundacioramonmartibonet.org\/es\/#organization"},"alternateName":"FRMB","potentialAction":[{"@type":"SearchAction","target":{"@type":"EntryPoint","urlTemplate":"https:\/\/fundacioramonmartibonet.org\/es\/?s={search_term_string}"},"query-input":"required name=search_term_string"}],"inLanguage":"es"},{"@type":"Organization","@id":"https:\/\/fundacioramonmartibonet.org\/es\/#organization","name":"Fundaci\u00f3 Ramon Mart\u00ed i Bonet","alternateName":"FRMB","url":"https:\/\/fundacioramonmartibonet.org\/es\/","logo":{"@type":"ImageObject","inLanguage":"es","@id":"https:\/\/fundacioramonmartibonet.org\/es\/#\/schema\/logo\/image\/","url":"https:\/\/fundacioramonmartibonet.org\/wp-content\/uploads\/2023\/06\/frmb.svg","contentUrl":"https:\/\/fundacioramonmartibonet.org\/wp-content\/uploads\/2023\/06\/frmb.svg","width":900,"height":280,"caption":"Fundaci\u00f3 Ramon Mart\u00ed i Bonet"},"image":{"@id":"https:\/\/fundacioramonmartibonet.org\/es\/#\/schema\/logo\/image\/"},"sameAs":["https:\/\/www.facebook.com\/FundacioRamonMartiBonet","https:\/\/x.com\/FundacioRMB","https:\/\/www.youtube.com\/channel\/UCNyN8HH4tz3ybIBubLBiSog","https:\/\/www.instagram.com\/fundaciormb\/","https:\/\/www.linkedin.com\/company\/fundacio-ramon-marto-i-bonet-contra-la-ceguera\/"]},{"@type":"Person","@id":"https:\/\/fundacioramonmartibonet.org\/es\/#\/schema\/person\/0078573cb6877aee8ea9807d9603f3ef","name":"Gemma Cros","image":{"@type":"ImageObject","inLanguage":"es","@id":"https:\/\/fundacioramonmartibonet.org\/es\/#\/schema\/person\/image\/","url":"https:\/\/secure.gravatar.com\/avatar\/754ef50ddec01d379dbb73102f380975?s=96&d=mm&r=g","contentUrl":"https:\/\/secure.gravatar.com\/avatar\/754ef50ddec01d379dbb73102f380975?s=96&d=mm&r=g","caption":"Gemma Cros"},"url":"https:\/\/fundacioramonmartibonet.org\/es\/author\/gemma\/"}]}},"_links":{"self":[{"href":"https:\/\/fundacioramonmartibonet.org\/es\/wp-json\/wp\/v2\/posts\/3488"}],"collection":[{"href":"https:\/\/fundacioramonmartibonet.org\/es\/wp-json\/wp\/v2\/posts"}],"about":[{"href":"https:\/\/fundacioramonmartibonet.org\/es\/wp-json\/wp\/v2\/types\/post"}],"author":[{"embeddable":true,"href":"https:\/\/fundacioramonmartibonet.org\/es\/wp-json\/wp\/v2\/users\/2"}],"replies":[{"embeddable":true,"href":"https:\/\/fundacioramonmartibonet.org\/es\/wp-json\/wp\/v2\/comments?post=3488"}],"version-history":[{"count":3,"href":"https:\/\/fundacioramonmartibonet.org\/es\/wp-json\/wp\/v2\/posts\/3488\/revisions"}],"predecessor-version":[{"id":3550,"href":"https:\/\/fundacioramonmartibonet.org\/es\/wp-json\/wp\/v2\/posts\/3488\/revisions\/3550"}],"wp:featuredmedia":[{"embeddable":true,"href":"https:\/\/fundacioramonmartibonet.org\/es\/wp-json\/wp\/v2\/media\/3482"}],"wp:attachment":[{"href":"https:\/\/fundacioramonmartibonet.org\/es\/wp-json\/wp\/v2\/media?parent=3488"}],"wp:term":[{"taxonomy":"category","embeddable":true,"href":"https:\/\/fundacioramonmartibonet.org\/es\/wp-json\/wp\/v2\/categories?post=3488"},{"taxonomy":"post_tag","embeddable":true,"href":"https:\/\/fundacioramonmartibonet.org\/es\/wp-json\/wp\/v2\/tags?post=3488"}],"curies":[{"name":"wp","href":"https:\/\/api.w.org\/{rel}","templated":true}]}}