{"id":3359,"date":"2025-01-13T10:23:54","date_gmt":"2025-01-13T10:23:54","guid":{"rendered":"https:\/\/fundacioramonmartibonet.org\/?p=3359"},"modified":"2025-07-16T09:22:34","modified_gmt":"2025-07-16T09:22:34","slug":"una-altra-realitat-relat-de-la-maria-ferraz","status":"publish","type":"post","link":"https:\/\/fundacioramonmartibonet.org\/es\/2025\/01\/una-altra-realitat-relat-de-la-maria-ferraz\/","title":{"rendered":"M\u00e1s de 200 personas atendidas en la anterior comisi\u00f3n en el Chad"},"content":{"rendered":"\n<p>La optometrista del Instituto Catal\u00e1n de Retina, Maria Ferraz, tambi\u00e9n voluntaria y colaboradora del proyecto de cooperaci\u00f3n internacional en el Chad, de la Fundaci\u00f3n Ramon Mart\u00ed i Bonet, desde hace m\u00e1s de 7 a\u00f1os. A continuaci\u00f3n, nos explica, en primera persona, su experiencia a la \u00faltima comisi\u00f3n, el pasado mes de octubre.<\/p>\n\n\n\n<p>Desde los inicios del proyecto, el objetivo principal ha estado consolidar el gabinete de optometr\u00eda y oftalmolog\u00eda del Hospital Le Buen Samaritain de Yamena, as\u00ed como visitar a todas las personas que necesitaban nuestra atenci\u00f3n para mejorar su calidad de vida.<\/p>\n\n\n\n<p>Esta \u00faltima expedici\u00f3n hab\u00eda sido pospuesta el mes de junio, debido a la fragilidad pol\u00edtica que sufr\u00eda el pa\u00eds. Finalmente, llegamos el 22 de octubre. Nos encontramos el hospital con \u201cel agua en el cuello\u201d, puesto que el periodo de lluvias ha estado m\u00e1s largo de la cuenta y con m\u00e1s cantidad de precipitaci\u00f3n. El r\u00edo Chari estaba en peligro de desbordarse y se estaban construyendo diques con sacos para evitar que el agua entrara en el hospital. Hab\u00eda una brigada de 20 trabajadores d\u00eda y noche que vigilaban las entradas de agua; como veis, tambi\u00e9n les est\u00e1 afectando el cambio clim\u00e1tico.<\/p>\n\n\n\n<p>En esta ocasi\u00f3n, el equipo de cooperantes estaba formado por dos enfermeros de quir\u00f3fano, Carlota Solanich y Oriol Serna, la oftalm\u00f3loga Maria Luz Guardati (haciendo las cirug\u00edas de catarata y visitas al gabinete) y yo misma, optometrista (haciendo visitas y formaci\u00f3n), todos bajo el amparo de la Fundaci\u00f3n Ramon Mart\u00ed i Bonet.<\/p>\n\n\n\n<p>Estuvimos trabajando codo con codo con el resto del equipo chadiano durante los 13 d\u00edas que dur\u00f3 la Comisi\u00f3n.<\/p>\n\n\n\n<p>Las jornadas en el hospital son bastante largas: nos levantamos a las 6h para ir a almorzar y empezamos la consulta y el quir\u00f3fano a las 7h, con una pausa para comer y descansar, aproximadamente a la 13h. Por la tarde, nos esperan m\u00e1s consultas y cirug\u00edas, hasta las 18h -19h de la tarde. La jornada de trabajo acaba a las 20h para ir a cenar y dormir temprano.&nbsp;<\/p>\n\n\n\n<p>Durante las comidas del mediod\u00eda y anochecer coincidimos con los jesuitas que viven y trabajan en el Hospital, as\u00ed como con otros cooperantes de diferentes nacionalidades y especialidades.<\/p>\n\n\n\n<div class=\"wp-block-media-text is-stacked-on-mobile\" style=\"grid-template-columns:22% auto\"><figure class=\"wp-block-media-text__media\"><img loading=\"lazy\" decoding=\"async\" width=\"213\" height=\"272\" src=\"https:\/\/fundacioramonmartibonet.org\/wp-content\/uploads\/2025\/01\/nena1.png\" alt=\"\" class=\"wp-image-3367 size-full\"\/><\/figure><div class=\"wp-block-media-text__content\">\n<p>El primer d\u00eda de trabajo, como ca\u00edda del cielo, lleg\u00f3 una ni\u00f1a de cuatro a\u00f1os a consulta que hab\u00eda recibido una \u201cpicotada\u201d con el pico de una gallina. Gracias a qu\u00e9 \u00e9ramos all\u00e1 le pudimos salvar el ojo: la dra. tuvo que ponerle 10 puntos en la c\u00f3rnea para cerrar la herida. Si no hubi\u00e9ramos estado en el hospital y actuado con inmediatez, la ni\u00f1a hubiera perdido el ojo. Todos coincidimos que solo por eso ya mereci\u00f3 la pena esta comisi\u00f3n.\u00a0<\/p>\n<\/div><\/div>\n\n\n\n<p>Nuestros compa\u00f1eros chadianos, Sahada y Sadok, son dos enfermeros formados en optometr\u00eda, desde hace 6 a\u00f1os. Gestionan el departamento y el gabinete de oftalmolog\u00eda. Adem\u00e1s, desde ya hace unos meses, se ha incorporado el Dr. Erik, oftalm\u00f3logo chadiano que llevar\u00e1 la parte m\u00e9dica del servicio. Los tres forman un equipo incre\u00edble que junto con los enfermeros de quir\u00f3fano y el equipo de la fundaci\u00f3n hemos trabajado cada d\u00eda de esta comisi\u00f3n, de sol a sol, para hacer 85 cirug\u00edas de catarata y pasar visitas a m\u00e1s de 200 personas. Tambi\u00e9n hemos hecho unas 30 gafas y hemos puesto en marcha el camp\u00edmetro, una herramienta muy importante por el control de glaucoma, enfermedad con mucha presencia en el Chad.<\/p>\n\n\n\n<p class=\"has-light-main-background-color has-background\">El glaucoma es una enfermedad ocular donde el riesgo de ceguera es muy grande si no se cumple con el tratamiento y no se diagnostica en edades tempranas, por eso es important\u00edsima la prevenci\u00f3n y las campa\u00f1as que se hacen en el hospital.<\/p>\n\n\n\n<p>Por otro lado, tambi\u00e9n hemos visitado ni\u00f1os y j\u00f3venes donde la enfermedad est\u00e1 tan avanzada que pocas soluciones se los puede dar. Y esto es lo que nos deja m\u00e1s \u201ctocados\u201d a todos.\u00a0Desde mi primera comisi\u00f3n el 2017,\u00a0constato que cada vez m\u00e1s se tiene conciencia de la necesidad de prevenci\u00f3n, el cumplimiento de los tratamientos y la cura de la visi\u00f3n de los ni\u00f1os y ni\u00f1as. Los primeros a\u00f1os no asist\u00edan peque\u00f1os a consulta y ahora, en cambio, vemos muchos que podemos ayudar y proponerlos un tratamiento para intentar que no pierdan la visi\u00f3n y evitar la \u201cceguera evitable\u201d.<\/p>\n\n\n<div class=\"wp-block-image\">\n<figure class=\"aligncenter size-large is-resized\"><img loading=\"lazy\" decoding=\"async\" width=\"1024\" height=\"261\" src=\"https:\/\/fundacioramonmartibonet.org\/wp-content\/uploads\/2025\/01\/collage-1024x261.png\" alt=\"\" class=\"wp-image-3369\" style=\"width:1302px;height:auto\" srcset=\"https:\/\/fundacioramonmartibonet.org\/wp-content\/uploads\/2025\/01\/collage-1024x261.png 1024w, https:\/\/fundacioramonmartibonet.org\/wp-content\/uploads\/2025\/01\/collage-300x76.png 300w, https:\/\/fundacioramonmartibonet.org\/wp-content\/uploads\/2025\/01\/collage-768x196.png 768w, https:\/\/fundacioramonmartibonet.org\/wp-content\/uploads\/2025\/01\/collage.png 1028w\" sizes=\"(max-width: 1024px) 100vw, 1024px\" \/><\/figure><\/div>\n\n\n<p>Durante la estancia en el hospital nos encontramos con algunos problemas: la dra. Guardati sufri\u00f3 la malaria que, por suerte y con el tratamiento que le proporcionaron en el hospital, en dos d\u00edas de cama tuvo bastante para recuperarse y poder volver a intervenir. Oriol, el enfermero de quir\u00f3fano, sufri\u00f3 una infecci\u00f3n en el dedo de la mano derecha y estuvo instrumentando a la dra. con una sola mano el \u00faltimo d\u00eda.<\/p>\n\n\n\n<p>Por mi parte, por las tardes despu\u00e9s de la consulta, estuve formando a Sadok y Sahada en varios temas de optometr\u00eda y poniendo en orden todo el material que nos trajimos en esta comisi\u00f3n.<\/p>\n\n\n\n<p>El \u00faltimo d\u00eda de visitas fue el d\u00eda 3 de noviembre y como siempre ya qued\u00f3 una lista de espera de pacientes para operar en la pr\u00f3xima comisi\u00f3n, en enero del 2025.<\/p>\n","protected":false},"excerpt":{"rendered":"<p>Relato en primera persona de Maria Ferraz, voluntaria y colaboradora del proyecto visi\u00f3n para todos en el Chad.<\/p>\n","protected":false},"author":2,"featured_media":3382,"comment_status":"closed","ping_status":"open","sticky":false,"template":"","format":"standard","meta":{"_acf_changed":false,"footnotes":""},"categories":[1],"tags":[28],"acf":[],"yoast_head":"<!-- This site is optimized with the Yoast SEO plugin v22.5 - https:\/\/yoast.com\/wordpress\/plugins\/seo\/ -->\n<title>M\u00e1s de 200 personas atendidas en la anterior comisi\u00f3n en el Chad - Fundaci\u00f3 Ram\u00f3n Mart\u00ed i Bonet<\/title>\n<meta name=\"robots\" content=\"index, follow, max-snippet:-1, max-image-preview:large, max-video-preview:-1\" \/>\n<link rel=\"canonical\" href=\"https:\/\/fundacioramonmartibonet.org\/es\/2025\/01\/una-altra-realitat-relat-de-la-maria-ferraz\/\" \/>\n<meta property=\"og:locale\" content=\"es_ES\" \/>\n<meta property=\"og:type\" content=\"article\" \/>\n<meta property=\"og:title\" content=\"M\u00e1s de 200 personas atendidas en la anterior comisi\u00f3n en el Chad - Fundaci\u00f3 Ram\u00f3n Mart\u00ed i Bonet\" \/>\n<meta property=\"og:description\" content=\"Relato en primera persona de Maria Ferraz, voluntaria y colaboradora del proyecto visi\u00f3n para todos en el Chad.\" \/>\n<meta property=\"og:url\" content=\"https:\/\/fundacioramonmartibonet.org\/es\/2025\/01\/una-altra-realitat-relat-de-la-maria-ferraz\/\" \/>\n<meta property=\"og:site_name\" content=\"Fundaci\u00f3 Ram\u00f3n Mart\u00ed i Bonet\" \/>\n<meta property=\"article:publisher\" content=\"https:\/\/www.facebook.com\/FundacioRamonMartiBonet\" \/>\n<meta property=\"article:published_time\" content=\"2025-01-13T10:23:54+00:00\" \/>\n<meta property=\"article:modified_time\" content=\"2025-07-16T09:22:34+00:00\" \/>\n<meta property=\"og:image\" content=\"https:\/\/fundacioramonmartibonet.org\/wp-content\/uploads\/2025\/01\/IMG_4470-scaled-e1736765173187.jpg\" \/>\n\t<meta property=\"og:image:width\" content=\"2500\" \/>\n\t<meta property=\"og:image:height\" content=\"1667\" \/>\n\t<meta property=\"og:image:type\" content=\"image\/jpeg\" \/>\n<meta name=\"author\" content=\"Gemma Cros\" \/>\n<meta name=\"twitter:card\" content=\"summary_large_image\" \/>\n<meta name=\"twitter:creator\" content=\"@FundacioRMB\" \/>\n<meta name=\"twitter:site\" content=\"@FundacioRMB\" \/>\n<script type=\"application\/ld+json\" class=\"yoast-schema-graph\">{\"@context\":\"https:\/\/schema.org\",\"@graph\":[{\"@type\":\"Article\",\"@id\":\"https:\/\/fundacioramonmartibonet.org\/es\/2025\/01\/una-altra-realitat-relat-de-la-maria-ferraz\/#article\",\"isPartOf\":{\"@id\":\"https:\/\/fundacioramonmartibonet.org\/es\/2025\/01\/una-altra-realitat-relat-de-la-maria-ferraz\/\"},\"author\":{\"name\":\"Gemma Cros\",\"@id\":\"https:\/\/fundacioramonmartibonet.org\/es\/#\/schema\/person\/0078573cb6877aee8ea9807d9603f3ef\"},\"headline\":\"M\u00e1s de 200 personas atendidas en la anterior comisi\u00f3n en el Chad\",\"datePublished\":\"2025-01-13T10:23:54+00:00\",\"dateModified\":\"2025-07-16T09:22:34+00:00\",\"mainEntityOfPage\":{\"@id\":\"https:\/\/fundacioramonmartibonet.org\/es\/2025\/01\/una-altra-realitat-relat-de-la-maria-ferraz\/\"},\"wordCount\":936,\"publisher\":{\"@id\":\"https:\/\/fundacioramonmartibonet.org\/es\/#organization\"},\"image\":{\"@id\":\"https:\/\/fundacioramonmartibonet.org\/es\/2025\/01\/una-altra-realitat-relat-de-la-maria-ferraz\/#primaryimage\"},\"thumbnailUrl\":\"https:\/\/fundacioramonmartibonet.org\/wp-content\/uploads\/2025\/01\/IMG_4470-scaled-e1736765173187.jpg\",\"keywords\":[\"#Visi\u00f3PerATothom\"],\"articleSection\":[\"Sin categorizar\"],\"inLanguage\":\"es\"},{\"@type\":\"WebPage\",\"@id\":\"https:\/\/fundacioramonmartibonet.org\/es\/2025\/01\/una-altra-realitat-relat-de-la-maria-ferraz\/\",\"url\":\"https:\/\/fundacioramonmartibonet.org\/es\/2025\/01\/una-altra-realitat-relat-de-la-maria-ferraz\/\",\"name\":\"M\u00e1s de 200 personas atendidas en la anterior comisi\u00f3n en el Chad - Fundaci\u00f3 Ram\u00f3n Mart\u00ed i Bonet\",\"isPartOf\":{\"@id\":\"https:\/\/fundacioramonmartibonet.org\/es\/#website\"},\"primaryImageOfPage\":{\"@id\":\"https:\/\/fundacioramonmartibonet.org\/es\/2025\/01\/una-altra-realitat-relat-de-la-maria-ferraz\/#primaryimage\"},\"image\":{\"@id\":\"https:\/\/fundacioramonmartibonet.org\/es\/2025\/01\/una-altra-realitat-relat-de-la-maria-ferraz\/#primaryimage\"},\"thumbnailUrl\":\"https:\/\/fundacioramonmartibonet.org\/wp-content\/uploads\/2025\/01\/IMG_4470-scaled-e1736765173187.jpg\",\"datePublished\":\"2025-01-13T10:23:54+00:00\",\"dateModified\":\"2025-07-16T09:22:34+00:00\",\"breadcrumb\":{\"@id\":\"https:\/\/fundacioramonmartibonet.org\/es\/2025\/01\/una-altra-realitat-relat-de-la-maria-ferraz\/#breadcrumb\"},\"inLanguage\":\"es\",\"potentialAction\":[{\"@type\":\"ReadAction\",\"target\":[\"https:\/\/fundacioramonmartibonet.org\/es\/2025\/01\/una-altra-realitat-relat-de-la-maria-ferraz\/\"]}]},{\"@type\":\"ImageObject\",\"inLanguage\":\"es\",\"@id\":\"https:\/\/fundacioramonmartibonet.org\/es\/2025\/01\/una-altra-realitat-relat-de-la-maria-ferraz\/#primaryimage\",\"url\":\"https:\/\/fundacioramonmartibonet.org\/wp-content\/uploads\/2025\/01\/IMG_4470-scaled-e1736765173187.jpg\",\"contentUrl\":\"https:\/\/fundacioramonmartibonet.org\/wp-content\/uploads\/2025\/01\/IMG_4470-scaled-e1736765173187.jpg\",\"width\":2500,\"height\":1667},{\"@type\":\"BreadcrumbList\",\"@id\":\"https:\/\/fundacioramonmartibonet.org\/es\/2025\/01\/una-altra-realitat-relat-de-la-maria-ferraz\/#breadcrumb\",\"itemListElement\":[{\"@type\":\"ListItem\",\"position\":1,\"name\":\"Home\",\"item\":\"https:\/\/fundacioramonmartibonet.org\/es\/\"},{\"@type\":\"ListItem\",\"position\":2,\"name\":\"M\u00e1s de 200 personas atendidas en la anterior comisi\u00f3n en el Chad\"}]},{\"@type\":\"WebSite\",\"@id\":\"https:\/\/fundacioramonmartibonet.org\/es\/#website\",\"url\":\"https:\/\/fundacioramonmartibonet.org\/es\/\",\"name\":\"Fundaci\u00f3 Ramon Mart\u00ed i Bonet\",\"description\":\"Visi\u00f3 per a tothom\",\"publisher\":{\"@id\":\"https:\/\/fundacioramonmartibonet.org\/es\/#organization\"},\"alternateName\":\"FRMB\",\"potentialAction\":[{\"@type\":\"SearchAction\",\"target\":{\"@type\":\"EntryPoint\",\"urlTemplate\":\"https:\/\/fundacioramonmartibonet.org\/es\/?s={search_term_string}\"},\"query-input\":\"required name=search_term_string\"}],\"inLanguage\":\"es\"},{\"@type\":\"Organization\",\"@id\":\"https:\/\/fundacioramonmartibonet.org\/es\/#organization\",\"name\":\"Fundaci\u00f3 Ramon Mart\u00ed i Bonet\",\"alternateName\":\"FRMB\",\"url\":\"https:\/\/fundacioramonmartibonet.org\/es\/\",\"logo\":{\"@type\":\"ImageObject\",\"inLanguage\":\"es\",\"@id\":\"https:\/\/fundacioramonmartibonet.org\/es\/#\/schema\/logo\/image\/\",\"url\":\"https:\/\/fundacioramonmartibonet.org\/wp-content\/uploads\/2023\/06\/frmb.svg\",\"contentUrl\":\"https:\/\/fundacioramonmartibonet.org\/wp-content\/uploads\/2023\/06\/frmb.svg\",\"width\":900,\"height\":280,\"caption\":\"Fundaci\u00f3 Ramon Mart\u00ed i Bonet\"},\"image\":{\"@id\":\"https:\/\/fundacioramonmartibonet.org\/es\/#\/schema\/logo\/image\/\"},\"sameAs\":[\"https:\/\/www.facebook.com\/FundacioRamonMartiBonet\",\"https:\/\/x.com\/FundacioRMB\",\"https:\/\/www.youtube.com\/channel\/UCNyN8HH4tz3ybIBubLBiSog\",\"https:\/\/www.instagram.com\/fundaciormb\/\",\"https:\/\/www.linkedin.com\/company\/fundacio-ramon-marto-i-bonet-contra-la-ceguera\/\"]},{\"@type\":\"Person\",\"@id\":\"https:\/\/fundacioramonmartibonet.org\/es\/#\/schema\/person\/0078573cb6877aee8ea9807d9603f3ef\",\"name\":\"Gemma Cros\",\"image\":{\"@type\":\"ImageObject\",\"inLanguage\":\"es\",\"@id\":\"https:\/\/fundacioramonmartibonet.org\/es\/#\/schema\/person\/image\/\",\"url\":\"https:\/\/secure.gravatar.com\/avatar\/754ef50ddec01d379dbb73102f380975?s=96&d=mm&r=g\",\"contentUrl\":\"https:\/\/secure.gravatar.com\/avatar\/754ef50ddec01d379dbb73102f380975?s=96&d=mm&r=g\",\"caption\":\"Gemma Cros\"},\"url\":\"https:\/\/fundacioramonmartibonet.org\/es\/author\/gemma\/\"}]}<\/script>\n<!-- \/ Yoast SEO plugin. -->","yoast_head_json":{"title":"M\u00e1s de 200 personas atendidas en la anterior comisi\u00f3n en el Chad - Fundaci\u00f3 Ram\u00f3n Mart\u00ed i Bonet","robots":{"index":"index","follow":"follow","max-snippet":"max-snippet:-1","max-image-preview":"max-image-preview:large","max-video-preview":"max-video-preview:-1"},"canonical":"https:\/\/fundacioramonmartibonet.org\/es\/2025\/01\/una-altra-realitat-relat-de-la-maria-ferraz\/","og_locale":"es_ES","og_type":"article","og_title":"M\u00e1s de 200 personas atendidas en la anterior comisi\u00f3n en el Chad - Fundaci\u00f3 Ram\u00f3n Mart\u00ed i Bonet","og_description":"Relato en primera persona de Maria Ferraz, voluntaria y colaboradora del proyecto visi\u00f3n para todos en el Chad.","og_url":"https:\/\/fundacioramonmartibonet.org\/es\/2025\/01\/una-altra-realitat-relat-de-la-maria-ferraz\/","og_site_name":"Fundaci\u00f3 Ram\u00f3n Mart\u00ed i Bonet","article_publisher":"https:\/\/www.facebook.com\/FundacioRamonMartiBonet","article_published_time":"2025-01-13T10:23:54+00:00","article_modified_time":"2025-07-16T09:22:34+00:00","og_image":[{"width":2500,"height":1667,"url":"https:\/\/fundacioramonmartibonet.org\/wp-content\/uploads\/2025\/01\/IMG_4470-scaled-e1736765173187.jpg","type":"image\/jpeg"}],"author":"Gemma Cros","twitter_card":"summary_large_image","twitter_creator":"@FundacioRMB","twitter_site":"@FundacioRMB","schema":{"@context":"https:\/\/schema.org","@graph":[{"@type":"Article","@id":"https:\/\/fundacioramonmartibonet.org\/es\/2025\/01\/una-altra-realitat-relat-de-la-maria-ferraz\/#article","isPartOf":{"@id":"https:\/\/fundacioramonmartibonet.org\/es\/2025\/01\/una-altra-realitat-relat-de-la-maria-ferraz\/"},"author":{"name":"Gemma Cros","@id":"https:\/\/fundacioramonmartibonet.org\/es\/#\/schema\/person\/0078573cb6877aee8ea9807d9603f3ef"},"headline":"M\u00e1s de 200 personas atendidas en la anterior comisi\u00f3n en el Chad","datePublished":"2025-01-13T10:23:54+00:00","dateModified":"2025-07-16T09:22:34+00:00","mainEntityOfPage":{"@id":"https:\/\/fundacioramonmartibonet.org\/es\/2025\/01\/una-altra-realitat-relat-de-la-maria-ferraz\/"},"wordCount":936,"publisher":{"@id":"https:\/\/fundacioramonmartibonet.org\/es\/#organization"},"image":{"@id":"https:\/\/fundacioramonmartibonet.org\/es\/2025\/01\/una-altra-realitat-relat-de-la-maria-ferraz\/#primaryimage"},"thumbnailUrl":"https:\/\/fundacioramonmartibonet.org\/wp-content\/uploads\/2025\/01\/IMG_4470-scaled-e1736765173187.jpg","keywords":["#Visi\u00f3PerATothom"],"articleSection":["Sin categorizar"],"inLanguage":"es"},{"@type":"WebPage","@id":"https:\/\/fundacioramonmartibonet.org\/es\/2025\/01\/una-altra-realitat-relat-de-la-maria-ferraz\/","url":"https:\/\/fundacioramonmartibonet.org\/es\/2025\/01\/una-altra-realitat-relat-de-la-maria-ferraz\/","name":"M\u00e1s de 200 personas atendidas en la anterior comisi\u00f3n en el Chad - Fundaci\u00f3 Ram\u00f3n Mart\u00ed i Bonet","isPartOf":{"@id":"https:\/\/fundacioramonmartibonet.org\/es\/#website"},"primaryImageOfPage":{"@id":"https:\/\/fundacioramonmartibonet.org\/es\/2025\/01\/una-altra-realitat-relat-de-la-maria-ferraz\/#primaryimage"},"image":{"@id":"https:\/\/fundacioramonmartibonet.org\/es\/2025\/01\/una-altra-realitat-relat-de-la-maria-ferraz\/#primaryimage"},"thumbnailUrl":"https:\/\/fundacioramonmartibonet.org\/wp-content\/uploads\/2025\/01\/IMG_4470-scaled-e1736765173187.jpg","datePublished":"2025-01-13T10:23:54+00:00","dateModified":"2025-07-16T09:22:34+00:00","breadcrumb":{"@id":"https:\/\/fundacioramonmartibonet.org\/es\/2025\/01\/una-altra-realitat-relat-de-la-maria-ferraz\/#breadcrumb"},"inLanguage":"es","potentialAction":[{"@type":"ReadAction","target":["https:\/\/fundacioramonmartibonet.org\/es\/2025\/01\/una-altra-realitat-relat-de-la-maria-ferraz\/"]}]},{"@type":"ImageObject","inLanguage":"es","@id":"https:\/\/fundacioramonmartibonet.org\/es\/2025\/01\/una-altra-realitat-relat-de-la-maria-ferraz\/#primaryimage","url":"https:\/\/fundacioramonmartibonet.org\/wp-content\/uploads\/2025\/01\/IMG_4470-scaled-e1736765173187.jpg","contentUrl":"https:\/\/fundacioramonmartibonet.org\/wp-content\/uploads\/2025\/01\/IMG_4470-scaled-e1736765173187.jpg","width":2500,"height":1667},{"@type":"BreadcrumbList","@id":"https:\/\/fundacioramonmartibonet.org\/es\/2025\/01\/una-altra-realitat-relat-de-la-maria-ferraz\/#breadcrumb","itemListElement":[{"@type":"ListItem","position":1,"name":"Home","item":"https:\/\/fundacioramonmartibonet.org\/es\/"},{"@type":"ListItem","position":2,"name":"M\u00e1s de 200 personas atendidas en la anterior comisi\u00f3n en el Chad"}]},{"@type":"WebSite","@id":"https:\/\/fundacioramonmartibonet.org\/es\/#website","url":"https:\/\/fundacioramonmartibonet.org\/es\/","name":"Fundaci\u00f3 Ramon Mart\u00ed i Bonet","description":"Visi\u00f3 per a tothom","publisher":{"@id":"https:\/\/fundacioramonmartibonet.org\/es\/#organization"},"alternateName":"FRMB","potentialAction":[{"@type":"SearchAction","target":{"@type":"EntryPoint","urlTemplate":"https:\/\/fundacioramonmartibonet.org\/es\/?s={search_term_string}"},"query-input":"required name=search_term_string"}],"inLanguage":"es"},{"@type":"Organization","@id":"https:\/\/fundacioramonmartibonet.org\/es\/#organization","name":"Fundaci\u00f3 Ramon Mart\u00ed i Bonet","alternateName":"FRMB","url":"https:\/\/fundacioramonmartibonet.org\/es\/","logo":{"@type":"ImageObject","inLanguage":"es","@id":"https:\/\/fundacioramonmartibonet.org\/es\/#\/schema\/logo\/image\/","url":"https:\/\/fundacioramonmartibonet.org\/wp-content\/uploads\/2023\/06\/frmb.svg","contentUrl":"https:\/\/fundacioramonmartibonet.org\/wp-content\/uploads\/2023\/06\/frmb.svg","width":900,"height":280,"caption":"Fundaci\u00f3 Ramon Mart\u00ed i Bonet"},"image":{"@id":"https:\/\/fundacioramonmartibonet.org\/es\/#\/schema\/logo\/image\/"},"sameAs":["https:\/\/www.facebook.com\/FundacioRamonMartiBonet","https:\/\/x.com\/FundacioRMB","https:\/\/www.youtube.com\/channel\/UCNyN8HH4tz3ybIBubLBiSog","https:\/\/www.instagram.com\/fundaciormb\/","https:\/\/www.linkedin.com\/company\/fundacio-ramon-marto-i-bonet-contra-la-ceguera\/"]},{"@type":"Person","@id":"https:\/\/fundacioramonmartibonet.org\/es\/#\/schema\/person\/0078573cb6877aee8ea9807d9603f3ef","name":"Gemma Cros","image":{"@type":"ImageObject","inLanguage":"es","@id":"https:\/\/fundacioramonmartibonet.org\/es\/#\/schema\/person\/image\/","url":"https:\/\/secure.gravatar.com\/avatar\/754ef50ddec01d379dbb73102f380975?s=96&d=mm&r=g","contentUrl":"https:\/\/secure.gravatar.com\/avatar\/754ef50ddec01d379dbb73102f380975?s=96&d=mm&r=g","caption":"Gemma Cros"},"url":"https:\/\/fundacioramonmartibonet.org\/es\/author\/gemma\/"}]}},"_links":{"self":[{"href":"https:\/\/fundacioramonmartibonet.org\/es\/wp-json\/wp\/v2\/posts\/3359"}],"collection":[{"href":"https:\/\/fundacioramonmartibonet.org\/es\/wp-json\/wp\/v2\/posts"}],"about":[{"href":"https:\/\/fundacioramonmartibonet.org\/es\/wp-json\/wp\/v2\/types\/post"}],"author":[{"embeddable":true,"href":"https:\/\/fundacioramonmartibonet.org\/es\/wp-json\/wp\/v2\/users\/2"}],"replies":[{"embeddable":true,"href":"https:\/\/fundacioramonmartibonet.org\/es\/wp-json\/wp\/v2\/comments?post=3359"}],"version-history":[{"count":19,"href":"https:\/\/fundacioramonmartibonet.org\/es\/wp-json\/wp\/v2\/posts\/3359\/revisions"}],"predecessor-version":[{"id":3417,"href":"https:\/\/fundacioramonmartibonet.org\/es\/wp-json\/wp\/v2\/posts\/3359\/revisions\/3417"}],"wp:featuredmedia":[{"embeddable":true,"href":"https:\/\/fundacioramonmartibonet.org\/es\/wp-json\/wp\/v2\/media\/3382"}],"wp:attachment":[{"href":"https:\/\/fundacioramonmartibonet.org\/es\/wp-json\/wp\/v2\/media?parent=3359"}],"wp:term":[{"taxonomy":"category","embeddable":true,"href":"https:\/\/fundacioramonmartibonet.org\/es\/wp-json\/wp\/v2\/categories?post=3359"},{"taxonomy":"post_tag","embeddable":true,"href":"https:\/\/fundacioramonmartibonet.org\/es\/wp-json\/wp\/v2\/tags?post=3359"}],"curies":[{"name":"wp","href":"https:\/\/api.w.org\/{rel}","templated":true}]}}