{"id":2143,"date":"2024-06-19T11:44:19","date_gmt":"2024-06-19T11:44:19","guid":{"rendered":"https:\/\/fundacioramonmartibonet.org\/2024\/06\/lacaixa-proinfancia-collabora-amb-la-fundacio-ramon-marti-i-bonet\/"},"modified":"2025-07-16T09:22:34","modified_gmt":"2025-07-16T09:22:34","slug":"lacaixa-proinfancia-collabora-amb-la-fundacio-ramon-marti-i-bonet","status":"publish","type":"post","link":"https:\/\/fundacioramonmartibonet.org\/es\/2024\/06\/lacaixa-proinfancia-collabora-amb-la-fundacio-ramon-marti-i-bonet\/","title":{"rendered":"LaCaixa Proinf\u00e0ncia colabora con la Fundaci\u00f3 Ramon Mart\u00ed i Bonet"},"content":{"rendered":"\n<p>A finales del a\u00f1o 2023, a trav\u00e9s de laCaixa Proinf\u00e0ncia, programa social de la Fundaci\u00f3n la Caixa, volvimos a poner en marcha el proyecto Visi\u00f3n para Todos en los Centros Abiertos de l\u2019Hospitalet y Sant Boi de Llobregat con el objetivo de promover una buena salud visual entre los ni\u00f1os, adolescentes y j\u00f3venes de los barrios que se encuentran en situaci\u00f3n de vulnerabilidad. Estos centros abiertos son espacios educativos que ofrecen un servicio de intervenci\u00f3n socioeducativa fuera del horario escol<strong>ar.<\/strong><\/p>\n\n\n\n<p>Se trata de un proyecto similar al de Visi\u00f3n para Todos en las Escuelas, que ha estado funcionando de manera muy positiva en las escuelas de alta complejidad y que, hoy en d\u00eda, nos anima a seguir trabajando para llegar a la poblaci\u00f3n donde la salud ocular puede tener un mayor impacto en la vida de las personas.<\/p>\n\n\n\n<p>Este a\u00f1o, hemos establecido las bases de este proyecto en los diferentes centros abiertos de l\u2019Hospitalet y Sant Boi de Llobregat, en colaboraci\u00f3n con CaixaProinf\u00e0ncia. Hemos podido llevar a cabo&nbsp;<strong>rastrejos visuales<\/strong>&nbsp;a ni\u00f1os, ni\u00f1as y j\u00f3venes en situaci\u00f3n de exclusi\u00f3n social y econ\u00f3mica para identificar problemas visuales que dificultan su aprendizaje, inclusi\u00f3n social y su calidad de vida.<\/p>\n\n\n\n<p>La actividad de rastrejos se ha llevado a cabo hasta abril de 2024, periodo durante el cual la&nbsp;<strong>Fundaci\u00f3n Ramon Mart\u00ed i Bonet<\/strong>, con un equipo de voluntarios, ha visitado diecisiete centros abiertos adscritos al programa Proinf\u00e0ncia para llegar a aquellos colectivos con las realidades m\u00e1s dif\u00edciles.<\/p>\n\n\n\n<p>Gracias a esta&nbsp;<strong>detecci\u00f3n previa<\/strong>&nbsp;(rastrejos visuales), conseguiremos mejorar la visi\u00f3n de ni\u00f1os y j\u00f3venes en situaci\u00f3n de pobreza visual a trav\u00e9s de una correcci\u00f3n \u00f3ptica que la&nbsp;<strong>Fundaci\u00f3n Ramon Mart\u00ed i Bonet<\/strong>&nbsp;les proporcionar\u00e1 mediante&nbsp;<strong>gafas correctoras<\/strong>.<\/p>\n\n\n\n<p>Desde la&nbsp;<strong>Fundaci\u00f3n Ramon Mart\u00ed i Bonet<\/strong>, queremos dar las gracias a las entidades colaboradoras:&nbsp;<strong>Itaca, Pubilla Cases, La Florida, Can Serra, Drecera, Espai Jove Sidecar, Eduvic, Els tres tresors, Casal Quico Sabat\u00e9, Caritas, Club Sant Feliu, Xixell, Esclat, La Vinya, Club Bellvitge, Fundaci\u00f3n Marianao y PES-Salesians<\/strong>, por su participaci\u00f3n y por ayudarnos a llegar a aquellos colectivos de m\u00e1xima complejidad para que tengan una buena salud visual.<\/p>\n\n\n\n<p>Gracias por contribuir en la detecci\u00f3n, tratamiento y sensibilizaci\u00f3n sobre la importancia de la salud ocular, especialmente en los m\u00e1s peque\u00f1os, con el fin de mejorar sus oportunidades de futuro.<\/p>\n","protected":false},"excerpt":{"rendered":"<p>La Fundaci\u00f3 Ramon Mart\u00ed i Bonet vuelve a retomar el proyecto Visi\u00f3n para todo el mundo en centros abiertos<\/p>\n","protected":false},"author":2,"featured_media":2139,"comment_status":"closed","ping_status":"closed","sticky":false,"template":"","format":"standard","meta":{"_acf_changed":false,"footnotes":""},"categories":[1],"tags":[28],"acf":[],"yoast_head":"<!-- This site is optimized with the Yoast SEO plugin v22.5 - https:\/\/yoast.com\/wordpress\/plugins\/seo\/ -->\n<title>LaCaixa Proinf\u00e0ncia colabora con la Fundaci\u00f3 Ramon Mart\u00ed i Bonet - Fundaci\u00f3 Ram\u00f3n Mart\u00ed i Bonet<\/title>\n<meta name=\"robots\" content=\"index, follow, max-snippet:-1, max-image-preview:large, max-video-preview:-1\" \/>\n<link rel=\"canonical\" href=\"https:\/\/fundacioramonmartibonet.org\/es\/2024\/06\/lacaixa-proinfancia-collabora-amb-la-fundacio-ramon-marti-i-bonet\/\" \/>\n<meta property=\"og:locale\" content=\"es_ES\" \/>\n<meta property=\"og:type\" content=\"article\" \/>\n<meta property=\"og:title\" content=\"LaCaixa Proinf\u00e0ncia colabora con la Fundaci\u00f3 Ramon Mart\u00ed i Bonet - Fundaci\u00f3 Ram\u00f3n Mart\u00ed i Bonet\" \/>\n<meta property=\"og:description\" content=\"La Fundaci\u00f3 Ramon Mart\u00ed i Bonet vuelve a retomar el proyecto Visi\u00f3n para todo el mundo en centros abiertos\" \/>\n<meta property=\"og:url\" content=\"https:\/\/fundacioramonmartibonet.org\/es\/2024\/06\/lacaixa-proinfancia-collabora-amb-la-fundacio-ramon-marti-i-bonet\/\" \/>\n<meta property=\"og:site_name\" content=\"Fundaci\u00f3 Ram\u00f3n Mart\u00ed i Bonet\" \/>\n<meta property=\"article:publisher\" content=\"https:\/\/www.facebook.com\/FundacioRamonMartiBonet\" \/>\n<meta property=\"article:published_time\" content=\"2024-06-19T11:44:19+00:00\" \/>\n<meta property=\"article:modified_time\" content=\"2025-07-16T09:22:34+00:00\" \/>\n<meta property=\"og:image\" content=\"https:\/\/fundacioramonmartibonet.org\/wp-content\/uploads\/2024\/06\/IMG-20240412-WA0015.jpg\" \/>\n\t<meta property=\"og:image:width\" content=\"2000\" \/>\n\t<meta property=\"og:image:height\" content=\"1500\" \/>\n\t<meta property=\"og:image:type\" content=\"image\/jpeg\" \/>\n<meta name=\"author\" content=\"Gemma Cros\" \/>\n<meta name=\"twitter:card\" content=\"summary_large_image\" \/>\n<meta name=\"twitter:creator\" content=\"@FundacioRMB\" \/>\n<meta name=\"twitter:site\" content=\"@FundacioRMB\" \/>\n<script type=\"application\/ld+json\" class=\"yoast-schema-graph\">{\"@context\":\"https:\/\/schema.org\",\"@graph\":[{\"@type\":\"Article\",\"@id\":\"https:\/\/fundacioramonmartibonet.org\/es\/2024\/06\/lacaixa-proinfancia-collabora-amb-la-fundacio-ramon-marti-i-bonet\/#article\",\"isPartOf\":{\"@id\":\"https:\/\/fundacioramonmartibonet.org\/es\/2024\/06\/lacaixa-proinfancia-collabora-amb-la-fundacio-ramon-marti-i-bonet\/\"},\"author\":{\"name\":\"Gemma Cros\",\"@id\":\"https:\/\/fundacioramonmartibonet.org\/es\/#\/schema\/person\/0078573cb6877aee8ea9807d9603f3ef\"},\"headline\":\"LaCaixa Proinf\u00e0ncia colabora con la Fundaci\u00f3 Ramon Mart\u00ed i Bonet\",\"datePublished\":\"2024-06-19T11:44:19+00:00\",\"dateModified\":\"2025-07-16T09:22:34+00:00\",\"mainEntityOfPage\":{\"@id\":\"https:\/\/fundacioramonmartibonet.org\/es\/2024\/06\/lacaixa-proinfancia-collabora-amb-la-fundacio-ramon-marti-i-bonet\/\"},\"wordCount\":443,\"publisher\":{\"@id\":\"https:\/\/fundacioramonmartibonet.org\/es\/#organization\"},\"image\":{\"@id\":\"https:\/\/fundacioramonmartibonet.org\/es\/2024\/06\/lacaixa-proinfancia-collabora-amb-la-fundacio-ramon-marti-i-bonet\/#primaryimage\"},\"thumbnailUrl\":\"https:\/\/fundacioramonmartibonet.org\/wp-content\/uploads\/2024\/06\/IMG-20240412-WA0015.jpg\",\"keywords\":[\"#Visi\u00f3PerATothom\"],\"articleSection\":[\"Sin categorizar\"],\"inLanguage\":\"es\"},{\"@type\":\"WebPage\",\"@id\":\"https:\/\/fundacioramonmartibonet.org\/es\/2024\/06\/lacaixa-proinfancia-collabora-amb-la-fundacio-ramon-marti-i-bonet\/\",\"url\":\"https:\/\/fundacioramonmartibonet.org\/es\/2024\/06\/lacaixa-proinfancia-collabora-amb-la-fundacio-ramon-marti-i-bonet\/\",\"name\":\"LaCaixa Proinf\u00e0ncia colabora con la Fundaci\u00f3 Ramon Mart\u00ed i Bonet - Fundaci\u00f3 Ram\u00f3n Mart\u00ed i Bonet\",\"isPartOf\":{\"@id\":\"https:\/\/fundacioramonmartibonet.org\/es\/#website\"},\"primaryImageOfPage\":{\"@id\":\"https:\/\/fundacioramonmartibonet.org\/es\/2024\/06\/lacaixa-proinfancia-collabora-amb-la-fundacio-ramon-marti-i-bonet\/#primaryimage\"},\"image\":{\"@id\":\"https:\/\/fundacioramonmartibonet.org\/es\/2024\/06\/lacaixa-proinfancia-collabora-amb-la-fundacio-ramon-marti-i-bonet\/#primaryimage\"},\"thumbnailUrl\":\"https:\/\/fundacioramonmartibonet.org\/wp-content\/uploads\/2024\/06\/IMG-20240412-WA0015.jpg\",\"datePublished\":\"2024-06-19T11:44:19+00:00\",\"dateModified\":\"2025-07-16T09:22:34+00:00\",\"breadcrumb\":{\"@id\":\"https:\/\/fundacioramonmartibonet.org\/es\/2024\/06\/lacaixa-proinfancia-collabora-amb-la-fundacio-ramon-marti-i-bonet\/#breadcrumb\"},\"inLanguage\":\"es\",\"potentialAction\":[{\"@type\":\"ReadAction\",\"target\":[\"https:\/\/fundacioramonmartibonet.org\/es\/2024\/06\/lacaixa-proinfancia-collabora-amb-la-fundacio-ramon-marti-i-bonet\/\"]}]},{\"@type\":\"ImageObject\",\"inLanguage\":\"es\",\"@id\":\"https:\/\/fundacioramonmartibonet.org\/es\/2024\/06\/lacaixa-proinfancia-collabora-amb-la-fundacio-ramon-marti-i-bonet\/#primaryimage\",\"url\":\"https:\/\/fundacioramonmartibonet.org\/wp-content\/uploads\/2024\/06\/IMG-20240412-WA0015.jpg\",\"contentUrl\":\"https:\/\/fundacioramonmartibonet.org\/wp-content\/uploads\/2024\/06\/IMG-20240412-WA0015.jpg\",\"width\":2000,\"height\":1500},{\"@type\":\"BreadcrumbList\",\"@id\":\"https:\/\/fundacioramonmartibonet.org\/es\/2024\/06\/lacaixa-proinfancia-collabora-amb-la-fundacio-ramon-marti-i-bonet\/#breadcrumb\",\"itemListElement\":[{\"@type\":\"ListItem\",\"position\":1,\"name\":\"Home\",\"item\":\"https:\/\/fundacioramonmartibonet.org\/es\/\"},{\"@type\":\"ListItem\",\"position\":2,\"name\":\"LaCaixa Proinf\u00e0ncia colabora con la Fundaci\u00f3 Ramon Mart\u00ed i Bonet\"}]},{\"@type\":\"WebSite\",\"@id\":\"https:\/\/fundacioramonmartibonet.org\/es\/#website\",\"url\":\"https:\/\/fundacioramonmartibonet.org\/es\/\",\"name\":\"Fundaci\u00f3 Ramon Mart\u00ed i Bonet\",\"description\":\"Visi\u00f3 per a tothom\",\"publisher\":{\"@id\":\"https:\/\/fundacioramonmartibonet.org\/es\/#organization\"},\"alternateName\":\"FRMB\",\"potentialAction\":[{\"@type\":\"SearchAction\",\"target\":{\"@type\":\"EntryPoint\",\"urlTemplate\":\"https:\/\/fundacioramonmartibonet.org\/es\/?s={search_term_string}\"},\"query-input\":\"required name=search_term_string\"}],\"inLanguage\":\"es\"},{\"@type\":\"Organization\",\"@id\":\"https:\/\/fundacioramonmartibonet.org\/es\/#organization\",\"name\":\"Fundaci\u00f3 Ramon Mart\u00ed i Bonet\",\"alternateName\":\"FRMB\",\"url\":\"https:\/\/fundacioramonmartibonet.org\/es\/\",\"logo\":{\"@type\":\"ImageObject\",\"inLanguage\":\"es\",\"@id\":\"https:\/\/fundacioramonmartibonet.org\/es\/#\/schema\/logo\/image\/\",\"url\":\"https:\/\/fundacioramonmartibonet.org\/wp-content\/uploads\/2023\/06\/frmb.svg\",\"contentUrl\":\"https:\/\/fundacioramonmartibonet.org\/wp-content\/uploads\/2023\/06\/frmb.svg\",\"width\":900,\"height\":280,\"caption\":\"Fundaci\u00f3 Ramon Mart\u00ed i Bonet\"},\"image\":{\"@id\":\"https:\/\/fundacioramonmartibonet.org\/es\/#\/schema\/logo\/image\/\"},\"sameAs\":[\"https:\/\/www.facebook.com\/FundacioRamonMartiBonet\",\"https:\/\/x.com\/FundacioRMB\",\"https:\/\/www.youtube.com\/channel\/UCNyN8HH4tz3ybIBubLBiSog\",\"https:\/\/www.instagram.com\/fundaciormb\/\",\"https:\/\/www.linkedin.com\/company\/fundacio-ramon-marto-i-bonet-contra-la-ceguera\/\"]},{\"@type\":\"Person\",\"@id\":\"https:\/\/fundacioramonmartibonet.org\/es\/#\/schema\/person\/0078573cb6877aee8ea9807d9603f3ef\",\"name\":\"Gemma Cros\",\"image\":{\"@type\":\"ImageObject\",\"inLanguage\":\"es\",\"@id\":\"https:\/\/fundacioramonmartibonet.org\/es\/#\/schema\/person\/image\/\",\"url\":\"https:\/\/secure.gravatar.com\/avatar\/754ef50ddec01d379dbb73102f380975?s=96&d=mm&r=g\",\"contentUrl\":\"https:\/\/secure.gravatar.com\/avatar\/754ef50ddec01d379dbb73102f380975?s=96&d=mm&r=g\",\"caption\":\"Gemma Cros\"},\"url\":\"https:\/\/fundacioramonmartibonet.org\/es\/author\/gemma\/\"}]}<\/script>\n<!-- \/ Yoast SEO plugin. -->","yoast_head_json":{"title":"LaCaixa Proinf\u00e0ncia colabora con la Fundaci\u00f3 Ramon Mart\u00ed i Bonet - Fundaci\u00f3 Ram\u00f3n Mart\u00ed i Bonet","robots":{"index":"index","follow":"follow","max-snippet":"max-snippet:-1","max-image-preview":"max-image-preview:large","max-video-preview":"max-video-preview:-1"},"canonical":"https:\/\/fundacioramonmartibonet.org\/es\/2024\/06\/lacaixa-proinfancia-collabora-amb-la-fundacio-ramon-marti-i-bonet\/","og_locale":"es_ES","og_type":"article","og_title":"LaCaixa Proinf\u00e0ncia colabora con la Fundaci\u00f3 Ramon Mart\u00ed i Bonet - Fundaci\u00f3 Ram\u00f3n Mart\u00ed i Bonet","og_description":"La Fundaci\u00f3 Ramon Mart\u00ed i Bonet vuelve a retomar el proyecto Visi\u00f3n para todo el mundo en centros abiertos","og_url":"https:\/\/fundacioramonmartibonet.org\/es\/2024\/06\/lacaixa-proinfancia-collabora-amb-la-fundacio-ramon-marti-i-bonet\/","og_site_name":"Fundaci\u00f3 Ram\u00f3n Mart\u00ed i Bonet","article_publisher":"https:\/\/www.facebook.com\/FundacioRamonMartiBonet","article_published_time":"2024-06-19T11:44:19+00:00","article_modified_time":"2025-07-16T09:22:34+00:00","og_image":[{"width":2000,"height":1500,"url":"https:\/\/fundacioramonmartibonet.org\/wp-content\/uploads\/2024\/06\/IMG-20240412-WA0015.jpg","type":"image\/jpeg"}],"author":"Gemma Cros","twitter_card":"summary_large_image","twitter_creator":"@FundacioRMB","twitter_site":"@FundacioRMB","schema":{"@context":"https:\/\/schema.org","@graph":[{"@type":"Article","@id":"https:\/\/fundacioramonmartibonet.org\/es\/2024\/06\/lacaixa-proinfancia-collabora-amb-la-fundacio-ramon-marti-i-bonet\/#article","isPartOf":{"@id":"https:\/\/fundacioramonmartibonet.org\/es\/2024\/06\/lacaixa-proinfancia-collabora-amb-la-fundacio-ramon-marti-i-bonet\/"},"author":{"name":"Gemma Cros","@id":"https:\/\/fundacioramonmartibonet.org\/es\/#\/schema\/person\/0078573cb6877aee8ea9807d9603f3ef"},"headline":"LaCaixa Proinf\u00e0ncia colabora con la Fundaci\u00f3 Ramon Mart\u00ed i Bonet","datePublished":"2024-06-19T11:44:19+00:00","dateModified":"2025-07-16T09:22:34+00:00","mainEntityOfPage":{"@id":"https:\/\/fundacioramonmartibonet.org\/es\/2024\/06\/lacaixa-proinfancia-collabora-amb-la-fundacio-ramon-marti-i-bonet\/"},"wordCount":443,"publisher":{"@id":"https:\/\/fundacioramonmartibonet.org\/es\/#organization"},"image":{"@id":"https:\/\/fundacioramonmartibonet.org\/es\/2024\/06\/lacaixa-proinfancia-collabora-amb-la-fundacio-ramon-marti-i-bonet\/#primaryimage"},"thumbnailUrl":"https:\/\/fundacioramonmartibonet.org\/wp-content\/uploads\/2024\/06\/IMG-20240412-WA0015.jpg","keywords":["#Visi\u00f3PerATothom"],"articleSection":["Sin categorizar"],"inLanguage":"es"},{"@type":"WebPage","@id":"https:\/\/fundacioramonmartibonet.org\/es\/2024\/06\/lacaixa-proinfancia-collabora-amb-la-fundacio-ramon-marti-i-bonet\/","url":"https:\/\/fundacioramonmartibonet.org\/es\/2024\/06\/lacaixa-proinfancia-collabora-amb-la-fundacio-ramon-marti-i-bonet\/","name":"LaCaixa Proinf\u00e0ncia colabora con la Fundaci\u00f3 Ramon Mart\u00ed i Bonet - Fundaci\u00f3 Ram\u00f3n Mart\u00ed i Bonet","isPartOf":{"@id":"https:\/\/fundacioramonmartibonet.org\/es\/#website"},"primaryImageOfPage":{"@id":"https:\/\/fundacioramonmartibonet.org\/es\/2024\/06\/lacaixa-proinfancia-collabora-amb-la-fundacio-ramon-marti-i-bonet\/#primaryimage"},"image":{"@id":"https:\/\/fundacioramonmartibonet.org\/es\/2024\/06\/lacaixa-proinfancia-collabora-amb-la-fundacio-ramon-marti-i-bonet\/#primaryimage"},"thumbnailUrl":"https:\/\/fundacioramonmartibonet.org\/wp-content\/uploads\/2024\/06\/IMG-20240412-WA0015.jpg","datePublished":"2024-06-19T11:44:19+00:00","dateModified":"2025-07-16T09:22:34+00:00","breadcrumb":{"@id":"https:\/\/fundacioramonmartibonet.org\/es\/2024\/06\/lacaixa-proinfancia-collabora-amb-la-fundacio-ramon-marti-i-bonet\/#breadcrumb"},"inLanguage":"es","potentialAction":[{"@type":"ReadAction","target":["https:\/\/fundacioramonmartibonet.org\/es\/2024\/06\/lacaixa-proinfancia-collabora-amb-la-fundacio-ramon-marti-i-bonet\/"]}]},{"@type":"ImageObject","inLanguage":"es","@id":"https:\/\/fundacioramonmartibonet.org\/es\/2024\/06\/lacaixa-proinfancia-collabora-amb-la-fundacio-ramon-marti-i-bonet\/#primaryimage","url":"https:\/\/fundacioramonmartibonet.org\/wp-content\/uploads\/2024\/06\/IMG-20240412-WA0015.jpg","contentUrl":"https:\/\/fundacioramonmartibonet.org\/wp-content\/uploads\/2024\/06\/IMG-20240412-WA0015.jpg","width":2000,"height":1500},{"@type":"BreadcrumbList","@id":"https:\/\/fundacioramonmartibonet.org\/es\/2024\/06\/lacaixa-proinfancia-collabora-amb-la-fundacio-ramon-marti-i-bonet\/#breadcrumb","itemListElement":[{"@type":"ListItem","position":1,"name":"Home","item":"https:\/\/fundacioramonmartibonet.org\/es\/"},{"@type":"ListItem","position":2,"name":"LaCaixa Proinf\u00e0ncia colabora con la Fundaci\u00f3 Ramon Mart\u00ed i Bonet"}]},{"@type":"WebSite","@id":"https:\/\/fundacioramonmartibonet.org\/es\/#website","url":"https:\/\/fundacioramonmartibonet.org\/es\/","name":"Fundaci\u00f3 Ramon Mart\u00ed i Bonet","description":"Visi\u00f3 per a tothom","publisher":{"@id":"https:\/\/fundacioramonmartibonet.org\/es\/#organization"},"alternateName":"FRMB","potentialAction":[{"@type":"SearchAction","target":{"@type":"EntryPoint","urlTemplate":"https:\/\/fundacioramonmartibonet.org\/es\/?s={search_term_string}"},"query-input":"required name=search_term_string"}],"inLanguage":"es"},{"@type":"Organization","@id":"https:\/\/fundacioramonmartibonet.org\/es\/#organization","name":"Fundaci\u00f3 Ramon Mart\u00ed i Bonet","alternateName":"FRMB","url":"https:\/\/fundacioramonmartibonet.org\/es\/","logo":{"@type":"ImageObject","inLanguage":"es","@id":"https:\/\/fundacioramonmartibonet.org\/es\/#\/schema\/logo\/image\/","url":"https:\/\/fundacioramonmartibonet.org\/wp-content\/uploads\/2023\/06\/frmb.svg","contentUrl":"https:\/\/fundacioramonmartibonet.org\/wp-content\/uploads\/2023\/06\/frmb.svg","width":900,"height":280,"caption":"Fundaci\u00f3 Ramon Mart\u00ed i Bonet"},"image":{"@id":"https:\/\/fundacioramonmartibonet.org\/es\/#\/schema\/logo\/image\/"},"sameAs":["https:\/\/www.facebook.com\/FundacioRamonMartiBonet","https:\/\/x.com\/FundacioRMB","https:\/\/www.youtube.com\/channel\/UCNyN8HH4tz3ybIBubLBiSog","https:\/\/www.instagram.com\/fundaciormb\/","https:\/\/www.linkedin.com\/company\/fundacio-ramon-marto-i-bonet-contra-la-ceguera\/"]},{"@type":"Person","@id":"https:\/\/fundacioramonmartibonet.org\/es\/#\/schema\/person\/0078573cb6877aee8ea9807d9603f3ef","name":"Gemma Cros","image":{"@type":"ImageObject","inLanguage":"es","@id":"https:\/\/fundacioramonmartibonet.org\/es\/#\/schema\/person\/image\/","url":"https:\/\/secure.gravatar.com\/avatar\/754ef50ddec01d379dbb73102f380975?s=96&d=mm&r=g","contentUrl":"https:\/\/secure.gravatar.com\/avatar\/754ef50ddec01d379dbb73102f380975?s=96&d=mm&r=g","caption":"Gemma Cros"},"url":"https:\/\/fundacioramonmartibonet.org\/es\/author\/gemma\/"}]}},"_links":{"self":[{"href":"https:\/\/fundacioramonmartibonet.org\/es\/wp-json\/wp\/v2\/posts\/2143"}],"collection":[{"href":"https:\/\/fundacioramonmartibonet.org\/es\/wp-json\/wp\/v2\/posts"}],"about":[{"href":"https:\/\/fundacioramonmartibonet.org\/es\/wp-json\/wp\/v2\/types\/post"}],"author":[{"embeddable":true,"href":"https:\/\/fundacioramonmartibonet.org\/es\/wp-json\/wp\/v2\/users\/2"}],"replies":[{"embeddable":true,"href":"https:\/\/fundacioramonmartibonet.org\/es\/wp-json\/wp\/v2\/comments?post=2143"}],"version-history":[{"count":5,"href":"https:\/\/fundacioramonmartibonet.org\/es\/wp-json\/wp\/v2\/posts\/2143\/revisions"}],"predecessor-version":[{"id":3552,"href":"https:\/\/fundacioramonmartibonet.org\/es\/wp-json\/wp\/v2\/posts\/2143\/revisions\/3552"}],"wp:featuredmedia":[{"embeddable":true,"href":"https:\/\/fundacioramonmartibonet.org\/es\/wp-json\/wp\/v2\/media\/2139"}],"wp:attachment":[{"href":"https:\/\/fundacioramonmartibonet.org\/es\/wp-json\/wp\/v2\/media?parent=2143"}],"wp:term":[{"taxonomy":"category","embeddable":true,"href":"https:\/\/fundacioramonmartibonet.org\/es\/wp-json\/wp\/v2\/categories?post=2143"},{"taxonomy":"post_tag","embeddable":true,"href":"https:\/\/fundacioramonmartibonet.org\/es\/wp-json\/wp\/v2\/tags?post=2143"}],"curies":[{"name":"wp","href":"https:\/\/api.w.org\/{rel}","templated":true}]}}