{"id":2034,"date":"2024-05-30T08:36:10","date_gmt":"2024-05-30T08:36:10","guid":{"rendered":"https:\/\/fundacioramonmartibonet.org\/2024\/05\/la-jornada-zoolidaria-ha-estat-un-exit\/"},"modified":"2025-07-16T09:22:34","modified_gmt":"2025-07-16T09:22:34","slug":"la-jornada-zoolidaria-ha-estat-un-exit","status":"publish","type":"post","link":"https:\/\/fundacioramonmartibonet.org\/es\/2024\/05\/la-jornada-zoolidaria-ha-estat-un-exit\/","title":{"rendered":"La Jornada Zoolidaria ha estado un \u00e9xito!"},"content":{"rendered":"\n<p><strong>Gracias Zool\u00f3gico de Barcelona por la organizaci\u00f3n de la jornada Zoolidaria en beneficio de la Fundaci\u00f3n Ramon Mart\u00ed i Bonet, este s\u00e1bado 25 de mayo.<\/strong>&nbsp;Los visitantes pudieron comprar la entrada con un descuento especial, y una parte del importe recaudado se destinar\u00e1 a los proyectos de&nbsp;<strong>Visi\u00f3n para Todos<\/strong>&nbsp;de la&nbsp;<strong>Fundaci\u00f3n Ramon Mart\u00ed i Bonet<\/strong>, con el objetivo de promover el derecho a la salud visual de las personas que se encuentran en situaci\u00f3n de vulnerabilidad. Durante la jornada, se busc\u00f3 sensibilizar a los visitantes que pasaron por el stand de la Fundaci\u00f3n sobre la importancia de una buena salud visual. Adem\u00e1s, se llevaron a cabo diferentes actividades l\u00fadicas y se ofrecieron productos solidarios para recaudar fondos para el proyecto de la Fundaci\u00f3n.<\/p>\n\n\n\n<p>Gracias una vez m\u00e1s por vuestro compromiso social y solidaridad, y gracias a todos y todas los que participaron en la jornada Zoolidaria.<\/p>\n","protected":false},"excerpt":{"rendered":"<p>Gracias Zoologico de Barcelona por la organizaci\u00f3n de la jornada Zoolidaria en beneficio de la Fundaci\u00f3 Ramon Mart\u00ed i Bonet.<\/p>\n","protected":false},"author":2,"featured_media":1761,"comment_status":"closed","ping_status":"open","sticky":false,"template":"","format":"standard","meta":{"_acf_changed":false,"footnotes":""},"categories":[1],"tags":[29,28],"acf":[],"yoast_head":"<!-- This site is optimized with the Yoast SEO plugin v22.5 - https:\/\/yoast.com\/wordpress\/plugins\/seo\/ -->\n<title>La Jornada Zoolidaria ha estado un \u00e9xito! - Fundaci\u00f3 Ram\u00f3n Mart\u00ed i Bonet<\/title>\n<meta name=\"description\" content=\"Jornada Zoolid\u00e0ria en benefici de la Fundaci\u00f3 Ramon Mart\u00ed i Bonet per promoure la salut visual d&#039;infant, joves i adults en rics d&#039;exclusi\u00f3.\" \/>\n<meta name=\"robots\" content=\"index, follow, max-snippet:-1, max-image-preview:large, max-video-preview:-1\" \/>\n<link rel=\"canonical\" href=\"https:\/\/fundacioramonmartibonet.org\/es\/2024\/05\/la-jornada-zoolidaria-ha-estat-un-exit\/\" \/>\n<meta property=\"og:locale\" content=\"es_ES\" \/>\n<meta property=\"og:type\" content=\"article\" \/>\n<meta property=\"og:title\" content=\"La Jornada Zoolidaria ha estado un \u00e9xito! - Fundaci\u00f3 Ram\u00f3n Mart\u00ed i Bonet\" \/>\n<meta property=\"og:description\" content=\"Jornada Zoolid\u00e0ria en benefici de la Fundaci\u00f3 Ramon Mart\u00ed i Bonet per promoure la salut visual d&#039;infant, joves i adults en rics d&#039;exclusi\u00f3.\" \/>\n<meta property=\"og:url\" content=\"https:\/\/fundacioramonmartibonet.org\/es\/2024\/05\/la-jornada-zoolidaria-ha-estat-un-exit\/\" \/>\n<meta property=\"og:site_name\" content=\"Fundaci\u00f3 Ram\u00f3n Mart\u00ed i Bonet\" \/>\n<meta property=\"article:publisher\" content=\"https:\/\/www.facebook.com\/FundacioRamonMartiBonet\" \/>\n<meta property=\"article:published_time\" content=\"2024-05-30T08:36:10+00:00\" \/>\n<meta property=\"article:modified_time\" content=\"2025-07-16T09:22:34+00:00\" \/>\n<meta property=\"og:image\" content=\"https:\/\/fundacioramonmartibonet.org\/wp-content\/uploads\/2024\/05\/WhatsApp-Image-2024-05-29-at-13.31.54-2.jpeg\" \/>\n\t<meta property=\"og:image:width\" content=\"1122\" \/>\n\t<meta property=\"og:image:height\" content=\"901\" \/>\n\t<meta property=\"og:image:type\" content=\"image\/jpeg\" \/>\n<meta name=\"author\" content=\"Gemma Cros\" \/>\n<meta name=\"twitter:card\" content=\"summary_large_image\" \/>\n<meta name=\"twitter:creator\" content=\"@FundacioRMB\" \/>\n<meta name=\"twitter:site\" content=\"@FundacioRMB\" \/>\n<script type=\"application\/ld+json\" class=\"yoast-schema-graph\">{\"@context\":\"https:\/\/schema.org\",\"@graph\":[{\"@type\":\"Article\",\"@id\":\"https:\/\/fundacioramonmartibonet.org\/es\/2024\/05\/la-jornada-zoolidaria-ha-estat-un-exit\/#article\",\"isPartOf\":{\"@id\":\"https:\/\/fundacioramonmartibonet.org\/es\/2024\/05\/la-jornada-zoolidaria-ha-estat-un-exit\/\"},\"author\":{\"name\":\"Gemma Cros\",\"@id\":\"https:\/\/fundacioramonmartibonet.org\/es\/#\/schema\/person\/0078573cb6877aee8ea9807d9603f3ef\"},\"headline\":\"La Jornada Zoolidaria ha estado un \u00e9xito!\",\"datePublished\":\"2024-05-30T08:36:10+00:00\",\"dateModified\":\"2025-07-16T09:22:34+00:00\",\"mainEntityOfPage\":{\"@id\":\"https:\/\/fundacioramonmartibonet.org\/es\/2024\/05\/la-jornada-zoolidaria-ha-estat-un-exit\/\"},\"wordCount\":170,\"publisher\":{\"@id\":\"https:\/\/fundacioramonmartibonet.org\/es\/#organization\"},\"image\":{\"@id\":\"https:\/\/fundacioramonmartibonet.org\/es\/2024\/05\/la-jornada-zoolidaria-ha-estat-un-exit\/#primaryimage\"},\"thumbnailUrl\":\"https:\/\/fundacioramonmartibonet.org\/wp-content\/uploads\/2024\/05\/WhatsApp-Image-2024-05-29-at-13.31.54-2.jpeg\",\"keywords\":[\"#JornadaSolid\u00e0ria\",\"#Visi\u00f3PerATothom\"],\"articleSection\":[\"Sin categorizar\"],\"inLanguage\":\"es\"},{\"@type\":\"WebPage\",\"@id\":\"https:\/\/fundacioramonmartibonet.org\/es\/2024\/05\/la-jornada-zoolidaria-ha-estat-un-exit\/\",\"url\":\"https:\/\/fundacioramonmartibonet.org\/es\/2024\/05\/la-jornada-zoolidaria-ha-estat-un-exit\/\",\"name\":\"La Jornada Zoolidaria ha estado un \u00e9xito! - Fundaci\u00f3 Ram\u00f3n Mart\u00ed i Bonet\",\"isPartOf\":{\"@id\":\"https:\/\/fundacioramonmartibonet.org\/es\/#website\"},\"primaryImageOfPage\":{\"@id\":\"https:\/\/fundacioramonmartibonet.org\/es\/2024\/05\/la-jornada-zoolidaria-ha-estat-un-exit\/#primaryimage\"},\"image\":{\"@id\":\"https:\/\/fundacioramonmartibonet.org\/es\/2024\/05\/la-jornada-zoolidaria-ha-estat-un-exit\/#primaryimage\"},\"thumbnailUrl\":\"https:\/\/fundacioramonmartibonet.org\/wp-content\/uploads\/2024\/05\/WhatsApp-Image-2024-05-29-at-13.31.54-2.jpeg\",\"datePublished\":\"2024-05-30T08:36:10+00:00\",\"dateModified\":\"2025-07-16T09:22:34+00:00\",\"description\":\"Jornada Zoolid\u00e0ria en benefici de la Fundaci\u00f3 Ramon Mart\u00ed i Bonet per promoure la salut visual d'infant, joves i adults en rics d'exclusi\u00f3.\",\"breadcrumb\":{\"@id\":\"https:\/\/fundacioramonmartibonet.org\/es\/2024\/05\/la-jornada-zoolidaria-ha-estat-un-exit\/#breadcrumb\"},\"inLanguage\":\"es\",\"potentialAction\":[{\"@type\":\"ReadAction\",\"target\":[\"https:\/\/fundacioramonmartibonet.org\/es\/2024\/05\/la-jornada-zoolidaria-ha-estat-un-exit\/\"]}]},{\"@type\":\"ImageObject\",\"inLanguage\":\"es\",\"@id\":\"https:\/\/fundacioramonmartibonet.org\/es\/2024\/05\/la-jornada-zoolidaria-ha-estat-un-exit\/#primaryimage\",\"url\":\"https:\/\/fundacioramonmartibonet.org\/wp-content\/uploads\/2024\/05\/WhatsApp-Image-2024-05-29-at-13.31.54-2.jpeg\",\"contentUrl\":\"https:\/\/fundacioramonmartibonet.org\/wp-content\/uploads\/2024\/05\/WhatsApp-Image-2024-05-29-at-13.31.54-2.jpeg\",\"width\":1122,\"height\":901,\"caption\":\"Visi\u00f3 per tothom\"},{\"@type\":\"BreadcrumbList\",\"@id\":\"https:\/\/fundacioramonmartibonet.org\/es\/2024\/05\/la-jornada-zoolidaria-ha-estat-un-exit\/#breadcrumb\",\"itemListElement\":[{\"@type\":\"ListItem\",\"position\":1,\"name\":\"Home\",\"item\":\"https:\/\/fundacioramonmartibonet.org\/es\/\"},{\"@type\":\"ListItem\",\"position\":2,\"name\":\"La Jornada Zoolidaria ha estado un \u00e9xito!\"}]},{\"@type\":\"WebSite\",\"@id\":\"https:\/\/fundacioramonmartibonet.org\/es\/#website\",\"url\":\"https:\/\/fundacioramonmartibonet.org\/es\/\",\"name\":\"Fundaci\u00f3 Ramon Mart\u00ed i Bonet\",\"description\":\"Visi\u00f3 per a tothom\",\"publisher\":{\"@id\":\"https:\/\/fundacioramonmartibonet.org\/es\/#organization\"},\"alternateName\":\"FRMB\",\"potentialAction\":[{\"@type\":\"SearchAction\",\"target\":{\"@type\":\"EntryPoint\",\"urlTemplate\":\"https:\/\/fundacioramonmartibonet.org\/es\/?s={search_term_string}\"},\"query-input\":\"required name=search_term_string\"}],\"inLanguage\":\"es\"},{\"@type\":\"Organization\",\"@id\":\"https:\/\/fundacioramonmartibonet.org\/es\/#organization\",\"name\":\"Fundaci\u00f3 Ramon Mart\u00ed i Bonet\",\"alternateName\":\"FRMB\",\"url\":\"https:\/\/fundacioramonmartibonet.org\/es\/\",\"logo\":{\"@type\":\"ImageObject\",\"inLanguage\":\"es\",\"@id\":\"https:\/\/fundacioramonmartibonet.org\/es\/#\/schema\/logo\/image\/\",\"url\":\"https:\/\/fundacioramonmartibonet.org\/wp-content\/uploads\/2023\/06\/frmb.svg\",\"contentUrl\":\"https:\/\/fundacioramonmartibonet.org\/wp-content\/uploads\/2023\/06\/frmb.svg\",\"width\":900,\"height\":280,\"caption\":\"Fundaci\u00f3 Ramon Mart\u00ed i Bonet\"},\"image\":{\"@id\":\"https:\/\/fundacioramonmartibonet.org\/es\/#\/schema\/logo\/image\/\"},\"sameAs\":[\"https:\/\/www.facebook.com\/FundacioRamonMartiBonet\",\"https:\/\/x.com\/FundacioRMB\",\"https:\/\/www.youtube.com\/channel\/UCNyN8HH4tz3ybIBubLBiSog\",\"https:\/\/www.instagram.com\/fundaciormb\/\",\"https:\/\/www.linkedin.com\/company\/fundacio-ramon-marto-i-bonet-contra-la-ceguera\/\"]},{\"@type\":\"Person\",\"@id\":\"https:\/\/fundacioramonmartibonet.org\/es\/#\/schema\/person\/0078573cb6877aee8ea9807d9603f3ef\",\"name\":\"Gemma Cros\",\"image\":{\"@type\":\"ImageObject\",\"inLanguage\":\"es\",\"@id\":\"https:\/\/fundacioramonmartibonet.org\/es\/#\/schema\/person\/image\/\",\"url\":\"https:\/\/secure.gravatar.com\/avatar\/754ef50ddec01d379dbb73102f380975?s=96&d=mm&r=g\",\"contentUrl\":\"https:\/\/secure.gravatar.com\/avatar\/754ef50ddec01d379dbb73102f380975?s=96&d=mm&r=g\",\"caption\":\"Gemma Cros\"},\"url\":\"https:\/\/fundacioramonmartibonet.org\/es\/author\/gemma\/\"}]}<\/script>\n<!-- \/ Yoast SEO plugin. -->","yoast_head_json":{"title":"La Jornada Zoolidaria ha estado un \u00e9xito! - Fundaci\u00f3 Ram\u00f3n Mart\u00ed i Bonet","description":"Jornada Zoolid\u00e0ria en benefici de la Fundaci\u00f3 Ramon Mart\u00ed i Bonet per promoure la salut visual d'infant, joves i adults en rics d'exclusi\u00f3.","robots":{"index":"index","follow":"follow","max-snippet":"max-snippet:-1","max-image-preview":"max-image-preview:large","max-video-preview":"max-video-preview:-1"},"canonical":"https:\/\/fundacioramonmartibonet.org\/es\/2024\/05\/la-jornada-zoolidaria-ha-estat-un-exit\/","og_locale":"es_ES","og_type":"article","og_title":"La Jornada Zoolidaria ha estado un \u00e9xito! - Fundaci\u00f3 Ram\u00f3n Mart\u00ed i Bonet","og_description":"Jornada Zoolid\u00e0ria en benefici de la Fundaci\u00f3 Ramon Mart\u00ed i Bonet per promoure la salut visual d'infant, joves i adults en rics d'exclusi\u00f3.","og_url":"https:\/\/fundacioramonmartibonet.org\/es\/2024\/05\/la-jornada-zoolidaria-ha-estat-un-exit\/","og_site_name":"Fundaci\u00f3 Ram\u00f3n Mart\u00ed i Bonet","article_publisher":"https:\/\/www.facebook.com\/FundacioRamonMartiBonet","article_published_time":"2024-05-30T08:36:10+00:00","article_modified_time":"2025-07-16T09:22:34+00:00","og_image":[{"width":1122,"height":901,"url":"https:\/\/fundacioramonmartibonet.org\/wp-content\/uploads\/2024\/05\/WhatsApp-Image-2024-05-29-at-13.31.54-2.jpeg","type":"image\/jpeg"}],"author":"Gemma Cros","twitter_card":"summary_large_image","twitter_creator":"@FundacioRMB","twitter_site":"@FundacioRMB","schema":{"@context":"https:\/\/schema.org","@graph":[{"@type":"Article","@id":"https:\/\/fundacioramonmartibonet.org\/es\/2024\/05\/la-jornada-zoolidaria-ha-estat-un-exit\/#article","isPartOf":{"@id":"https:\/\/fundacioramonmartibonet.org\/es\/2024\/05\/la-jornada-zoolidaria-ha-estat-un-exit\/"},"author":{"name":"Gemma Cros","@id":"https:\/\/fundacioramonmartibonet.org\/es\/#\/schema\/person\/0078573cb6877aee8ea9807d9603f3ef"},"headline":"La Jornada Zoolidaria ha estado un \u00e9xito!","datePublished":"2024-05-30T08:36:10+00:00","dateModified":"2025-07-16T09:22:34+00:00","mainEntityOfPage":{"@id":"https:\/\/fundacioramonmartibonet.org\/es\/2024\/05\/la-jornada-zoolidaria-ha-estat-un-exit\/"},"wordCount":170,"publisher":{"@id":"https:\/\/fundacioramonmartibonet.org\/es\/#organization"},"image":{"@id":"https:\/\/fundacioramonmartibonet.org\/es\/2024\/05\/la-jornada-zoolidaria-ha-estat-un-exit\/#primaryimage"},"thumbnailUrl":"https:\/\/fundacioramonmartibonet.org\/wp-content\/uploads\/2024\/05\/WhatsApp-Image-2024-05-29-at-13.31.54-2.jpeg","keywords":["#JornadaSolid\u00e0ria","#Visi\u00f3PerATothom"],"articleSection":["Sin categorizar"],"inLanguage":"es"},{"@type":"WebPage","@id":"https:\/\/fundacioramonmartibonet.org\/es\/2024\/05\/la-jornada-zoolidaria-ha-estat-un-exit\/","url":"https:\/\/fundacioramonmartibonet.org\/es\/2024\/05\/la-jornada-zoolidaria-ha-estat-un-exit\/","name":"La Jornada Zoolidaria ha estado un \u00e9xito! - Fundaci\u00f3 Ram\u00f3n Mart\u00ed i Bonet","isPartOf":{"@id":"https:\/\/fundacioramonmartibonet.org\/es\/#website"},"primaryImageOfPage":{"@id":"https:\/\/fundacioramonmartibonet.org\/es\/2024\/05\/la-jornada-zoolidaria-ha-estat-un-exit\/#primaryimage"},"image":{"@id":"https:\/\/fundacioramonmartibonet.org\/es\/2024\/05\/la-jornada-zoolidaria-ha-estat-un-exit\/#primaryimage"},"thumbnailUrl":"https:\/\/fundacioramonmartibonet.org\/wp-content\/uploads\/2024\/05\/WhatsApp-Image-2024-05-29-at-13.31.54-2.jpeg","datePublished":"2024-05-30T08:36:10+00:00","dateModified":"2025-07-16T09:22:34+00:00","description":"Jornada Zoolid\u00e0ria en benefici de la Fundaci\u00f3 Ramon Mart\u00ed i Bonet per promoure la salut visual d'infant, joves i adults en rics d'exclusi\u00f3.","breadcrumb":{"@id":"https:\/\/fundacioramonmartibonet.org\/es\/2024\/05\/la-jornada-zoolidaria-ha-estat-un-exit\/#breadcrumb"},"inLanguage":"es","potentialAction":[{"@type":"ReadAction","target":["https:\/\/fundacioramonmartibonet.org\/es\/2024\/05\/la-jornada-zoolidaria-ha-estat-un-exit\/"]}]},{"@type":"ImageObject","inLanguage":"es","@id":"https:\/\/fundacioramonmartibonet.org\/es\/2024\/05\/la-jornada-zoolidaria-ha-estat-un-exit\/#primaryimage","url":"https:\/\/fundacioramonmartibonet.org\/wp-content\/uploads\/2024\/05\/WhatsApp-Image-2024-05-29-at-13.31.54-2.jpeg","contentUrl":"https:\/\/fundacioramonmartibonet.org\/wp-content\/uploads\/2024\/05\/WhatsApp-Image-2024-05-29-at-13.31.54-2.jpeg","width":1122,"height":901,"caption":"Visi\u00f3 per tothom"},{"@type":"BreadcrumbList","@id":"https:\/\/fundacioramonmartibonet.org\/es\/2024\/05\/la-jornada-zoolidaria-ha-estat-un-exit\/#breadcrumb","itemListElement":[{"@type":"ListItem","position":1,"name":"Home","item":"https:\/\/fundacioramonmartibonet.org\/es\/"},{"@type":"ListItem","position":2,"name":"La Jornada Zoolidaria ha estado un \u00e9xito!"}]},{"@type":"WebSite","@id":"https:\/\/fundacioramonmartibonet.org\/es\/#website","url":"https:\/\/fundacioramonmartibonet.org\/es\/","name":"Fundaci\u00f3 Ramon Mart\u00ed i Bonet","description":"Visi\u00f3 per a tothom","publisher":{"@id":"https:\/\/fundacioramonmartibonet.org\/es\/#organization"},"alternateName":"FRMB","potentialAction":[{"@type":"SearchAction","target":{"@type":"EntryPoint","urlTemplate":"https:\/\/fundacioramonmartibonet.org\/es\/?s={search_term_string}"},"query-input":"required name=search_term_string"}],"inLanguage":"es"},{"@type":"Organization","@id":"https:\/\/fundacioramonmartibonet.org\/es\/#organization","name":"Fundaci\u00f3 Ramon Mart\u00ed i Bonet","alternateName":"FRMB","url":"https:\/\/fundacioramonmartibonet.org\/es\/","logo":{"@type":"ImageObject","inLanguage":"es","@id":"https:\/\/fundacioramonmartibonet.org\/es\/#\/schema\/logo\/image\/","url":"https:\/\/fundacioramonmartibonet.org\/wp-content\/uploads\/2023\/06\/frmb.svg","contentUrl":"https:\/\/fundacioramonmartibonet.org\/wp-content\/uploads\/2023\/06\/frmb.svg","width":900,"height":280,"caption":"Fundaci\u00f3 Ramon Mart\u00ed i Bonet"},"image":{"@id":"https:\/\/fundacioramonmartibonet.org\/es\/#\/schema\/logo\/image\/"},"sameAs":["https:\/\/www.facebook.com\/FundacioRamonMartiBonet","https:\/\/x.com\/FundacioRMB","https:\/\/www.youtube.com\/channel\/UCNyN8HH4tz3ybIBubLBiSog","https:\/\/www.instagram.com\/fundaciormb\/","https:\/\/www.linkedin.com\/company\/fundacio-ramon-marto-i-bonet-contra-la-ceguera\/"]},{"@type":"Person","@id":"https:\/\/fundacioramonmartibonet.org\/es\/#\/schema\/person\/0078573cb6877aee8ea9807d9603f3ef","name":"Gemma Cros","image":{"@type":"ImageObject","inLanguage":"es","@id":"https:\/\/fundacioramonmartibonet.org\/es\/#\/schema\/person\/image\/","url":"https:\/\/secure.gravatar.com\/avatar\/754ef50ddec01d379dbb73102f380975?s=96&d=mm&r=g","contentUrl":"https:\/\/secure.gravatar.com\/avatar\/754ef50ddec01d379dbb73102f380975?s=96&d=mm&r=g","caption":"Gemma Cros"},"url":"https:\/\/fundacioramonmartibonet.org\/es\/author\/gemma\/"}]}},"_links":{"self":[{"href":"https:\/\/fundacioramonmartibonet.org\/es\/wp-json\/wp\/v2\/posts\/2034"}],"collection":[{"href":"https:\/\/fundacioramonmartibonet.org\/es\/wp-json\/wp\/v2\/posts"}],"about":[{"href":"https:\/\/fundacioramonmartibonet.org\/es\/wp-json\/wp\/v2\/types\/post"}],"author":[{"embeddable":true,"href":"https:\/\/fundacioramonmartibonet.org\/es\/wp-json\/wp\/v2\/users\/2"}],"replies":[{"embeddable":true,"href":"https:\/\/fundacioramonmartibonet.org\/es\/wp-json\/wp\/v2\/comments?post=2034"}],"version-history":[{"count":5,"href":"https:\/\/fundacioramonmartibonet.org\/es\/wp-json\/wp\/v2\/posts\/2034\/revisions"}],"predecessor-version":[{"id":3553,"href":"https:\/\/fundacioramonmartibonet.org\/es\/wp-json\/wp\/v2\/posts\/2034\/revisions\/3553"}],"wp:featuredmedia":[{"embeddable":true,"href":"https:\/\/fundacioramonmartibonet.org\/es\/wp-json\/wp\/v2\/media\/1761"}],"wp:attachment":[{"href":"https:\/\/fundacioramonmartibonet.org\/es\/wp-json\/wp\/v2\/media?parent=2034"}],"wp:term":[{"taxonomy":"category","embeddable":true,"href":"https:\/\/fundacioramonmartibonet.org\/es\/wp-json\/wp\/v2\/categories?post=2034"},{"taxonomy":"post_tag","embeddable":true,"href":"https:\/\/fundacioramonmartibonet.org\/es\/wp-json\/wp\/v2\/tags?post=2034"}],"curies":[{"name":"wp","href":"https:\/\/api.w.org\/{rel}","templated":true}]}}