{"id":2000,"date":"2023-12-22T15:21:00","date_gmt":"2023-12-22T15:21:00","guid":{"rendered":"https:\/\/fundacioramonmartibonet.org\/2023\/12\/la-fundacio-ramon-marti-i-bonet-inicia-el-projecte-influencia-de-la-correccio-refractiva-en-el-rendiment-academic-de-lalumnat-en-risc-dexclusio-social\/"},"modified":"2025-07-16T09:22:35","modified_gmt":"2025-07-16T09:22:35","slug":"la-fundacio-ramon-marti-i-bonet-inicia-el-projecte-influencia-de-la-correccio-refractiva-en-el-rendiment-academic-de-lalumnat-en-risc-dexclusio-social","status":"publish","type":"post","link":"https:\/\/fundacioramonmartibonet.org\/es\/2023\/12\/la-fundacio-ramon-marti-i-bonet-inicia-el-projecte-influencia-de-la-correccio-refractiva-en-el-rendiment-academic-de-lalumnat-en-risc-dexclusio-social\/","title":{"rendered":"Iniciamos el estudio para medir el impacto de las gafas en el rendimiento acad\u00e9mico de ni\u00f1os\/as y j\u00f3venes."},"content":{"rendered":"\n<pre id=\"tw-target-text\" class=\"wp-block-preformatted\">El Ayuntamiento de Barcelona contribuye en el estudio de investigaci\u00f3n \"Influencia de la correcci\u00f3n refractiva en el rendimiento acad\u00e9mico de los alumnos en riesgo de exclusi\u00f3n social\" que la Fundaci\u00f3n Ramon Mart\u00ed i Bonet ha iniciado para identificar el impacto de una buena visi\u00f3n, espec\u00edficamente mediante la correcci\u00f3n refractiva, en el rendimiento acad\u00e9mico de ni\u00f1os y ni\u00f1as y j\u00f3venes en situaci\u00f3n de vulnerabilidad.<br><br>La entidad en colaboraci\u00f3n con el Instituto Catal\u00e1n de Retina y la Universidad Internacional de Catalu\u00f1a, ha dise\u00f1ado un estudio basado en ni\u00f1os y j\u00f3venes estudiantes de 4.\u00ba, 5.\u00ba y 6.\u00ba de primaria en situaci\u00f3n de vulnerabilidad, que se encuentran matriculados en centros escolares de m\u00e1xima complejidad en Barcelona. Para poder realizar su seguimiento, tanto la escuela como la fundaci\u00f3n han mantenido el contacto para valorar el impacto en el rendimiento acad\u00e9mico de los alumnos que han podido conseguir una correcci\u00f3n.<br><br>Los datos que se han podido analizar nos han dado un marco mucho m\u00e1s claro de c\u00f3mo es la situaci\u00f3n real hacia la salud visual en la poblaci\u00f3n infantil m\u00e1s vulnerable. Los resultados de este estudio ponen de manifiesto el impacto que tiene la adecuada correcci\u00f3n refractiva, en el rendimiento acad\u00e9mico de ni\u00f1os y ni\u00f1as. Desde la Fundaci\u00f3n Ramon Mart\u00ed Bonet queremos incidir y sensibilizar que existe una correlaci\u00f3n positiva entre el hecho de corregir las deficiencias refractivas y conseguir un mejor rendimiento acad\u00e9mico.<br><br>Gracias al proyecto realizado, se ha podido constatar la elevada cantidad de e ni\u00f1os'ni\u00f1os que asisten en las aulas de las escuelas de alta complejidad que no llevan una correcci\u00f3n adecuada a las necesidades y se ha podido objetivar que el rendimiento acad\u00e9mico de estos ni\u00f1os mejora, una vez acceden a unas ojeras coherentes con la graduaci\u00f3n.<br><\/pre>\n\n\n\n<figure class=\"wp-block-image size-full\"><img loading=\"lazy\" decoding=\"async\" width=\"200\" height=\"214\" src=\"https:\/\/fundacioramonmartibonet.org\/wp-content\/uploads\/2024\/04\/logo-aj-bcn.png\" alt=\"\" class=\"wp-image-1388\"\/><\/figure>\n","protected":false},"excerpt":{"rendered":"<p>El Ayuntamiento de Barcelona contribuye a un estudio de investigaci\u00f3n para mesurar el impacto de las gafas en el rendimiento acad\u00e9mico de ni\u00f1os\/as y joves.<\/p>\n","protected":false},"author":2,"featured_media":2002,"comment_status":"closed","ping_status":"open","sticky":false,"template":"","format":"standard","meta":{"_acf_changed":false,"footnotes":""},"categories":[1],"tags":[28],"acf":[],"yoast_head":"<!-- This site is optimized with the Yoast SEO plugin v22.5 - https:\/\/yoast.com\/wordpress\/plugins\/seo\/ -->\n<title>Iniciamos el estudio para medir el impacto de las gafas en el rendimiento acad\u00e9mico de ni\u00f1os\/as y j\u00f3venes. - Fundaci\u00f3 Ram\u00f3n Mart\u00ed i Bonet<\/title>\n<meta name=\"description\" content=\"L\u2019Ajuntament de Barcelona contribueix en un estudi de recerca per mesurar l&#039;impacte de les ulleres en el rendiment acad\u00e8mic dels infants.\" \/>\n<meta name=\"robots\" content=\"index, follow, max-snippet:-1, max-image-preview:large, max-video-preview:-1\" \/>\n<link rel=\"canonical\" href=\"https:\/\/fundacioramonmartibonet.org\/es\/2023\/12\/la-fundacio-ramon-marti-i-bonet-inicia-el-projecte-influencia-de-la-correccio-refractiva-en-el-rendiment-academic-de-lalumnat-en-risc-dexclusio-social\/\" \/>\n<meta property=\"og:locale\" content=\"es_ES\" \/>\n<meta property=\"og:type\" content=\"article\" \/>\n<meta property=\"og:title\" content=\"Iniciamos el estudio para medir el impacto de las gafas en el rendimiento acad\u00e9mico de ni\u00f1os\/as y j\u00f3venes. - Fundaci\u00f3 Ram\u00f3n Mart\u00ed i Bonet\" \/>\n<meta property=\"og:description\" content=\"L\u2019Ajuntament de Barcelona contribueix en un estudi de recerca per mesurar l&#039;impacte de les ulleres en el rendiment acad\u00e8mic dels infants.\" \/>\n<meta property=\"og:url\" content=\"https:\/\/fundacioramonmartibonet.org\/es\/2023\/12\/la-fundacio-ramon-marti-i-bonet-inicia-el-projecte-influencia-de-la-correccio-refractiva-en-el-rendiment-academic-de-lalumnat-en-risc-dexclusio-social\/\" \/>\n<meta property=\"og:site_name\" content=\"Fundaci\u00f3 Ram\u00f3n Mart\u00ed i Bonet\" \/>\n<meta property=\"article:publisher\" content=\"https:\/\/www.facebook.com\/FundacioRamonMartiBonet\" \/>\n<meta property=\"article:published_time\" content=\"2023-12-22T15:21:00+00:00\" \/>\n<meta property=\"article:modified_time\" content=\"2025-07-16T09:22:35+00:00\" \/>\n<meta property=\"og:image\" content=\"https:\/\/fundacioramonmartibonet.org\/wp-content\/uploads\/2024\/04\/IMG_2496-scaled-e1714052519531.jpg\" \/>\n\t<meta property=\"og:image:width\" content=\"1200\" \/>\n\t<meta property=\"og:image:height\" content=\"800\" \/>\n\t<meta property=\"og:image:type\" content=\"image\/jpeg\" \/>\n<meta name=\"author\" content=\"Gemma Cros\" \/>\n<meta name=\"twitter:card\" content=\"summary_large_image\" \/>\n<meta name=\"twitter:creator\" content=\"@FundacioRMB\" \/>\n<meta name=\"twitter:site\" content=\"@FundacioRMB\" \/>\n<script type=\"application\/ld+json\" class=\"yoast-schema-graph\">{\"@context\":\"https:\/\/schema.org\",\"@graph\":[{\"@type\":\"Article\",\"@id\":\"https:\/\/fundacioramonmartibonet.org\/es\/2023\/12\/la-fundacio-ramon-marti-i-bonet-inicia-el-projecte-influencia-de-la-correccio-refractiva-en-el-rendiment-academic-de-lalumnat-en-risc-dexclusio-social\/#article\",\"isPartOf\":{\"@id\":\"https:\/\/fundacioramonmartibonet.org\/es\/2023\/12\/la-fundacio-ramon-marti-i-bonet-inicia-el-projecte-influencia-de-la-correccio-refractiva-en-el-rendiment-academic-de-lalumnat-en-risc-dexclusio-social\/\"},\"author\":{\"name\":\"Gemma Cros\",\"@id\":\"https:\/\/fundacioramonmartibonet.org\/es\/#\/schema\/person\/0078573cb6877aee8ea9807d9603f3ef\"},\"headline\":\"Iniciamos el estudio para medir el impacto de las gafas en el rendimiento acad\u00e9mico de ni\u00f1os\/as y j\u00f3venes.\",\"datePublished\":\"2023-12-22T15:21:00+00:00\",\"dateModified\":\"2025-07-16T09:22:35+00:00\",\"mainEntityOfPage\":{\"@id\":\"https:\/\/fundacioramonmartibonet.org\/es\/2023\/12\/la-fundacio-ramon-marti-i-bonet-inicia-el-projecte-influencia-de-la-correccio-refractiva-en-el-rendiment-academic-de-lalumnat-en-risc-dexclusio-social\/\"},\"wordCount\":22,\"publisher\":{\"@id\":\"https:\/\/fundacioramonmartibonet.org\/es\/#organization\"},\"image\":{\"@id\":\"https:\/\/fundacioramonmartibonet.org\/es\/2023\/12\/la-fundacio-ramon-marti-i-bonet-inicia-el-projecte-influencia-de-la-correccio-refractiva-en-el-rendiment-academic-de-lalumnat-en-risc-dexclusio-social\/#primaryimage\"},\"thumbnailUrl\":\"https:\/\/fundacioramonmartibonet.org\/wp-content\/uploads\/2024\/04\/IMG_2496-scaled-e1714052519531.jpg\",\"keywords\":[\"#Visi\u00f3PerATothom\"],\"articleSection\":[\"Sin categorizar\"],\"inLanguage\":\"es\"},{\"@type\":\"WebPage\",\"@id\":\"https:\/\/fundacioramonmartibonet.org\/es\/2023\/12\/la-fundacio-ramon-marti-i-bonet-inicia-el-projecte-influencia-de-la-correccio-refractiva-en-el-rendiment-academic-de-lalumnat-en-risc-dexclusio-social\/\",\"url\":\"https:\/\/fundacioramonmartibonet.org\/es\/2023\/12\/la-fundacio-ramon-marti-i-bonet-inicia-el-projecte-influencia-de-la-correccio-refractiva-en-el-rendiment-academic-de-lalumnat-en-risc-dexclusio-social\/\",\"name\":\"Iniciamos el estudio para medir el impacto de las gafas en el rendimiento acad\u00e9mico de ni\u00f1os\/as y j\u00f3venes. - Fundaci\u00f3 Ram\u00f3n Mart\u00ed i Bonet\",\"isPartOf\":{\"@id\":\"https:\/\/fundacioramonmartibonet.org\/es\/#website\"},\"primaryImageOfPage\":{\"@id\":\"https:\/\/fundacioramonmartibonet.org\/es\/2023\/12\/la-fundacio-ramon-marti-i-bonet-inicia-el-projecte-influencia-de-la-correccio-refractiva-en-el-rendiment-academic-de-lalumnat-en-risc-dexclusio-social\/#primaryimage\"},\"image\":{\"@id\":\"https:\/\/fundacioramonmartibonet.org\/es\/2023\/12\/la-fundacio-ramon-marti-i-bonet-inicia-el-projecte-influencia-de-la-correccio-refractiva-en-el-rendiment-academic-de-lalumnat-en-risc-dexclusio-social\/#primaryimage\"},\"thumbnailUrl\":\"https:\/\/fundacioramonmartibonet.org\/wp-content\/uploads\/2024\/04\/IMG_2496-scaled-e1714052519531.jpg\",\"datePublished\":\"2023-12-22T15:21:00+00:00\",\"dateModified\":\"2025-07-16T09:22:35+00:00\",\"description\":\"L\u2019Ajuntament de Barcelona contribueix en un estudi de recerca per mesurar l'impacte de les ulleres en el rendiment acad\u00e8mic dels infants.\",\"breadcrumb\":{\"@id\":\"https:\/\/fundacioramonmartibonet.org\/es\/2023\/12\/la-fundacio-ramon-marti-i-bonet-inicia-el-projecte-influencia-de-la-correccio-refractiva-en-el-rendiment-academic-de-lalumnat-en-risc-dexclusio-social\/#breadcrumb\"},\"inLanguage\":\"es\",\"potentialAction\":[{\"@type\":\"ReadAction\",\"target\":[\"https:\/\/fundacioramonmartibonet.org\/es\/2023\/12\/la-fundacio-ramon-marti-i-bonet-inicia-el-projecte-influencia-de-la-correccio-refractiva-en-el-rendiment-academic-de-lalumnat-en-risc-dexclusio-social\/\"]}]},{\"@type\":\"ImageObject\",\"inLanguage\":\"es\",\"@id\":\"https:\/\/fundacioramonmartibonet.org\/es\/2023\/12\/la-fundacio-ramon-marti-i-bonet-inicia-el-projecte-influencia-de-la-correccio-refractiva-en-el-rendiment-academic-de-lalumnat-en-risc-dexclusio-social\/#primaryimage\",\"url\":\"https:\/\/fundacioramonmartibonet.org\/wp-content\/uploads\/2024\/04\/IMG_2496-scaled-e1714052519531.jpg\",\"contentUrl\":\"https:\/\/fundacioramonmartibonet.org\/wp-content\/uploads\/2024\/04\/IMG_2496-scaled-e1714052519531.jpg\",\"width\":1200,\"height\":800,\"caption\":\"Rastreig visual per la salut visual\"},{\"@type\":\"BreadcrumbList\",\"@id\":\"https:\/\/fundacioramonmartibonet.org\/es\/2023\/12\/la-fundacio-ramon-marti-i-bonet-inicia-el-projecte-influencia-de-la-correccio-refractiva-en-el-rendiment-academic-de-lalumnat-en-risc-dexclusio-social\/#breadcrumb\",\"itemListElement\":[{\"@type\":\"ListItem\",\"position\":1,\"name\":\"Home\",\"item\":\"https:\/\/fundacioramonmartibonet.org\/es\/\"},{\"@type\":\"ListItem\",\"position\":2,\"name\":\"Iniciamos el estudio para medir el impacto de las gafas en el rendimiento acad\u00e9mico de ni\u00f1os\/as y j\u00f3venes.\"}]},{\"@type\":\"WebSite\",\"@id\":\"https:\/\/fundacioramonmartibonet.org\/es\/#website\",\"url\":\"https:\/\/fundacioramonmartibonet.org\/es\/\",\"name\":\"Fundaci\u00f3 Ramon Mart\u00ed i Bonet\",\"description\":\"Visi\u00f3 per a tothom\",\"publisher\":{\"@id\":\"https:\/\/fundacioramonmartibonet.org\/es\/#organization\"},\"alternateName\":\"FRMB\",\"potentialAction\":[{\"@type\":\"SearchAction\",\"target\":{\"@type\":\"EntryPoint\",\"urlTemplate\":\"https:\/\/fundacioramonmartibonet.org\/es\/?s={search_term_string}\"},\"query-input\":\"required name=search_term_string\"}],\"inLanguage\":\"es\"},{\"@type\":\"Organization\",\"@id\":\"https:\/\/fundacioramonmartibonet.org\/es\/#organization\",\"name\":\"Fundaci\u00f3 Ramon Mart\u00ed i Bonet\",\"alternateName\":\"FRMB\",\"url\":\"https:\/\/fundacioramonmartibonet.org\/es\/\",\"logo\":{\"@type\":\"ImageObject\",\"inLanguage\":\"es\",\"@id\":\"https:\/\/fundacioramonmartibonet.org\/es\/#\/schema\/logo\/image\/\",\"url\":\"https:\/\/fundacioramonmartibonet.org\/wp-content\/uploads\/2023\/06\/frmb.svg\",\"contentUrl\":\"https:\/\/fundacioramonmartibonet.org\/wp-content\/uploads\/2023\/06\/frmb.svg\",\"width\":900,\"height\":280,\"caption\":\"Fundaci\u00f3 Ramon Mart\u00ed i Bonet\"},\"image\":{\"@id\":\"https:\/\/fundacioramonmartibonet.org\/es\/#\/schema\/logo\/image\/\"},\"sameAs\":[\"https:\/\/www.facebook.com\/FundacioRamonMartiBonet\",\"https:\/\/x.com\/FundacioRMB\",\"https:\/\/www.youtube.com\/channel\/UCNyN8HH4tz3ybIBubLBiSog\",\"https:\/\/www.instagram.com\/fundaciormb\/\",\"https:\/\/www.linkedin.com\/company\/fundacio-ramon-marto-i-bonet-contra-la-ceguera\/\"]},{\"@type\":\"Person\",\"@id\":\"https:\/\/fundacioramonmartibonet.org\/es\/#\/schema\/person\/0078573cb6877aee8ea9807d9603f3ef\",\"name\":\"Gemma Cros\",\"image\":{\"@type\":\"ImageObject\",\"inLanguage\":\"es\",\"@id\":\"https:\/\/fundacioramonmartibonet.org\/es\/#\/schema\/person\/image\/\",\"url\":\"https:\/\/secure.gravatar.com\/avatar\/754ef50ddec01d379dbb73102f380975?s=96&d=mm&r=g\",\"contentUrl\":\"https:\/\/secure.gravatar.com\/avatar\/754ef50ddec01d379dbb73102f380975?s=96&d=mm&r=g\",\"caption\":\"Gemma Cros\"},\"url\":\"https:\/\/fundacioramonmartibonet.org\/es\/author\/gemma\/\"}]}<\/script>\n<!-- \/ Yoast SEO plugin. -->","yoast_head_json":{"title":"Iniciamos el estudio para medir el impacto de las gafas en el rendimiento acad\u00e9mico de ni\u00f1os\/as y j\u00f3venes. - Fundaci\u00f3 Ram\u00f3n Mart\u00ed i Bonet","description":"L\u2019Ajuntament de Barcelona contribueix en un estudi de recerca per mesurar l'impacte de les ulleres en el rendiment acad\u00e8mic dels infants.","robots":{"index":"index","follow":"follow","max-snippet":"max-snippet:-1","max-image-preview":"max-image-preview:large","max-video-preview":"max-video-preview:-1"},"canonical":"https:\/\/fundacioramonmartibonet.org\/es\/2023\/12\/la-fundacio-ramon-marti-i-bonet-inicia-el-projecte-influencia-de-la-correccio-refractiva-en-el-rendiment-academic-de-lalumnat-en-risc-dexclusio-social\/","og_locale":"es_ES","og_type":"article","og_title":"Iniciamos el estudio para medir el impacto de las gafas en el rendimiento acad\u00e9mico de ni\u00f1os\/as y j\u00f3venes. - Fundaci\u00f3 Ram\u00f3n Mart\u00ed i Bonet","og_description":"L\u2019Ajuntament de Barcelona contribueix en un estudi de recerca per mesurar l'impacte de les ulleres en el rendiment acad\u00e8mic dels infants.","og_url":"https:\/\/fundacioramonmartibonet.org\/es\/2023\/12\/la-fundacio-ramon-marti-i-bonet-inicia-el-projecte-influencia-de-la-correccio-refractiva-en-el-rendiment-academic-de-lalumnat-en-risc-dexclusio-social\/","og_site_name":"Fundaci\u00f3 Ram\u00f3n Mart\u00ed i Bonet","article_publisher":"https:\/\/www.facebook.com\/FundacioRamonMartiBonet","article_published_time":"2023-12-22T15:21:00+00:00","article_modified_time":"2025-07-16T09:22:35+00:00","og_image":[{"width":1200,"height":800,"url":"https:\/\/fundacioramonmartibonet.org\/wp-content\/uploads\/2024\/04\/IMG_2496-scaled-e1714052519531.jpg","type":"image\/jpeg"}],"author":"Gemma Cros","twitter_card":"summary_large_image","twitter_creator":"@FundacioRMB","twitter_site":"@FundacioRMB","schema":{"@context":"https:\/\/schema.org","@graph":[{"@type":"Article","@id":"https:\/\/fundacioramonmartibonet.org\/es\/2023\/12\/la-fundacio-ramon-marti-i-bonet-inicia-el-projecte-influencia-de-la-correccio-refractiva-en-el-rendiment-academic-de-lalumnat-en-risc-dexclusio-social\/#article","isPartOf":{"@id":"https:\/\/fundacioramonmartibonet.org\/es\/2023\/12\/la-fundacio-ramon-marti-i-bonet-inicia-el-projecte-influencia-de-la-correccio-refractiva-en-el-rendiment-academic-de-lalumnat-en-risc-dexclusio-social\/"},"author":{"name":"Gemma Cros","@id":"https:\/\/fundacioramonmartibonet.org\/es\/#\/schema\/person\/0078573cb6877aee8ea9807d9603f3ef"},"headline":"Iniciamos el estudio para medir el impacto de las gafas en el rendimiento acad\u00e9mico de ni\u00f1os\/as y j\u00f3venes.","datePublished":"2023-12-22T15:21:00+00:00","dateModified":"2025-07-16T09:22:35+00:00","mainEntityOfPage":{"@id":"https:\/\/fundacioramonmartibonet.org\/es\/2023\/12\/la-fundacio-ramon-marti-i-bonet-inicia-el-projecte-influencia-de-la-correccio-refractiva-en-el-rendiment-academic-de-lalumnat-en-risc-dexclusio-social\/"},"wordCount":22,"publisher":{"@id":"https:\/\/fundacioramonmartibonet.org\/es\/#organization"},"image":{"@id":"https:\/\/fundacioramonmartibonet.org\/es\/2023\/12\/la-fundacio-ramon-marti-i-bonet-inicia-el-projecte-influencia-de-la-correccio-refractiva-en-el-rendiment-academic-de-lalumnat-en-risc-dexclusio-social\/#primaryimage"},"thumbnailUrl":"https:\/\/fundacioramonmartibonet.org\/wp-content\/uploads\/2024\/04\/IMG_2496-scaled-e1714052519531.jpg","keywords":["#Visi\u00f3PerATothom"],"articleSection":["Sin categorizar"],"inLanguage":"es"},{"@type":"WebPage","@id":"https:\/\/fundacioramonmartibonet.org\/es\/2023\/12\/la-fundacio-ramon-marti-i-bonet-inicia-el-projecte-influencia-de-la-correccio-refractiva-en-el-rendiment-academic-de-lalumnat-en-risc-dexclusio-social\/","url":"https:\/\/fundacioramonmartibonet.org\/es\/2023\/12\/la-fundacio-ramon-marti-i-bonet-inicia-el-projecte-influencia-de-la-correccio-refractiva-en-el-rendiment-academic-de-lalumnat-en-risc-dexclusio-social\/","name":"Iniciamos el estudio para medir el impacto de las gafas en el rendimiento acad\u00e9mico de ni\u00f1os\/as y j\u00f3venes. - Fundaci\u00f3 Ram\u00f3n Mart\u00ed i Bonet","isPartOf":{"@id":"https:\/\/fundacioramonmartibonet.org\/es\/#website"},"primaryImageOfPage":{"@id":"https:\/\/fundacioramonmartibonet.org\/es\/2023\/12\/la-fundacio-ramon-marti-i-bonet-inicia-el-projecte-influencia-de-la-correccio-refractiva-en-el-rendiment-academic-de-lalumnat-en-risc-dexclusio-social\/#primaryimage"},"image":{"@id":"https:\/\/fundacioramonmartibonet.org\/es\/2023\/12\/la-fundacio-ramon-marti-i-bonet-inicia-el-projecte-influencia-de-la-correccio-refractiva-en-el-rendiment-academic-de-lalumnat-en-risc-dexclusio-social\/#primaryimage"},"thumbnailUrl":"https:\/\/fundacioramonmartibonet.org\/wp-content\/uploads\/2024\/04\/IMG_2496-scaled-e1714052519531.jpg","datePublished":"2023-12-22T15:21:00+00:00","dateModified":"2025-07-16T09:22:35+00:00","description":"L\u2019Ajuntament de Barcelona contribueix en un estudi de recerca per mesurar l'impacte de les ulleres en el rendiment acad\u00e8mic dels infants.","breadcrumb":{"@id":"https:\/\/fundacioramonmartibonet.org\/es\/2023\/12\/la-fundacio-ramon-marti-i-bonet-inicia-el-projecte-influencia-de-la-correccio-refractiva-en-el-rendiment-academic-de-lalumnat-en-risc-dexclusio-social\/#breadcrumb"},"inLanguage":"es","potentialAction":[{"@type":"ReadAction","target":["https:\/\/fundacioramonmartibonet.org\/es\/2023\/12\/la-fundacio-ramon-marti-i-bonet-inicia-el-projecte-influencia-de-la-correccio-refractiva-en-el-rendiment-academic-de-lalumnat-en-risc-dexclusio-social\/"]}]},{"@type":"ImageObject","inLanguage":"es","@id":"https:\/\/fundacioramonmartibonet.org\/es\/2023\/12\/la-fundacio-ramon-marti-i-bonet-inicia-el-projecte-influencia-de-la-correccio-refractiva-en-el-rendiment-academic-de-lalumnat-en-risc-dexclusio-social\/#primaryimage","url":"https:\/\/fundacioramonmartibonet.org\/wp-content\/uploads\/2024\/04\/IMG_2496-scaled-e1714052519531.jpg","contentUrl":"https:\/\/fundacioramonmartibonet.org\/wp-content\/uploads\/2024\/04\/IMG_2496-scaled-e1714052519531.jpg","width":1200,"height":800,"caption":"Rastreig visual per la salut visual"},{"@type":"BreadcrumbList","@id":"https:\/\/fundacioramonmartibonet.org\/es\/2023\/12\/la-fundacio-ramon-marti-i-bonet-inicia-el-projecte-influencia-de-la-correccio-refractiva-en-el-rendiment-academic-de-lalumnat-en-risc-dexclusio-social\/#breadcrumb","itemListElement":[{"@type":"ListItem","position":1,"name":"Home","item":"https:\/\/fundacioramonmartibonet.org\/es\/"},{"@type":"ListItem","position":2,"name":"Iniciamos el estudio para medir el impacto de las gafas en el rendimiento acad\u00e9mico de ni\u00f1os\/as y j\u00f3venes."}]},{"@type":"WebSite","@id":"https:\/\/fundacioramonmartibonet.org\/es\/#website","url":"https:\/\/fundacioramonmartibonet.org\/es\/","name":"Fundaci\u00f3 Ramon Mart\u00ed i Bonet","description":"Visi\u00f3 per a tothom","publisher":{"@id":"https:\/\/fundacioramonmartibonet.org\/es\/#organization"},"alternateName":"FRMB","potentialAction":[{"@type":"SearchAction","target":{"@type":"EntryPoint","urlTemplate":"https:\/\/fundacioramonmartibonet.org\/es\/?s={search_term_string}"},"query-input":"required name=search_term_string"}],"inLanguage":"es"},{"@type":"Organization","@id":"https:\/\/fundacioramonmartibonet.org\/es\/#organization","name":"Fundaci\u00f3 Ramon Mart\u00ed i Bonet","alternateName":"FRMB","url":"https:\/\/fundacioramonmartibonet.org\/es\/","logo":{"@type":"ImageObject","inLanguage":"es","@id":"https:\/\/fundacioramonmartibonet.org\/es\/#\/schema\/logo\/image\/","url":"https:\/\/fundacioramonmartibonet.org\/wp-content\/uploads\/2023\/06\/frmb.svg","contentUrl":"https:\/\/fundacioramonmartibonet.org\/wp-content\/uploads\/2023\/06\/frmb.svg","width":900,"height":280,"caption":"Fundaci\u00f3 Ramon Mart\u00ed i Bonet"},"image":{"@id":"https:\/\/fundacioramonmartibonet.org\/es\/#\/schema\/logo\/image\/"},"sameAs":["https:\/\/www.facebook.com\/FundacioRamonMartiBonet","https:\/\/x.com\/FundacioRMB","https:\/\/www.youtube.com\/channel\/UCNyN8HH4tz3ybIBubLBiSog","https:\/\/www.instagram.com\/fundaciormb\/","https:\/\/www.linkedin.com\/company\/fundacio-ramon-marto-i-bonet-contra-la-ceguera\/"]},{"@type":"Person","@id":"https:\/\/fundacioramonmartibonet.org\/es\/#\/schema\/person\/0078573cb6877aee8ea9807d9603f3ef","name":"Gemma Cros","image":{"@type":"ImageObject","inLanguage":"es","@id":"https:\/\/fundacioramonmartibonet.org\/es\/#\/schema\/person\/image\/","url":"https:\/\/secure.gravatar.com\/avatar\/754ef50ddec01d379dbb73102f380975?s=96&d=mm&r=g","contentUrl":"https:\/\/secure.gravatar.com\/avatar\/754ef50ddec01d379dbb73102f380975?s=96&d=mm&r=g","caption":"Gemma Cros"},"url":"https:\/\/fundacioramonmartibonet.org\/es\/author\/gemma\/"}]}},"_links":{"self":[{"href":"https:\/\/fundacioramonmartibonet.org\/es\/wp-json\/wp\/v2\/posts\/2000"}],"collection":[{"href":"https:\/\/fundacioramonmartibonet.org\/es\/wp-json\/wp\/v2\/posts"}],"about":[{"href":"https:\/\/fundacioramonmartibonet.org\/es\/wp-json\/wp\/v2\/types\/post"}],"author":[{"embeddable":true,"href":"https:\/\/fundacioramonmartibonet.org\/es\/wp-json\/wp\/v2\/users\/2"}],"replies":[{"embeddable":true,"href":"https:\/\/fundacioramonmartibonet.org\/es\/wp-json\/wp\/v2\/comments?post=2000"}],"version-history":[{"count":8,"href":"https:\/\/fundacioramonmartibonet.org\/es\/wp-json\/wp\/v2\/posts\/2000\/revisions"}],"predecessor-version":[{"id":2321,"href":"https:\/\/fundacioramonmartibonet.org\/es\/wp-json\/wp\/v2\/posts\/2000\/revisions\/2321"}],"wp:featuredmedia":[{"embeddable":true,"href":"https:\/\/fundacioramonmartibonet.org\/es\/wp-json\/wp\/v2\/media\/2002"}],"wp:attachment":[{"href":"https:\/\/fundacioramonmartibonet.org\/es\/wp-json\/wp\/v2\/media?parent=2000"}],"wp:term":[{"taxonomy":"category","embeddable":true,"href":"https:\/\/fundacioramonmartibonet.org\/es\/wp-json\/wp\/v2\/categories?post=2000"},{"taxonomy":"post_tag","embeddable":true,"href":"https:\/\/fundacioramonmartibonet.org\/es\/wp-json\/wp\/v2\/tags?post=2000"}],"curies":[{"name":"wp","href":"https:\/\/api.w.org\/{rel}","templated":true}]}}