{"id":1995,"date":"2023-12-12T07:40:24","date_gmt":"2023-12-12T07:40:24","guid":{"rendered":"https:\/\/fundacioramonmartibonet.org\/2023\/12\/lajuntament-de-barcelona-ha-collaborat-amb-el-projecte-rastrejos-visuals-a-les-escoles-de-barcelona\/"},"modified":"2025-07-16T09:22:35","modified_gmt":"2025-07-16T09:22:35","slug":"lajuntament-de-barcelona-ha-collaborat-amb-el-projecte-rastrejos-visuals-a-les-escoles-de-barcelona","status":"publish","type":"post","link":"https:\/\/fundacioramonmartibonet.org\/es\/2023\/12\/lajuntament-de-barcelona-ha-collaborat-amb-el-projecte-rastrejos-visuals-a-les-escoles-de-barcelona\/","title":{"rendered":"El Ayuntamiento de Barcelona ha contribuido en hacer posible el proyecto Vision para todo el mundo en las Escuelas."},"content":{"rendered":"\n<pre id=\"tw-target-text\" class=\"wp-block-preformatted\">Esta colaboraci\u00f3n del Ayuntamiento de Barcelona con la Fundaci\u00f3n Ramon Mart\u00ed i Bonet ha permitido llegar a escuelas de alta complejidad de la ciudad para promover una buena salud visual a ni\u00f1os\/as, adolescentes y j\u00f3venes en situaci\u00f3n de vulnerabilidad.<br><br>La demanda de este proyecto parte de las escuelas, para favorecer la igualdad de oportunidades educativas, especialmente los centras en los cuales se concentra una elevada proporci\u00f3n de alumnas que se encuentran en riesgo de exclusi\u00f3n.<br><br>El servicio ofrecido por la Fundaci\u00f3n pretende identificar a aquellos alumnos que no tienen una correcta agudeza visual y sensibilizarlos en la importancia de una buena salud visual para mejorar su rendimiento acad\u00e9mico y perspectivas de futuro.<br><br>La actividad se lleva a cabo en el propio centro escolar, por parte de personas debidamente formadas. Consiste a realizar una valoraci\u00f3n de la agudeza visual (rastreo visual) de los ni\u00f1os y j\u00f3venes mediante un p\u00f3ster de creaci\u00f3n propia y un optotipo de cerca. Una vez finalizado el rastreo, se informa las escuelas de los resultados de los tests, para que las familias puedan realizar la intervenci\u00f3n necesaria en cada caso.<br><br>Desde la Fundaci\u00f3n Ramon Mart\u00ed i Bonet destacamos la importancia de esta labor de detecci\u00f3n de la necesidad para garantizar una buena salud visual de colectivos en situaci\u00f3n de vulnerabilidad, para favorecer la igualdad de oportunidades y mejora de su calidad de vida.<\/pre>\n\n\n\n<figure class=\"wp-block-image size-full\"><img loading=\"lazy\" decoding=\"async\" width=\"200\" height=\"214\" src=\"https:\/\/fundacioramonmartibonet.org\/wp-content\/uploads\/2024\/04\/logo-aj-bcn.png\" alt=\"\" class=\"wp-image-1388\"\/><\/figure>\n","protected":false},"excerpt":{"rendered":"<p>El Ayuntamiento de Barcelona ha financiado parcialmente el proyecto Rastreos visuales en las Escuelas<\/p>\n","protected":false},"author":2,"featured_media":1644,"comment_status":"closed","ping_status":"open","sticky":false,"template":"","format":"standard","meta":{"_acf_changed":false,"footnotes":""},"categories":[1],"tags":[],"acf":[],"yoast_head":"<!-- This site is optimized with the Yoast SEO plugin v22.5 - https:\/\/yoast.com\/wordpress\/plugins\/seo\/ -->\n<title>El Ayuntamiento de Barcelona ha contribuido en hacer posible el proyecto Vision para todo el mundo en las Escuelas. - Fundaci\u00f3 Ram\u00f3n Mart\u00ed i Bonet<\/title>\n<meta name=\"robots\" content=\"index, follow, max-snippet:-1, max-image-preview:large, max-video-preview:-1\" \/>\n<link rel=\"canonical\" href=\"https:\/\/fundacioramonmartibonet.org\/es\/2023\/12\/lajuntament-de-barcelona-ha-collaborat-amb-el-projecte-rastrejos-visuals-a-les-escoles-de-barcelona\/\" \/>\n<meta property=\"og:locale\" content=\"es_ES\" \/>\n<meta property=\"og:type\" content=\"article\" \/>\n<meta property=\"og:title\" content=\"El Ayuntamiento de Barcelona ha contribuido en hacer posible el proyecto Vision para todo el mundo en las Escuelas. - Fundaci\u00f3 Ram\u00f3n Mart\u00ed i Bonet\" \/>\n<meta property=\"og:description\" content=\"El Ayuntamiento de Barcelona ha financiado parcialmente el proyecto Rastreos visuales en las Escuelas\" \/>\n<meta property=\"og:url\" content=\"https:\/\/fundacioramonmartibonet.org\/es\/2023\/12\/lajuntament-de-barcelona-ha-collaborat-amb-el-projecte-rastrejos-visuals-a-les-escoles-de-barcelona\/\" \/>\n<meta property=\"og:site_name\" content=\"Fundaci\u00f3 Ram\u00f3n Mart\u00ed i Bonet\" \/>\n<meta property=\"article:publisher\" content=\"https:\/\/www.facebook.com\/FundacioRamonMartiBonet\" \/>\n<meta property=\"article:published_time\" content=\"2023-12-12T07:40:24+00:00\" \/>\n<meta property=\"article:modified_time\" content=\"2025-07-16T09:22:35+00:00\" \/>\n<meta property=\"og:image\" content=\"https:\/\/fundacioramonmartibonet.org\/wp-content\/uploads\/2023\/12\/IMG_2461-scaled.jpg\" \/>\n\t<meta property=\"og:image:width\" content=\"2560\" \/>\n\t<meta property=\"og:image:height\" content=\"1707\" \/>\n\t<meta property=\"og:image:type\" content=\"image\/jpeg\" \/>\n<meta name=\"author\" content=\"Gemma Cros\" \/>\n<meta name=\"twitter:card\" content=\"summary_large_image\" \/>\n<meta name=\"twitter:creator\" content=\"@FundacioRMB\" \/>\n<meta name=\"twitter:site\" content=\"@FundacioRMB\" \/>\n<script type=\"application\/ld+json\" class=\"yoast-schema-graph\">{\"@context\":\"https:\/\/schema.org\",\"@graph\":[{\"@type\":\"Article\",\"@id\":\"https:\/\/fundacioramonmartibonet.org\/es\/2023\/12\/lajuntament-de-barcelona-ha-collaborat-amb-el-projecte-rastrejos-visuals-a-les-escoles-de-barcelona\/#article\",\"isPartOf\":{\"@id\":\"https:\/\/fundacioramonmartibonet.org\/es\/2023\/12\/lajuntament-de-barcelona-ha-collaborat-amb-el-projecte-rastrejos-visuals-a-les-escoles-de-barcelona\/\"},\"author\":{\"name\":\"Gemma Cros\",\"@id\":\"https:\/\/fundacioramonmartibonet.org\/es\/#\/schema\/person\/0078573cb6877aee8ea9807d9603f3ef\"},\"headline\":\"El Ayuntamiento de Barcelona ha contribuido en hacer posible el proyecto Vision para todo el mundo en las Escuelas.\",\"datePublished\":\"2023-12-12T07:40:24+00:00\",\"dateModified\":\"2025-07-16T09:22:35+00:00\",\"mainEntityOfPage\":{\"@id\":\"https:\/\/fundacioramonmartibonet.org\/es\/2023\/12\/lajuntament-de-barcelona-ha-collaborat-amb-el-projecte-rastrejos-visuals-a-les-escoles-de-barcelona\/\"},\"wordCount\":19,\"publisher\":{\"@id\":\"https:\/\/fundacioramonmartibonet.org\/es\/#organization\"},\"image\":{\"@id\":\"https:\/\/fundacioramonmartibonet.org\/es\/2023\/12\/lajuntament-de-barcelona-ha-collaborat-amb-el-projecte-rastrejos-visuals-a-les-escoles-de-barcelona\/#primaryimage\"},\"thumbnailUrl\":\"https:\/\/fundacioramonmartibonet.org\/wp-content\/uploads\/2023\/12\/IMG_2461-scaled.jpg\",\"articleSection\":[\"Sin categorizar\"],\"inLanguage\":\"es\"},{\"@type\":\"WebPage\",\"@id\":\"https:\/\/fundacioramonmartibonet.org\/es\/2023\/12\/lajuntament-de-barcelona-ha-collaborat-amb-el-projecte-rastrejos-visuals-a-les-escoles-de-barcelona\/\",\"url\":\"https:\/\/fundacioramonmartibonet.org\/es\/2023\/12\/lajuntament-de-barcelona-ha-collaborat-amb-el-projecte-rastrejos-visuals-a-les-escoles-de-barcelona\/\",\"name\":\"El Ayuntamiento de Barcelona ha contribuido en hacer posible el proyecto Vision para todo el mundo en las Escuelas. - Fundaci\u00f3 Ram\u00f3n Mart\u00ed i Bonet\",\"isPartOf\":{\"@id\":\"https:\/\/fundacioramonmartibonet.org\/es\/#website\"},\"primaryImageOfPage\":{\"@id\":\"https:\/\/fundacioramonmartibonet.org\/es\/2023\/12\/lajuntament-de-barcelona-ha-collaborat-amb-el-projecte-rastrejos-visuals-a-les-escoles-de-barcelona\/#primaryimage\"},\"image\":{\"@id\":\"https:\/\/fundacioramonmartibonet.org\/es\/2023\/12\/lajuntament-de-barcelona-ha-collaborat-amb-el-projecte-rastrejos-visuals-a-les-escoles-de-barcelona\/#primaryimage\"},\"thumbnailUrl\":\"https:\/\/fundacioramonmartibonet.org\/wp-content\/uploads\/2023\/12\/IMG_2461-scaled.jpg\",\"datePublished\":\"2023-12-12T07:40:24+00:00\",\"dateModified\":\"2025-07-16T09:22:35+00:00\",\"breadcrumb\":{\"@id\":\"https:\/\/fundacioramonmartibonet.org\/es\/2023\/12\/lajuntament-de-barcelona-ha-collaborat-amb-el-projecte-rastrejos-visuals-a-les-escoles-de-barcelona\/#breadcrumb\"},\"inLanguage\":\"es\",\"potentialAction\":[{\"@type\":\"ReadAction\",\"target\":[\"https:\/\/fundacioramonmartibonet.org\/es\/2023\/12\/lajuntament-de-barcelona-ha-collaborat-amb-el-projecte-rastrejos-visuals-a-les-escoles-de-barcelona\/\"]}]},{\"@type\":\"ImageObject\",\"inLanguage\":\"es\",\"@id\":\"https:\/\/fundacioramonmartibonet.org\/es\/2023\/12\/lajuntament-de-barcelona-ha-collaborat-amb-el-projecte-rastrejos-visuals-a-les-escoles-de-barcelona\/#primaryimage\",\"url\":\"https:\/\/fundacioramonmartibonet.org\/wp-content\/uploads\/2023\/12\/IMG_2461-scaled.jpg\",\"contentUrl\":\"https:\/\/fundacioramonmartibonet.org\/wp-content\/uploads\/2023\/12\/IMG_2461-scaled.jpg\",\"width\":2560,\"height\":1707},{\"@type\":\"BreadcrumbList\",\"@id\":\"https:\/\/fundacioramonmartibonet.org\/es\/2023\/12\/lajuntament-de-barcelona-ha-collaborat-amb-el-projecte-rastrejos-visuals-a-les-escoles-de-barcelona\/#breadcrumb\",\"itemListElement\":[{\"@type\":\"ListItem\",\"position\":1,\"name\":\"Home\",\"item\":\"https:\/\/fundacioramonmartibonet.org\/es\/\"},{\"@type\":\"ListItem\",\"position\":2,\"name\":\"El Ayuntamiento de Barcelona ha contribuido en hacer posible el proyecto Vision para todo el mundo en las Escuelas.\"}]},{\"@type\":\"WebSite\",\"@id\":\"https:\/\/fundacioramonmartibonet.org\/es\/#website\",\"url\":\"https:\/\/fundacioramonmartibonet.org\/es\/\",\"name\":\"Fundaci\u00f3 Ramon Mart\u00ed i Bonet\",\"description\":\"Visi\u00f3 per a tothom\",\"publisher\":{\"@id\":\"https:\/\/fundacioramonmartibonet.org\/es\/#organization\"},\"alternateName\":\"FRMB\",\"potentialAction\":[{\"@type\":\"SearchAction\",\"target\":{\"@type\":\"EntryPoint\",\"urlTemplate\":\"https:\/\/fundacioramonmartibonet.org\/es\/?s={search_term_string}\"},\"query-input\":\"required name=search_term_string\"}],\"inLanguage\":\"es\"},{\"@type\":\"Organization\",\"@id\":\"https:\/\/fundacioramonmartibonet.org\/es\/#organization\",\"name\":\"Fundaci\u00f3 Ramon Mart\u00ed i Bonet\",\"alternateName\":\"FRMB\",\"url\":\"https:\/\/fundacioramonmartibonet.org\/es\/\",\"logo\":{\"@type\":\"ImageObject\",\"inLanguage\":\"es\",\"@id\":\"https:\/\/fundacioramonmartibonet.org\/es\/#\/schema\/logo\/image\/\",\"url\":\"https:\/\/fundacioramonmartibonet.org\/wp-content\/uploads\/2023\/06\/frmb.svg\",\"contentUrl\":\"https:\/\/fundacioramonmartibonet.org\/wp-content\/uploads\/2023\/06\/frmb.svg\",\"width\":900,\"height\":280,\"caption\":\"Fundaci\u00f3 Ramon Mart\u00ed i Bonet\"},\"image\":{\"@id\":\"https:\/\/fundacioramonmartibonet.org\/es\/#\/schema\/logo\/image\/\"},\"sameAs\":[\"https:\/\/www.facebook.com\/FundacioRamonMartiBonet\",\"https:\/\/x.com\/FundacioRMB\",\"https:\/\/www.youtube.com\/channel\/UCNyN8HH4tz3ybIBubLBiSog\",\"https:\/\/www.instagram.com\/fundaciormb\/\",\"https:\/\/www.linkedin.com\/company\/fundacio-ramon-marto-i-bonet-contra-la-ceguera\/\"]},{\"@type\":\"Person\",\"@id\":\"https:\/\/fundacioramonmartibonet.org\/es\/#\/schema\/person\/0078573cb6877aee8ea9807d9603f3ef\",\"name\":\"Gemma Cros\",\"image\":{\"@type\":\"ImageObject\",\"inLanguage\":\"es\",\"@id\":\"https:\/\/fundacioramonmartibonet.org\/es\/#\/schema\/person\/image\/\",\"url\":\"https:\/\/secure.gravatar.com\/avatar\/754ef50ddec01d379dbb73102f380975?s=96&d=mm&r=g\",\"contentUrl\":\"https:\/\/secure.gravatar.com\/avatar\/754ef50ddec01d379dbb73102f380975?s=96&d=mm&r=g\",\"caption\":\"Gemma Cros\"},\"url\":\"https:\/\/fundacioramonmartibonet.org\/es\/author\/gemma\/\"}]}<\/script>\n<!-- \/ Yoast SEO plugin. -->","yoast_head_json":{"title":"El Ayuntamiento de Barcelona ha contribuido en hacer posible el proyecto Vision para todo el mundo en las Escuelas. - Fundaci\u00f3 Ram\u00f3n Mart\u00ed i Bonet","robots":{"index":"index","follow":"follow","max-snippet":"max-snippet:-1","max-image-preview":"max-image-preview:large","max-video-preview":"max-video-preview:-1"},"canonical":"https:\/\/fundacioramonmartibonet.org\/es\/2023\/12\/lajuntament-de-barcelona-ha-collaborat-amb-el-projecte-rastrejos-visuals-a-les-escoles-de-barcelona\/","og_locale":"es_ES","og_type":"article","og_title":"El Ayuntamiento de Barcelona ha contribuido en hacer posible el proyecto Vision para todo el mundo en las Escuelas. - Fundaci\u00f3 Ram\u00f3n Mart\u00ed i Bonet","og_description":"El Ayuntamiento de Barcelona ha financiado parcialmente el proyecto Rastreos visuales en las Escuelas","og_url":"https:\/\/fundacioramonmartibonet.org\/es\/2023\/12\/lajuntament-de-barcelona-ha-collaborat-amb-el-projecte-rastrejos-visuals-a-les-escoles-de-barcelona\/","og_site_name":"Fundaci\u00f3 Ram\u00f3n Mart\u00ed i Bonet","article_publisher":"https:\/\/www.facebook.com\/FundacioRamonMartiBonet","article_published_time":"2023-12-12T07:40:24+00:00","article_modified_time":"2025-07-16T09:22:35+00:00","og_image":[{"width":2560,"height":1707,"url":"https:\/\/fundacioramonmartibonet.org\/wp-content\/uploads\/2023\/12\/IMG_2461-scaled.jpg","type":"image\/jpeg"}],"author":"Gemma Cros","twitter_card":"summary_large_image","twitter_creator":"@FundacioRMB","twitter_site":"@FundacioRMB","schema":{"@context":"https:\/\/schema.org","@graph":[{"@type":"Article","@id":"https:\/\/fundacioramonmartibonet.org\/es\/2023\/12\/lajuntament-de-barcelona-ha-collaborat-amb-el-projecte-rastrejos-visuals-a-les-escoles-de-barcelona\/#article","isPartOf":{"@id":"https:\/\/fundacioramonmartibonet.org\/es\/2023\/12\/lajuntament-de-barcelona-ha-collaborat-amb-el-projecte-rastrejos-visuals-a-les-escoles-de-barcelona\/"},"author":{"name":"Gemma Cros","@id":"https:\/\/fundacioramonmartibonet.org\/es\/#\/schema\/person\/0078573cb6877aee8ea9807d9603f3ef"},"headline":"El Ayuntamiento de Barcelona ha contribuido en hacer posible el proyecto Vision para todo el mundo en las Escuelas.","datePublished":"2023-12-12T07:40:24+00:00","dateModified":"2025-07-16T09:22:35+00:00","mainEntityOfPage":{"@id":"https:\/\/fundacioramonmartibonet.org\/es\/2023\/12\/lajuntament-de-barcelona-ha-collaborat-amb-el-projecte-rastrejos-visuals-a-les-escoles-de-barcelona\/"},"wordCount":19,"publisher":{"@id":"https:\/\/fundacioramonmartibonet.org\/es\/#organization"},"image":{"@id":"https:\/\/fundacioramonmartibonet.org\/es\/2023\/12\/lajuntament-de-barcelona-ha-collaborat-amb-el-projecte-rastrejos-visuals-a-les-escoles-de-barcelona\/#primaryimage"},"thumbnailUrl":"https:\/\/fundacioramonmartibonet.org\/wp-content\/uploads\/2023\/12\/IMG_2461-scaled.jpg","articleSection":["Sin categorizar"],"inLanguage":"es"},{"@type":"WebPage","@id":"https:\/\/fundacioramonmartibonet.org\/es\/2023\/12\/lajuntament-de-barcelona-ha-collaborat-amb-el-projecte-rastrejos-visuals-a-les-escoles-de-barcelona\/","url":"https:\/\/fundacioramonmartibonet.org\/es\/2023\/12\/lajuntament-de-barcelona-ha-collaborat-amb-el-projecte-rastrejos-visuals-a-les-escoles-de-barcelona\/","name":"El Ayuntamiento de Barcelona ha contribuido en hacer posible el proyecto Vision para todo el mundo en las Escuelas. - Fundaci\u00f3 Ram\u00f3n Mart\u00ed i Bonet","isPartOf":{"@id":"https:\/\/fundacioramonmartibonet.org\/es\/#website"},"primaryImageOfPage":{"@id":"https:\/\/fundacioramonmartibonet.org\/es\/2023\/12\/lajuntament-de-barcelona-ha-collaborat-amb-el-projecte-rastrejos-visuals-a-les-escoles-de-barcelona\/#primaryimage"},"image":{"@id":"https:\/\/fundacioramonmartibonet.org\/es\/2023\/12\/lajuntament-de-barcelona-ha-collaborat-amb-el-projecte-rastrejos-visuals-a-les-escoles-de-barcelona\/#primaryimage"},"thumbnailUrl":"https:\/\/fundacioramonmartibonet.org\/wp-content\/uploads\/2023\/12\/IMG_2461-scaled.jpg","datePublished":"2023-12-12T07:40:24+00:00","dateModified":"2025-07-16T09:22:35+00:00","breadcrumb":{"@id":"https:\/\/fundacioramonmartibonet.org\/es\/2023\/12\/lajuntament-de-barcelona-ha-collaborat-amb-el-projecte-rastrejos-visuals-a-les-escoles-de-barcelona\/#breadcrumb"},"inLanguage":"es","potentialAction":[{"@type":"ReadAction","target":["https:\/\/fundacioramonmartibonet.org\/es\/2023\/12\/lajuntament-de-barcelona-ha-collaborat-amb-el-projecte-rastrejos-visuals-a-les-escoles-de-barcelona\/"]}]},{"@type":"ImageObject","inLanguage":"es","@id":"https:\/\/fundacioramonmartibonet.org\/es\/2023\/12\/lajuntament-de-barcelona-ha-collaborat-amb-el-projecte-rastrejos-visuals-a-les-escoles-de-barcelona\/#primaryimage","url":"https:\/\/fundacioramonmartibonet.org\/wp-content\/uploads\/2023\/12\/IMG_2461-scaled.jpg","contentUrl":"https:\/\/fundacioramonmartibonet.org\/wp-content\/uploads\/2023\/12\/IMG_2461-scaled.jpg","width":2560,"height":1707},{"@type":"BreadcrumbList","@id":"https:\/\/fundacioramonmartibonet.org\/es\/2023\/12\/lajuntament-de-barcelona-ha-collaborat-amb-el-projecte-rastrejos-visuals-a-les-escoles-de-barcelona\/#breadcrumb","itemListElement":[{"@type":"ListItem","position":1,"name":"Home","item":"https:\/\/fundacioramonmartibonet.org\/es\/"},{"@type":"ListItem","position":2,"name":"El Ayuntamiento de Barcelona ha contribuido en hacer posible el proyecto Vision para todo el mundo en las Escuelas."}]},{"@type":"WebSite","@id":"https:\/\/fundacioramonmartibonet.org\/es\/#website","url":"https:\/\/fundacioramonmartibonet.org\/es\/","name":"Fundaci\u00f3 Ramon Mart\u00ed i Bonet","description":"Visi\u00f3 per a tothom","publisher":{"@id":"https:\/\/fundacioramonmartibonet.org\/es\/#organization"},"alternateName":"FRMB","potentialAction":[{"@type":"SearchAction","target":{"@type":"EntryPoint","urlTemplate":"https:\/\/fundacioramonmartibonet.org\/es\/?s={search_term_string}"},"query-input":"required name=search_term_string"}],"inLanguage":"es"},{"@type":"Organization","@id":"https:\/\/fundacioramonmartibonet.org\/es\/#organization","name":"Fundaci\u00f3 Ramon Mart\u00ed i Bonet","alternateName":"FRMB","url":"https:\/\/fundacioramonmartibonet.org\/es\/","logo":{"@type":"ImageObject","inLanguage":"es","@id":"https:\/\/fundacioramonmartibonet.org\/es\/#\/schema\/logo\/image\/","url":"https:\/\/fundacioramonmartibonet.org\/wp-content\/uploads\/2023\/06\/frmb.svg","contentUrl":"https:\/\/fundacioramonmartibonet.org\/wp-content\/uploads\/2023\/06\/frmb.svg","width":900,"height":280,"caption":"Fundaci\u00f3 Ramon Mart\u00ed i Bonet"},"image":{"@id":"https:\/\/fundacioramonmartibonet.org\/es\/#\/schema\/logo\/image\/"},"sameAs":["https:\/\/www.facebook.com\/FundacioRamonMartiBonet","https:\/\/x.com\/FundacioRMB","https:\/\/www.youtube.com\/channel\/UCNyN8HH4tz3ybIBubLBiSog","https:\/\/www.instagram.com\/fundaciormb\/","https:\/\/www.linkedin.com\/company\/fundacio-ramon-marto-i-bonet-contra-la-ceguera\/"]},{"@type":"Person","@id":"https:\/\/fundacioramonmartibonet.org\/es\/#\/schema\/person\/0078573cb6877aee8ea9807d9603f3ef","name":"Gemma Cros","image":{"@type":"ImageObject","inLanguage":"es","@id":"https:\/\/fundacioramonmartibonet.org\/es\/#\/schema\/person\/image\/","url":"https:\/\/secure.gravatar.com\/avatar\/754ef50ddec01d379dbb73102f380975?s=96&d=mm&r=g","contentUrl":"https:\/\/secure.gravatar.com\/avatar\/754ef50ddec01d379dbb73102f380975?s=96&d=mm&r=g","caption":"Gemma Cros"},"url":"https:\/\/fundacioramonmartibonet.org\/es\/author\/gemma\/"}]}},"_links":{"self":[{"href":"https:\/\/fundacioramonmartibonet.org\/es\/wp-json\/wp\/v2\/posts\/1995"}],"collection":[{"href":"https:\/\/fundacioramonmartibonet.org\/es\/wp-json\/wp\/v2\/posts"}],"about":[{"href":"https:\/\/fundacioramonmartibonet.org\/es\/wp-json\/wp\/v2\/types\/post"}],"author":[{"embeddable":true,"href":"https:\/\/fundacioramonmartibonet.org\/es\/wp-json\/wp\/v2\/users\/2"}],"replies":[{"embeddable":true,"href":"https:\/\/fundacioramonmartibonet.org\/es\/wp-json\/wp\/v2\/comments?post=1995"}],"version-history":[{"count":3,"href":"https:\/\/fundacioramonmartibonet.org\/es\/wp-json\/wp\/v2\/posts\/1995\/revisions"}],"predecessor-version":[{"id":2323,"href":"https:\/\/fundacioramonmartibonet.org\/es\/wp-json\/wp\/v2\/posts\/1995\/revisions\/2323"}],"wp:featuredmedia":[{"embeddable":true,"href":"https:\/\/fundacioramonmartibonet.org\/es\/wp-json\/wp\/v2\/media\/1644"}],"wp:attachment":[{"href":"https:\/\/fundacioramonmartibonet.org\/es\/wp-json\/wp\/v2\/media?parent=1995"}],"wp:term":[{"taxonomy":"category","embeddable":true,"href":"https:\/\/fundacioramonmartibonet.org\/es\/wp-json\/wp\/v2\/categories?post=1995"},{"taxonomy":"post_tag","embeddable":true,"href":"https:\/\/fundacioramonmartibonet.org\/es\/wp-json\/wp\/v2\/tags?post=1995"}],"curies":[{"name":"wp","href":"https:\/\/api.w.org\/{rel}","templated":true}]}}