{"id":1987,"date":"2023-11-09T16:24:00","date_gmt":"2023-11-09T16:24:00","guid":{"rendered":"https:\/\/fundacioramonmartibonet.org\/2023\/11\/2008-2023-15-anys-oferint-visio-per-a-tothom\/"},"modified":"2025-07-16T09:22:35","modified_gmt":"2025-07-16T09:22:35","slug":"2008-2023-15-anys-oferint-visio-per-a-tothom","status":"publish","type":"post","link":"https:\/\/fundacioramonmartibonet.org\/es\/2023\/11\/2008-2023-15-anys-oferint-visio-per-a-tothom\/","title":{"rendered":"15 a\u00f1os ofreciendo Visi\u00f3n para todo el mundo. 2008 \u2013 2023"},"content":{"rendered":"\n<p>El 18 de julio de 2023 hizo 15 a\u00f1os que se constituy\u00f3 la Fundaci\u00f3n Ramon Mart\u00ed i Bonet contra la ceguera. Somos una entidad sin \u00e1nimo de lucro que surgi\u00f3 de la filantrop\u00eda del Dr. Ramon Mart\u00ed i Bonet, fundador tambi\u00e9n del ICR (Instituto Catal\u00e1n de Retina), junto con un equipo de especialistas en oftalmolog\u00eda, con la intenci\u00f3n de contribuir en la mejora de la salud visual de personas que se encontraban en situaci\u00f3n de vulnerabilidad y que ha persistido hasta el d\u00eda de hoy.<\/p>\n\n\n\n<p>Empez\u00f3 siente una entidad de cooperaci\u00f3n internacional en India y con el paso de los a\u00f1os se han ido abriendo nuevos proyectos en pa\u00edses donde el sistema sanitario y oftalmol\u00f3gico es muy precario o inexistente, como Ucrania, Per\u00fa y Chad.<\/p>\n\n\n\n<p>Desde hace a\u00f1os, la Fundaci\u00f3n Ramon Mart\u00ed i Bonet tambi\u00e9n es presente en Catalu\u00f1a y ha experimentado un gran crecimiento en los proyectos de Visi\u00f3n por Todo el mundo, a trav\u00e9s de los cuales ofrecemos asistencia \u00f3ptica y oftalmol\u00f3gica a ni\u00f1os, j\u00f3venes y adultos en situaci\u00f3n de vulnerabilidad que viven en este pa\u00eds.<\/p>\n\n\n\n<p>Hemos celebrado estos 15 a\u00f1os con un acto muy especial en el Cosmocaixa, el d\u00eda 2 de noviembre. La jornada cont\u00f3 con diferentes actividades para agradecer a todo el que, de alguna manera u otra, contribuye a hacer posible los diferentes proyectos de la Fundaci\u00f3n.<\/p>\n\n\n\n<p>Para empezar, hemos tenido la oportunidad de disfrutar de la ponencia de Ignasi Mart\u00ed, director del Instituto de Innovaci\u00f3n Social de ESADE, con el t\u00edtulo \u201cLa mirada atenta, primer paso para la innovaci\u00f3n social\u201d.<\/p>\n\n\n\n<p>M\u00e1s adelante tambi\u00e9n hemos hecho memoria de la trayectoria de la Fundaci\u00f3n, desde sus inicios, y con una mirada hacia el futuro. Se han destacado algunas de las cifras m\u00e1s relevantes de estos 15 a\u00f1os, como la atenci\u00f3n adem\u00e1s de 13.500 personas en situaci\u00f3n de vulnerabilidad, la mejora de la visi\u00f3n con ojeras correctoras para m\u00e1s de 9.000 personas y las intervenciones quir\u00fargicas para mejorar la salud visual de m\u00e1s de 3.400 personas.<\/p>\n\n\n\n<p>Deseamos que contin\u00fae creciendo el n\u00famero de personas que colaboren con la Fundaci\u00f3n para continuar avanzando hacia un futuro con Visi\u00f3n para Todos.<\/p>\n\n\n\n<figure class=\"wp-block-image size-full is-resized\"><img loading=\"lazy\" decoding=\"async\" width=\"980\" height=\"462\" src=\"https:\/\/fundacioramonmartibonet.org\/wp-content\/uploads\/2024\/04\/fundacion-bancaria-la-caixa.jpg\" alt=\"\" class=\"wp-image-1415\" style=\"width:256px;height:auto\" srcset=\"https:\/\/fundacioramonmartibonet.org\/wp-content\/uploads\/2024\/04\/fundacion-bancaria-la-caixa.jpg 980w, https:\/\/fundacioramonmartibonet.org\/wp-content\/uploads\/2024\/04\/fundacion-bancaria-la-caixa-300x141.jpg 300w, https:\/\/fundacioramonmartibonet.org\/wp-content\/uploads\/2024\/04\/fundacion-bancaria-la-caixa-768x362.jpg 768w\" sizes=\"(max-width: 980px) 100vw, 980px\" \/><\/figure>\n\n\n\n<figure class=\"wp-block-image size-full is-resized\"><img loading=\"lazy\" decoding=\"async\" width=\"217\" height=\"109\" src=\"https:\/\/fundacioramonmartibonet.org\/wp-content\/uploads\/2024\/04\/DIBA.png\" alt=\"\" class=\"wp-image-1416\" style=\"width:252px;height:auto\"\/><\/figure>\n","protected":false},"excerpt":{"rendered":"<p>Celebraci\u00f3n del 15\u00ba cumplea\u00f1os de la Fundaci\u00f3 Ramon Mart\u00ed i Bonet en el  Cosmocaixa.<\/p>\n","protected":false},"author":2,"featured_media":1989,"comment_status":"closed","ping_status":"open","sticky":false,"template":"","format":"standard","meta":{"_acf_changed":false,"footnotes":""},"categories":[1],"tags":[28],"acf":[],"yoast_head":"<!-- This site is optimized with the Yoast SEO plugin v22.5 - https:\/\/yoast.com\/wordpress\/plugins\/seo\/ -->\n<title>15 a\u00f1os ofreciendo Visi\u00f3n para todo el mundo. 2008 \u2013 2023 - Fundaci\u00f3 Ram\u00f3n Mart\u00ed i Bonet<\/title>\n<meta name=\"description\" content=\"Celebraci\u00f3 de la Fundaci\u00f3 Ramon Mart\u00ed i Bonet del 15\u00e8 aniversari de la Fundaci\u00f3 Ramon Mart\u00ed i Bonet al Cosmocaixa.\" \/>\n<meta name=\"robots\" content=\"index, follow, max-snippet:-1, max-image-preview:large, max-video-preview:-1\" \/>\n<link rel=\"canonical\" href=\"https:\/\/fundacioramonmartibonet.org\/es\/2023\/11\/2008-2023-15-anys-oferint-visio-per-a-tothom\/\" \/>\n<meta property=\"og:locale\" content=\"es_ES\" \/>\n<meta property=\"og:type\" content=\"article\" \/>\n<meta property=\"og:title\" content=\"15 a\u00f1os ofreciendo Visi\u00f3n para todo el mundo. 2008 \u2013 2023 - Fundaci\u00f3 Ram\u00f3n Mart\u00ed i Bonet\" \/>\n<meta property=\"og:description\" content=\"Celebraci\u00f3 de la Fundaci\u00f3 Ramon Mart\u00ed i Bonet del 15\u00e8 aniversari de la Fundaci\u00f3 Ramon Mart\u00ed i Bonet al Cosmocaixa.\" \/>\n<meta property=\"og:url\" content=\"https:\/\/fundacioramonmartibonet.org\/es\/2023\/11\/2008-2023-15-anys-oferint-visio-per-a-tothom\/\" \/>\n<meta property=\"og:site_name\" content=\"Fundaci\u00f3 Ram\u00f3n Mart\u00ed i Bonet\" \/>\n<meta property=\"article:publisher\" content=\"https:\/\/www.facebook.com\/FundacioRamonMartiBonet\" \/>\n<meta property=\"article:published_time\" content=\"2023-11-09T16:24:00+00:00\" \/>\n<meta property=\"article:modified_time\" content=\"2025-07-16T09:22:35+00:00\" \/>\n<meta property=\"og:image\" content=\"https:\/\/fundacioramonmartibonet.org\/wp-content\/uploads\/2024\/04\/231024_FRMB_15_1920x1080-6-e1714054991858.jpg\" \/>\n\t<meta property=\"og:image:width\" content=\"1000\" \/>\n\t<meta property=\"og:image:height\" content=\"563\" \/>\n\t<meta property=\"og:image:type\" content=\"image\/jpeg\" \/>\n<meta name=\"author\" content=\"Gemma Cros\" \/>\n<meta name=\"twitter:card\" content=\"summary_large_image\" \/>\n<meta name=\"twitter:creator\" content=\"@FundacioRMB\" \/>\n<meta name=\"twitter:site\" content=\"@FundacioRMB\" \/>\n<script type=\"application\/ld+json\" class=\"yoast-schema-graph\">{\"@context\":\"https:\/\/schema.org\",\"@graph\":[{\"@type\":\"Article\",\"@id\":\"https:\/\/fundacioramonmartibonet.org\/es\/2023\/11\/2008-2023-15-anys-oferint-visio-per-a-tothom\/#article\",\"isPartOf\":{\"@id\":\"https:\/\/fundacioramonmartibonet.org\/es\/2023\/11\/2008-2023-15-anys-oferint-visio-per-a-tothom\/\"},\"author\":{\"name\":\"Gemma Cros\",\"@id\":\"https:\/\/fundacioramonmartibonet.org\/es\/#\/schema\/person\/0078573cb6877aee8ea9807d9603f3ef\"},\"headline\":\"15 a\u00f1os ofreciendo Visi\u00f3n para todo el mundo. 2008 \u2013 2023\",\"datePublished\":\"2023-11-09T16:24:00+00:00\",\"dateModified\":\"2025-07-16T09:22:35+00:00\",\"mainEntityOfPage\":{\"@id\":\"https:\/\/fundacioramonmartibonet.org\/es\/2023\/11\/2008-2023-15-anys-oferint-visio-per-a-tothom\/\"},\"wordCount\":399,\"publisher\":{\"@id\":\"https:\/\/fundacioramonmartibonet.org\/es\/#organization\"},\"image\":{\"@id\":\"https:\/\/fundacioramonmartibonet.org\/es\/2023\/11\/2008-2023-15-anys-oferint-visio-per-a-tothom\/#primaryimage\"},\"thumbnailUrl\":\"https:\/\/fundacioramonmartibonet.org\/wp-content\/uploads\/2024\/04\/231024_FRMB_15_1920x1080-6-e1714054991858.jpg\",\"keywords\":[\"#Visi\u00f3PerATothom\"],\"articleSection\":[\"Sin categorizar\"],\"inLanguage\":\"es\"},{\"@type\":\"WebPage\",\"@id\":\"https:\/\/fundacioramonmartibonet.org\/es\/2023\/11\/2008-2023-15-anys-oferint-visio-per-a-tothom\/\",\"url\":\"https:\/\/fundacioramonmartibonet.org\/es\/2023\/11\/2008-2023-15-anys-oferint-visio-per-a-tothom\/\",\"name\":\"15 a\u00f1os ofreciendo Visi\u00f3n para todo el mundo. 2008 \u2013 2023 - Fundaci\u00f3 Ram\u00f3n Mart\u00ed i Bonet\",\"isPartOf\":{\"@id\":\"https:\/\/fundacioramonmartibonet.org\/es\/#website\"},\"primaryImageOfPage\":{\"@id\":\"https:\/\/fundacioramonmartibonet.org\/es\/2023\/11\/2008-2023-15-anys-oferint-visio-per-a-tothom\/#primaryimage\"},\"image\":{\"@id\":\"https:\/\/fundacioramonmartibonet.org\/es\/2023\/11\/2008-2023-15-anys-oferint-visio-per-a-tothom\/#primaryimage\"},\"thumbnailUrl\":\"https:\/\/fundacioramonmartibonet.org\/wp-content\/uploads\/2024\/04\/231024_FRMB_15_1920x1080-6-e1714054991858.jpg\",\"datePublished\":\"2023-11-09T16:24:00+00:00\",\"dateModified\":\"2025-07-16T09:22:35+00:00\",\"description\":\"Celebraci\u00f3 de la Fundaci\u00f3 Ramon Mart\u00ed i Bonet del 15\u00e8 aniversari de la Fundaci\u00f3 Ramon Mart\u00ed i Bonet al Cosmocaixa.\",\"breadcrumb\":{\"@id\":\"https:\/\/fundacioramonmartibonet.org\/es\/2023\/11\/2008-2023-15-anys-oferint-visio-per-a-tothom\/#breadcrumb\"},\"inLanguage\":\"es\",\"potentialAction\":[{\"@type\":\"ReadAction\",\"target\":[\"https:\/\/fundacioramonmartibonet.org\/es\/2023\/11\/2008-2023-15-anys-oferint-visio-per-a-tothom\/\"]}]},{\"@type\":\"ImageObject\",\"inLanguage\":\"es\",\"@id\":\"https:\/\/fundacioramonmartibonet.org\/es\/2023\/11\/2008-2023-15-anys-oferint-visio-per-a-tothom\/#primaryimage\",\"url\":\"https:\/\/fundacioramonmartibonet.org\/wp-content\/uploads\/2024\/04\/231024_FRMB_15_1920x1080-6-e1714054991858.jpg\",\"contentUrl\":\"https:\/\/fundacioramonmartibonet.org\/wp-content\/uploads\/2024\/04\/231024_FRMB_15_1920x1080-6-e1714054991858.jpg\",\"width\":1000,\"height\":563},{\"@type\":\"BreadcrumbList\",\"@id\":\"https:\/\/fundacioramonmartibonet.org\/es\/2023\/11\/2008-2023-15-anys-oferint-visio-per-a-tothom\/#breadcrumb\",\"itemListElement\":[{\"@type\":\"ListItem\",\"position\":1,\"name\":\"Home\",\"item\":\"https:\/\/fundacioramonmartibonet.org\/es\/\"},{\"@type\":\"ListItem\",\"position\":2,\"name\":\"15 a\u00f1os ofreciendo Visi\u00f3n para todo el mundo. 2008 \u2013 2023\"}]},{\"@type\":\"WebSite\",\"@id\":\"https:\/\/fundacioramonmartibonet.org\/es\/#website\",\"url\":\"https:\/\/fundacioramonmartibonet.org\/es\/\",\"name\":\"Fundaci\u00f3 Ramon Mart\u00ed i Bonet\",\"description\":\"Visi\u00f3 per a tothom\",\"publisher\":{\"@id\":\"https:\/\/fundacioramonmartibonet.org\/es\/#organization\"},\"alternateName\":\"FRMB\",\"potentialAction\":[{\"@type\":\"SearchAction\",\"target\":{\"@type\":\"EntryPoint\",\"urlTemplate\":\"https:\/\/fundacioramonmartibonet.org\/es\/?s={search_term_string}\"},\"query-input\":\"required name=search_term_string\"}],\"inLanguage\":\"es\"},{\"@type\":\"Organization\",\"@id\":\"https:\/\/fundacioramonmartibonet.org\/es\/#organization\",\"name\":\"Fundaci\u00f3 Ramon Mart\u00ed i Bonet\",\"alternateName\":\"FRMB\",\"url\":\"https:\/\/fundacioramonmartibonet.org\/es\/\",\"logo\":{\"@type\":\"ImageObject\",\"inLanguage\":\"es\",\"@id\":\"https:\/\/fundacioramonmartibonet.org\/es\/#\/schema\/logo\/image\/\",\"url\":\"https:\/\/fundacioramonmartibonet.org\/wp-content\/uploads\/2023\/06\/frmb.svg\",\"contentUrl\":\"https:\/\/fundacioramonmartibonet.org\/wp-content\/uploads\/2023\/06\/frmb.svg\",\"width\":900,\"height\":280,\"caption\":\"Fundaci\u00f3 Ramon Mart\u00ed i Bonet\"},\"image\":{\"@id\":\"https:\/\/fundacioramonmartibonet.org\/es\/#\/schema\/logo\/image\/\"},\"sameAs\":[\"https:\/\/www.facebook.com\/FundacioRamonMartiBonet\",\"https:\/\/x.com\/FundacioRMB\",\"https:\/\/www.youtube.com\/channel\/UCNyN8HH4tz3ybIBubLBiSog\",\"https:\/\/www.instagram.com\/fundaciormb\/\",\"https:\/\/www.linkedin.com\/company\/fundacio-ramon-marto-i-bonet-contra-la-ceguera\/\"]},{\"@type\":\"Person\",\"@id\":\"https:\/\/fundacioramonmartibonet.org\/es\/#\/schema\/person\/0078573cb6877aee8ea9807d9603f3ef\",\"name\":\"Gemma Cros\",\"image\":{\"@type\":\"ImageObject\",\"inLanguage\":\"es\",\"@id\":\"https:\/\/fundacioramonmartibonet.org\/es\/#\/schema\/person\/image\/\",\"url\":\"https:\/\/secure.gravatar.com\/avatar\/754ef50ddec01d379dbb73102f380975?s=96&d=mm&r=g\",\"contentUrl\":\"https:\/\/secure.gravatar.com\/avatar\/754ef50ddec01d379dbb73102f380975?s=96&d=mm&r=g\",\"caption\":\"Gemma Cros\"},\"url\":\"https:\/\/fundacioramonmartibonet.org\/es\/author\/gemma\/\"}]}<\/script>\n<!-- \/ Yoast SEO plugin. -->","yoast_head_json":{"title":"15 a\u00f1os ofreciendo Visi\u00f3n para todo el mundo. 2008 \u2013 2023 - Fundaci\u00f3 Ram\u00f3n Mart\u00ed i Bonet","description":"Celebraci\u00f3 de la Fundaci\u00f3 Ramon Mart\u00ed i Bonet del 15\u00e8 aniversari de la Fundaci\u00f3 Ramon Mart\u00ed i Bonet al Cosmocaixa.","robots":{"index":"index","follow":"follow","max-snippet":"max-snippet:-1","max-image-preview":"max-image-preview:large","max-video-preview":"max-video-preview:-1"},"canonical":"https:\/\/fundacioramonmartibonet.org\/es\/2023\/11\/2008-2023-15-anys-oferint-visio-per-a-tothom\/","og_locale":"es_ES","og_type":"article","og_title":"15 a\u00f1os ofreciendo Visi\u00f3n para todo el mundo. 2008 \u2013 2023 - Fundaci\u00f3 Ram\u00f3n Mart\u00ed i Bonet","og_description":"Celebraci\u00f3 de la Fundaci\u00f3 Ramon Mart\u00ed i Bonet del 15\u00e8 aniversari de la Fundaci\u00f3 Ramon Mart\u00ed i Bonet al Cosmocaixa.","og_url":"https:\/\/fundacioramonmartibonet.org\/es\/2023\/11\/2008-2023-15-anys-oferint-visio-per-a-tothom\/","og_site_name":"Fundaci\u00f3 Ram\u00f3n Mart\u00ed i Bonet","article_publisher":"https:\/\/www.facebook.com\/FundacioRamonMartiBonet","article_published_time":"2023-11-09T16:24:00+00:00","article_modified_time":"2025-07-16T09:22:35+00:00","og_image":[{"width":1000,"height":563,"url":"https:\/\/fundacioramonmartibonet.org\/wp-content\/uploads\/2024\/04\/231024_FRMB_15_1920x1080-6-e1714054991858.jpg","type":"image\/jpeg"}],"author":"Gemma Cros","twitter_card":"summary_large_image","twitter_creator":"@FundacioRMB","twitter_site":"@FundacioRMB","schema":{"@context":"https:\/\/schema.org","@graph":[{"@type":"Article","@id":"https:\/\/fundacioramonmartibonet.org\/es\/2023\/11\/2008-2023-15-anys-oferint-visio-per-a-tothom\/#article","isPartOf":{"@id":"https:\/\/fundacioramonmartibonet.org\/es\/2023\/11\/2008-2023-15-anys-oferint-visio-per-a-tothom\/"},"author":{"name":"Gemma Cros","@id":"https:\/\/fundacioramonmartibonet.org\/es\/#\/schema\/person\/0078573cb6877aee8ea9807d9603f3ef"},"headline":"15 a\u00f1os ofreciendo Visi\u00f3n para todo el mundo. 2008 \u2013 2023","datePublished":"2023-11-09T16:24:00+00:00","dateModified":"2025-07-16T09:22:35+00:00","mainEntityOfPage":{"@id":"https:\/\/fundacioramonmartibonet.org\/es\/2023\/11\/2008-2023-15-anys-oferint-visio-per-a-tothom\/"},"wordCount":399,"publisher":{"@id":"https:\/\/fundacioramonmartibonet.org\/es\/#organization"},"image":{"@id":"https:\/\/fundacioramonmartibonet.org\/es\/2023\/11\/2008-2023-15-anys-oferint-visio-per-a-tothom\/#primaryimage"},"thumbnailUrl":"https:\/\/fundacioramonmartibonet.org\/wp-content\/uploads\/2024\/04\/231024_FRMB_15_1920x1080-6-e1714054991858.jpg","keywords":["#Visi\u00f3PerATothom"],"articleSection":["Sin categorizar"],"inLanguage":"es"},{"@type":"WebPage","@id":"https:\/\/fundacioramonmartibonet.org\/es\/2023\/11\/2008-2023-15-anys-oferint-visio-per-a-tothom\/","url":"https:\/\/fundacioramonmartibonet.org\/es\/2023\/11\/2008-2023-15-anys-oferint-visio-per-a-tothom\/","name":"15 a\u00f1os ofreciendo Visi\u00f3n para todo el mundo. 2008 \u2013 2023 - Fundaci\u00f3 Ram\u00f3n Mart\u00ed i Bonet","isPartOf":{"@id":"https:\/\/fundacioramonmartibonet.org\/es\/#website"},"primaryImageOfPage":{"@id":"https:\/\/fundacioramonmartibonet.org\/es\/2023\/11\/2008-2023-15-anys-oferint-visio-per-a-tothom\/#primaryimage"},"image":{"@id":"https:\/\/fundacioramonmartibonet.org\/es\/2023\/11\/2008-2023-15-anys-oferint-visio-per-a-tothom\/#primaryimage"},"thumbnailUrl":"https:\/\/fundacioramonmartibonet.org\/wp-content\/uploads\/2024\/04\/231024_FRMB_15_1920x1080-6-e1714054991858.jpg","datePublished":"2023-11-09T16:24:00+00:00","dateModified":"2025-07-16T09:22:35+00:00","description":"Celebraci\u00f3 de la Fundaci\u00f3 Ramon Mart\u00ed i Bonet del 15\u00e8 aniversari de la Fundaci\u00f3 Ramon Mart\u00ed i Bonet al Cosmocaixa.","breadcrumb":{"@id":"https:\/\/fundacioramonmartibonet.org\/es\/2023\/11\/2008-2023-15-anys-oferint-visio-per-a-tothom\/#breadcrumb"},"inLanguage":"es","potentialAction":[{"@type":"ReadAction","target":["https:\/\/fundacioramonmartibonet.org\/es\/2023\/11\/2008-2023-15-anys-oferint-visio-per-a-tothom\/"]}]},{"@type":"ImageObject","inLanguage":"es","@id":"https:\/\/fundacioramonmartibonet.org\/es\/2023\/11\/2008-2023-15-anys-oferint-visio-per-a-tothom\/#primaryimage","url":"https:\/\/fundacioramonmartibonet.org\/wp-content\/uploads\/2024\/04\/231024_FRMB_15_1920x1080-6-e1714054991858.jpg","contentUrl":"https:\/\/fundacioramonmartibonet.org\/wp-content\/uploads\/2024\/04\/231024_FRMB_15_1920x1080-6-e1714054991858.jpg","width":1000,"height":563},{"@type":"BreadcrumbList","@id":"https:\/\/fundacioramonmartibonet.org\/es\/2023\/11\/2008-2023-15-anys-oferint-visio-per-a-tothom\/#breadcrumb","itemListElement":[{"@type":"ListItem","position":1,"name":"Home","item":"https:\/\/fundacioramonmartibonet.org\/es\/"},{"@type":"ListItem","position":2,"name":"15 a\u00f1os ofreciendo Visi\u00f3n para todo el mundo. 2008 \u2013 2023"}]},{"@type":"WebSite","@id":"https:\/\/fundacioramonmartibonet.org\/es\/#website","url":"https:\/\/fundacioramonmartibonet.org\/es\/","name":"Fundaci\u00f3 Ramon Mart\u00ed i Bonet","description":"Visi\u00f3 per a tothom","publisher":{"@id":"https:\/\/fundacioramonmartibonet.org\/es\/#organization"},"alternateName":"FRMB","potentialAction":[{"@type":"SearchAction","target":{"@type":"EntryPoint","urlTemplate":"https:\/\/fundacioramonmartibonet.org\/es\/?s={search_term_string}"},"query-input":"required name=search_term_string"}],"inLanguage":"es"},{"@type":"Organization","@id":"https:\/\/fundacioramonmartibonet.org\/es\/#organization","name":"Fundaci\u00f3 Ramon Mart\u00ed i Bonet","alternateName":"FRMB","url":"https:\/\/fundacioramonmartibonet.org\/es\/","logo":{"@type":"ImageObject","inLanguage":"es","@id":"https:\/\/fundacioramonmartibonet.org\/es\/#\/schema\/logo\/image\/","url":"https:\/\/fundacioramonmartibonet.org\/wp-content\/uploads\/2023\/06\/frmb.svg","contentUrl":"https:\/\/fundacioramonmartibonet.org\/wp-content\/uploads\/2023\/06\/frmb.svg","width":900,"height":280,"caption":"Fundaci\u00f3 Ramon Mart\u00ed i Bonet"},"image":{"@id":"https:\/\/fundacioramonmartibonet.org\/es\/#\/schema\/logo\/image\/"},"sameAs":["https:\/\/www.facebook.com\/FundacioRamonMartiBonet","https:\/\/x.com\/FundacioRMB","https:\/\/www.youtube.com\/channel\/UCNyN8HH4tz3ybIBubLBiSog","https:\/\/www.instagram.com\/fundaciormb\/","https:\/\/www.linkedin.com\/company\/fundacio-ramon-marto-i-bonet-contra-la-ceguera\/"]},{"@type":"Person","@id":"https:\/\/fundacioramonmartibonet.org\/es\/#\/schema\/person\/0078573cb6877aee8ea9807d9603f3ef","name":"Gemma Cros","image":{"@type":"ImageObject","inLanguage":"es","@id":"https:\/\/fundacioramonmartibonet.org\/es\/#\/schema\/person\/image\/","url":"https:\/\/secure.gravatar.com\/avatar\/754ef50ddec01d379dbb73102f380975?s=96&d=mm&r=g","contentUrl":"https:\/\/secure.gravatar.com\/avatar\/754ef50ddec01d379dbb73102f380975?s=96&d=mm&r=g","caption":"Gemma Cros"},"url":"https:\/\/fundacioramonmartibonet.org\/es\/author\/gemma\/"}]}},"_links":{"self":[{"href":"https:\/\/fundacioramonmartibonet.org\/es\/wp-json\/wp\/v2\/posts\/1987"}],"collection":[{"href":"https:\/\/fundacioramonmartibonet.org\/es\/wp-json\/wp\/v2\/posts"}],"about":[{"href":"https:\/\/fundacioramonmartibonet.org\/es\/wp-json\/wp\/v2\/types\/post"}],"author":[{"embeddable":true,"href":"https:\/\/fundacioramonmartibonet.org\/es\/wp-json\/wp\/v2\/users\/2"}],"replies":[{"embeddable":true,"href":"https:\/\/fundacioramonmartibonet.org\/es\/wp-json\/wp\/v2\/comments?post=1987"}],"version-history":[{"count":3,"href":"https:\/\/fundacioramonmartibonet.org\/es\/wp-json\/wp\/v2\/posts\/1987\/revisions"}],"predecessor-version":[{"id":2342,"href":"https:\/\/fundacioramonmartibonet.org\/es\/wp-json\/wp\/v2\/posts\/1987\/revisions\/2342"}],"wp:featuredmedia":[{"embeddable":true,"href":"https:\/\/fundacioramonmartibonet.org\/es\/wp-json\/wp\/v2\/media\/1989"}],"wp:attachment":[{"href":"https:\/\/fundacioramonmartibonet.org\/es\/wp-json\/wp\/v2\/media?parent=1987"}],"wp:term":[{"taxonomy":"category","embeddable":true,"href":"https:\/\/fundacioramonmartibonet.org\/es\/wp-json\/wp\/v2\/categories?post=1987"},{"taxonomy":"post_tag","embeddable":true,"href":"https:\/\/fundacioramonmartibonet.org\/es\/wp-json\/wp\/v2\/tags?post=1987"}],"curies":[{"name":"wp","href":"https:\/\/api.w.org\/{rel}","templated":true}]}}