{"id":1980,"date":"2023-10-20T10:04:00","date_gmt":"2023-10-20T10:04:00","guid":{"rendered":"https:\/\/fundacioramonmartibonet.org\/2023\/10\/concert-de-steve-hogarth-en-benefici-de-la-fundacio-ramon-marti-i-bonet\/"},"modified":"2025-07-16T09:22:35","modified_gmt":"2025-07-16T09:22:35","slug":"concert-de-steve-hogarth-en-benefici-de-la-fundacio-ramon-marti-i-bonet","status":"publish","type":"post","link":"https:\/\/fundacioramonmartibonet.org\/es\/2023\/10\/concert-de-steve-hogarth-en-benefici-de-la-fundacio-ramon-marti-i-bonet\/","title":{"rendered":"Concierto de Steve Hogarth en benefio de la Fundaci\u00f3 Ramon Mart\u00ed i Bonet"},"content":{"rendered":"\n<pre id=\"tw-target-text\" class=\"wp-block-preformatted\">El viernes 27 de octubre a las 21:00h, en la Sala Luz de Gas de Barcelona, Steve Hogarth, la voz del grupo Marillion, har\u00e1 un concierto en beneficio de la Fundaci\u00f3n Ramon Mart\u00ed i Bonet.<br><br>Puedes comprar la entrada en: neverlandconcerts.com<br><br>El mismo d\u00eda podr\u00e1 participar en el sorteo de productos exclusivos firmados por el cantante.<br><\/pre>\n","protected":false},"excerpt":{"rendered":"<p>La voz de Marilion organiza un concierto en beneficio de la Fundaci\u00f3 Ramon Mart\u00ed i Bonet.<\/p>\n","protected":false},"author":2,"featured_media":1211,"comment_status":"closed","ping_status":"open","sticky":false,"template":"","format":"standard","meta":{"_acf_changed":false,"footnotes":""},"categories":[1],"tags":[],"acf":[],"yoast_head":"<!-- This site is optimized with the Yoast SEO plugin v22.5 - https:\/\/yoast.com\/wordpress\/plugins\/seo\/ -->\n<title>Concierto de Steve Hogarth en benefio de la Fundaci\u00f3 Ramon Mart\u00ed i Bonet - Fundaci\u00f3 Ram\u00f3n Mart\u00ed i Bonet<\/title>\n<meta name=\"description\" content=\"La veu de Marilion organitza un concert en benefici de la Fundaci\u00f3 Ramon Mart\u00ed i Bonet a la Sala Luz de Gas de Barcelona\" \/>\n<meta name=\"robots\" content=\"index, follow, max-snippet:-1, max-image-preview:large, max-video-preview:-1\" \/>\n<link rel=\"canonical\" href=\"https:\/\/fundacioramonmartibonet.org\/es\/2023\/10\/concert-de-steve-hogarth-en-benefici-de-la-fundacio-ramon-marti-i-bonet\/\" \/>\n<meta property=\"og:locale\" content=\"es_ES\" \/>\n<meta property=\"og:type\" content=\"article\" \/>\n<meta property=\"og:title\" content=\"Concierto de Steve Hogarth en benefio de la Fundaci\u00f3 Ramon Mart\u00ed i Bonet - Fundaci\u00f3 Ram\u00f3n Mart\u00ed i Bonet\" \/>\n<meta property=\"og:description\" content=\"La veu de Marilion organitza un concert en benefici de la Fundaci\u00f3 Ramon Mart\u00ed i Bonet a la Sala Luz de Gas de Barcelona\" \/>\n<meta property=\"og:url\" content=\"https:\/\/fundacioramonmartibonet.org\/es\/2023\/10\/concert-de-steve-hogarth-en-benefici-de-la-fundacio-ramon-marti-i-bonet\/\" \/>\n<meta property=\"og:site_name\" content=\"Fundaci\u00f3 Ram\u00f3n Mart\u00ed i Bonet\" \/>\n<meta property=\"article:publisher\" content=\"https:\/\/www.facebook.com\/FundacioRamonMartiBonet\" \/>\n<meta property=\"article:published_time\" content=\"2023-10-20T10:04:00+00:00\" \/>\n<meta property=\"article:modified_time\" content=\"2025-07-16T09:22:35+00:00\" \/>\n<meta property=\"og:image\" content=\"https:\/\/fundacioramonmartibonet.org\/wp-content\/uploads\/2024\/03\/cartell-concert-3-edited-e1714052625322.jpg\" \/>\n\t<meta property=\"og:image:width\" content=\"1658\" \/>\n\t<meta property=\"og:image:height\" content=\"1658\" \/>\n\t<meta property=\"og:image:type\" content=\"image\/jpeg\" \/>\n<meta name=\"author\" content=\"Gemma Cros\" \/>\n<meta name=\"twitter:card\" content=\"summary_large_image\" \/>\n<meta name=\"twitter:creator\" content=\"@FundacioRMB\" \/>\n<meta name=\"twitter:site\" content=\"@FundacioRMB\" \/>\n<script type=\"application\/ld+json\" class=\"yoast-schema-graph\">{\"@context\":\"https:\/\/schema.org\",\"@graph\":[{\"@type\":\"Article\",\"@id\":\"https:\/\/fundacioramonmartibonet.org\/es\/2023\/10\/concert-de-steve-hogarth-en-benefici-de-la-fundacio-ramon-marti-i-bonet\/#article\",\"isPartOf\":{\"@id\":\"https:\/\/fundacioramonmartibonet.org\/es\/2023\/10\/concert-de-steve-hogarth-en-benefici-de-la-fundacio-ramon-marti-i-bonet\/\"},\"author\":{\"name\":\"Gemma Cros\",\"@id\":\"https:\/\/fundacioramonmartibonet.org\/es\/#\/schema\/person\/0078573cb6877aee8ea9807d9603f3ef\"},\"headline\":\"Concierto de Steve Hogarth en benefio de la Fundaci\u00f3 Ramon Mart\u00ed i Bonet\",\"datePublished\":\"2023-10-20T10:04:00+00:00\",\"dateModified\":\"2025-07-16T09:22:35+00:00\",\"mainEntityOfPage\":{\"@id\":\"https:\/\/fundacioramonmartibonet.org\/es\/2023\/10\/concert-de-steve-hogarth-en-benefici-de-la-fundacio-ramon-marti-i-bonet\/\"},\"wordCount\":13,\"publisher\":{\"@id\":\"https:\/\/fundacioramonmartibonet.org\/es\/#organization\"},\"image\":{\"@id\":\"https:\/\/fundacioramonmartibonet.org\/es\/2023\/10\/concert-de-steve-hogarth-en-benefici-de-la-fundacio-ramon-marti-i-bonet\/#primaryimage\"},\"thumbnailUrl\":\"https:\/\/fundacioramonmartibonet.org\/wp-content\/uploads\/2024\/03\/cartell-concert-3-edited-e1714052625322.jpg\",\"articleSection\":[\"Sin categorizar\"],\"inLanguage\":\"es\"},{\"@type\":\"WebPage\",\"@id\":\"https:\/\/fundacioramonmartibonet.org\/es\/2023\/10\/concert-de-steve-hogarth-en-benefici-de-la-fundacio-ramon-marti-i-bonet\/\",\"url\":\"https:\/\/fundacioramonmartibonet.org\/es\/2023\/10\/concert-de-steve-hogarth-en-benefici-de-la-fundacio-ramon-marti-i-bonet\/\",\"name\":\"Concierto de Steve Hogarth en benefio de la Fundaci\u00f3 Ramon Mart\u00ed i Bonet - Fundaci\u00f3 Ram\u00f3n Mart\u00ed i Bonet\",\"isPartOf\":{\"@id\":\"https:\/\/fundacioramonmartibonet.org\/es\/#website\"},\"primaryImageOfPage\":{\"@id\":\"https:\/\/fundacioramonmartibonet.org\/es\/2023\/10\/concert-de-steve-hogarth-en-benefici-de-la-fundacio-ramon-marti-i-bonet\/#primaryimage\"},\"image\":{\"@id\":\"https:\/\/fundacioramonmartibonet.org\/es\/2023\/10\/concert-de-steve-hogarth-en-benefici-de-la-fundacio-ramon-marti-i-bonet\/#primaryimage\"},\"thumbnailUrl\":\"https:\/\/fundacioramonmartibonet.org\/wp-content\/uploads\/2024\/03\/cartell-concert-3-edited-e1714052625322.jpg\",\"datePublished\":\"2023-10-20T10:04:00+00:00\",\"dateModified\":\"2025-07-16T09:22:35+00:00\",\"description\":\"La veu de Marilion organitza un concert en benefici de la Fundaci\u00f3 Ramon Mart\u00ed i Bonet a la Sala Luz de Gas de Barcelona\",\"breadcrumb\":{\"@id\":\"https:\/\/fundacioramonmartibonet.org\/es\/2023\/10\/concert-de-steve-hogarth-en-benefici-de-la-fundacio-ramon-marti-i-bonet\/#breadcrumb\"},\"inLanguage\":\"es\",\"potentialAction\":[{\"@type\":\"ReadAction\",\"target\":[\"https:\/\/fundacioramonmartibonet.org\/es\/2023\/10\/concert-de-steve-hogarth-en-benefici-de-la-fundacio-ramon-marti-i-bonet\/\"]}]},{\"@type\":\"ImageObject\",\"inLanguage\":\"es\",\"@id\":\"https:\/\/fundacioramonmartibonet.org\/es\/2023\/10\/concert-de-steve-hogarth-en-benefici-de-la-fundacio-ramon-marti-i-bonet\/#primaryimage\",\"url\":\"https:\/\/fundacioramonmartibonet.org\/wp-content\/uploads\/2024\/03\/cartell-concert-3-edited-e1714052625322.jpg\",\"contentUrl\":\"https:\/\/fundacioramonmartibonet.org\/wp-content\/uploads\/2024\/03\/cartell-concert-3-edited-e1714052625322.jpg\",\"width\":1658,\"height\":1658,\"caption\":\"cartell\"},{\"@type\":\"BreadcrumbList\",\"@id\":\"https:\/\/fundacioramonmartibonet.org\/es\/2023\/10\/concert-de-steve-hogarth-en-benefici-de-la-fundacio-ramon-marti-i-bonet\/#breadcrumb\",\"itemListElement\":[{\"@type\":\"ListItem\",\"position\":1,\"name\":\"Home\",\"item\":\"https:\/\/fundacioramonmartibonet.org\/es\/\"},{\"@type\":\"ListItem\",\"position\":2,\"name\":\"Concierto de Steve Hogarth en benefio de la Fundaci\u00f3 Ramon Mart\u00ed i Bonet\"}]},{\"@type\":\"WebSite\",\"@id\":\"https:\/\/fundacioramonmartibonet.org\/es\/#website\",\"url\":\"https:\/\/fundacioramonmartibonet.org\/es\/\",\"name\":\"Fundaci\u00f3 Ramon Mart\u00ed i Bonet\",\"description\":\"Visi\u00f3 per a tothom\",\"publisher\":{\"@id\":\"https:\/\/fundacioramonmartibonet.org\/es\/#organization\"},\"alternateName\":\"FRMB\",\"potentialAction\":[{\"@type\":\"SearchAction\",\"target\":{\"@type\":\"EntryPoint\",\"urlTemplate\":\"https:\/\/fundacioramonmartibonet.org\/es\/?s={search_term_string}\"},\"query-input\":\"required name=search_term_string\"}],\"inLanguage\":\"es\"},{\"@type\":\"Organization\",\"@id\":\"https:\/\/fundacioramonmartibonet.org\/es\/#organization\",\"name\":\"Fundaci\u00f3 Ramon Mart\u00ed i Bonet\",\"alternateName\":\"FRMB\",\"url\":\"https:\/\/fundacioramonmartibonet.org\/es\/\",\"logo\":{\"@type\":\"ImageObject\",\"inLanguage\":\"es\",\"@id\":\"https:\/\/fundacioramonmartibonet.org\/es\/#\/schema\/logo\/image\/\",\"url\":\"https:\/\/fundacioramonmartibonet.org\/wp-content\/uploads\/2023\/06\/frmb.svg\",\"contentUrl\":\"https:\/\/fundacioramonmartibonet.org\/wp-content\/uploads\/2023\/06\/frmb.svg\",\"width\":900,\"height\":280,\"caption\":\"Fundaci\u00f3 Ramon Mart\u00ed i Bonet\"},\"image\":{\"@id\":\"https:\/\/fundacioramonmartibonet.org\/es\/#\/schema\/logo\/image\/\"},\"sameAs\":[\"https:\/\/www.facebook.com\/FundacioRamonMartiBonet\",\"https:\/\/x.com\/FundacioRMB\",\"https:\/\/www.youtube.com\/channel\/UCNyN8HH4tz3ybIBubLBiSog\",\"https:\/\/www.instagram.com\/fundaciormb\/\",\"https:\/\/www.linkedin.com\/company\/fundacio-ramon-marto-i-bonet-contra-la-ceguera\/\"]},{\"@type\":\"Person\",\"@id\":\"https:\/\/fundacioramonmartibonet.org\/es\/#\/schema\/person\/0078573cb6877aee8ea9807d9603f3ef\",\"name\":\"Gemma Cros\",\"image\":{\"@type\":\"ImageObject\",\"inLanguage\":\"es\",\"@id\":\"https:\/\/fundacioramonmartibonet.org\/es\/#\/schema\/person\/image\/\",\"url\":\"https:\/\/secure.gravatar.com\/avatar\/754ef50ddec01d379dbb73102f380975?s=96&d=mm&r=g\",\"contentUrl\":\"https:\/\/secure.gravatar.com\/avatar\/754ef50ddec01d379dbb73102f380975?s=96&d=mm&r=g\",\"caption\":\"Gemma Cros\"},\"url\":\"https:\/\/fundacioramonmartibonet.org\/es\/author\/gemma\/\"}]}<\/script>\n<!-- \/ Yoast SEO plugin. -->","yoast_head_json":{"title":"Concierto de Steve Hogarth en benefio de la Fundaci\u00f3 Ramon Mart\u00ed i Bonet - Fundaci\u00f3 Ram\u00f3n Mart\u00ed i Bonet","description":"La veu de Marilion organitza un concert en benefici de la Fundaci\u00f3 Ramon Mart\u00ed i Bonet a la Sala Luz de Gas de Barcelona","robots":{"index":"index","follow":"follow","max-snippet":"max-snippet:-1","max-image-preview":"max-image-preview:large","max-video-preview":"max-video-preview:-1"},"canonical":"https:\/\/fundacioramonmartibonet.org\/es\/2023\/10\/concert-de-steve-hogarth-en-benefici-de-la-fundacio-ramon-marti-i-bonet\/","og_locale":"es_ES","og_type":"article","og_title":"Concierto de Steve Hogarth en benefio de la Fundaci\u00f3 Ramon Mart\u00ed i Bonet - Fundaci\u00f3 Ram\u00f3n Mart\u00ed i Bonet","og_description":"La veu de Marilion organitza un concert en benefici de la Fundaci\u00f3 Ramon Mart\u00ed i Bonet a la Sala Luz de Gas de Barcelona","og_url":"https:\/\/fundacioramonmartibonet.org\/es\/2023\/10\/concert-de-steve-hogarth-en-benefici-de-la-fundacio-ramon-marti-i-bonet\/","og_site_name":"Fundaci\u00f3 Ram\u00f3n Mart\u00ed i Bonet","article_publisher":"https:\/\/www.facebook.com\/FundacioRamonMartiBonet","article_published_time":"2023-10-20T10:04:00+00:00","article_modified_time":"2025-07-16T09:22:35+00:00","og_image":[{"width":1658,"height":1658,"url":"https:\/\/fundacioramonmartibonet.org\/wp-content\/uploads\/2024\/03\/cartell-concert-3-edited-e1714052625322.jpg","type":"image\/jpeg"}],"author":"Gemma Cros","twitter_card":"summary_large_image","twitter_creator":"@FundacioRMB","twitter_site":"@FundacioRMB","schema":{"@context":"https:\/\/schema.org","@graph":[{"@type":"Article","@id":"https:\/\/fundacioramonmartibonet.org\/es\/2023\/10\/concert-de-steve-hogarth-en-benefici-de-la-fundacio-ramon-marti-i-bonet\/#article","isPartOf":{"@id":"https:\/\/fundacioramonmartibonet.org\/es\/2023\/10\/concert-de-steve-hogarth-en-benefici-de-la-fundacio-ramon-marti-i-bonet\/"},"author":{"name":"Gemma Cros","@id":"https:\/\/fundacioramonmartibonet.org\/es\/#\/schema\/person\/0078573cb6877aee8ea9807d9603f3ef"},"headline":"Concierto de Steve Hogarth en benefio de la Fundaci\u00f3 Ramon Mart\u00ed i Bonet","datePublished":"2023-10-20T10:04:00+00:00","dateModified":"2025-07-16T09:22:35+00:00","mainEntityOfPage":{"@id":"https:\/\/fundacioramonmartibonet.org\/es\/2023\/10\/concert-de-steve-hogarth-en-benefici-de-la-fundacio-ramon-marti-i-bonet\/"},"wordCount":13,"publisher":{"@id":"https:\/\/fundacioramonmartibonet.org\/es\/#organization"},"image":{"@id":"https:\/\/fundacioramonmartibonet.org\/es\/2023\/10\/concert-de-steve-hogarth-en-benefici-de-la-fundacio-ramon-marti-i-bonet\/#primaryimage"},"thumbnailUrl":"https:\/\/fundacioramonmartibonet.org\/wp-content\/uploads\/2024\/03\/cartell-concert-3-edited-e1714052625322.jpg","articleSection":["Sin categorizar"],"inLanguage":"es"},{"@type":"WebPage","@id":"https:\/\/fundacioramonmartibonet.org\/es\/2023\/10\/concert-de-steve-hogarth-en-benefici-de-la-fundacio-ramon-marti-i-bonet\/","url":"https:\/\/fundacioramonmartibonet.org\/es\/2023\/10\/concert-de-steve-hogarth-en-benefici-de-la-fundacio-ramon-marti-i-bonet\/","name":"Concierto de Steve Hogarth en benefio de la Fundaci\u00f3 Ramon Mart\u00ed i Bonet - Fundaci\u00f3 Ram\u00f3n Mart\u00ed i Bonet","isPartOf":{"@id":"https:\/\/fundacioramonmartibonet.org\/es\/#website"},"primaryImageOfPage":{"@id":"https:\/\/fundacioramonmartibonet.org\/es\/2023\/10\/concert-de-steve-hogarth-en-benefici-de-la-fundacio-ramon-marti-i-bonet\/#primaryimage"},"image":{"@id":"https:\/\/fundacioramonmartibonet.org\/es\/2023\/10\/concert-de-steve-hogarth-en-benefici-de-la-fundacio-ramon-marti-i-bonet\/#primaryimage"},"thumbnailUrl":"https:\/\/fundacioramonmartibonet.org\/wp-content\/uploads\/2024\/03\/cartell-concert-3-edited-e1714052625322.jpg","datePublished":"2023-10-20T10:04:00+00:00","dateModified":"2025-07-16T09:22:35+00:00","description":"La veu de Marilion organitza un concert en benefici de la Fundaci\u00f3 Ramon Mart\u00ed i Bonet a la Sala Luz de Gas de Barcelona","breadcrumb":{"@id":"https:\/\/fundacioramonmartibonet.org\/es\/2023\/10\/concert-de-steve-hogarth-en-benefici-de-la-fundacio-ramon-marti-i-bonet\/#breadcrumb"},"inLanguage":"es","potentialAction":[{"@type":"ReadAction","target":["https:\/\/fundacioramonmartibonet.org\/es\/2023\/10\/concert-de-steve-hogarth-en-benefici-de-la-fundacio-ramon-marti-i-bonet\/"]}]},{"@type":"ImageObject","inLanguage":"es","@id":"https:\/\/fundacioramonmartibonet.org\/es\/2023\/10\/concert-de-steve-hogarth-en-benefici-de-la-fundacio-ramon-marti-i-bonet\/#primaryimage","url":"https:\/\/fundacioramonmartibonet.org\/wp-content\/uploads\/2024\/03\/cartell-concert-3-edited-e1714052625322.jpg","contentUrl":"https:\/\/fundacioramonmartibonet.org\/wp-content\/uploads\/2024\/03\/cartell-concert-3-edited-e1714052625322.jpg","width":1658,"height":1658,"caption":"cartell"},{"@type":"BreadcrumbList","@id":"https:\/\/fundacioramonmartibonet.org\/es\/2023\/10\/concert-de-steve-hogarth-en-benefici-de-la-fundacio-ramon-marti-i-bonet\/#breadcrumb","itemListElement":[{"@type":"ListItem","position":1,"name":"Home","item":"https:\/\/fundacioramonmartibonet.org\/es\/"},{"@type":"ListItem","position":2,"name":"Concierto de Steve Hogarth en benefio de la Fundaci\u00f3 Ramon Mart\u00ed i Bonet"}]},{"@type":"WebSite","@id":"https:\/\/fundacioramonmartibonet.org\/es\/#website","url":"https:\/\/fundacioramonmartibonet.org\/es\/","name":"Fundaci\u00f3 Ramon Mart\u00ed i Bonet","description":"Visi\u00f3 per a tothom","publisher":{"@id":"https:\/\/fundacioramonmartibonet.org\/es\/#organization"},"alternateName":"FRMB","potentialAction":[{"@type":"SearchAction","target":{"@type":"EntryPoint","urlTemplate":"https:\/\/fundacioramonmartibonet.org\/es\/?s={search_term_string}"},"query-input":"required name=search_term_string"}],"inLanguage":"es"},{"@type":"Organization","@id":"https:\/\/fundacioramonmartibonet.org\/es\/#organization","name":"Fundaci\u00f3 Ramon Mart\u00ed i Bonet","alternateName":"FRMB","url":"https:\/\/fundacioramonmartibonet.org\/es\/","logo":{"@type":"ImageObject","inLanguage":"es","@id":"https:\/\/fundacioramonmartibonet.org\/es\/#\/schema\/logo\/image\/","url":"https:\/\/fundacioramonmartibonet.org\/wp-content\/uploads\/2023\/06\/frmb.svg","contentUrl":"https:\/\/fundacioramonmartibonet.org\/wp-content\/uploads\/2023\/06\/frmb.svg","width":900,"height":280,"caption":"Fundaci\u00f3 Ramon Mart\u00ed i Bonet"},"image":{"@id":"https:\/\/fundacioramonmartibonet.org\/es\/#\/schema\/logo\/image\/"},"sameAs":["https:\/\/www.facebook.com\/FundacioRamonMartiBonet","https:\/\/x.com\/FundacioRMB","https:\/\/www.youtube.com\/channel\/UCNyN8HH4tz3ybIBubLBiSog","https:\/\/www.instagram.com\/fundaciormb\/","https:\/\/www.linkedin.com\/company\/fundacio-ramon-marto-i-bonet-contra-la-ceguera\/"]},{"@type":"Person","@id":"https:\/\/fundacioramonmartibonet.org\/es\/#\/schema\/person\/0078573cb6877aee8ea9807d9603f3ef","name":"Gemma Cros","image":{"@type":"ImageObject","inLanguage":"es","@id":"https:\/\/fundacioramonmartibonet.org\/es\/#\/schema\/person\/image\/","url":"https:\/\/secure.gravatar.com\/avatar\/754ef50ddec01d379dbb73102f380975?s=96&d=mm&r=g","contentUrl":"https:\/\/secure.gravatar.com\/avatar\/754ef50ddec01d379dbb73102f380975?s=96&d=mm&r=g","caption":"Gemma Cros"},"url":"https:\/\/fundacioramonmartibonet.org\/es\/author\/gemma\/"}]}},"_links":{"self":[{"href":"https:\/\/fundacioramonmartibonet.org\/es\/wp-json\/wp\/v2\/posts\/1980"}],"collection":[{"href":"https:\/\/fundacioramonmartibonet.org\/es\/wp-json\/wp\/v2\/posts"}],"about":[{"href":"https:\/\/fundacioramonmartibonet.org\/es\/wp-json\/wp\/v2\/types\/post"}],"author":[{"embeddable":true,"href":"https:\/\/fundacioramonmartibonet.org\/es\/wp-json\/wp\/v2\/users\/2"}],"replies":[{"embeddable":true,"href":"https:\/\/fundacioramonmartibonet.org\/es\/wp-json\/wp\/v2\/comments?post=1980"}],"version-history":[{"count":5,"href":"https:\/\/fundacioramonmartibonet.org\/es\/wp-json\/wp\/v2\/posts\/1980\/revisions"}],"predecessor-version":[{"id":2343,"href":"https:\/\/fundacioramonmartibonet.org\/es\/wp-json\/wp\/v2\/posts\/1980\/revisions\/2343"}],"wp:featuredmedia":[{"embeddable":true,"href":"https:\/\/fundacioramonmartibonet.org\/es\/wp-json\/wp\/v2\/media\/1211"}],"wp:attachment":[{"href":"https:\/\/fundacioramonmartibonet.org\/es\/wp-json\/wp\/v2\/media?parent=1980"}],"wp:term":[{"taxonomy":"category","embeddable":true,"href":"https:\/\/fundacioramonmartibonet.org\/es\/wp-json\/wp\/v2\/categories?post=1980"},{"taxonomy":"post_tag","embeddable":true,"href":"https:\/\/fundacioramonmartibonet.org\/es\/wp-json\/wp\/v2\/tags?post=1980"}],"curies":[{"name":"wp","href":"https:\/\/api.w.org\/{rel}","templated":true}]}}