{"id":43,"count":7,"description":"<div class=\"traductor-textarea form-group\">\r\n<div class=\"textarea-desti col-xs-12 col-sm-6\">\r\n<div class=\"form-control second-textarea\" style=\"text-align: left\">\r\n<div class=\"form-control second-textarea\">\r\n\r\nLos proyectos de cooperaci\u00f3n de la Fundaci\u00f3n Ramon Mart\u00ed i Bonet nacen con la voluntad de contribuir al desarrollo sostenible de los comunidades con los cuales colaboramos. Trabajamos para fortalecer las capacidades locales y garantizar una atenci\u00f3n sanitaria de calidad, especialmente en el \u00e1mbito de la salud visual, sin perder de vista lo respete y la promoci\u00f3n de los derechos humans.\r\n\r\nA lo largo de los a\u00f1os, hemos colaborado estrechamente con profesionales y comunidades para hacer posible intervenciones que mejoran la salud ocular y formaciones que tienen un impacto real y duradero.\r\n\r\nActualmente, impulsamos proyectos de cooperaci\u00f3n en el Chad, India y Per\u00fa, siempre con una mirada de futuro y comprometidos con la transformaci\u00f3n des del territorio.\r\n\r\n<\/div>\r\n<\/div>\r\n<\/div>\r\n<\/div>\r\n<h3 style=\"text-align: center\"><strong>Hasta el a\u00f1o 2024 se han realizado:\r\n\r\n<\/strong><\/h3>\r\n<div class=\"traductor-checkbox form-group\">\r\n<div class=\"row\">\r\n<div class=\"col-sm-5\"><img class=\"aligncenter wp-image-4060 size-full\" src=\"https:\/\/fundacioramonmartibonet.org\/wp-content\/uploads\/2025\/07\/DADES-FINS-2024_INTERNACIONAL_CAST.png\" alt=\"\" width=\"1120\" height=\"80\" \/><\/div>\r\n<\/div>\r\n<\/div>","link":"https:\/\/fundacioramonmartibonet.org\/es\/tipo-proyecto\/internacional-es\/","name":"Cooperaci\u00f3n Internacional","slug":"internacional-es","taxonomy":"iuttu_project_type","meta":[],"acf":[],"yoast_head":"<!-- This site is optimized with the Yoast SEO plugin v22.5 - https:\/\/yoast.com\/wordpress\/plugins\/seo\/ -->\n<title>Arxius de Cooperaci\u00f3n Internacional - Fundaci\u00f3 Ram\u00f3n Mart\u00ed i Bonet<\/title>\n<meta name=\"robots\" content=\"index, follow, max-snippet:-1, max-image-preview:large, max-video-preview:-1\" \/>\n<link rel=\"canonical\" href=\"https:\/\/fundacioramonmartibonet.org\/es\/tipo-proyecto\/internacional-es\/\" \/>\n<meta property=\"og:locale\" content=\"es_ES\" \/>\n<meta property=\"og:type\" content=\"article\" \/>\n<meta property=\"og:title\" content=\"Arxius de Cooperaci\u00f3n Internacional - Fundaci\u00f3 Ram\u00f3n Mart\u00ed i Bonet\" \/>\n<meta property=\"og:description\" content=\"Los proyectos de cooperaci\u00f3n de la Fundaci\u00f3n Ramon Mart\u00ed i Bonet nacen con la voluntad de contribuir al desarrollo sostenible de los comunidades con los cuales colaboramos. Trabajamos para fortalecer las capacidades locales y garantizar una atenci\u00f3n sanitaria de calidad, especialmente en el \u00e1mbito de la salud visual, sin perder de vista lo respete y la promoci\u00f3n de los derechos humans. A lo largo de los a\u00f1os, hemos colaborado estrechamente con profesionales y comunidades para hacer posible intervenciones que mejoran la salud ocular y formaciones que tienen un impacto real y duradero. Actualmente, impulsamos proyectos de cooperaci\u00f3n en el Chad, India y Per\u00fa, siempre con una mirada de futuro y comprometidos con la transformaci\u00f3n des del territorio.   Hasta el a\u00f1o 2024 se han realizado:\" \/>\n<meta property=\"og:url\" content=\"https:\/\/fundacioramonmartibonet.org\/es\/tipo-proyecto\/internacional-es\/\" \/>\n<meta property=\"og:site_name\" content=\"Fundaci\u00f3 Ram\u00f3n Mart\u00ed i Bonet\" \/>\n<meta property=\"og:image\" content=\"https:\/\/fundacioramonmartibonet.org\/wp-content\/uploads\/2025\/07\/DADES-FINS-2024_INTERNACIONAL_CAST.png\" \/>\n<meta name=\"twitter:card\" content=\"summary_large_image\" \/>\n<meta name=\"twitter:site\" content=\"@FundacioRMB\" \/>\n<script type=\"application\/ld+json\" class=\"yoast-schema-graph\">{\"@context\":\"https:\/\/schema.org\",\"@graph\":[{\"@type\":\"CollectionPage\",\"@id\":\"https:\/\/fundacioramonmartibonet.org\/es\/tipo-proyecto\/internacional-es\/\",\"url\":\"https:\/\/fundacioramonmartibonet.org\/es\/tipo-proyecto\/internacional-es\/\",\"name\":\"Arxius de Cooperaci\u00f3n Internacional - Fundaci\u00f3 Ram\u00f3n Mart\u00ed i Bonet\",\"isPartOf\":{\"@id\":\"https:\/\/fundacioramonmartibonet.org\/es\/#website\"},\"breadcrumb\":{\"@id\":\"https:\/\/fundacioramonmartibonet.org\/es\/tipo-proyecto\/internacional-es\/#breadcrumb\"},\"inLanguage\":\"es\"},{\"@type\":\"BreadcrumbList\",\"@id\":\"https:\/\/fundacioramonmartibonet.org\/es\/tipo-proyecto\/internacional-es\/#breadcrumb\",\"itemListElement\":[{\"@type\":\"ListItem\",\"position\":1,\"name\":\"Home\",\"item\":\"https:\/\/fundacioramonmartibonet.org\/es\/\"},{\"@type\":\"ListItem\",\"position\":2,\"name\":\"Cooperaci\u00f3n Internacional\"}]},{\"@type\":\"WebSite\",\"@id\":\"https:\/\/fundacioramonmartibonet.org\/es\/#website\",\"url\":\"https:\/\/fundacioramonmartibonet.org\/es\/\",\"name\":\"Fundaci\u00f3 Ramon Mart\u00ed i Bonet\",\"description\":\"Visi\u00f3 per a tothom\",\"publisher\":{\"@id\":\"https:\/\/fundacioramonmartibonet.org\/es\/#organization\"},\"alternateName\":\"FRMB\",\"potentialAction\":[{\"@type\":\"SearchAction\",\"target\":{\"@type\":\"EntryPoint\",\"urlTemplate\":\"https:\/\/fundacioramonmartibonet.org\/es\/?s={search_term_string}\"},\"query-input\":\"required name=search_term_string\"}],\"inLanguage\":\"es\"},{\"@type\":\"Organization\",\"@id\":\"https:\/\/fundacioramonmartibonet.org\/es\/#organization\",\"name\":\"Fundaci\u00f3 Ramon Mart\u00ed i Bonet\",\"alternateName\":\"FRMB\",\"url\":\"https:\/\/fundacioramonmartibonet.org\/es\/\",\"logo\":{\"@type\":\"ImageObject\",\"inLanguage\":\"es\",\"@id\":\"https:\/\/fundacioramonmartibonet.org\/es\/#\/schema\/logo\/image\/\",\"url\":\"https:\/\/fundacioramonmartibonet.org\/wp-content\/uploads\/2023\/06\/frmb.svg\",\"contentUrl\":\"https:\/\/fundacioramonmartibonet.org\/wp-content\/uploads\/2023\/06\/frmb.svg\",\"width\":900,\"height\":280,\"caption\":\"Fundaci\u00f3 Ramon Mart\u00ed i Bonet\"},\"image\":{\"@id\":\"https:\/\/fundacioramonmartibonet.org\/es\/#\/schema\/logo\/image\/\"},\"sameAs\":[\"https:\/\/www.facebook.com\/FundacioRamonMartiBonet\",\"https:\/\/x.com\/FundacioRMB\",\"https:\/\/www.youtube.com\/channel\/UCNyN8HH4tz3ybIBubLBiSog\",\"https:\/\/www.instagram.com\/fundaciormb\/\",\"https:\/\/www.linkedin.com\/company\/fundacio-ramon-marto-i-bonet-contra-la-ceguera\/\"]}]}<\/script>\n<!-- \/ Yoast SEO plugin. -->","yoast_head_json":{"title":"Arxius de Cooperaci\u00f3n Internacional - Fundaci\u00f3 Ram\u00f3n Mart\u00ed i Bonet","robots":{"index":"index","follow":"follow","max-snippet":"max-snippet:-1","max-image-preview":"max-image-preview:large","max-video-preview":"max-video-preview:-1"},"canonical":"https:\/\/fundacioramonmartibonet.org\/es\/tipo-proyecto\/internacional-es\/","og_locale":"es_ES","og_type":"article","og_title":"Arxius de Cooperaci\u00f3n Internacional - Fundaci\u00f3 Ram\u00f3n Mart\u00ed i Bonet","og_description":"Los proyectos de cooperaci\u00f3n de la Fundaci\u00f3n Ramon Mart\u00ed i Bonet nacen con la voluntad de contribuir al desarrollo sostenible de los comunidades con los cuales colaboramos. Trabajamos para fortalecer las capacidades locales y garantizar una atenci\u00f3n sanitaria de calidad, especialmente en el \u00e1mbito de la salud visual, sin perder de vista lo respete y la promoci\u00f3n de los derechos humans. A lo largo de los a\u00f1os, hemos colaborado estrechamente con profesionales y comunidades para hacer posible intervenciones que mejoran la salud ocular y formaciones que tienen un impacto real y duradero. Actualmente, impulsamos proyectos de cooperaci\u00f3n en el Chad, India y Per\u00fa, siempre con una mirada de futuro y comprometidos con la transformaci\u00f3n des del territorio.   Hasta el a\u00f1o 2024 se han realizado:","og_url":"https:\/\/fundacioramonmartibonet.org\/es\/tipo-proyecto\/internacional-es\/","og_site_name":"Fundaci\u00f3 Ram\u00f3n Mart\u00ed i Bonet","og_image":[{"url":"https:\/\/fundacioramonmartibonet.org\/wp-content\/uploads\/2025\/07\/DADES-FINS-2024_INTERNACIONAL_CAST.png"}],"twitter_card":"summary_large_image","twitter_site":"@FundacioRMB","schema":{"@context":"https:\/\/schema.org","@graph":[{"@type":"CollectionPage","@id":"https:\/\/fundacioramonmartibonet.org\/es\/tipo-proyecto\/internacional-es\/","url":"https:\/\/fundacioramonmartibonet.org\/es\/tipo-proyecto\/internacional-es\/","name":"Arxius de Cooperaci\u00f3n Internacional - Fundaci\u00f3 Ram\u00f3n Mart\u00ed i Bonet","isPartOf":{"@id":"https:\/\/fundacioramonmartibonet.org\/es\/#website"},"breadcrumb":{"@id":"https:\/\/fundacioramonmartibonet.org\/es\/tipo-proyecto\/internacional-es\/#breadcrumb"},"inLanguage":"es"},{"@type":"BreadcrumbList","@id":"https:\/\/fundacioramonmartibonet.org\/es\/tipo-proyecto\/internacional-es\/#breadcrumb","itemListElement":[{"@type":"ListItem","position":1,"name":"Home","item":"https:\/\/fundacioramonmartibonet.org\/es\/"},{"@type":"ListItem","position":2,"name":"Cooperaci\u00f3n Internacional"}]},{"@type":"WebSite","@id":"https:\/\/fundacioramonmartibonet.org\/es\/#website","url":"https:\/\/fundacioramonmartibonet.org\/es\/","name":"Fundaci\u00f3 Ramon Mart\u00ed i Bonet","description":"Visi\u00f3 per a tothom","publisher":{"@id":"https:\/\/fundacioramonmartibonet.org\/es\/#organization"},"alternateName":"FRMB","potentialAction":[{"@type":"SearchAction","target":{"@type":"EntryPoint","urlTemplate":"https:\/\/fundacioramonmartibonet.org\/es\/?s={search_term_string}"},"query-input":"required name=search_term_string"}],"inLanguage":"es"},{"@type":"Organization","@id":"https:\/\/fundacioramonmartibonet.org\/es\/#organization","name":"Fundaci\u00f3 Ramon Mart\u00ed i Bonet","alternateName":"FRMB","url":"https:\/\/fundacioramonmartibonet.org\/es\/","logo":{"@type":"ImageObject","inLanguage":"es","@id":"https:\/\/fundacioramonmartibonet.org\/es\/#\/schema\/logo\/image\/","url":"https:\/\/fundacioramonmartibonet.org\/wp-content\/uploads\/2023\/06\/frmb.svg","contentUrl":"https:\/\/fundacioramonmartibonet.org\/wp-content\/uploads\/2023\/06\/frmb.svg","width":900,"height":280,"caption":"Fundaci\u00f3 Ramon Mart\u00ed i Bonet"},"image":{"@id":"https:\/\/fundacioramonmartibonet.org\/es\/#\/schema\/logo\/image\/"},"sameAs":["https:\/\/www.facebook.com\/FundacioRamonMartiBonet","https:\/\/x.com\/FundacioRMB","https:\/\/www.youtube.com\/channel\/UCNyN8HH4tz3ybIBubLBiSog","https:\/\/www.instagram.com\/fundaciormb\/","https:\/\/www.linkedin.com\/company\/fundacio-ramon-marto-i-bonet-contra-la-ceguera\/"]}]}},"_links":{"self":[{"href":"https:\/\/fundacioramonmartibonet.org\/es\/wp-json\/wp\/v2\/iuttu_project_type\/43"}],"collection":[{"href":"https:\/\/fundacioramonmartibonet.org\/es\/wp-json\/wp\/v2\/iuttu_project_type"}],"about":[{"href":"https:\/\/fundacioramonmartibonet.org\/es\/wp-json\/wp\/v2\/taxonomies\/iuttu_project_type"}],"wp:post_type":[{"href":"https:\/\/fundacioramonmartibonet.org\/es\/wp-json\/wp\/v2\/iuttu_project?iuttu_project_type=43"}],"curies":[{"name":"wp","href":"https:\/\/api.w.org\/{rel}","templated":true}]}}